{"id":9948,"date":"2021-06-12T06:38:03","date_gmt":"2021-06-12T10:38:03","guid":{"rendered":"https:\/\/www.eldiario.net\/portal\/?p=9948"},"modified":"2021-06-12T06:38:03","modified_gmt":"2021-06-12T10:38:03","slug":"oposicion-agemed-dificulta-importacion-de-farmacos","status":"publish","type":"post","link":"https:\/\/www.eldiario.net\/portal\/2021\/06\/12\/oposicion-agemed-dificulta-importacion-de-farmacos\/","title":{"rendered":"Oposici\u00f3n: Agemed dificulta importaci\u00f3n de f\u00e1rmacos"},"content":{"rendered":"<p>Ante la preocupante escasez de medicamentos requeridos por pacientes covid-19 en diferentes regiones del pa\u00eds, el diputado por Comunidad Ciudadana (CC), Alejandro Reyes, denunci\u00f3 que existe una sobrerregulaci\u00f3n para la importaci\u00f3n de f\u00e1rmacos y que la Agencia Medica de Tecnolog\u00edas en Salud (Agemed) obstaculiza los tramites de internaci\u00f3n de insumos m\u00e9dicos con excesiva burocracia.<br \/>\nReyes se\u00f1al\u00f3 que esta agencia estatal obstaculiza la importaci\u00f3n de medicamentos cuando desde organismo internacionales relacionados con la salud se ha instado a los gobiernos a facilitar la internaci\u00f3n de f\u00e1rmacos para la atenci\u00f3n de la covid-19.<br \/>\nSostuvo que el proceder de esta dependencia hace que en la actualidad la poblaci\u00f3n boliviana sufra por la escasez de insumos m\u00e9dicos y medicamentos requeridos para pacientes con casos positivos de coronavirus.<br \/>\n\u201cLa OMS ha dado lineamientos para que la comercializaci\u00f3n de medicamentos sea mucho m\u00e1s expedita a nivel mundial, mientras que la Agemed en lugar de realizar la homologaci\u00f3n de medicamentos y facilitar la importaci\u00f3n, lo \u00fanico que est\u00e1 haciendo es, todo lo contrario, obstaculizarla\u201d, se\u00f1al\u00f3.<br \/>\nAgreg\u00f3 que en lugar de favorecer las importaciones, se cargan sanciones a las empresas importadoras, situaci\u00f3n que complica cada vez m\u00e1s la actividad de importaci\u00f3n en momentos en que esta pr\u00e1ctica debe ser r\u00e1pida y constante.<br \/>\nSe\u00f1al\u00f3 que tambi\u00e9n se han detectado trabas para la importaci\u00f3n eficaz de medicamentos en otras instancias como la aduana, puesto que se registran retrasos provocados por cambios en las normativas de importaci\u00f3n de productos, cuando estos se encuentran en tr\u00e1nsito, aspecto que fue observado por la Organizaci\u00f3n Mundial del Comercio.<br \/>\n\u201cParte la mercader\u00eda de alg\u00fan puerto en Jap\u00f3n, China u otro pa\u00eds y en el camino le cambian la normativa y eso significa que es una traba m\u00e1s que hace que se retenga en el tema de la aduana y se afecte a los tiempos\u201d, indic\u00f3 el legislador.<br \/>\nReyes anunci\u00f3 que ya se ha presentado una petici\u00f3n de informe escrito ante el Ministerio de Salud para que responda sobre todas estas observaciones lo antes posible y de esta forma se trabaje en la soluci\u00f3n de estas observaciones.<br \/>\n\u201cSe tiene que flexibilizar la importaci\u00f3n de medicamentos y terminar con la sobrerregulaci\u00f3n\u201d se\u00f1al\u00f3.<\/p>\n","protected":false},"excerpt":{"rendered":"<p>Ante la preocupante escasez de medicamentos requeridos por pacientes covid-19 en diferentes regiones del pa\u00eds, el diputado por Comunidad Ciudadana (CC), Alejandro Reyes, denunci\u00f3 que existe una sobrerregulaci\u00f3n para la importaci\u00f3n de f\u00e1rmacos y que la Agencia Medica de Tecnolog\u00edas en Salud (Agemed) obstaculiza los tramites de internaci\u00f3n de insumos m\u00e9dicos con excesiva burocracia. Reyes [&hellip;]<\/p>\n","protected":false},"author":1,"featured_media":0,"comment_status":"closed","ping_status":"closed","sticky":false,"template":"","format":"standard","meta":{"_acf_changed":false,"footnotes":""},"categories":[14],"tags":[],"class_list":["post-9948","post","type-post","status-publish","format-standard","category-politica"],"acf":{"antetitulo":""},"yoast_head":"<!-- This site is optimized with the Yoast SEO plugin v28.3 - https:\/\/yoast.com\/product\/yoast-seo-wordpress\/ -->\n<title>Oposici\u00f3n: Agemed dificulta importaci\u00f3n de f\u00e1rmacos - El Diario - Bolivia<\/title>\n<meta name=\"robots\" content=\"index, follow, max-snippet:-1, max-image-preview:large, max-video-preview:-1\" \/>\n<link rel=\"canonical\" href=\"https:\/\/www.eldiario.net\/portal\/2021\/06\/12\/oposicion-agemed-dificulta-importacion-de-farmacos\/\" \/>\n<meta property=\"og:locale\" content=\"es_ES\" \/>\n<meta property=\"og:type\" content=\"article\" \/>\n<meta property=\"og:title\" content=\"Oposici\u00f3n: Agemed dificulta importaci\u00f3n de f\u00e1rmacos - El Diario - Bolivia\" \/>\n<meta property=\"og:description\" content=\"Ante la preocupante escasez de medicamentos requeridos por pacientes covid-19 en diferentes regiones del pa\u00eds, el diputado por Comunidad Ciudadana (CC), Alejandro Reyes, denunci\u00f3 que existe una sobrerregulaci\u00f3n para la importaci\u00f3n de f\u00e1rmacos y que la Agencia Medica de Tecnolog\u00edas en Salud (Agemed) obstaculiza los tramites de internaci\u00f3n de insumos m\u00e9dicos con excesiva burocracia. Reyes [&hellip;]\" \/>\n<meta property=\"og:url\" content=\"https:\/\/www.eldiario.net\/portal\/2021\/06\/12\/oposicion-agemed-dificulta-importacion-de-farmacos\/\" \/>\n<meta property=\"og:site_name\" content=\"El Diario - Bolivia\" \/>\n<meta property=\"article:publisher\" content=\"https:\/\/www.facebook.com\/eldiario.bolivia\/\" \/>\n<meta property=\"article:published_time\" content=\"2021-06-12T10:38:03+00:00\" \/>\n<meta name=\"author\" content=\"Jeanette\" \/>\n<meta name=\"twitter:card\" content=\"summary_large_image\" \/>\n<meta name=\"twitter:creator\" content=\"@eldiario_net\" \/>\n<meta name=\"twitter:site\" content=\"@eldiario_net\" \/>\n<meta name=\"twitter:label1\" content=\"Escrito por\" \/>\n\t<meta name=\"twitter:data1\" content=\"Jeanette\" \/>\n\t<meta name=\"twitter:label2\" content=\"Tiempo de lectura\" \/>\n\t<meta name=\"twitter:data2\" content=\"2 minutos\" \/>\n<script type=\"application\/ld+json\" class=\"yoast-schema-graph\">{\"@context\":\"https:\\\/\\\/schema.org\",\"@graph\":[{\"@type\":\"Article\",\"@id\":\"https:\\\/\\\/www.eldiario.net\\\/portal\\\/2021\\\/06\\\/12\\\/oposicion-agemed-dificulta-importacion-de-farmacos\\\/#article\",\"isPartOf\":{\"@id\":\"https:\\\/\\\/www.eldiario.net\\\/portal\\\/2021\\\/06\\\/12\\\/oposicion-agemed-dificulta-importacion-de-farmacos\\\/\"},\"author\":{\"name\":\"Jeanette\",\"@id\":\"https:\\\/\\\/www.eldiario.net\\\/portal\\\/#\\\/schema\\\/person\\\/f46445640444750d7d753ccd04ae01b7\"},\"headline\":\"Oposici\u00f3n: Agemed dificulta importaci\u00f3n de f\u00e1rmacos\",\"datePublished\":\"2021-06-12T10:38:03+00:00\",\"mainEntityOfPage\":{\"@id\":\"https:\\\/\\\/www.eldiario.net\\\/portal\\\/2021\\\/06\\\/12\\\/oposicion-agemed-dificulta-importacion-de-farmacos\\\/\"},\"wordCount\":404,\"publisher\":{\"@id\":\"https:\\\/\\\/www.eldiario.net\\\/portal\\\/#organization\"},\"articleSection\":[\"Pol\u00edtica\"],\"inLanguage\":\"es\"},{\"@type\":\"WebPage\",\"@id\":\"https:\\\/\\\/www.eldiario.net\\\/portal\\\/2021\\\/06\\\/12\\\/oposicion-agemed-dificulta-importacion-de-farmacos\\\/\",\"url\":\"https:\\\/\\\/www.eldiario.net\\\/portal\\\/2021\\\/06\\\/12\\\/oposicion-agemed-dificulta-importacion-de-farmacos\\\/\",\"name\":\"Oposici\u00f3n: Agemed dificulta importaci\u00f3n de f\u00e1rmacos - El Diario - Bolivia\",\"isPartOf\":{\"@id\":\"https:\\\/\\\/www.eldiario.net\\\/portal\\\/#website\"},\"datePublished\":\"2021-06-12T10:38:03+00:00\",\"breadcrumb\":{\"@id\":\"https:\\\/\\\/www.eldiario.net\\\/portal\\\/2021\\\/06\\\/12\\\/oposicion-agemed-dificulta-importacion-de-farmacos\\\/#breadcrumb\"},\"inLanguage\":\"es\",\"potentialAction\":[{\"@type\":\"ReadAction\",\"target\":[\"https:\\\/\\\/www.eldiario.net\\\/portal\\\/2021\\\/06\\\/12\\\/oposicion-agemed-dificulta-importacion-de-farmacos\\\/\"]}]},{\"@type\":\"BreadcrumbList\",\"@id\":\"https:\\\/\\\/www.eldiario.net\\\/portal\\\/2021\\\/06\\\/12\\\/oposicion-agemed-dificulta-importacion-de-farmacos\\\/#breadcrumb\",\"itemListElement\":[{\"@type\":\"ListItem\",\"position\":1,\"name\":\"Portada\",\"item\":\"https:\\\/\\\/www.eldiario.net\\\/portal\\\/\"},{\"@type\":\"ListItem\",\"position\":2,\"name\":\"Oposici\u00f3n: Agemed dificulta importaci\u00f3n de f\u00e1rmacos\"}]},{\"@type\":\"WebSite\",\"@id\":\"https:\\\/\\\/www.eldiario.net\\\/portal\\\/#website\",\"url\":\"https:\\\/\\\/www.eldiario.net\\\/portal\\\/\",\"name\":\"El Diario - Decano de la prensa nacional\",\"description\":\"El Diario - Decano de la prensa nacional\",\"publisher\":{\"@id\":\"https:\\\/\\\/www.eldiario.net\\\/portal\\\/#organization\"},\"potentialAction\":[{\"@type\":\"SearchAction\",\"target\":{\"@type\":\"EntryPoint\",\"urlTemplate\":\"https:\\\/\\\/www.eldiario.net\\\/portal\\\/?s={search_term_string}\"},\"query-input\":{\"@type\":\"PropertyValueSpecification\",\"valueRequired\":true,\"valueName\":\"search_term_string\"}}],\"inLanguage\":\"es\"},{\"@type\":\"Organization\",\"@id\":\"https:\\\/\\\/www.eldiario.net\\\/portal\\\/#organization\",\"name\":\"El Diario - Decano de la prensa nacional\",\"url\":\"https:\\\/\\\/www.eldiario.net\\\/portal\\\/\",\"logo\":{\"@type\":\"ImageObject\",\"inLanguage\":\"es\",\"@id\":\"https:\\\/\\\/www.eldiario.net\\\/portal\\\/#\\\/schema\\\/logo\\\/image\\\/\",\"url\":\"https:\\\/\\\/www.eldiario.net\\\/portal\\\/wp-content\\\/uploads\\\/2023\\\/07\\\/logo_ED.jpg\",\"contentUrl\":\"https:\\\/\\\/www.eldiario.net\\\/portal\\\/wp-content\\\/uploads\\\/2023\\\/07\\\/logo_ED.jpg\",\"width\":272,\"height\":52,\"caption\":\"El Diario - Decano de la prensa nacional\"},\"image\":{\"@id\":\"https:\\\/\\\/www.eldiario.net\\\/portal\\\/#\\\/schema\\\/logo\\\/image\\\/\"},\"sameAs\":[\"https:\\\/\\\/www.facebook.com\\\/eldiario.bolivia\\\/\",\"https:\\\/\\\/x.com\\\/eldiario_net\"]},{\"@type\":\"Person\",\"@id\":\"https:\\\/\\\/www.eldiario.net\\\/portal\\\/#\\\/schema\\\/person\\\/f46445640444750d7d753ccd04ae01b7\",\"name\":\"Jeanette\",\"image\":{\"@type\":\"ImageObject\",\"inLanguage\":\"es\",\"@id\":\"https:\\\/\\\/secure.gravatar.com\\\/avatar\\\/3ea2118a5f7dad2b7138b1187a6b7ee55f160b9968b66013c3a3ef39dd7e5798?s=96&d=mm&r=g\",\"url\":\"https:\\\/\\\/secure.gravatar.com\\\/avatar\\\/3ea2118a5f7dad2b7138b1187a6b7ee55f160b9968b66013c3a3ef39dd7e5798?s=96&d=mm&r=g\",\"contentUrl\":\"https:\\\/\\\/secure.gravatar.com\\\/avatar\\\/3ea2118a5f7dad2b7138b1187a6b7ee55f160b9968b66013c3a3ef39dd7e5798?s=96&d=mm&r=g\",\"caption\":\"Jeanette\"},\"sameAs\":[\"https:\\\/\\\/www.eldiario.net\\\/portal\"],\"url\":\"https:\\\/\\\/www.eldiario.net\\\/portal\\\/author\\\/jeanette\\\/\"}]}<\/script>\n<!-- \/ Yoast SEO plugin. -->","yoast_head_json":{"title":"Oposici\u00f3n: Agemed dificulta importaci\u00f3n de f\u00e1rmacos - El Diario - Bolivia","robots":{"index":"index","follow":"follow","max-snippet":"max-snippet:-1","max-image-preview":"max-image-preview:large","max-video-preview":"max-video-preview:-1"},"canonical":"https:\/\/www.eldiario.net\/portal\/2021\/06\/12\/oposicion-agemed-dificulta-importacion-de-farmacos\/","og_locale":"es_ES","og_type":"article","og_title":"Oposici\u00f3n: Agemed dificulta importaci\u00f3n de f\u00e1rmacos - El Diario - Bolivia","og_description":"Ante la preocupante escasez de medicamentos requeridos por pacientes covid-19 en diferentes regiones del pa\u00eds, el diputado por Comunidad Ciudadana (CC), Alejandro Reyes, denunci\u00f3 que existe una sobrerregulaci\u00f3n para la importaci\u00f3n de f\u00e1rmacos y que la Agencia Medica de Tecnolog\u00edas en Salud (Agemed) obstaculiza los tramites de internaci\u00f3n de insumos m\u00e9dicos con excesiva burocracia. Reyes [&hellip;]","og_url":"https:\/\/www.eldiario.net\/portal\/2021\/06\/12\/oposicion-agemed-dificulta-importacion-de-farmacos\/","og_site_name":"El Diario - Bolivia","article_publisher":"https:\/\/www.facebook.com\/eldiario.bolivia\/","article_published_time":"2021-06-12T10:38:03+00:00","author":"Jeanette","twitter_card":"summary_large_image","twitter_creator":"@eldiario_net","twitter_site":"@eldiario_net","twitter_misc":{"Escrito por":"Jeanette","Tiempo de lectura":"2 minutos"},"schema":{"@context":"https:\/\/schema.org","@graph":[{"@type":"Article","@id":"https:\/\/www.eldiario.net\/portal\/2021\/06\/12\/oposicion-agemed-dificulta-importacion-de-farmacos\/#article","isPartOf":{"@id":"https:\/\/www.eldiario.net\/portal\/2021\/06\/12\/oposicion-agemed-dificulta-importacion-de-farmacos\/"},"author":{"name":"Jeanette","@id":"https:\/\/www.eldiario.net\/portal\/#\/schema\/person\/f46445640444750d7d753ccd04ae01b7"},"headline":"Oposici\u00f3n: Agemed dificulta importaci\u00f3n de f\u00e1rmacos","datePublished":"2021-06-12T10:38:03+00:00","mainEntityOfPage":{"@id":"https:\/\/www.eldiario.net\/portal\/2021\/06\/12\/oposicion-agemed-dificulta-importacion-de-farmacos\/"},"wordCount":404,"publisher":{"@id":"https:\/\/www.eldiario.net\/portal\/#organization"},"articleSection":["Pol\u00edtica"],"inLanguage":"es"},{"@type":"WebPage","@id":"https:\/\/www.eldiario.net\/portal\/2021\/06\/12\/oposicion-agemed-dificulta-importacion-de-farmacos\/","url":"https:\/\/www.eldiario.net\/portal\/2021\/06\/12\/oposicion-agemed-dificulta-importacion-de-farmacos\/","name":"Oposici\u00f3n: Agemed dificulta importaci\u00f3n de f\u00e1rmacos - El Diario - Bolivia","isPartOf":{"@id":"https:\/\/www.eldiario.net\/portal\/#website"},"datePublished":"2021-06-12T10:38:03+00:00","breadcrumb":{"@id":"https:\/\/www.eldiario.net\/portal\/2021\/06\/12\/oposicion-agemed-dificulta-importacion-de-farmacos\/#breadcrumb"},"inLanguage":"es","potentialAction":[{"@type":"ReadAction","target":["https:\/\/www.eldiario.net\/portal\/2021\/06\/12\/oposicion-agemed-dificulta-importacion-de-farmacos\/"]}]},{"@type":"BreadcrumbList","@id":"https:\/\/www.eldiario.net\/portal\/2021\/06\/12\/oposicion-agemed-dificulta-importacion-de-farmacos\/#breadcrumb","itemListElement":[{"@type":"ListItem","position":1,"name":"Portada","item":"https:\/\/www.eldiario.net\/portal\/"},{"@type":"ListItem","position":2,"name":"Oposici\u00f3n: Agemed dificulta importaci\u00f3n de f\u00e1rmacos"}]},{"@type":"WebSite","@id":"https:\/\/www.eldiario.net\/portal\/#website","url":"https:\/\/www.eldiario.net\/portal\/","name":"El Diario - Decano de la prensa nacional","description":"El Diario - Decano de la prensa nacional","publisher":{"@id":"https:\/\/www.eldiario.net\/portal\/#organization"},"potentialAction":[{"@type":"SearchAction","target":{"@type":"EntryPoint","urlTemplate":"https:\/\/www.eldiario.net\/portal\/?s={search_term_string}"},"query-input":{"@type":"PropertyValueSpecification","valueRequired":true,"valueName":"search_term_string"}}],"inLanguage":"es"},{"@type":"Organization","@id":"https:\/\/www.eldiario.net\/portal\/#organization","name":"El Diario - Decano de la prensa nacional","url":"https:\/\/www.eldiario.net\/portal\/","logo":{"@type":"ImageObject","inLanguage":"es","@id":"https:\/\/www.eldiario.net\/portal\/#\/schema\/logo\/image\/","url":"https:\/\/www.eldiario.net\/portal\/wp-content\/uploads\/2023\/07\/logo_ED.jpg","contentUrl":"https:\/\/www.eldiario.net\/portal\/wp-content\/uploads\/2023\/07\/logo_ED.jpg","width":272,"height":52,"caption":"El Diario - Decano de la prensa nacional"},"image":{"@id":"https:\/\/www.eldiario.net\/portal\/#\/schema\/logo\/image\/"},"sameAs":["https:\/\/www.facebook.com\/eldiario.bolivia\/","https:\/\/x.com\/eldiario_net"]},{"@type":"Person","@id":"https:\/\/www.eldiario.net\/portal\/#\/schema\/person\/f46445640444750d7d753ccd04ae01b7","name":"Jeanette","image":{"@type":"ImageObject","inLanguage":"es","@id":"https:\/\/secure.gravatar.com\/avatar\/3ea2118a5f7dad2b7138b1187a6b7ee55f160b9968b66013c3a3ef39dd7e5798?s=96&d=mm&r=g","url":"https:\/\/secure.gravatar.com\/avatar\/3ea2118a5f7dad2b7138b1187a6b7ee55f160b9968b66013c3a3ef39dd7e5798?s=96&d=mm&r=g","contentUrl":"https:\/\/secure.gravatar.com\/avatar\/3ea2118a5f7dad2b7138b1187a6b7ee55f160b9968b66013c3a3ef39dd7e5798?s=96&d=mm&r=g","caption":"Jeanette"},"sameAs":["https:\/\/www.eldiario.net\/portal"],"url":"https:\/\/www.eldiario.net\/portal\/author\/jeanette\/"}]}},"_links":{"self":[{"href":"https:\/\/www.eldiario.net\/portal\/wp-json\/wp\/v2\/posts\/9948","targetHints":{"allow":["GET"]}}],"collection":[{"href":"https:\/\/www.eldiario.net\/portal\/wp-json\/wp\/v2\/posts"}],"about":[{"href":"https:\/\/www.eldiario.net\/portal\/wp-json\/wp\/v2\/types\/post"}],"author":[{"embeddable":true,"href":"https:\/\/www.eldiario.net\/portal\/wp-json\/wp\/v2\/users\/1"}],"replies":[{"embeddable":true,"href":"https:\/\/www.eldiario.net\/portal\/wp-json\/wp\/v2\/comments?post=9948"}],"version-history":[{"count":0,"href":"https:\/\/www.eldiario.net\/portal\/wp-json\/wp\/v2\/posts\/9948\/revisions"}],"wp:attachment":[{"href":"https:\/\/www.eldiario.net\/portal\/wp-json\/wp\/v2\/media?parent=9948"}],"wp:term":[{"taxonomy":"category","embeddable":true,"href":"https:\/\/www.eldiario.net\/portal\/wp-json\/wp\/v2\/categories?post=9948"},{"taxonomy":"post_tag","embeddable":true,"href":"https:\/\/www.eldiario.net\/portal\/wp-json\/wp\/v2\/tags?post=9948"}],"curies":[{"name":"wp","href":"https:\/\/api.w.org\/{rel}","templated":true}]}}