{"id":9942,"date":"2021-06-12T06:37:08","date_gmt":"2021-06-12T10:37:08","guid":{"rendered":"https:\/\/www.eldiario.net\/portal\/?p=9942"},"modified":"2021-06-12T06:37:08","modified_gmt":"2021-06-12T10:37:08","slug":"militar-aclara-que-en-tiempos-de-paz-no-hay-prestamos-de-armas-de-guerra","status":"publish","type":"post","link":"https:\/\/www.eldiario.net\/portal\/2021\/06\/12\/militar-aclara-que-en-tiempos-de-paz-no-hay-prestamos-de-armas-de-guerra\/","title":{"rendered":"Militar aclara que en tiempos de paz  no hay pr\u00e9stamos de armas de guerra"},"content":{"rendered":"<p>Despu\u00e9s que el ministro de Gobierno, Eduardo del Castillo, dijera que Ecuador no solo envi\u00f3 gases, sino tambi\u00e9n \u201cmuniciones de guerra\u201d al pa\u00eds en 2019, el coronel en servicio pasivo del Ej\u00e9rcito, Jorge Santistevan, aclar\u00f3 a EL DIARIO que en tiempos de paz no rigen ese tipo de pr\u00e9stamos y que si la autoridad no puede comprobar lo que dijo deber\u00e1 ofrecer disculpas al pa\u00eds sudamericano.<br \/>\nDel Castillo sostuvo el jueves que de manera \u201cextraoficial\u201d se tiene la informaci\u00f3n de que (Len\u00edn) Moreno envi\u00f3 \u201cmuniciones de guerra\u201d al pa\u00eds hace dos a\u00f1os. Eso ocurri\u00f3 presuntamente luego de que Jeanine A\u00f1ez asumiera la presidencia, en medio de los conflictos sociales.<br \/>\n\u201cEs importante hacer notar que en tiempo de paz no rigen los pr\u00e9stamos de armas ni munici\u00f3n de guerra, pero s\u00ed pueden haber pr\u00e9stamos de materiales antidisturbios, por voluntad propia y siempre sus leyes internas lo permitan\u201d, apunt\u00f3 Santistevan.<br \/>\nEn ese marco, aclar\u00f3 que en 2007 el gobierno de Evo Morales solicit\u00f3 el pr\u00e9stamo de material antidisturbios al Paraguay, empero la misma fue rechazada.<br \/>\n\u201cEl Gobierno del MAS el 2007 que a trav\u00e9s del Comando del Ej\u00e9rcito, cuando yo me encontraba en calidad de agregado de defensa en la Rep\u00fablica del Paraguay, recib\u00ed la disposici\u00f3n de hacer gestiones para un pr\u00e9stamo de material antidisturbios, pero el gobierno del presidente Nicanor Duarte, a trav\u00e9s del Comandante de las Fuerzas Militares neg\u00f3 ese pr\u00e9stamo al Gobierno boliviano\u201d, record\u00f3 Santistevan.<\/p>\n<p>DISCULPAS<br \/>\nAclar\u00f3 que un supuesto pr\u00e9stamo de armas y munici\u00f3n de guerra en tiempo de paz no responde a una pol\u00edtica internacional, por el contrario puede verse como un tr\u00e1fico de armas con fines no l\u00edcitos.<br \/>\nEn ese marco, apunt\u00f3 que si Del Castillo no demuestra ese presunto pr\u00e9stamo, deber\u00eda optar por pedir disculpas p\u00fablicas y retirarse del cargo que ejerce porque ello puede traer serios problemas diplom\u00e1ticos, no solamente con Ecuador sino con un bloque de naciones a los cuales responden Bolivia y Ecuador.<br \/>\nSantistevan manifest\u00f3 que el armamento y munici\u00f3n de guerra supuestamente recibido tendr\u00eda una consecuencia indirecta de p\u00e9rdida de vidas humanas y violaciones a los derechos humanos por parte del Ecuador mientras que los estados del mundo tienen por mandato internacional preservar la seguridad y mantener la paz en el mundo, por ello, las declaraciones Del Castillo puede traer consecuencias negativas al pa\u00eds sudamericano.<br \/>\n\u201cDesde el punto de vista las relaciones internacionales el Estado ecuatoriano est\u00e1 en su derecho de pedir la devoluci\u00f3n primero del material prestado y reclamar mediante su embajador en Bolivia las desafortunadas declaraciones del ministro\u201d, asegur\u00f3.<br \/>\nEl militar precis\u00f3 que antes de socializar una informaci\u00f3n \u201cextraoficial\u201d, Del Castillo debi\u00f3 consultar por el canal correspondiente al Gobierno del Ecuador sobre el pr\u00e9stamo que hizo al pa\u00eds ya sea de material no letal o letal.<br \/>\nEn ese marco, aclar\u00f3 que mayo de 2020, el Comandante de la Polic\u00eda ecuatoriana pidi\u00f3 al agregado de defensa de Bolivia la devoluci\u00f3n de material (CM) que es una codificaci\u00f3n de municiones no letales.<br \/>\n\u201cEn ese pedido ponen un anexo y all\u00ed describen la munici\u00f3n que se debe al Ecuador como granadas de mano GL, que por su iniciativa corresponde a gas lacrim\u00f3geno, posteriormente habla de proyectiles de largo alcance calibre 37mm, proyectiles 37mm de corto alcance. Estos proyectiles no son proyectiles de arma de fuego militares o letales, son proyectiles antidisturbios que son usados como bombas de estruendo y se\u00f1alizaci\u00f3n, adem\u00e1s estos proyectiles contienen balines o batones de goma, es decir, sirven para asustar o intimidar a las personas pero no son precisamente proyectiles letales sino son proyectiles antidisturbios y estos se usan con pistolas o armas antidisturbios\u201d, explic\u00f3.<\/p>\n<p>EXPLICACIONES<br \/>\nPor otro lado, el comandante general de la Polic\u00eda Boliviana, coronel Jhonny Aguilera, manifest\u00f3 que el supuesto cargamento de armamento que fue enviado desde Ecuador en 2019, lleg\u00f3 a dos unidades policiales y al Regimiento Ingavi, dependiente del Ej\u00e9rcito.<br \/>\nAguilera advirti\u00f3 que a partir de las declaraciones de exfuncionarios en la Embajada de Bolivia en Ecuador se pudo establecer que desde el 4 de diciembre de 2019 \u201cse han introducido al pa\u00eds armamento no letal y aparentemente tambi\u00e9n munici\u00f3n de guerra\u201d.<br \/>\nComplement\u00f3 que parte del cargamento fue trasladado \u201ca dos unidades en el caso de la Polic\u00eda y otras al Regimiento Ingavi del Ej\u00e9rcito, no logramos establecer la cantidad\u201d.<br \/>\nAl respecto, Santistevan apunt\u00f3 que ese extremo debe ser aclarado por el Comandante en Jefe de las Fuerzas Armadas y el Comandante del Ej\u00e9rcito, quienes deber\u00e1n precisar qu\u00e9 tipo de armamento y munici\u00f3n recibi\u00f3 ese regimiento, cu\u00e1ndo y en qu\u00e9 cantidades, para que toda esa informaci\u00f3n sirva para las investigaciones y luego proceder con el reclamo respectivo a trav\u00e9s de la embajada o Canciller\u00eda al gobierno del Ecuador.<\/p>\n<p>DESMIENTEN<br \/>\nA CASTILLO<br \/>\nPor otro lado, desde la administraci\u00f3n del expresidente de Ecuador Len\u00edn Moreno desmintieron que en 2019 hayan prestado \u201cmunici\u00f3n de guerra\u201d al gobierno de Jeanine A\u00f1ez. Una fuente del gabinete del exmandatario \u2014que pidi\u00f3 no ser identificada\u2014 en contacto con P\u00e1gina Siete afirm\u00f3 que no se envi\u00f3 armamento letal a Bolivia.<br \/>\n\u201cLe puedo decir que eso (las declaraciones del ministro Del Castillo) est\u00e1 muy lejos de la verdad. Esa declaraci\u00f3n es mentira. Es una noticia que est\u00e1 tratando de levantar el actual Ministro boliviano\u201d, afirm\u00f3 la exautoridad ecuatoriana desde ese pa\u00eds.<\/p>\n<p>&nbsp;<\/p>\n<figure id=\"attachment_9944\" aria-describedby=\"caption-attachment-9944\" style=\"width: 300px\" class=\"wp-caption alignleft\"><img loading=\"lazy\" decoding=\"async\" class=\"wp-image-9944 size-medium\" src=\"https:\/\/www.eldiario.net\/portal\/wp-content\/uploads\/2021\/06\/CASTILLO-300x168.jpg\" alt=\"\" width=\"300\" height=\"168\" srcset=\"https:\/\/www.eldiario.net\/portal\/wp-content\/uploads\/2021\/06\/CASTILLO-300x168.jpg 300w, https:\/\/www.eldiario.net\/portal\/wp-content\/uploads\/2021\/06\/CASTILLO-768x429.jpg 768w, https:\/\/www.eldiario.net\/portal\/wp-content\/uploads\/2021\/06\/CASTILLO-696x389.jpg 696w, https:\/\/www.eldiario.net\/portal\/wp-content\/uploads\/2021\/06\/CASTILLO.jpg 770w\" sizes=\"auto, (max-width: 300px) 100vw, 300px\" \/><figcaption id=\"caption-attachment-9944\" class=\"wp-caption-text\">EDUARDO DEL CASTILLO, MINISTRO DE GOBIERNO.<\/figcaption><\/figure>\n<figure id=\"attachment_9945\" aria-describedby=\"caption-attachment-9945\" style=\"width: 842px\" class=\"wp-caption alignleft\"><img loading=\"lazy\" decoding=\"async\" class=\"size-full wp-image-9945\" src=\"https:\/\/www.eldiario.net\/portal\/wp-content\/uploads\/2021\/06\/ARMAS.jpg\" alt=\"\" width=\"842\" height=\"608\" \/><figcaption id=\"caption-attachment-9945\" class=\"wp-caption-text\">LA NOTA QUE ENVI\u00d3 ECUADOR SOLICITANDO LA DEVOLUCI\u00d3N DEL PR\u00c9STAMO.<\/figcaption><\/figure>\n","protected":false},"excerpt":{"rendered":"<p>Despu\u00e9s que el ministro de Gobierno, Eduardo del Castillo, dijera que Ecuador no solo envi\u00f3 gases, sino tambi\u00e9n \u201cmuniciones de guerra\u201d al pa\u00eds en 2019, el coronel en servicio pasivo del Ej\u00e9rcito, Jorge Santistevan, aclar\u00f3 a EL DIARIO que en tiempos de paz no rigen ese tipo de pr\u00e9stamos y que si la autoridad no [&hellip;]<\/p>\n","protected":false},"author":1,"featured_media":9943,"comment_status":"closed","ping_status":"closed","sticky":false,"template":"","format":"standard","meta":{"_acf_changed":false,"footnotes":""},"categories":[39],"tags":[],"class_list":["post-9942","post","type-post","status-publish","format-standard","has-post-thumbnail","category-sociedad"],"acf":{"antetitulo":""},"yoast_head":"<!-- This site is optimized with the Yoast SEO plugin v28.3 - https:\/\/yoast.com\/product\/yoast-seo-wordpress\/ -->\n<title>Militar aclara que en tiempos de paz no hay pr\u00e9stamos de armas de guerra - El Diario - Bolivia<\/title>\n<meta name=\"robots\" content=\"index, follow, max-snippet:-1, max-image-preview:large, max-video-preview:-1\" \/>\n<link rel=\"canonical\" href=\"https:\/\/www.eldiario.net\/portal\/2021\/06\/12\/militar-aclara-que-en-tiempos-de-paz-no-hay-prestamos-de-armas-de-guerra\/\" \/>\n<meta property=\"og:locale\" content=\"es_ES\" \/>\n<meta property=\"og:type\" content=\"article\" \/>\n<meta property=\"og:title\" content=\"Militar aclara que en tiempos de paz no hay pr\u00e9stamos de armas de guerra - El Diario - Bolivia\" \/>\n<meta property=\"og:description\" content=\"Despu\u00e9s que el ministro de Gobierno, Eduardo del Castillo, dijera que Ecuador no solo envi\u00f3 gases, sino tambi\u00e9n \u201cmuniciones de guerra\u201d al pa\u00eds en 2019, el coronel en servicio pasivo del Ej\u00e9rcito, Jorge Santistevan, aclar\u00f3 a EL DIARIO que en tiempos de paz no rigen ese tipo de pr\u00e9stamos y que si la autoridad no [&hellip;]\" \/>\n<meta property=\"og:url\" content=\"https:\/\/www.eldiario.net\/portal\/2021\/06\/12\/militar-aclara-que-en-tiempos-de-paz-no-hay-prestamos-de-armas-de-guerra\/\" \/>\n<meta property=\"og:site_name\" content=\"El Diario - Bolivia\" \/>\n<meta property=\"article:publisher\" content=\"https:\/\/www.facebook.com\/eldiario.bolivia\/\" \/>\n<meta property=\"article:published_time\" content=\"2021-06-12T10:37:08+00:00\" \/>\n<meta name=\"author\" content=\"Jeanette\" \/>\n<meta name=\"twitter:card\" content=\"summary_large_image\" \/>\n<meta name=\"twitter:creator\" content=\"@eldiario_net\" \/>\n<meta name=\"twitter:site\" content=\"@eldiario_net\" \/>\n<meta name=\"twitter:label1\" content=\"Escrito por\" \/>\n\t<meta name=\"twitter:data1\" content=\"Jeanette\" \/>\n\t<meta name=\"twitter:label2\" content=\"Tiempo de lectura\" \/>\n\t<meta name=\"twitter:data2\" content=\"5 minutos\" \/>\n<script type=\"application\/ld+json\" class=\"yoast-schema-graph\">{\"@context\":\"https:\\\/\\\/schema.org\",\"@graph\":[{\"@type\":\"Article\",\"@id\":\"https:\\\/\\\/www.eldiario.net\\\/portal\\\/2021\\\/06\\\/12\\\/militar-aclara-que-en-tiempos-de-paz-no-hay-prestamos-de-armas-de-guerra\\\/#article\",\"isPartOf\":{\"@id\":\"https:\\\/\\\/www.eldiario.net\\\/portal\\\/2021\\\/06\\\/12\\\/militar-aclara-que-en-tiempos-de-paz-no-hay-prestamos-de-armas-de-guerra\\\/\"},\"author\":{\"name\":\"Jeanette\",\"@id\":\"https:\\\/\\\/www.eldiario.net\\\/portal\\\/#\\\/schema\\\/person\\\/f46445640444750d7d753ccd04ae01b7\"},\"headline\":\"Militar aclara que en tiempos de paz no hay pr\u00e9stamos de armas de guerra\",\"datePublished\":\"2021-06-12T10:37:08+00:00\",\"mainEntityOfPage\":{\"@id\":\"https:\\\/\\\/www.eldiario.net\\\/portal\\\/2021\\\/06\\\/12\\\/militar-aclara-que-en-tiempos-de-paz-no-hay-prestamos-de-armas-de-guerra\\\/\"},\"wordCount\":977,\"publisher\":{\"@id\":\"https:\\\/\\\/www.eldiario.net\\\/portal\\\/#organization\"},\"image\":{\"@id\":\"https:\\\/\\\/www.eldiario.net\\\/portal\\\/2021\\\/06\\\/12\\\/militar-aclara-que-en-tiempos-de-paz-no-hay-prestamos-de-armas-de-guerra\\\/#primaryimage\"},\"thumbnailUrl\":\"\",\"articleSection\":[\"Sociedad - Seguridad\"],\"inLanguage\":\"es\"},{\"@type\":\"WebPage\",\"@id\":\"https:\\\/\\\/www.eldiario.net\\\/portal\\\/2021\\\/06\\\/12\\\/militar-aclara-que-en-tiempos-de-paz-no-hay-prestamos-de-armas-de-guerra\\\/\",\"url\":\"https:\\\/\\\/www.eldiario.net\\\/portal\\\/2021\\\/06\\\/12\\\/militar-aclara-que-en-tiempos-de-paz-no-hay-prestamos-de-armas-de-guerra\\\/\",\"name\":\"Militar aclara que en tiempos de paz no hay pr\u00e9stamos de armas de guerra - El Diario - Bolivia\",\"isPartOf\":{\"@id\":\"https:\\\/\\\/www.eldiario.net\\\/portal\\\/#website\"},\"primaryImageOfPage\":{\"@id\":\"https:\\\/\\\/www.eldiario.net\\\/portal\\\/2021\\\/06\\\/12\\\/militar-aclara-que-en-tiempos-de-paz-no-hay-prestamos-de-armas-de-guerra\\\/#primaryimage\"},\"image\":{\"@id\":\"https:\\\/\\\/www.eldiario.net\\\/portal\\\/2021\\\/06\\\/12\\\/militar-aclara-que-en-tiempos-de-paz-no-hay-prestamos-de-armas-de-guerra\\\/#primaryimage\"},\"thumbnailUrl\":\"\",\"datePublished\":\"2021-06-12T10:37:08+00:00\",\"breadcrumb\":{\"@id\":\"https:\\\/\\\/www.eldiario.net\\\/portal\\\/2021\\\/06\\\/12\\\/militar-aclara-que-en-tiempos-de-paz-no-hay-prestamos-de-armas-de-guerra\\\/#breadcrumb\"},\"inLanguage\":\"es\",\"potentialAction\":[{\"@type\":\"ReadAction\",\"target\":[\"https:\\\/\\\/www.eldiario.net\\\/portal\\\/2021\\\/06\\\/12\\\/militar-aclara-que-en-tiempos-de-paz-no-hay-prestamos-de-armas-de-guerra\\\/\"]}]},{\"@type\":\"ImageObject\",\"inLanguage\":\"es\",\"@id\":\"https:\\\/\\\/www.eldiario.net\\\/portal\\\/2021\\\/06\\\/12\\\/militar-aclara-que-en-tiempos-de-paz-no-hay-prestamos-de-armas-de-guerra\\\/#primaryimage\",\"url\":\"\",\"contentUrl\":\"\"},{\"@type\":\"BreadcrumbList\",\"@id\":\"https:\\\/\\\/www.eldiario.net\\\/portal\\\/2021\\\/06\\\/12\\\/militar-aclara-que-en-tiempos-de-paz-no-hay-prestamos-de-armas-de-guerra\\\/#breadcrumb\",\"itemListElement\":[{\"@type\":\"ListItem\",\"position\":1,\"name\":\"Portada\",\"item\":\"https:\\\/\\\/www.eldiario.net\\\/portal\\\/\"},{\"@type\":\"ListItem\",\"position\":2,\"name\":\"Militar aclara que en tiempos de paz no hay pr\u00e9stamos de armas de guerra\"}]},{\"@type\":\"WebSite\",\"@id\":\"https:\\\/\\\/www.eldiario.net\\\/portal\\\/#website\",\"url\":\"https:\\\/\\\/www.eldiario.net\\\/portal\\\/\",\"name\":\"El Diario - Decano de la prensa nacional\",\"description\":\"El Diario - Decano de la prensa nacional\",\"publisher\":{\"@id\":\"https:\\\/\\\/www.eldiario.net\\\/portal\\\/#organization\"},\"potentialAction\":[{\"@type\":\"SearchAction\",\"target\":{\"@type\":\"EntryPoint\",\"urlTemplate\":\"https:\\\/\\\/www.eldiario.net\\\/portal\\\/?s={search_term_string}\"},\"query-input\":{\"@type\":\"PropertyValueSpecification\",\"valueRequired\":true,\"valueName\":\"search_term_string\"}}],\"inLanguage\":\"es\"},{\"@type\":\"Organization\",\"@id\":\"https:\\\/\\\/www.eldiario.net\\\/portal\\\/#organization\",\"name\":\"El Diario - Decano de la prensa nacional\",\"url\":\"https:\\\/\\\/www.eldiario.net\\\/portal\\\/\",\"logo\":{\"@type\":\"ImageObject\",\"inLanguage\":\"es\",\"@id\":\"https:\\\/\\\/www.eldiario.net\\\/portal\\\/#\\\/schema\\\/logo\\\/image\\\/\",\"url\":\"https:\\\/\\\/www.eldiario.net\\\/portal\\\/wp-content\\\/uploads\\\/2023\\\/07\\\/logo_ED.jpg\",\"contentUrl\":\"https:\\\/\\\/www.eldiario.net\\\/portal\\\/wp-content\\\/uploads\\\/2023\\\/07\\\/logo_ED.jpg\",\"width\":272,\"height\":52,\"caption\":\"El Diario - Decano de la prensa nacional\"},\"image\":{\"@id\":\"https:\\\/\\\/www.eldiario.net\\\/portal\\\/#\\\/schema\\\/logo\\\/image\\\/\"},\"sameAs\":[\"https:\\\/\\\/www.facebook.com\\\/eldiario.bolivia\\\/\",\"https:\\\/\\\/x.com\\\/eldiario_net\"]},{\"@type\":\"Person\",\"@id\":\"https:\\\/\\\/www.eldiario.net\\\/portal\\\/#\\\/schema\\\/person\\\/f46445640444750d7d753ccd04ae01b7\",\"name\":\"Jeanette\",\"image\":{\"@type\":\"ImageObject\",\"inLanguage\":\"es\",\"@id\":\"https:\\\/\\\/secure.gravatar.com\\\/avatar\\\/3ea2118a5f7dad2b7138b1187a6b7ee55f160b9968b66013c3a3ef39dd7e5798?s=96&d=mm&r=g\",\"url\":\"https:\\\/\\\/secure.gravatar.com\\\/avatar\\\/3ea2118a5f7dad2b7138b1187a6b7ee55f160b9968b66013c3a3ef39dd7e5798?s=96&d=mm&r=g\",\"contentUrl\":\"https:\\\/\\\/secure.gravatar.com\\\/avatar\\\/3ea2118a5f7dad2b7138b1187a6b7ee55f160b9968b66013c3a3ef39dd7e5798?s=96&d=mm&r=g\",\"caption\":\"Jeanette\"},\"sameAs\":[\"https:\\\/\\\/www.eldiario.net\\\/portal\"],\"url\":\"https:\\\/\\\/www.eldiario.net\\\/portal\\\/author\\\/jeanette\\\/\"}]}<\/script>\n<!-- \/ Yoast SEO plugin. -->","yoast_head_json":{"title":"Militar aclara que en tiempos de paz no hay pr\u00e9stamos de armas de guerra - El Diario - Bolivia","robots":{"index":"index","follow":"follow","max-snippet":"max-snippet:-1","max-image-preview":"max-image-preview:large","max-video-preview":"max-video-preview:-1"},"canonical":"https:\/\/www.eldiario.net\/portal\/2021\/06\/12\/militar-aclara-que-en-tiempos-de-paz-no-hay-prestamos-de-armas-de-guerra\/","og_locale":"es_ES","og_type":"article","og_title":"Militar aclara que en tiempos de paz no hay pr\u00e9stamos de armas de guerra - El Diario - Bolivia","og_description":"Despu\u00e9s que el ministro de Gobierno, Eduardo del Castillo, dijera que Ecuador no solo envi\u00f3 gases, sino tambi\u00e9n \u201cmuniciones de guerra\u201d al pa\u00eds en 2019, el coronel en servicio pasivo del Ej\u00e9rcito, Jorge Santistevan, aclar\u00f3 a EL DIARIO que en tiempos de paz no rigen ese tipo de pr\u00e9stamos y que si la autoridad no [&hellip;]","og_url":"https:\/\/www.eldiario.net\/portal\/2021\/06\/12\/militar-aclara-que-en-tiempos-de-paz-no-hay-prestamos-de-armas-de-guerra\/","og_site_name":"El Diario - Bolivia","article_publisher":"https:\/\/www.facebook.com\/eldiario.bolivia\/","article_published_time":"2021-06-12T10:37:08+00:00","author":"Jeanette","twitter_card":"summary_large_image","twitter_creator":"@eldiario_net","twitter_site":"@eldiario_net","twitter_misc":{"Escrito por":"Jeanette","Tiempo de lectura":"5 minutos"},"schema":{"@context":"https:\/\/schema.org","@graph":[{"@type":"Article","@id":"https:\/\/www.eldiario.net\/portal\/2021\/06\/12\/militar-aclara-que-en-tiempos-de-paz-no-hay-prestamos-de-armas-de-guerra\/#article","isPartOf":{"@id":"https:\/\/www.eldiario.net\/portal\/2021\/06\/12\/militar-aclara-que-en-tiempos-de-paz-no-hay-prestamos-de-armas-de-guerra\/"},"author":{"name":"Jeanette","@id":"https:\/\/www.eldiario.net\/portal\/#\/schema\/person\/f46445640444750d7d753ccd04ae01b7"},"headline":"Militar aclara que en tiempos de paz no hay pr\u00e9stamos de armas de guerra","datePublished":"2021-06-12T10:37:08+00:00","mainEntityOfPage":{"@id":"https:\/\/www.eldiario.net\/portal\/2021\/06\/12\/militar-aclara-que-en-tiempos-de-paz-no-hay-prestamos-de-armas-de-guerra\/"},"wordCount":977,"publisher":{"@id":"https:\/\/www.eldiario.net\/portal\/#organization"},"image":{"@id":"https:\/\/www.eldiario.net\/portal\/2021\/06\/12\/militar-aclara-que-en-tiempos-de-paz-no-hay-prestamos-de-armas-de-guerra\/#primaryimage"},"thumbnailUrl":"","articleSection":["Sociedad - Seguridad"],"inLanguage":"es"},{"@type":"WebPage","@id":"https:\/\/www.eldiario.net\/portal\/2021\/06\/12\/militar-aclara-que-en-tiempos-de-paz-no-hay-prestamos-de-armas-de-guerra\/","url":"https:\/\/www.eldiario.net\/portal\/2021\/06\/12\/militar-aclara-que-en-tiempos-de-paz-no-hay-prestamos-de-armas-de-guerra\/","name":"Militar aclara que en tiempos de paz no hay pr\u00e9stamos de armas de guerra - El Diario - Bolivia","isPartOf":{"@id":"https:\/\/www.eldiario.net\/portal\/#website"},"primaryImageOfPage":{"@id":"https:\/\/www.eldiario.net\/portal\/2021\/06\/12\/militar-aclara-que-en-tiempos-de-paz-no-hay-prestamos-de-armas-de-guerra\/#primaryimage"},"image":{"@id":"https:\/\/www.eldiario.net\/portal\/2021\/06\/12\/militar-aclara-que-en-tiempos-de-paz-no-hay-prestamos-de-armas-de-guerra\/#primaryimage"},"thumbnailUrl":"","datePublished":"2021-06-12T10:37:08+00:00","breadcrumb":{"@id":"https:\/\/www.eldiario.net\/portal\/2021\/06\/12\/militar-aclara-que-en-tiempos-de-paz-no-hay-prestamos-de-armas-de-guerra\/#breadcrumb"},"inLanguage":"es","potentialAction":[{"@type":"ReadAction","target":["https:\/\/www.eldiario.net\/portal\/2021\/06\/12\/militar-aclara-que-en-tiempos-de-paz-no-hay-prestamos-de-armas-de-guerra\/"]}]},{"@type":"ImageObject","inLanguage":"es","@id":"https:\/\/www.eldiario.net\/portal\/2021\/06\/12\/militar-aclara-que-en-tiempos-de-paz-no-hay-prestamos-de-armas-de-guerra\/#primaryimage","url":"","contentUrl":""},{"@type":"BreadcrumbList","@id":"https:\/\/www.eldiario.net\/portal\/2021\/06\/12\/militar-aclara-que-en-tiempos-de-paz-no-hay-prestamos-de-armas-de-guerra\/#breadcrumb","itemListElement":[{"@type":"ListItem","position":1,"name":"Portada","item":"https:\/\/www.eldiario.net\/portal\/"},{"@type":"ListItem","position":2,"name":"Militar aclara que en tiempos de paz no hay pr\u00e9stamos de armas de guerra"}]},{"@type":"WebSite","@id":"https:\/\/www.eldiario.net\/portal\/#website","url":"https:\/\/www.eldiario.net\/portal\/","name":"El Diario - Decano de la prensa nacional","description":"El Diario - Decano de la prensa nacional","publisher":{"@id":"https:\/\/www.eldiario.net\/portal\/#organization"},"potentialAction":[{"@type":"SearchAction","target":{"@type":"EntryPoint","urlTemplate":"https:\/\/www.eldiario.net\/portal\/?s={search_term_string}"},"query-input":{"@type":"PropertyValueSpecification","valueRequired":true,"valueName":"search_term_string"}}],"inLanguage":"es"},{"@type":"Organization","@id":"https:\/\/www.eldiario.net\/portal\/#organization","name":"El Diario - Decano de la prensa nacional","url":"https:\/\/www.eldiario.net\/portal\/","logo":{"@type":"ImageObject","inLanguage":"es","@id":"https:\/\/www.eldiario.net\/portal\/#\/schema\/logo\/image\/","url":"https:\/\/www.eldiario.net\/portal\/wp-content\/uploads\/2023\/07\/logo_ED.jpg","contentUrl":"https:\/\/www.eldiario.net\/portal\/wp-content\/uploads\/2023\/07\/logo_ED.jpg","width":272,"height":52,"caption":"El Diario - Decano de la prensa nacional"},"image":{"@id":"https:\/\/www.eldiario.net\/portal\/#\/schema\/logo\/image\/"},"sameAs":["https:\/\/www.facebook.com\/eldiario.bolivia\/","https:\/\/x.com\/eldiario_net"]},{"@type":"Person","@id":"https:\/\/www.eldiario.net\/portal\/#\/schema\/person\/f46445640444750d7d753ccd04ae01b7","name":"Jeanette","image":{"@type":"ImageObject","inLanguage":"es","@id":"https:\/\/secure.gravatar.com\/avatar\/3ea2118a5f7dad2b7138b1187a6b7ee55f160b9968b66013c3a3ef39dd7e5798?s=96&d=mm&r=g","url":"https:\/\/secure.gravatar.com\/avatar\/3ea2118a5f7dad2b7138b1187a6b7ee55f160b9968b66013c3a3ef39dd7e5798?s=96&d=mm&r=g","contentUrl":"https:\/\/secure.gravatar.com\/avatar\/3ea2118a5f7dad2b7138b1187a6b7ee55f160b9968b66013c3a3ef39dd7e5798?s=96&d=mm&r=g","caption":"Jeanette"},"sameAs":["https:\/\/www.eldiario.net\/portal"],"url":"https:\/\/www.eldiario.net\/portal\/author\/jeanette\/"}]}},"_links":{"self":[{"href":"https:\/\/www.eldiario.net\/portal\/wp-json\/wp\/v2\/posts\/9942","targetHints":{"allow":["GET"]}}],"collection":[{"href":"https:\/\/www.eldiario.net\/portal\/wp-json\/wp\/v2\/posts"}],"about":[{"href":"https:\/\/www.eldiario.net\/portal\/wp-json\/wp\/v2\/types\/post"}],"author":[{"embeddable":true,"href":"https:\/\/www.eldiario.net\/portal\/wp-json\/wp\/v2\/users\/1"}],"replies":[{"embeddable":true,"href":"https:\/\/www.eldiario.net\/portal\/wp-json\/wp\/v2\/comments?post=9942"}],"version-history":[{"count":0,"href":"https:\/\/www.eldiario.net\/portal\/wp-json\/wp\/v2\/posts\/9942\/revisions"}],"wp:attachment":[{"href":"https:\/\/www.eldiario.net\/portal\/wp-json\/wp\/v2\/media?parent=9942"}],"wp:term":[{"taxonomy":"category","embeddable":true,"href":"https:\/\/www.eldiario.net\/portal\/wp-json\/wp\/v2\/categories?post=9942"},{"taxonomy":"post_tag","embeddable":true,"href":"https:\/\/www.eldiario.net\/portal\/wp-json\/wp\/v2\/tags?post=9942"}],"curies":[{"name":"wp","href":"https:\/\/api.w.org\/{rel}","templated":true}]}}