{"id":9939,"date":"2021-06-12T06:34:24","date_gmt":"2021-06-12T10:34:24","guid":{"rendered":"https:\/\/www.eldiario.net\/portal\/?p=9939"},"modified":"2021-06-12T06:34:24","modified_gmt":"2021-06-12T10:34:24","slug":"policia-muere-suplicando-por-su-vida-y-gobierno-pide-no-politizar","status":"publish","type":"post","link":"https:\/\/www.eldiario.net\/portal\/2021\/06\/12\/policia-muere-suplicando-por-su-vida-y-gobierno-pide-no-politizar\/","title":{"rendered":"Polic\u00eda muere suplicando por su  vida y Gobierno pide no politizar"},"content":{"rendered":"<p>Despu\u00e9s de haber dado positivo a covid-19, el suboficial de Polic\u00eda, V\u00edctor Monta\u00f1o, muri\u00f3 en las \u00faltimas horas suplicando por su vida en la ciudad de Tarija, donde presuntamente no recibi\u00f3 atenci\u00f3n. El ministro de Gobierno Eduardo del Castillo pidi\u00f3 ayer \u201cno politizar el tema\u201d.<br \/>\nDe acuerdo a videos que el polic\u00eda subi\u00f3 a las redes sociales, \u00e9l trabajaba en Cochabamba y fue destinado a Tarija en pleno ascenso de la pandemia y con diabetes, enfermedad de base. Cuando se confirm\u00f3 el diagn\u00f3stico de covid-19 fue llevado a una posta fr\u00eda donde ni siquiera contaba con agua caliente.<br \/>\n\u201cAc\u00e1 estoy botado, solo, aislado, deber\u00edan atendernos\u201d, dijo compungido y con dificultad para respirar, luego de ser recluido en la denominada \u201cguarder\u00eda\u201d policial.<br \/>\nEn otro clip le pide llorando a su comandante, poder volver a ver a su familia y a sus hijos. \u201cYo no he hecho da\u00f1o a nadie, m\u00e1s al contrario yo he hecho mi trabajo bien, por qu\u00e9 me han cambiado, ya he estado dos a\u00f1os en Beni, ahora dos a\u00f1os m\u00e1s en Tarija, no mi coronel\u201d.<br \/>\nLa activista y exdirigente de las esposas de polic\u00edas, Guadalupe C\u00e1rdenas, denunci\u00f3 el hecho y responsabiliz\u00f3 a los comandantes departamentales, coronel Johnny Corrales de Cochabamba y coronel Sadid \u00c1vila de Tarija, porque actuaron contra el suboficial por haber sido parte de los movimientos de noviembre de 2019.<br \/>\n\u201cEste coronel Corrales, un sanguinario que no le import\u00f3 que el suboficial Monta\u00f1o ten\u00eda una enfermedad de base igual, lo destin\u00f3 a Tarija y todo porque el 2019 estuvo con su pueblo, y el de Tarija lo envi\u00f3 a la guarder\u00eda sin que hubiera m\u00e9dicos y alguna persona que lo atendiera por el Covid-19\u201d, dijo C\u00e1rdenas.<br \/>\nLa activista es Embajadora de los Derechos Humanos Mundial y public\u00f3 los informes m\u00e9dicos de la Unidad de Medicina del Trabajo Regional Cochabamba, que aconsejaban mantener en un lugar a Monta\u00f1o, con la precauci\u00f3n requerida por su condici\u00f3n de diab\u00e9tico e hipertenso.<br \/>\n\u201cEspero que vean el video del suboficial Monta\u00f1o y todo el dolor que le causaron. \u00c9l falleci\u00f3 hoy (jueves), coronel Corrales, usted es un asesino y no descansar\u00e9 para que le den de baja y lo procesen malvado criminal\u201d, escribi\u00f3 C\u00e1rdenas, con evidente molestia.<\/p>\n<p>\u201cNO POLITIZAR\u201d<br \/>\nConsultado por los medios de comunicaci\u00f3n, el ministro de Gobierno, Eduardo del Castillo manifest\u00f3 ayer que el hecho fue fortuito y no se puede politizar sobre el tema.<br \/>\n\u201cEste efectivo policial hab\u00eda sido internado en un centro de aislamiento donde se internan, se a\u00edslan los efectivos policiales, no obstante el hijo de esta persona lo habr\u00eda retirado al d\u00eda siguiente y esta persona luego de diez d\u00edas ya se encontraba en el departamento de Cochabamba sin los cuidados de la Polic\u00eda Boliviana y habr\u00eda perdido la vida. Es un hecho fortuito y no podemos politizar sobre este tema\u201d, dijo.<\/p>\n<p>AUDITOR\u00cdA<br \/>\nLa familia del sufoficial exige una auditor\u00eda. \u201cVamos a denunciar el caso y pedir una auditor\u00eda a c\u00f3mo se hicieron los cambios de destino\u201d, dijo Amilcar Monta\u00f1o, hijo del suboficial.<br \/>\nMonta\u00f1o relat\u00f3 que su padre fue trasladado a Tarija sin ninguna explicaci\u00f3n y que la Polic\u00eda prohibi\u00f3 su traslado a Cochabamba para poder ser cuidado por su familia mientras pasaba la enfermedad, m\u00e1s a\u00fan ya que Monta\u00f1o padec\u00eda de diabetes.<br \/>\nEl Comando de la Polic\u00eda de Tarija neg\u00f3 las acusaciones en un comunicado asegurando que el suboficial contaba \u201ccon las comodidades b\u00e1sicas necesarias\u201d.<br \/>\n\u201cDurante su estad\u00eda en el \u00e1rea designada para aislamiento, recibi\u00f3 alimentaci\u00f3n, apoyo con v\u00edveres y otros insumos necesarios, no solo por parte del Comando Departamental de Tarija, sino por los propios servidores p\u00fablicos policiales, que trabajan con \u00e9l, para apoyar en dicha situaci\u00f3n\u201d, se\u00f1ala el comunicado de la Polic\u00eda. (EL DIARIO y Visor.Bolivia)<\/p>\n","protected":false},"excerpt":{"rendered":"<p>Despu\u00e9s de haber dado positivo a covid-19, el suboficial de Polic\u00eda, V\u00edctor Monta\u00f1o, muri\u00f3 en las \u00faltimas horas suplicando por su vida en la ciudad de Tarija, donde presuntamente no recibi\u00f3 atenci\u00f3n. El ministro de Gobierno Eduardo del Castillo pidi\u00f3 ayer \u201cno politizar el tema\u201d. De acuerdo a videos que el polic\u00eda subi\u00f3 a las [&hellip;]<\/p>\n","protected":false},"author":1,"featured_media":9940,"comment_status":"closed","ping_status":"closed","sticky":false,"template":"","format":"standard","meta":{"_acf_changed":false,"footnotes":""},"categories":[39],"tags":[],"class_list":["post-9939","post","type-post","status-publish","format-standard","has-post-thumbnail","category-sociedad"],"acf":{"antetitulo":""},"yoast_head":"<!-- This site is optimized with the Yoast SEO plugin v28.3 - https:\/\/yoast.com\/product\/yoast-seo-wordpress\/ -->\n<title>Polic\u00eda muere suplicando por su vida y Gobierno pide no politizar - El Diario - Bolivia<\/title>\n<meta name=\"robots\" content=\"index, follow, max-snippet:-1, max-image-preview:large, max-video-preview:-1\" \/>\n<link rel=\"canonical\" href=\"https:\/\/www.eldiario.net\/portal\/2021\/06\/12\/policia-muere-suplicando-por-su-vida-y-gobierno-pide-no-politizar\/\" \/>\n<meta property=\"og:locale\" content=\"es_ES\" \/>\n<meta property=\"og:type\" content=\"article\" \/>\n<meta property=\"og:title\" content=\"Polic\u00eda muere suplicando por su vida y Gobierno pide no politizar - El Diario - Bolivia\" \/>\n<meta property=\"og:description\" content=\"Despu\u00e9s de haber dado positivo a covid-19, el suboficial de Polic\u00eda, V\u00edctor Monta\u00f1o, muri\u00f3 en las \u00faltimas horas suplicando por su vida en la ciudad de Tarija, donde presuntamente no recibi\u00f3 atenci\u00f3n. El ministro de Gobierno Eduardo del Castillo pidi\u00f3 ayer \u201cno politizar el tema\u201d. De acuerdo a videos que el polic\u00eda subi\u00f3 a las [&hellip;]\" \/>\n<meta property=\"og:url\" content=\"https:\/\/www.eldiario.net\/portal\/2021\/06\/12\/policia-muere-suplicando-por-su-vida-y-gobierno-pide-no-politizar\/\" \/>\n<meta property=\"og:site_name\" content=\"El Diario - Bolivia\" \/>\n<meta property=\"article:publisher\" content=\"https:\/\/www.facebook.com\/eldiario.bolivia\/\" \/>\n<meta property=\"article:published_time\" content=\"2021-06-12T10:34:24+00:00\" \/>\n<meta name=\"author\" content=\"Jeanette\" \/>\n<meta name=\"twitter:card\" content=\"summary_large_image\" \/>\n<meta name=\"twitter:creator\" content=\"@eldiario_net\" \/>\n<meta name=\"twitter:site\" content=\"@eldiario_net\" \/>\n<meta name=\"twitter:label1\" content=\"Escrito por\" \/>\n\t<meta name=\"twitter:data1\" content=\"Jeanette\" \/>\n\t<meta name=\"twitter:label2\" content=\"Tiempo de lectura\" \/>\n\t<meta name=\"twitter:data2\" content=\"3 minutos\" \/>\n<script type=\"application\/ld+json\" class=\"yoast-schema-graph\">{\"@context\":\"https:\\\/\\\/schema.org\",\"@graph\":[{\"@type\":\"Article\",\"@id\":\"https:\\\/\\\/www.eldiario.net\\\/portal\\\/2021\\\/06\\\/12\\\/policia-muere-suplicando-por-su-vida-y-gobierno-pide-no-politizar\\\/#article\",\"isPartOf\":{\"@id\":\"https:\\\/\\\/www.eldiario.net\\\/portal\\\/2021\\\/06\\\/12\\\/policia-muere-suplicando-por-su-vida-y-gobierno-pide-no-politizar\\\/\"},\"author\":{\"name\":\"Jeanette\",\"@id\":\"https:\\\/\\\/www.eldiario.net\\\/portal\\\/#\\\/schema\\\/person\\\/f46445640444750d7d753ccd04ae01b7\"},\"headline\":\"Polic\u00eda muere suplicando por su vida y Gobierno pide no politizar\",\"datePublished\":\"2021-06-12T10:34:24+00:00\",\"mainEntityOfPage\":{\"@id\":\"https:\\\/\\\/www.eldiario.net\\\/portal\\\/2021\\\/06\\\/12\\\/policia-muere-suplicando-por-su-vida-y-gobierno-pide-no-politizar\\\/\"},\"wordCount\":684,\"publisher\":{\"@id\":\"https:\\\/\\\/www.eldiario.net\\\/portal\\\/#organization\"},\"image\":{\"@id\":\"https:\\\/\\\/www.eldiario.net\\\/portal\\\/2021\\\/06\\\/12\\\/policia-muere-suplicando-por-su-vida-y-gobierno-pide-no-politizar\\\/#primaryimage\"},\"thumbnailUrl\":\"\",\"articleSection\":[\"Sociedad - Seguridad\"],\"inLanguage\":\"es\"},{\"@type\":\"WebPage\",\"@id\":\"https:\\\/\\\/www.eldiario.net\\\/portal\\\/2021\\\/06\\\/12\\\/policia-muere-suplicando-por-su-vida-y-gobierno-pide-no-politizar\\\/\",\"url\":\"https:\\\/\\\/www.eldiario.net\\\/portal\\\/2021\\\/06\\\/12\\\/policia-muere-suplicando-por-su-vida-y-gobierno-pide-no-politizar\\\/\",\"name\":\"Polic\u00eda muere suplicando por su vida y Gobierno pide no politizar - El Diario - Bolivia\",\"isPartOf\":{\"@id\":\"https:\\\/\\\/www.eldiario.net\\\/portal\\\/#website\"},\"primaryImageOfPage\":{\"@id\":\"https:\\\/\\\/www.eldiario.net\\\/portal\\\/2021\\\/06\\\/12\\\/policia-muere-suplicando-por-su-vida-y-gobierno-pide-no-politizar\\\/#primaryimage\"},\"image\":{\"@id\":\"https:\\\/\\\/www.eldiario.net\\\/portal\\\/2021\\\/06\\\/12\\\/policia-muere-suplicando-por-su-vida-y-gobierno-pide-no-politizar\\\/#primaryimage\"},\"thumbnailUrl\":\"\",\"datePublished\":\"2021-06-12T10:34:24+00:00\",\"breadcrumb\":{\"@id\":\"https:\\\/\\\/www.eldiario.net\\\/portal\\\/2021\\\/06\\\/12\\\/policia-muere-suplicando-por-su-vida-y-gobierno-pide-no-politizar\\\/#breadcrumb\"},\"inLanguage\":\"es\",\"potentialAction\":[{\"@type\":\"ReadAction\",\"target\":[\"https:\\\/\\\/www.eldiario.net\\\/portal\\\/2021\\\/06\\\/12\\\/policia-muere-suplicando-por-su-vida-y-gobierno-pide-no-politizar\\\/\"]}]},{\"@type\":\"ImageObject\",\"inLanguage\":\"es\",\"@id\":\"https:\\\/\\\/www.eldiario.net\\\/portal\\\/2021\\\/06\\\/12\\\/policia-muere-suplicando-por-su-vida-y-gobierno-pide-no-politizar\\\/#primaryimage\",\"url\":\"\",\"contentUrl\":\"\"},{\"@type\":\"BreadcrumbList\",\"@id\":\"https:\\\/\\\/www.eldiario.net\\\/portal\\\/2021\\\/06\\\/12\\\/policia-muere-suplicando-por-su-vida-y-gobierno-pide-no-politizar\\\/#breadcrumb\",\"itemListElement\":[{\"@type\":\"ListItem\",\"position\":1,\"name\":\"Portada\",\"item\":\"https:\\\/\\\/www.eldiario.net\\\/portal\\\/\"},{\"@type\":\"ListItem\",\"position\":2,\"name\":\"Polic\u00eda muere suplicando por su vida y Gobierno pide no politizar\"}]},{\"@type\":\"WebSite\",\"@id\":\"https:\\\/\\\/www.eldiario.net\\\/portal\\\/#website\",\"url\":\"https:\\\/\\\/www.eldiario.net\\\/portal\\\/\",\"name\":\"El Diario - Decano de la prensa nacional\",\"description\":\"El Diario - Decano de la prensa nacional\",\"publisher\":{\"@id\":\"https:\\\/\\\/www.eldiario.net\\\/portal\\\/#organization\"},\"potentialAction\":[{\"@type\":\"SearchAction\",\"target\":{\"@type\":\"EntryPoint\",\"urlTemplate\":\"https:\\\/\\\/www.eldiario.net\\\/portal\\\/?s={search_term_string}\"},\"query-input\":{\"@type\":\"PropertyValueSpecification\",\"valueRequired\":true,\"valueName\":\"search_term_string\"}}],\"inLanguage\":\"es\"},{\"@type\":\"Organization\",\"@id\":\"https:\\\/\\\/www.eldiario.net\\\/portal\\\/#organization\",\"name\":\"El Diario - Decano de la prensa nacional\",\"url\":\"https:\\\/\\\/www.eldiario.net\\\/portal\\\/\",\"logo\":{\"@type\":\"ImageObject\",\"inLanguage\":\"es\",\"@id\":\"https:\\\/\\\/www.eldiario.net\\\/portal\\\/#\\\/schema\\\/logo\\\/image\\\/\",\"url\":\"https:\\\/\\\/www.eldiario.net\\\/portal\\\/wp-content\\\/uploads\\\/2023\\\/07\\\/logo_ED.jpg\",\"contentUrl\":\"https:\\\/\\\/www.eldiario.net\\\/portal\\\/wp-content\\\/uploads\\\/2023\\\/07\\\/logo_ED.jpg\",\"width\":272,\"height\":52,\"caption\":\"El Diario - Decano de la prensa nacional\"},\"image\":{\"@id\":\"https:\\\/\\\/www.eldiario.net\\\/portal\\\/#\\\/schema\\\/logo\\\/image\\\/\"},\"sameAs\":[\"https:\\\/\\\/www.facebook.com\\\/eldiario.bolivia\\\/\",\"https:\\\/\\\/x.com\\\/eldiario_net\"]},{\"@type\":\"Person\",\"@id\":\"https:\\\/\\\/www.eldiario.net\\\/portal\\\/#\\\/schema\\\/person\\\/f46445640444750d7d753ccd04ae01b7\",\"name\":\"Jeanette\",\"image\":{\"@type\":\"ImageObject\",\"inLanguage\":\"es\",\"@id\":\"https:\\\/\\\/secure.gravatar.com\\\/avatar\\\/3ea2118a5f7dad2b7138b1187a6b7ee55f160b9968b66013c3a3ef39dd7e5798?s=96&d=mm&r=g\",\"url\":\"https:\\\/\\\/secure.gravatar.com\\\/avatar\\\/3ea2118a5f7dad2b7138b1187a6b7ee55f160b9968b66013c3a3ef39dd7e5798?s=96&d=mm&r=g\",\"contentUrl\":\"https:\\\/\\\/secure.gravatar.com\\\/avatar\\\/3ea2118a5f7dad2b7138b1187a6b7ee55f160b9968b66013c3a3ef39dd7e5798?s=96&d=mm&r=g\",\"caption\":\"Jeanette\"},\"sameAs\":[\"https:\\\/\\\/www.eldiario.net\\\/portal\"],\"url\":\"https:\\\/\\\/www.eldiario.net\\\/portal\\\/author\\\/jeanette\\\/\"}]}<\/script>\n<!-- \/ Yoast SEO plugin. -->","yoast_head_json":{"title":"Polic\u00eda muere suplicando por su vida y Gobierno pide no politizar - El Diario - Bolivia","robots":{"index":"index","follow":"follow","max-snippet":"max-snippet:-1","max-image-preview":"max-image-preview:large","max-video-preview":"max-video-preview:-1"},"canonical":"https:\/\/www.eldiario.net\/portal\/2021\/06\/12\/policia-muere-suplicando-por-su-vida-y-gobierno-pide-no-politizar\/","og_locale":"es_ES","og_type":"article","og_title":"Polic\u00eda muere suplicando por su vida y Gobierno pide no politizar - El Diario - Bolivia","og_description":"Despu\u00e9s de haber dado positivo a covid-19, el suboficial de Polic\u00eda, V\u00edctor Monta\u00f1o, muri\u00f3 en las \u00faltimas horas suplicando por su vida en la ciudad de Tarija, donde presuntamente no recibi\u00f3 atenci\u00f3n. El ministro de Gobierno Eduardo del Castillo pidi\u00f3 ayer \u201cno politizar el tema\u201d. De acuerdo a videos que el polic\u00eda subi\u00f3 a las [&hellip;]","og_url":"https:\/\/www.eldiario.net\/portal\/2021\/06\/12\/policia-muere-suplicando-por-su-vida-y-gobierno-pide-no-politizar\/","og_site_name":"El Diario - Bolivia","article_publisher":"https:\/\/www.facebook.com\/eldiario.bolivia\/","article_published_time":"2021-06-12T10:34:24+00:00","author":"Jeanette","twitter_card":"summary_large_image","twitter_creator":"@eldiario_net","twitter_site":"@eldiario_net","twitter_misc":{"Escrito por":"Jeanette","Tiempo de lectura":"3 minutos"},"schema":{"@context":"https:\/\/schema.org","@graph":[{"@type":"Article","@id":"https:\/\/www.eldiario.net\/portal\/2021\/06\/12\/policia-muere-suplicando-por-su-vida-y-gobierno-pide-no-politizar\/#article","isPartOf":{"@id":"https:\/\/www.eldiario.net\/portal\/2021\/06\/12\/policia-muere-suplicando-por-su-vida-y-gobierno-pide-no-politizar\/"},"author":{"name":"Jeanette","@id":"https:\/\/www.eldiario.net\/portal\/#\/schema\/person\/f46445640444750d7d753ccd04ae01b7"},"headline":"Polic\u00eda muere suplicando por su vida y Gobierno pide no politizar","datePublished":"2021-06-12T10:34:24+00:00","mainEntityOfPage":{"@id":"https:\/\/www.eldiario.net\/portal\/2021\/06\/12\/policia-muere-suplicando-por-su-vida-y-gobierno-pide-no-politizar\/"},"wordCount":684,"publisher":{"@id":"https:\/\/www.eldiario.net\/portal\/#organization"},"image":{"@id":"https:\/\/www.eldiario.net\/portal\/2021\/06\/12\/policia-muere-suplicando-por-su-vida-y-gobierno-pide-no-politizar\/#primaryimage"},"thumbnailUrl":"","articleSection":["Sociedad - Seguridad"],"inLanguage":"es"},{"@type":"WebPage","@id":"https:\/\/www.eldiario.net\/portal\/2021\/06\/12\/policia-muere-suplicando-por-su-vida-y-gobierno-pide-no-politizar\/","url":"https:\/\/www.eldiario.net\/portal\/2021\/06\/12\/policia-muere-suplicando-por-su-vida-y-gobierno-pide-no-politizar\/","name":"Polic\u00eda muere suplicando por su vida y Gobierno pide no politizar - El Diario - Bolivia","isPartOf":{"@id":"https:\/\/www.eldiario.net\/portal\/#website"},"primaryImageOfPage":{"@id":"https:\/\/www.eldiario.net\/portal\/2021\/06\/12\/policia-muere-suplicando-por-su-vida-y-gobierno-pide-no-politizar\/#primaryimage"},"image":{"@id":"https:\/\/www.eldiario.net\/portal\/2021\/06\/12\/policia-muere-suplicando-por-su-vida-y-gobierno-pide-no-politizar\/#primaryimage"},"thumbnailUrl":"","datePublished":"2021-06-12T10:34:24+00:00","breadcrumb":{"@id":"https:\/\/www.eldiario.net\/portal\/2021\/06\/12\/policia-muere-suplicando-por-su-vida-y-gobierno-pide-no-politizar\/#breadcrumb"},"inLanguage":"es","potentialAction":[{"@type":"ReadAction","target":["https:\/\/www.eldiario.net\/portal\/2021\/06\/12\/policia-muere-suplicando-por-su-vida-y-gobierno-pide-no-politizar\/"]}]},{"@type":"ImageObject","inLanguage":"es","@id":"https:\/\/www.eldiario.net\/portal\/2021\/06\/12\/policia-muere-suplicando-por-su-vida-y-gobierno-pide-no-politizar\/#primaryimage","url":"","contentUrl":""},{"@type":"BreadcrumbList","@id":"https:\/\/www.eldiario.net\/portal\/2021\/06\/12\/policia-muere-suplicando-por-su-vida-y-gobierno-pide-no-politizar\/#breadcrumb","itemListElement":[{"@type":"ListItem","position":1,"name":"Portada","item":"https:\/\/www.eldiario.net\/portal\/"},{"@type":"ListItem","position":2,"name":"Polic\u00eda muere suplicando por su vida y Gobierno pide no politizar"}]},{"@type":"WebSite","@id":"https:\/\/www.eldiario.net\/portal\/#website","url":"https:\/\/www.eldiario.net\/portal\/","name":"El Diario - Decano de la prensa nacional","description":"El Diario - Decano de la prensa nacional","publisher":{"@id":"https:\/\/www.eldiario.net\/portal\/#organization"},"potentialAction":[{"@type":"SearchAction","target":{"@type":"EntryPoint","urlTemplate":"https:\/\/www.eldiario.net\/portal\/?s={search_term_string}"},"query-input":{"@type":"PropertyValueSpecification","valueRequired":true,"valueName":"search_term_string"}}],"inLanguage":"es"},{"@type":"Organization","@id":"https:\/\/www.eldiario.net\/portal\/#organization","name":"El Diario - Decano de la prensa nacional","url":"https:\/\/www.eldiario.net\/portal\/","logo":{"@type":"ImageObject","inLanguage":"es","@id":"https:\/\/www.eldiario.net\/portal\/#\/schema\/logo\/image\/","url":"https:\/\/www.eldiario.net\/portal\/wp-content\/uploads\/2023\/07\/logo_ED.jpg","contentUrl":"https:\/\/www.eldiario.net\/portal\/wp-content\/uploads\/2023\/07\/logo_ED.jpg","width":272,"height":52,"caption":"El Diario - Decano de la prensa nacional"},"image":{"@id":"https:\/\/www.eldiario.net\/portal\/#\/schema\/logo\/image\/"},"sameAs":["https:\/\/www.facebook.com\/eldiario.bolivia\/","https:\/\/x.com\/eldiario_net"]},{"@type":"Person","@id":"https:\/\/www.eldiario.net\/portal\/#\/schema\/person\/f46445640444750d7d753ccd04ae01b7","name":"Jeanette","image":{"@type":"ImageObject","inLanguage":"es","@id":"https:\/\/secure.gravatar.com\/avatar\/3ea2118a5f7dad2b7138b1187a6b7ee55f160b9968b66013c3a3ef39dd7e5798?s=96&d=mm&r=g","url":"https:\/\/secure.gravatar.com\/avatar\/3ea2118a5f7dad2b7138b1187a6b7ee55f160b9968b66013c3a3ef39dd7e5798?s=96&d=mm&r=g","contentUrl":"https:\/\/secure.gravatar.com\/avatar\/3ea2118a5f7dad2b7138b1187a6b7ee55f160b9968b66013c3a3ef39dd7e5798?s=96&d=mm&r=g","caption":"Jeanette"},"sameAs":["https:\/\/www.eldiario.net\/portal"],"url":"https:\/\/www.eldiario.net\/portal\/author\/jeanette\/"}]}},"_links":{"self":[{"href":"https:\/\/www.eldiario.net\/portal\/wp-json\/wp\/v2\/posts\/9939","targetHints":{"allow":["GET"]}}],"collection":[{"href":"https:\/\/www.eldiario.net\/portal\/wp-json\/wp\/v2\/posts"}],"about":[{"href":"https:\/\/www.eldiario.net\/portal\/wp-json\/wp\/v2\/types\/post"}],"author":[{"embeddable":true,"href":"https:\/\/www.eldiario.net\/portal\/wp-json\/wp\/v2\/users\/1"}],"replies":[{"embeddable":true,"href":"https:\/\/www.eldiario.net\/portal\/wp-json\/wp\/v2\/comments?post=9939"}],"version-history":[{"count":0,"href":"https:\/\/www.eldiario.net\/portal\/wp-json\/wp\/v2\/posts\/9939\/revisions"}],"wp:attachment":[{"href":"https:\/\/www.eldiario.net\/portal\/wp-json\/wp\/v2\/media?parent=9939"}],"wp:term":[{"taxonomy":"category","embeddable":true,"href":"https:\/\/www.eldiario.net\/portal\/wp-json\/wp\/v2\/categories?post=9939"},{"taxonomy":"post_tag","embeddable":true,"href":"https:\/\/www.eldiario.net\/portal\/wp-json\/wp\/v2\/tags?post=9939"}],"curies":[{"name":"wp","href":"https:\/\/api.w.org\/{rel}","templated":true}]}}