{"id":9930,"date":"2021-06-12T06:30:47","date_gmt":"2021-06-12T10:30:47","guid":{"rendered":"https:\/\/www.eldiario.net\/portal\/?p=9930"},"modified":"2021-06-12T06:30:47","modified_gmt":"2021-06-12T10:30:47","slug":"instituciones-haran-cumplir-medidas-de-bioseguridad","status":"publish","type":"post","link":"https:\/\/www.eldiario.net\/portal\/2021\/06\/12\/instituciones-haran-cumplir-medidas-de-bioseguridad\/","title":{"rendered":"Instituciones har\u00e1n cumplir medidas de bioseguridad"},"content":{"rendered":"<p>Encabezado por la Alcald\u00eda Municipal de El Alto, varias instituciones conformaron ayer un brazo operativo de emergencia, que tendr\u00e1 la misi\u00f3n espec\u00edfica de concientizar a la ciudadan\u00eda en los cuidados y el cumplimiento de las normas de bioseguridad, inform\u00f3 el director de Gesti\u00f3n en Salud, Freddy Balanza.<br \/>\nLa decisi\u00f3n fue tomada por parte de las instituciones de voluntarios como el Grupo SAR-FAB Illimani, el Grupo de Apoyo Civil a la Polic\u00eda (Gacip) y Bomberos, entre quienes se encargar\u00e1n de hacer conocer todos los riesgos de salud que representa el incumplimiento de las normas de bioseguridad para combatir el covid-19, en la ciudad de El Alto.<br \/>\n\u201cSe est\u00e1 organizando el brazo operativo de emergencias frente al covid-19, que comprende a las unidades de emergencia, la Polic\u00eda Boliviana y grupos voluntarios que, a partir del lunes, comenzamos a realizar acciones mucho m\u00e1s contundentes, m\u00e1s extendidas en toda la ciudad, concientizando a la poblaci\u00f3n sobre el uso del barbijo, tambi\u00e9n se realizar\u00e1n pruebas ant\u00edgeno nasal\u201d, dijo la autoridad del municipio, Freddy Balanza.<br \/>\nPara el efecto, se tiene planificada la distribuci\u00f3n de todos los voluntarios en los 14 distritos municipales de la urbe alte\u00f1a, y de esta forma cumplan la misi\u00f3n de concientizar a toda la ciudadan\u00eda en el uso responsable del barbijo y el cumplimiento de todas las normas de bioseguridad, adem\u00e1s junto al personal de salud de la Alcald\u00eda realizar\u00e1n las pruebas ant\u00edgeno nasal de forma gratuita.<br \/>\nPrimero, todo el operativo que se tiene planificado iniciar con la toma de pruebas ant\u00edgeno nasal a las personas voluntarias que ser\u00e1 parte del trabajo voluntario en los diferentes distritos municipales, con la finalidad de que puedan tener la prevenci\u00f3n necesaria, los mismos que son aproximadamente 500 personas.<br \/>\nPosteriormente, para el lunes 14 de junio, ya se tiene planificado todo este operativo en el grueso de la poblaci\u00f3n, donde como una etapa de inicio se recorrer\u00e1n por los sectores de los gremiales y los choferes de los diferentes sindicatos, sector que tiene mayor poblaci\u00f3n.<br \/>\nEl representante de uno de los grupos voluntarios, que participar\u00e1 de este brazo operativo de emergencia como es el SAR-Illimani, Mirko Heredia, comprometi\u00f3 la participaci\u00f3n de su personal, por tratarse de la salud de la poblaci\u00f3n alte\u00f1a y m\u00e1s a\u00fan para cuidar a todos los habitantes de la pandemia del coronavirus.<br \/>\n\u201cLo primero que debemos hacer es unirnos todos los alte\u00f1os para cuidarnos de esta pandemia, para lo cual debemos actuar con mucha responsabilidad y conciencia nosotros estaremos en todo lado para exhortar a la poblaci\u00f3n en el cumplimiento de estas normas de bioseguridad, pero lo m\u00e1s importante es que todos los habitantes deben cuidar a sus familias y de esta forma evitar el contagio y la propagaci\u00f3n del virus del Covid-19\u201d, recalc\u00f3 Heredia.<br \/>\nFinalmente, el encargado del municipio en este trabajo Freddy Balanza, advirti\u00f3 que el cumplimiento de todas estas disposiciones est\u00e1 normado mediante la Ley Municipal No.685 del uso obligatorio del barbijo y todas las normas, por lo que su desobediencia, ser\u00e1 sancionada con trabajos comunitarios, tal como fue establecido.<\/p>\n","protected":false},"excerpt":{"rendered":"<p>Encabezado por la Alcald\u00eda Municipal de El Alto, varias instituciones conformaron ayer un brazo operativo de emergencia, que tendr\u00e1 la misi\u00f3n espec\u00edfica de concientizar a la ciudadan\u00eda en los cuidados y el cumplimiento de las normas de bioseguridad, inform\u00f3 el director de Gesti\u00f3n en Salud, Freddy Balanza. La decisi\u00f3n fue tomada por parte de las [&hellip;]<\/p>\n","protected":false},"author":1,"featured_media":9931,"comment_status":"closed","ping_status":"closed","sticky":false,"template":"","format":"standard","meta":{"_acf_changed":false,"footnotes":""},"categories":[12],"tags":[],"class_list":["post-9930","post","type-post","status-publish","format-standard","has-post-thumbnail","category-nacional"],"acf":{"antetitulo":""},"yoast_head":"<!-- This site is optimized with the Yoast SEO plugin v28.3 - https:\/\/yoast.com\/product\/yoast-seo-wordpress\/ -->\n<title>Instituciones har\u00e1n cumplir medidas de bioseguridad - El Diario - Bolivia<\/title>\n<meta name=\"robots\" content=\"index, follow, max-snippet:-1, max-image-preview:large, max-video-preview:-1\" \/>\n<link rel=\"canonical\" href=\"https:\/\/www.eldiario.net\/portal\/2021\/06\/12\/instituciones-haran-cumplir-medidas-de-bioseguridad\/\" \/>\n<meta property=\"og:locale\" content=\"es_ES\" \/>\n<meta property=\"og:type\" content=\"article\" \/>\n<meta property=\"og:title\" content=\"Instituciones har\u00e1n cumplir medidas de bioseguridad - El Diario - Bolivia\" \/>\n<meta property=\"og:description\" content=\"Encabezado por la Alcald\u00eda Municipal de El Alto, varias instituciones conformaron ayer un brazo operativo de emergencia, que tendr\u00e1 la misi\u00f3n espec\u00edfica de concientizar a la ciudadan\u00eda en los cuidados y el cumplimiento de las normas de bioseguridad, inform\u00f3 el director de Gesti\u00f3n en Salud, Freddy Balanza. La decisi\u00f3n fue tomada por parte de las [&hellip;]\" \/>\n<meta property=\"og:url\" content=\"https:\/\/www.eldiario.net\/portal\/2021\/06\/12\/instituciones-haran-cumplir-medidas-de-bioseguridad\/\" \/>\n<meta property=\"og:site_name\" content=\"El Diario - Bolivia\" \/>\n<meta property=\"article:publisher\" content=\"https:\/\/www.facebook.com\/eldiario.bolivia\/\" \/>\n<meta property=\"article:published_time\" content=\"2021-06-12T10:30:47+00:00\" \/>\n<meta name=\"author\" content=\"Jeanette\" \/>\n<meta name=\"twitter:card\" content=\"summary_large_image\" \/>\n<meta name=\"twitter:creator\" content=\"@eldiario_net\" \/>\n<meta name=\"twitter:site\" content=\"@eldiario_net\" \/>\n<meta name=\"twitter:label1\" content=\"Escrito por\" \/>\n\t<meta name=\"twitter:data1\" content=\"Jeanette\" \/>\n\t<meta name=\"twitter:label2\" content=\"Tiempo de lectura\" \/>\n\t<meta name=\"twitter:data2\" content=\"3 minutos\" \/>\n<script type=\"application\/ld+json\" class=\"yoast-schema-graph\">{\"@context\":\"https:\\\/\\\/schema.org\",\"@graph\":[{\"@type\":\"Article\",\"@id\":\"https:\\\/\\\/www.eldiario.net\\\/portal\\\/2021\\\/06\\\/12\\\/instituciones-haran-cumplir-medidas-de-bioseguridad\\\/#article\",\"isPartOf\":{\"@id\":\"https:\\\/\\\/www.eldiario.net\\\/portal\\\/2021\\\/06\\\/12\\\/instituciones-haran-cumplir-medidas-de-bioseguridad\\\/\"},\"author\":{\"name\":\"Jeanette\",\"@id\":\"https:\\\/\\\/www.eldiario.net\\\/portal\\\/#\\\/schema\\\/person\\\/f46445640444750d7d753ccd04ae01b7\"},\"headline\":\"Instituciones har\u00e1n cumplir medidas de bioseguridad\",\"datePublished\":\"2021-06-12T10:30:47+00:00\",\"mainEntityOfPage\":{\"@id\":\"https:\\\/\\\/www.eldiario.net\\\/portal\\\/2021\\\/06\\\/12\\\/instituciones-haran-cumplir-medidas-de-bioseguridad\\\/\"},\"wordCount\":542,\"publisher\":{\"@id\":\"https:\\\/\\\/www.eldiario.net\\\/portal\\\/#organization\"},\"image\":{\"@id\":\"https:\\\/\\\/www.eldiario.net\\\/portal\\\/2021\\\/06\\\/12\\\/instituciones-haran-cumplir-medidas-de-bioseguridad\\\/#primaryimage\"},\"thumbnailUrl\":\"\",\"articleSection\":[\"Nacional\"],\"inLanguage\":\"es\"},{\"@type\":\"WebPage\",\"@id\":\"https:\\\/\\\/www.eldiario.net\\\/portal\\\/2021\\\/06\\\/12\\\/instituciones-haran-cumplir-medidas-de-bioseguridad\\\/\",\"url\":\"https:\\\/\\\/www.eldiario.net\\\/portal\\\/2021\\\/06\\\/12\\\/instituciones-haran-cumplir-medidas-de-bioseguridad\\\/\",\"name\":\"Instituciones har\u00e1n cumplir medidas de bioseguridad - El Diario - Bolivia\",\"isPartOf\":{\"@id\":\"https:\\\/\\\/www.eldiario.net\\\/portal\\\/#website\"},\"primaryImageOfPage\":{\"@id\":\"https:\\\/\\\/www.eldiario.net\\\/portal\\\/2021\\\/06\\\/12\\\/instituciones-haran-cumplir-medidas-de-bioseguridad\\\/#primaryimage\"},\"image\":{\"@id\":\"https:\\\/\\\/www.eldiario.net\\\/portal\\\/2021\\\/06\\\/12\\\/instituciones-haran-cumplir-medidas-de-bioseguridad\\\/#primaryimage\"},\"thumbnailUrl\":\"\",\"datePublished\":\"2021-06-12T10:30:47+00:00\",\"breadcrumb\":{\"@id\":\"https:\\\/\\\/www.eldiario.net\\\/portal\\\/2021\\\/06\\\/12\\\/instituciones-haran-cumplir-medidas-de-bioseguridad\\\/#breadcrumb\"},\"inLanguage\":\"es\",\"potentialAction\":[{\"@type\":\"ReadAction\",\"target\":[\"https:\\\/\\\/www.eldiario.net\\\/portal\\\/2021\\\/06\\\/12\\\/instituciones-haran-cumplir-medidas-de-bioseguridad\\\/\"]}]},{\"@type\":\"ImageObject\",\"inLanguage\":\"es\",\"@id\":\"https:\\\/\\\/www.eldiario.net\\\/portal\\\/2021\\\/06\\\/12\\\/instituciones-haran-cumplir-medidas-de-bioseguridad\\\/#primaryimage\",\"url\":\"\",\"contentUrl\":\"\"},{\"@type\":\"BreadcrumbList\",\"@id\":\"https:\\\/\\\/www.eldiario.net\\\/portal\\\/2021\\\/06\\\/12\\\/instituciones-haran-cumplir-medidas-de-bioseguridad\\\/#breadcrumb\",\"itemListElement\":[{\"@type\":\"ListItem\",\"position\":1,\"name\":\"Portada\",\"item\":\"https:\\\/\\\/www.eldiario.net\\\/portal\\\/\"},{\"@type\":\"ListItem\",\"position\":2,\"name\":\"Instituciones har\u00e1n cumplir medidas de bioseguridad\"}]},{\"@type\":\"WebSite\",\"@id\":\"https:\\\/\\\/www.eldiario.net\\\/portal\\\/#website\",\"url\":\"https:\\\/\\\/www.eldiario.net\\\/portal\\\/\",\"name\":\"El Diario - Decano de la prensa nacional\",\"description\":\"El Diario - Decano de la prensa nacional\",\"publisher\":{\"@id\":\"https:\\\/\\\/www.eldiario.net\\\/portal\\\/#organization\"},\"potentialAction\":[{\"@type\":\"SearchAction\",\"target\":{\"@type\":\"EntryPoint\",\"urlTemplate\":\"https:\\\/\\\/www.eldiario.net\\\/portal\\\/?s={search_term_string}\"},\"query-input\":{\"@type\":\"PropertyValueSpecification\",\"valueRequired\":true,\"valueName\":\"search_term_string\"}}],\"inLanguage\":\"es\"},{\"@type\":\"Organization\",\"@id\":\"https:\\\/\\\/www.eldiario.net\\\/portal\\\/#organization\",\"name\":\"El Diario - Decano de la prensa nacional\",\"url\":\"https:\\\/\\\/www.eldiario.net\\\/portal\\\/\",\"logo\":{\"@type\":\"ImageObject\",\"inLanguage\":\"es\",\"@id\":\"https:\\\/\\\/www.eldiario.net\\\/portal\\\/#\\\/schema\\\/logo\\\/image\\\/\",\"url\":\"https:\\\/\\\/www.eldiario.net\\\/portal\\\/wp-content\\\/uploads\\\/2023\\\/07\\\/logo_ED.jpg\",\"contentUrl\":\"https:\\\/\\\/www.eldiario.net\\\/portal\\\/wp-content\\\/uploads\\\/2023\\\/07\\\/logo_ED.jpg\",\"width\":272,\"height\":52,\"caption\":\"El Diario - Decano de la prensa nacional\"},\"image\":{\"@id\":\"https:\\\/\\\/www.eldiario.net\\\/portal\\\/#\\\/schema\\\/logo\\\/image\\\/\"},\"sameAs\":[\"https:\\\/\\\/www.facebook.com\\\/eldiario.bolivia\\\/\",\"https:\\\/\\\/x.com\\\/eldiario_net\"]},{\"@type\":\"Person\",\"@id\":\"https:\\\/\\\/www.eldiario.net\\\/portal\\\/#\\\/schema\\\/person\\\/f46445640444750d7d753ccd04ae01b7\",\"name\":\"Jeanette\",\"image\":{\"@type\":\"ImageObject\",\"inLanguage\":\"es\",\"@id\":\"https:\\\/\\\/secure.gravatar.com\\\/avatar\\\/3ea2118a5f7dad2b7138b1187a6b7ee55f160b9968b66013c3a3ef39dd7e5798?s=96&d=mm&r=g\",\"url\":\"https:\\\/\\\/secure.gravatar.com\\\/avatar\\\/3ea2118a5f7dad2b7138b1187a6b7ee55f160b9968b66013c3a3ef39dd7e5798?s=96&d=mm&r=g\",\"contentUrl\":\"https:\\\/\\\/secure.gravatar.com\\\/avatar\\\/3ea2118a5f7dad2b7138b1187a6b7ee55f160b9968b66013c3a3ef39dd7e5798?s=96&d=mm&r=g\",\"caption\":\"Jeanette\"},\"sameAs\":[\"https:\\\/\\\/www.eldiario.net\\\/portal\"],\"url\":\"https:\\\/\\\/www.eldiario.net\\\/portal\\\/author\\\/jeanette\\\/\"}]}<\/script>\n<!-- \/ Yoast SEO plugin. -->","yoast_head_json":{"title":"Instituciones har\u00e1n cumplir medidas de bioseguridad - El Diario - Bolivia","robots":{"index":"index","follow":"follow","max-snippet":"max-snippet:-1","max-image-preview":"max-image-preview:large","max-video-preview":"max-video-preview:-1"},"canonical":"https:\/\/www.eldiario.net\/portal\/2021\/06\/12\/instituciones-haran-cumplir-medidas-de-bioseguridad\/","og_locale":"es_ES","og_type":"article","og_title":"Instituciones har\u00e1n cumplir medidas de bioseguridad - El Diario - Bolivia","og_description":"Encabezado por la Alcald\u00eda Municipal de El Alto, varias instituciones conformaron ayer un brazo operativo de emergencia, que tendr\u00e1 la misi\u00f3n espec\u00edfica de concientizar a la ciudadan\u00eda en los cuidados y el cumplimiento de las normas de bioseguridad, inform\u00f3 el director de Gesti\u00f3n en Salud, Freddy Balanza. La decisi\u00f3n fue tomada por parte de las [&hellip;]","og_url":"https:\/\/www.eldiario.net\/portal\/2021\/06\/12\/instituciones-haran-cumplir-medidas-de-bioseguridad\/","og_site_name":"El Diario - Bolivia","article_publisher":"https:\/\/www.facebook.com\/eldiario.bolivia\/","article_published_time":"2021-06-12T10:30:47+00:00","author":"Jeanette","twitter_card":"summary_large_image","twitter_creator":"@eldiario_net","twitter_site":"@eldiario_net","twitter_misc":{"Escrito por":"Jeanette","Tiempo de lectura":"3 minutos"},"schema":{"@context":"https:\/\/schema.org","@graph":[{"@type":"Article","@id":"https:\/\/www.eldiario.net\/portal\/2021\/06\/12\/instituciones-haran-cumplir-medidas-de-bioseguridad\/#article","isPartOf":{"@id":"https:\/\/www.eldiario.net\/portal\/2021\/06\/12\/instituciones-haran-cumplir-medidas-de-bioseguridad\/"},"author":{"name":"Jeanette","@id":"https:\/\/www.eldiario.net\/portal\/#\/schema\/person\/f46445640444750d7d753ccd04ae01b7"},"headline":"Instituciones har\u00e1n cumplir medidas de bioseguridad","datePublished":"2021-06-12T10:30:47+00:00","mainEntityOfPage":{"@id":"https:\/\/www.eldiario.net\/portal\/2021\/06\/12\/instituciones-haran-cumplir-medidas-de-bioseguridad\/"},"wordCount":542,"publisher":{"@id":"https:\/\/www.eldiario.net\/portal\/#organization"},"image":{"@id":"https:\/\/www.eldiario.net\/portal\/2021\/06\/12\/instituciones-haran-cumplir-medidas-de-bioseguridad\/#primaryimage"},"thumbnailUrl":"","articleSection":["Nacional"],"inLanguage":"es"},{"@type":"WebPage","@id":"https:\/\/www.eldiario.net\/portal\/2021\/06\/12\/instituciones-haran-cumplir-medidas-de-bioseguridad\/","url":"https:\/\/www.eldiario.net\/portal\/2021\/06\/12\/instituciones-haran-cumplir-medidas-de-bioseguridad\/","name":"Instituciones har\u00e1n cumplir medidas de bioseguridad - El Diario - Bolivia","isPartOf":{"@id":"https:\/\/www.eldiario.net\/portal\/#website"},"primaryImageOfPage":{"@id":"https:\/\/www.eldiario.net\/portal\/2021\/06\/12\/instituciones-haran-cumplir-medidas-de-bioseguridad\/#primaryimage"},"image":{"@id":"https:\/\/www.eldiario.net\/portal\/2021\/06\/12\/instituciones-haran-cumplir-medidas-de-bioseguridad\/#primaryimage"},"thumbnailUrl":"","datePublished":"2021-06-12T10:30:47+00:00","breadcrumb":{"@id":"https:\/\/www.eldiario.net\/portal\/2021\/06\/12\/instituciones-haran-cumplir-medidas-de-bioseguridad\/#breadcrumb"},"inLanguage":"es","potentialAction":[{"@type":"ReadAction","target":["https:\/\/www.eldiario.net\/portal\/2021\/06\/12\/instituciones-haran-cumplir-medidas-de-bioseguridad\/"]}]},{"@type":"ImageObject","inLanguage":"es","@id":"https:\/\/www.eldiario.net\/portal\/2021\/06\/12\/instituciones-haran-cumplir-medidas-de-bioseguridad\/#primaryimage","url":"","contentUrl":""},{"@type":"BreadcrumbList","@id":"https:\/\/www.eldiario.net\/portal\/2021\/06\/12\/instituciones-haran-cumplir-medidas-de-bioseguridad\/#breadcrumb","itemListElement":[{"@type":"ListItem","position":1,"name":"Portada","item":"https:\/\/www.eldiario.net\/portal\/"},{"@type":"ListItem","position":2,"name":"Instituciones har\u00e1n cumplir medidas de bioseguridad"}]},{"@type":"WebSite","@id":"https:\/\/www.eldiario.net\/portal\/#website","url":"https:\/\/www.eldiario.net\/portal\/","name":"El Diario - Decano de la prensa nacional","description":"El Diario - Decano de la prensa nacional","publisher":{"@id":"https:\/\/www.eldiario.net\/portal\/#organization"},"potentialAction":[{"@type":"SearchAction","target":{"@type":"EntryPoint","urlTemplate":"https:\/\/www.eldiario.net\/portal\/?s={search_term_string}"},"query-input":{"@type":"PropertyValueSpecification","valueRequired":true,"valueName":"search_term_string"}}],"inLanguage":"es"},{"@type":"Organization","@id":"https:\/\/www.eldiario.net\/portal\/#organization","name":"El Diario - Decano de la prensa nacional","url":"https:\/\/www.eldiario.net\/portal\/","logo":{"@type":"ImageObject","inLanguage":"es","@id":"https:\/\/www.eldiario.net\/portal\/#\/schema\/logo\/image\/","url":"https:\/\/www.eldiario.net\/portal\/wp-content\/uploads\/2023\/07\/logo_ED.jpg","contentUrl":"https:\/\/www.eldiario.net\/portal\/wp-content\/uploads\/2023\/07\/logo_ED.jpg","width":272,"height":52,"caption":"El Diario - Decano de la prensa nacional"},"image":{"@id":"https:\/\/www.eldiario.net\/portal\/#\/schema\/logo\/image\/"},"sameAs":["https:\/\/www.facebook.com\/eldiario.bolivia\/","https:\/\/x.com\/eldiario_net"]},{"@type":"Person","@id":"https:\/\/www.eldiario.net\/portal\/#\/schema\/person\/f46445640444750d7d753ccd04ae01b7","name":"Jeanette","image":{"@type":"ImageObject","inLanguage":"es","@id":"https:\/\/secure.gravatar.com\/avatar\/3ea2118a5f7dad2b7138b1187a6b7ee55f160b9968b66013c3a3ef39dd7e5798?s=96&d=mm&r=g","url":"https:\/\/secure.gravatar.com\/avatar\/3ea2118a5f7dad2b7138b1187a6b7ee55f160b9968b66013c3a3ef39dd7e5798?s=96&d=mm&r=g","contentUrl":"https:\/\/secure.gravatar.com\/avatar\/3ea2118a5f7dad2b7138b1187a6b7ee55f160b9968b66013c3a3ef39dd7e5798?s=96&d=mm&r=g","caption":"Jeanette"},"sameAs":["https:\/\/www.eldiario.net\/portal"],"url":"https:\/\/www.eldiario.net\/portal\/author\/jeanette\/"}]}},"_links":{"self":[{"href":"https:\/\/www.eldiario.net\/portal\/wp-json\/wp\/v2\/posts\/9930","targetHints":{"allow":["GET"]}}],"collection":[{"href":"https:\/\/www.eldiario.net\/portal\/wp-json\/wp\/v2\/posts"}],"about":[{"href":"https:\/\/www.eldiario.net\/portal\/wp-json\/wp\/v2\/types\/post"}],"author":[{"embeddable":true,"href":"https:\/\/www.eldiario.net\/portal\/wp-json\/wp\/v2\/users\/1"}],"replies":[{"embeddable":true,"href":"https:\/\/www.eldiario.net\/portal\/wp-json\/wp\/v2\/comments?post=9930"}],"version-history":[{"count":0,"href":"https:\/\/www.eldiario.net\/portal\/wp-json\/wp\/v2\/posts\/9930\/revisions"}],"wp:attachment":[{"href":"https:\/\/www.eldiario.net\/portal\/wp-json\/wp\/v2\/media?parent=9930"}],"wp:term":[{"taxonomy":"category","embeddable":true,"href":"https:\/\/www.eldiario.net\/portal\/wp-json\/wp\/v2\/categories?post=9930"},{"taxonomy":"post_tag","embeddable":true,"href":"https:\/\/www.eldiario.net\/portal\/wp-json\/wp\/v2\/tags?post=9930"}],"curies":[{"name":"wp","href":"https:\/\/api.w.org\/{rel}","templated":true}]}}