{"id":9927,"date":"2021-06-12T06:29:57","date_gmt":"2021-06-12T10:29:57","guid":{"rendered":"https:\/\/www.eldiario.net\/portal\/?p=9927"},"modified":"2021-06-12T06:29:57","modified_gmt":"2021-06-12T10:29:57","slug":"clausuran-bares-clandestinos-y-arrestan-a-varias-personas","status":"publish","type":"post","link":"https:\/\/www.eldiario.net\/portal\/2021\/06\/12\/clausuran-bares-clandestinos-y-arrestan-a-varias-personas\/","title":{"rendered":"Clausuran bares clandestinos  y arrestan a varias personas"},"content":{"rendered":"<p>La Intendencia y la Secretar\u00eda Municipal de Seguridad Ciudadana clausuraron ayer cuatro bares clandestinos en la Ceja de El Alto, adem\u00e1s de arrestar a varias personas, quienes se encontraban ingiriendo bebidas alcoh\u00f3licas sin respetar las medidas de bioseguridad y en horarios restringidos.<br \/>\nLos operativos por parte de ambas instancias municipales contin\u00faan en el marco de los controles a este tipo de actividades econ\u00f3micas con estos resultados, donde en zonas como 12 de Octubre, Villa Dolores y adyacentes son encontrados este tipo de anormalidades, donde en complicidad de los due\u00f1os de casa, estos bares clandestinos funcionan en horarios no permitidos, m\u00e1s a\u00fan en esta \u00e9poca de la pandemia del coronavirus.<br \/>\nEstos negocios clandestinos son un verdadero atentado a la salud de la poblaci\u00f3n, porque en su interior las personas que consumen bebidas alcoh\u00f3licas no cumplen ninguna de las normas de bioseguridad, como el distanciamiento social, el uso del barbijo, el alcohol el gel, donde a esto se suma que los propietarios de estos lugares tampoco utilizan barbijo.<br \/>\nDe acuerdo con las autoridades municipales, estos cuatro bares no contaban con licencia de funcionamiento, por lo que fueron clausurados definitivamente con el decomiso correspondiente de sus muebles, como sillas, mesas, equipos de sonido y las bebidas alcoh\u00f3licas que tambi\u00e9n se detectaron que eran adulterados y sin el registro sanitario.<br \/>\nMientras que los propietarios y las personas que en el momento del operativo se encontraban en estos boliches fueron arrestados por la Fuerza Especial de Lucha Contra el Crimen (Felcc), de esta ciudad, quienes en su mayor\u00eda no contaban con su documento de identidad ni llevaban puesto el barbijo.<br \/>\nPor su parte, el coronel Jos\u00e9 Luis Mendivil, secretario municipal de Seguridad Ciudadana, se\u00f1al\u00f3 que las personas arrestadas cumplir\u00e1n de acuerdo a las normas las ocho horas de sanci\u00f3n en celdas policiales, pero que no est\u00e1n libres de una investigaci\u00f3n, debido a que muchos de ellos no contaban con alg\u00fan tipo de identificaci\u00f3n.<\/p>\n","protected":false},"excerpt":{"rendered":"<p>La Intendencia y la Secretar\u00eda Municipal de Seguridad Ciudadana clausuraron ayer cuatro bares clandestinos en la Ceja de El Alto, adem\u00e1s de arrestar a varias personas, quienes se encontraban ingiriendo bebidas alcoh\u00f3licas sin respetar las medidas de bioseguridad y en horarios restringidos. Los operativos por parte de ambas instancias municipales contin\u00faan en el marco de [&hellip;]<\/p>\n","protected":false},"author":1,"featured_media":9928,"comment_status":"closed","ping_status":"closed","sticky":false,"template":"","format":"standard","meta":{"_acf_changed":false,"footnotes":""},"categories":[12],"tags":[],"class_list":["post-9927","post","type-post","status-publish","format-standard","has-post-thumbnail","category-nacional"],"acf":{"antetitulo":""},"yoast_head":"<!-- This site is optimized with the Yoast SEO plugin v28.3 - https:\/\/yoast.com\/product\/yoast-seo-wordpress\/ -->\n<title>Clausuran bares clandestinos y arrestan a varias personas - El Diario - Bolivia<\/title>\n<meta name=\"robots\" content=\"index, follow, max-snippet:-1, max-image-preview:large, max-video-preview:-1\" \/>\n<link rel=\"canonical\" href=\"https:\/\/www.eldiario.net\/portal\/2021\/06\/12\/clausuran-bares-clandestinos-y-arrestan-a-varias-personas\/\" \/>\n<meta property=\"og:locale\" content=\"es_ES\" \/>\n<meta property=\"og:type\" content=\"article\" \/>\n<meta property=\"og:title\" content=\"Clausuran bares clandestinos y arrestan a varias personas - El Diario - Bolivia\" \/>\n<meta property=\"og:description\" content=\"La Intendencia y la Secretar\u00eda Municipal de Seguridad Ciudadana clausuraron ayer cuatro bares clandestinos en la Ceja de El Alto, adem\u00e1s de arrestar a varias personas, quienes se encontraban ingiriendo bebidas alcoh\u00f3licas sin respetar las medidas de bioseguridad y en horarios restringidos. Los operativos por parte de ambas instancias municipales contin\u00faan en el marco de [&hellip;]\" \/>\n<meta property=\"og:url\" content=\"https:\/\/www.eldiario.net\/portal\/2021\/06\/12\/clausuran-bares-clandestinos-y-arrestan-a-varias-personas\/\" \/>\n<meta property=\"og:site_name\" content=\"El Diario - Bolivia\" \/>\n<meta property=\"article:publisher\" content=\"https:\/\/www.facebook.com\/eldiario.bolivia\/\" \/>\n<meta property=\"article:published_time\" content=\"2021-06-12T10:29:57+00:00\" \/>\n<meta name=\"author\" content=\"Jeanette\" \/>\n<meta name=\"twitter:card\" content=\"summary_large_image\" \/>\n<meta name=\"twitter:creator\" content=\"@eldiario_net\" \/>\n<meta name=\"twitter:site\" content=\"@eldiario_net\" \/>\n<meta name=\"twitter:label1\" content=\"Escrito por\" \/>\n\t<meta name=\"twitter:data1\" content=\"Jeanette\" \/>\n\t<meta name=\"twitter:label2\" content=\"Tiempo de lectura\" \/>\n\t<meta name=\"twitter:data2\" content=\"2 minutos\" \/>\n<script type=\"application\/ld+json\" class=\"yoast-schema-graph\">{\"@context\":\"https:\\\/\\\/schema.org\",\"@graph\":[{\"@type\":\"Article\",\"@id\":\"https:\\\/\\\/www.eldiario.net\\\/portal\\\/2021\\\/06\\\/12\\\/clausuran-bares-clandestinos-y-arrestan-a-varias-personas\\\/#article\",\"isPartOf\":{\"@id\":\"https:\\\/\\\/www.eldiario.net\\\/portal\\\/2021\\\/06\\\/12\\\/clausuran-bares-clandestinos-y-arrestan-a-varias-personas\\\/\"},\"author\":{\"name\":\"Jeanette\",\"@id\":\"https:\\\/\\\/www.eldiario.net\\\/portal\\\/#\\\/schema\\\/person\\\/f46445640444750d7d753ccd04ae01b7\"},\"headline\":\"Clausuran bares clandestinos y arrestan a varias personas\",\"datePublished\":\"2021-06-12T10:29:57+00:00\",\"mainEntityOfPage\":{\"@id\":\"https:\\\/\\\/www.eldiario.net\\\/portal\\\/2021\\\/06\\\/12\\\/clausuran-bares-clandestinos-y-arrestan-a-varias-personas\\\/\"},\"wordCount\":345,\"publisher\":{\"@id\":\"https:\\\/\\\/www.eldiario.net\\\/portal\\\/#organization\"},\"image\":{\"@id\":\"https:\\\/\\\/www.eldiario.net\\\/portal\\\/2021\\\/06\\\/12\\\/clausuran-bares-clandestinos-y-arrestan-a-varias-personas\\\/#primaryimage\"},\"thumbnailUrl\":\"\",\"articleSection\":[\"Nacional\"],\"inLanguage\":\"es\"},{\"@type\":\"WebPage\",\"@id\":\"https:\\\/\\\/www.eldiario.net\\\/portal\\\/2021\\\/06\\\/12\\\/clausuran-bares-clandestinos-y-arrestan-a-varias-personas\\\/\",\"url\":\"https:\\\/\\\/www.eldiario.net\\\/portal\\\/2021\\\/06\\\/12\\\/clausuran-bares-clandestinos-y-arrestan-a-varias-personas\\\/\",\"name\":\"Clausuran bares clandestinos y arrestan a varias personas - El Diario - Bolivia\",\"isPartOf\":{\"@id\":\"https:\\\/\\\/www.eldiario.net\\\/portal\\\/#website\"},\"primaryImageOfPage\":{\"@id\":\"https:\\\/\\\/www.eldiario.net\\\/portal\\\/2021\\\/06\\\/12\\\/clausuran-bares-clandestinos-y-arrestan-a-varias-personas\\\/#primaryimage\"},\"image\":{\"@id\":\"https:\\\/\\\/www.eldiario.net\\\/portal\\\/2021\\\/06\\\/12\\\/clausuran-bares-clandestinos-y-arrestan-a-varias-personas\\\/#primaryimage\"},\"thumbnailUrl\":\"\",\"datePublished\":\"2021-06-12T10:29:57+00:00\",\"breadcrumb\":{\"@id\":\"https:\\\/\\\/www.eldiario.net\\\/portal\\\/2021\\\/06\\\/12\\\/clausuran-bares-clandestinos-y-arrestan-a-varias-personas\\\/#breadcrumb\"},\"inLanguage\":\"es\",\"potentialAction\":[{\"@type\":\"ReadAction\",\"target\":[\"https:\\\/\\\/www.eldiario.net\\\/portal\\\/2021\\\/06\\\/12\\\/clausuran-bares-clandestinos-y-arrestan-a-varias-personas\\\/\"]}]},{\"@type\":\"ImageObject\",\"inLanguage\":\"es\",\"@id\":\"https:\\\/\\\/www.eldiario.net\\\/portal\\\/2021\\\/06\\\/12\\\/clausuran-bares-clandestinos-y-arrestan-a-varias-personas\\\/#primaryimage\",\"url\":\"\",\"contentUrl\":\"\"},{\"@type\":\"BreadcrumbList\",\"@id\":\"https:\\\/\\\/www.eldiario.net\\\/portal\\\/2021\\\/06\\\/12\\\/clausuran-bares-clandestinos-y-arrestan-a-varias-personas\\\/#breadcrumb\",\"itemListElement\":[{\"@type\":\"ListItem\",\"position\":1,\"name\":\"Portada\",\"item\":\"https:\\\/\\\/www.eldiario.net\\\/portal\\\/\"},{\"@type\":\"ListItem\",\"position\":2,\"name\":\"Clausuran bares clandestinos y arrestan a varias personas\"}]},{\"@type\":\"WebSite\",\"@id\":\"https:\\\/\\\/www.eldiario.net\\\/portal\\\/#website\",\"url\":\"https:\\\/\\\/www.eldiario.net\\\/portal\\\/\",\"name\":\"El Diario - Decano de la prensa nacional\",\"description\":\"El Diario - Decano de la prensa nacional\",\"publisher\":{\"@id\":\"https:\\\/\\\/www.eldiario.net\\\/portal\\\/#organization\"},\"potentialAction\":[{\"@type\":\"SearchAction\",\"target\":{\"@type\":\"EntryPoint\",\"urlTemplate\":\"https:\\\/\\\/www.eldiario.net\\\/portal\\\/?s={search_term_string}\"},\"query-input\":{\"@type\":\"PropertyValueSpecification\",\"valueRequired\":true,\"valueName\":\"search_term_string\"}}],\"inLanguage\":\"es\"},{\"@type\":\"Organization\",\"@id\":\"https:\\\/\\\/www.eldiario.net\\\/portal\\\/#organization\",\"name\":\"El Diario - Decano de la prensa nacional\",\"url\":\"https:\\\/\\\/www.eldiario.net\\\/portal\\\/\",\"logo\":{\"@type\":\"ImageObject\",\"inLanguage\":\"es\",\"@id\":\"https:\\\/\\\/www.eldiario.net\\\/portal\\\/#\\\/schema\\\/logo\\\/image\\\/\",\"url\":\"https:\\\/\\\/www.eldiario.net\\\/portal\\\/wp-content\\\/uploads\\\/2023\\\/07\\\/logo_ED.jpg\",\"contentUrl\":\"https:\\\/\\\/www.eldiario.net\\\/portal\\\/wp-content\\\/uploads\\\/2023\\\/07\\\/logo_ED.jpg\",\"width\":272,\"height\":52,\"caption\":\"El Diario - Decano de la prensa nacional\"},\"image\":{\"@id\":\"https:\\\/\\\/www.eldiario.net\\\/portal\\\/#\\\/schema\\\/logo\\\/image\\\/\"},\"sameAs\":[\"https:\\\/\\\/www.facebook.com\\\/eldiario.bolivia\\\/\",\"https:\\\/\\\/x.com\\\/eldiario_net\"]},{\"@type\":\"Person\",\"@id\":\"https:\\\/\\\/www.eldiario.net\\\/portal\\\/#\\\/schema\\\/person\\\/f46445640444750d7d753ccd04ae01b7\",\"name\":\"Jeanette\",\"image\":{\"@type\":\"ImageObject\",\"inLanguage\":\"es\",\"@id\":\"https:\\\/\\\/secure.gravatar.com\\\/avatar\\\/3ea2118a5f7dad2b7138b1187a6b7ee55f160b9968b66013c3a3ef39dd7e5798?s=96&d=mm&r=g\",\"url\":\"https:\\\/\\\/secure.gravatar.com\\\/avatar\\\/3ea2118a5f7dad2b7138b1187a6b7ee55f160b9968b66013c3a3ef39dd7e5798?s=96&d=mm&r=g\",\"contentUrl\":\"https:\\\/\\\/secure.gravatar.com\\\/avatar\\\/3ea2118a5f7dad2b7138b1187a6b7ee55f160b9968b66013c3a3ef39dd7e5798?s=96&d=mm&r=g\",\"caption\":\"Jeanette\"},\"sameAs\":[\"https:\\\/\\\/www.eldiario.net\\\/portal\"],\"url\":\"https:\\\/\\\/www.eldiario.net\\\/portal\\\/author\\\/jeanette\\\/\"}]}<\/script>\n<!-- \/ Yoast SEO plugin. -->","yoast_head_json":{"title":"Clausuran bares clandestinos y arrestan a varias personas - El Diario - Bolivia","robots":{"index":"index","follow":"follow","max-snippet":"max-snippet:-1","max-image-preview":"max-image-preview:large","max-video-preview":"max-video-preview:-1"},"canonical":"https:\/\/www.eldiario.net\/portal\/2021\/06\/12\/clausuran-bares-clandestinos-y-arrestan-a-varias-personas\/","og_locale":"es_ES","og_type":"article","og_title":"Clausuran bares clandestinos y arrestan a varias personas - El Diario - Bolivia","og_description":"La Intendencia y la Secretar\u00eda Municipal de Seguridad Ciudadana clausuraron ayer cuatro bares clandestinos en la Ceja de El Alto, adem\u00e1s de arrestar a varias personas, quienes se encontraban ingiriendo bebidas alcoh\u00f3licas sin respetar las medidas de bioseguridad y en horarios restringidos. Los operativos por parte de ambas instancias municipales contin\u00faan en el marco de [&hellip;]","og_url":"https:\/\/www.eldiario.net\/portal\/2021\/06\/12\/clausuran-bares-clandestinos-y-arrestan-a-varias-personas\/","og_site_name":"El Diario - Bolivia","article_publisher":"https:\/\/www.facebook.com\/eldiario.bolivia\/","article_published_time":"2021-06-12T10:29:57+00:00","author":"Jeanette","twitter_card":"summary_large_image","twitter_creator":"@eldiario_net","twitter_site":"@eldiario_net","twitter_misc":{"Escrito por":"Jeanette","Tiempo de lectura":"2 minutos"},"schema":{"@context":"https:\/\/schema.org","@graph":[{"@type":"Article","@id":"https:\/\/www.eldiario.net\/portal\/2021\/06\/12\/clausuran-bares-clandestinos-y-arrestan-a-varias-personas\/#article","isPartOf":{"@id":"https:\/\/www.eldiario.net\/portal\/2021\/06\/12\/clausuran-bares-clandestinos-y-arrestan-a-varias-personas\/"},"author":{"name":"Jeanette","@id":"https:\/\/www.eldiario.net\/portal\/#\/schema\/person\/f46445640444750d7d753ccd04ae01b7"},"headline":"Clausuran bares clandestinos y arrestan a varias personas","datePublished":"2021-06-12T10:29:57+00:00","mainEntityOfPage":{"@id":"https:\/\/www.eldiario.net\/portal\/2021\/06\/12\/clausuran-bares-clandestinos-y-arrestan-a-varias-personas\/"},"wordCount":345,"publisher":{"@id":"https:\/\/www.eldiario.net\/portal\/#organization"},"image":{"@id":"https:\/\/www.eldiario.net\/portal\/2021\/06\/12\/clausuran-bares-clandestinos-y-arrestan-a-varias-personas\/#primaryimage"},"thumbnailUrl":"","articleSection":["Nacional"],"inLanguage":"es"},{"@type":"WebPage","@id":"https:\/\/www.eldiario.net\/portal\/2021\/06\/12\/clausuran-bares-clandestinos-y-arrestan-a-varias-personas\/","url":"https:\/\/www.eldiario.net\/portal\/2021\/06\/12\/clausuran-bares-clandestinos-y-arrestan-a-varias-personas\/","name":"Clausuran bares clandestinos y arrestan a varias personas - El Diario - Bolivia","isPartOf":{"@id":"https:\/\/www.eldiario.net\/portal\/#website"},"primaryImageOfPage":{"@id":"https:\/\/www.eldiario.net\/portal\/2021\/06\/12\/clausuran-bares-clandestinos-y-arrestan-a-varias-personas\/#primaryimage"},"image":{"@id":"https:\/\/www.eldiario.net\/portal\/2021\/06\/12\/clausuran-bares-clandestinos-y-arrestan-a-varias-personas\/#primaryimage"},"thumbnailUrl":"","datePublished":"2021-06-12T10:29:57+00:00","breadcrumb":{"@id":"https:\/\/www.eldiario.net\/portal\/2021\/06\/12\/clausuran-bares-clandestinos-y-arrestan-a-varias-personas\/#breadcrumb"},"inLanguage":"es","potentialAction":[{"@type":"ReadAction","target":["https:\/\/www.eldiario.net\/portal\/2021\/06\/12\/clausuran-bares-clandestinos-y-arrestan-a-varias-personas\/"]}]},{"@type":"ImageObject","inLanguage":"es","@id":"https:\/\/www.eldiario.net\/portal\/2021\/06\/12\/clausuran-bares-clandestinos-y-arrestan-a-varias-personas\/#primaryimage","url":"","contentUrl":""},{"@type":"BreadcrumbList","@id":"https:\/\/www.eldiario.net\/portal\/2021\/06\/12\/clausuran-bares-clandestinos-y-arrestan-a-varias-personas\/#breadcrumb","itemListElement":[{"@type":"ListItem","position":1,"name":"Portada","item":"https:\/\/www.eldiario.net\/portal\/"},{"@type":"ListItem","position":2,"name":"Clausuran bares clandestinos y arrestan a varias personas"}]},{"@type":"WebSite","@id":"https:\/\/www.eldiario.net\/portal\/#website","url":"https:\/\/www.eldiario.net\/portal\/","name":"El Diario - Decano de la prensa nacional","description":"El Diario - Decano de la prensa nacional","publisher":{"@id":"https:\/\/www.eldiario.net\/portal\/#organization"},"potentialAction":[{"@type":"SearchAction","target":{"@type":"EntryPoint","urlTemplate":"https:\/\/www.eldiario.net\/portal\/?s={search_term_string}"},"query-input":{"@type":"PropertyValueSpecification","valueRequired":true,"valueName":"search_term_string"}}],"inLanguage":"es"},{"@type":"Organization","@id":"https:\/\/www.eldiario.net\/portal\/#organization","name":"El Diario - Decano de la prensa nacional","url":"https:\/\/www.eldiario.net\/portal\/","logo":{"@type":"ImageObject","inLanguage":"es","@id":"https:\/\/www.eldiario.net\/portal\/#\/schema\/logo\/image\/","url":"https:\/\/www.eldiario.net\/portal\/wp-content\/uploads\/2023\/07\/logo_ED.jpg","contentUrl":"https:\/\/www.eldiario.net\/portal\/wp-content\/uploads\/2023\/07\/logo_ED.jpg","width":272,"height":52,"caption":"El Diario - Decano de la prensa nacional"},"image":{"@id":"https:\/\/www.eldiario.net\/portal\/#\/schema\/logo\/image\/"},"sameAs":["https:\/\/www.facebook.com\/eldiario.bolivia\/","https:\/\/x.com\/eldiario_net"]},{"@type":"Person","@id":"https:\/\/www.eldiario.net\/portal\/#\/schema\/person\/f46445640444750d7d753ccd04ae01b7","name":"Jeanette","image":{"@type":"ImageObject","inLanguage":"es","@id":"https:\/\/secure.gravatar.com\/avatar\/3ea2118a5f7dad2b7138b1187a6b7ee55f160b9968b66013c3a3ef39dd7e5798?s=96&d=mm&r=g","url":"https:\/\/secure.gravatar.com\/avatar\/3ea2118a5f7dad2b7138b1187a6b7ee55f160b9968b66013c3a3ef39dd7e5798?s=96&d=mm&r=g","contentUrl":"https:\/\/secure.gravatar.com\/avatar\/3ea2118a5f7dad2b7138b1187a6b7ee55f160b9968b66013c3a3ef39dd7e5798?s=96&d=mm&r=g","caption":"Jeanette"},"sameAs":["https:\/\/www.eldiario.net\/portal"],"url":"https:\/\/www.eldiario.net\/portal\/author\/jeanette\/"}]}},"_links":{"self":[{"href":"https:\/\/www.eldiario.net\/portal\/wp-json\/wp\/v2\/posts\/9927","targetHints":{"allow":["GET"]}}],"collection":[{"href":"https:\/\/www.eldiario.net\/portal\/wp-json\/wp\/v2\/posts"}],"about":[{"href":"https:\/\/www.eldiario.net\/portal\/wp-json\/wp\/v2\/types\/post"}],"author":[{"embeddable":true,"href":"https:\/\/www.eldiario.net\/portal\/wp-json\/wp\/v2\/users\/1"}],"replies":[{"embeddable":true,"href":"https:\/\/www.eldiario.net\/portal\/wp-json\/wp\/v2\/comments?post=9927"}],"version-history":[{"count":0,"href":"https:\/\/www.eldiario.net\/portal\/wp-json\/wp\/v2\/posts\/9927\/revisions"}],"wp:attachment":[{"href":"https:\/\/www.eldiario.net\/portal\/wp-json\/wp\/v2\/media?parent=9927"}],"wp:term":[{"taxonomy":"category","embeddable":true,"href":"https:\/\/www.eldiario.net\/portal\/wp-json\/wp\/v2\/categories?post=9927"},{"taxonomy":"post_tag","embeddable":true,"href":"https:\/\/www.eldiario.net\/portal\/wp-json\/wp\/v2\/tags?post=9927"}],"curies":[{"name":"wp","href":"https:\/\/api.w.org\/{rel}","templated":true}]}}