{"id":9921,"date":"2021-06-12T06:28:12","date_gmt":"2021-06-12T10:28:12","guid":{"rendered":"https:\/\/www.eldiario.net\/portal\/?p=9921"},"modified":"2021-06-12T06:28:12","modified_gmt":"2021-06-12T10:28:12","slug":"alcalde-arias-saluda-convenio-que-permitira-compra-de-vacunas","status":"publish","type":"post","link":"https:\/\/www.eldiario.net\/portal\/2021\/06\/12\/alcalde-arias-saluda-convenio-que-permitira-compra-de-vacunas\/","title":{"rendered":"Alcalde Arias saluda convenio  que permitir\u00e1 compra de vacunas"},"content":{"rendered":"<p>El alcalde de La Paz, Iv\u00e1n Arias, destac\u00f3 ayer el compromiso del Gobierno de facilitar la compra de vacunas anticovid a los gobiernos subnacionales mediante la suscripci\u00f3n de acuerdos intergubernativos e indic\u00f3 que espera que se d\u00e9 la modificaci\u00f3n de los decretos que abrir\u00e1 la posibilidad de compra directa o importaci\u00f3n sin intermediarios.<br \/>\n\u201cLa apertura del ministro (de Salud, Jeyson Auza) para modificar estas normativas (DS 4432 y 4438) es altamente saludable para el pa\u00eds y lo recibimos con optimismo, entonces, hay que esperar a que salgan las normativas y las correcciones a los decretos existentes\u201d, indic\u00f3 el burgomaestre pace\u00f1o.<br \/>\nEl Gobierno suscribi\u00f3 este viernes un acta con alcaldes, entre ellos el de Cochabamba, Manfred Reyes Villa, y la representaci\u00f3n de la Federaci\u00f3n de Asociaciones Municipales de Bolivia (FAM), para la modificaci\u00f3n de normas nacionales que faciliten la compra e importaci\u00f3n de vacunas en el extranjero.<br \/>\n\u201c(El Gobierno) se compromete a tomar en cuenta las propuestas de los gobiernos municipales presentes en esta reuni\u00f3n, tales como suscripci\u00f3n de convenios intergubernativos, modificaci\u00f3n o reglamentaci\u00f3n de normativa en caso de que sea necesario para facilitar o simplificar a\u00fan m\u00e1s los mecanismos y procedimientos para la compra de vacunas contra la covid-19 en el exterior del pa\u00eds, por parte de estos gobiernos aut\u00f3nomos municipales\u201d, afirm\u00f3 el ministro Auza.<br \/>\nArias record\u00f3 que \u201chace tiempo hicimos conocer al Gobierno nacional las limitaciones que hab\u00eda para la importaci\u00f3n en base a dos decretos que emiti\u00f3 el propio Gobierno\u201d y anunci\u00f3 que ahora la Alcald\u00eda de La Paz har\u00e1 \u201clo posible\u201d para la adquisici\u00f3n directa de inyectables contra covid-19.<br \/>\n\u201cEsperaremos el decreto y en funci\u00f3n de eso, por supuesto primero es la vida, y haremos lo posible porque el municipio de La Paz compre vacunas que sean necesarias para nuestra poblaci\u00f3n\u201d, asever\u00f3.<br \/>\nParte del acuerdo est\u00e1 referido a \u201cgarantizar la gratuidad, la seguridad, la eficacia de las vacunas contra el covid-19, adem\u00e1s del respeto a los principios de transparencia y legalidad en los procesos de compra de las mismas\u201d.<br \/>\nEl viceministro de Comercio Exterior, Benjam\u00edn Blanco, solicit\u00f3 a los gobiernos subnacionales, en la reuni\u00f3n con alcaldes, que las compras deben ser directas y sin recurrir a intermediarios. Anunci\u00f3 que para el efecto habr\u00e1 convenios y hasta cambios en la normativa para facilitar que los gobiernos municipales accedan a inyectables, mediante proveedores locales, o gestiones desde la administraci\u00f3n central.<br \/>\nLos decretos supremos 4432 y 4438, que emiti\u00f3 en 2020 el Gobierno de Luis Arce, establecen que la compra de vacunas desde el exterior solo puede hacerlo el \u00d3rgano Ejecutivo y los gobiernos subnacionales est\u00e1n limitados a adquirir las dosis en el pa\u00eds, mediante importadoras.<br \/>\nPor otro lado, el Alcalde de La Paz sugiri\u00f3 al Gobierno conformar una comisi\u00f3n nacional, liderada por el presidente Luis Arce, para lograr la donaci\u00f3n de las vacunas de Estados Unidos que pretende donar a pa\u00edses con menos ingresos para adquirir los inyectables.<br \/>\n\u201cYo no entiendo, \u00bfpor qu\u00e9 no conformamos una comisi\u00f3n nacional? que a la cabeza del presidente (Luis Arce) vaya (a Estados Unidos) y pida la donaci\u00f3n de vacunas. Nosotros solo necesitamos quince millones de vacunas, que es una m\u00ednima parte\u201d, dijo Arias en una radio local.<br \/>\nArias plante\u00f3 hacer un \u201cgran acuerdo\u201d para conseguir la mayor cantidad de inyectables y record\u00f3 que en el pa\u00eds no abastece las que llegaron. Debido a la carencia de vacunas es que el Gobierno autoriz\u00f3 aplicar la segunda dosis a la poblaci\u00f3n con el lote que corresponde al primer suministro.<br \/>\nEstados Unidos anunci\u00f3 la compra de 500 millones de vacunas contra el covid-19 para contribuir con el mecanismo de cooperaci\u00f3n internacional Covax. El lote ser\u00e1 donado a 92 pa\u00edses de menores ingresos del mundo en un plan que prev\u00e9 repartir 200 millones este a\u00f1o y el resto en 2022.<\/p>\n","protected":false},"excerpt":{"rendered":"<p>El alcalde de La Paz, Iv\u00e1n Arias, destac\u00f3 ayer el compromiso del Gobierno de facilitar la compra de vacunas anticovid a los gobiernos subnacionales mediante la suscripci\u00f3n de acuerdos intergubernativos e indic\u00f3 que espera que se d\u00e9 la modificaci\u00f3n de los decretos que abrir\u00e1 la posibilidad de compra directa o importaci\u00f3n sin intermediarios. \u201cLa apertura [&hellip;]<\/p>\n","protected":false},"author":1,"featured_media":9922,"comment_status":"closed","ping_status":"closed","sticky":false,"template":"","format":"standard","meta":{"_acf_changed":false,"footnotes":""},"categories":[12],"tags":[],"class_list":["post-9921","post","type-post","status-publish","format-standard","has-post-thumbnail","category-nacional"],"acf":{"antetitulo":""},"yoast_head":"<!-- This site is optimized with the Yoast SEO plugin v28.4 - https:\/\/yoast.com\/product\/yoast-seo-wordpress\/ -->\n<title>Alcalde Arias saluda convenio que permitir\u00e1 compra de vacunas - El Diario - Bolivia<\/title>\n<meta name=\"robots\" content=\"index, follow, max-snippet:-1, max-image-preview:large, max-video-preview:-1\" \/>\n<link rel=\"canonical\" href=\"https:\/\/www.eldiario.net\/portal\/2021\/06\/12\/alcalde-arias-saluda-convenio-que-permitira-compra-de-vacunas\/\" \/>\n<meta property=\"og:locale\" content=\"es_ES\" \/>\n<meta property=\"og:type\" content=\"article\" \/>\n<meta property=\"og:title\" content=\"Alcalde Arias saluda convenio que permitir\u00e1 compra de vacunas - El Diario - Bolivia\" \/>\n<meta property=\"og:description\" content=\"El alcalde de La Paz, Iv\u00e1n Arias, destac\u00f3 ayer el compromiso del Gobierno de facilitar la compra de vacunas anticovid a los gobiernos subnacionales mediante la suscripci\u00f3n de acuerdos intergubernativos e indic\u00f3 que espera que se d\u00e9 la modificaci\u00f3n de los decretos que abrir\u00e1 la posibilidad de compra directa o importaci\u00f3n sin intermediarios. \u201cLa apertura [&hellip;]\" \/>\n<meta property=\"og:url\" content=\"https:\/\/www.eldiario.net\/portal\/2021\/06\/12\/alcalde-arias-saluda-convenio-que-permitira-compra-de-vacunas\/\" \/>\n<meta property=\"og:site_name\" content=\"El Diario - Bolivia\" \/>\n<meta property=\"article:publisher\" content=\"https:\/\/www.facebook.com\/eldiario.bolivia\/\" \/>\n<meta property=\"article:published_time\" content=\"2021-06-12T10:28:12+00:00\" \/>\n<meta name=\"author\" content=\"Jeanette\" \/>\n<meta name=\"twitter:card\" content=\"summary_large_image\" \/>\n<meta name=\"twitter:creator\" content=\"@eldiario_net\" \/>\n<meta name=\"twitter:site\" content=\"@eldiario_net\" \/>\n<meta name=\"twitter:label1\" content=\"Escrito por\" \/>\n\t<meta name=\"twitter:data1\" content=\"Jeanette\" \/>\n\t<meta name=\"twitter:label2\" content=\"Tiempo de lectura\" \/>\n\t<meta name=\"twitter:data2\" content=\"3 minutos\" \/>\n<script type=\"application\/ld+json\" class=\"yoast-schema-graph\">{\"@context\":\"https:\\\/\\\/schema.org\",\"@graph\":[{\"@type\":\"Article\",\"@id\":\"https:\\\/\\\/www.eldiario.net\\\/portal\\\/2021\\\/06\\\/12\\\/alcalde-arias-saluda-convenio-que-permitira-compra-de-vacunas\\\/#article\",\"isPartOf\":{\"@id\":\"https:\\\/\\\/www.eldiario.net\\\/portal\\\/2021\\\/06\\\/12\\\/alcalde-arias-saluda-convenio-que-permitira-compra-de-vacunas\\\/\"},\"author\":{\"name\":\"Jeanette\",\"@id\":\"https:\\\/\\\/www.eldiario.net\\\/portal\\\/#\\\/schema\\\/person\\\/f46445640444750d7d753ccd04ae01b7\"},\"headline\":\"Alcalde Arias saluda convenio que permitir\u00e1 compra de vacunas\",\"datePublished\":\"2021-06-12T10:28:12+00:00\",\"mainEntityOfPage\":{\"@id\":\"https:\\\/\\\/www.eldiario.net\\\/portal\\\/2021\\\/06\\\/12\\\/alcalde-arias-saluda-convenio-que-permitira-compra-de-vacunas\\\/\"},\"wordCount\":665,\"publisher\":{\"@id\":\"https:\\\/\\\/www.eldiario.net\\\/portal\\\/#organization\"},\"image\":{\"@id\":\"https:\\\/\\\/www.eldiario.net\\\/portal\\\/2021\\\/06\\\/12\\\/alcalde-arias-saluda-convenio-que-permitira-compra-de-vacunas\\\/#primaryimage\"},\"thumbnailUrl\":\"\",\"articleSection\":[\"Nacional\"],\"inLanguage\":\"es\"},{\"@type\":\"WebPage\",\"@id\":\"https:\\\/\\\/www.eldiario.net\\\/portal\\\/2021\\\/06\\\/12\\\/alcalde-arias-saluda-convenio-que-permitira-compra-de-vacunas\\\/\",\"url\":\"https:\\\/\\\/www.eldiario.net\\\/portal\\\/2021\\\/06\\\/12\\\/alcalde-arias-saluda-convenio-que-permitira-compra-de-vacunas\\\/\",\"name\":\"Alcalde Arias saluda convenio que permitir\u00e1 compra de vacunas - El Diario - Bolivia\",\"isPartOf\":{\"@id\":\"https:\\\/\\\/www.eldiario.net\\\/portal\\\/#website\"},\"primaryImageOfPage\":{\"@id\":\"https:\\\/\\\/www.eldiario.net\\\/portal\\\/2021\\\/06\\\/12\\\/alcalde-arias-saluda-convenio-que-permitira-compra-de-vacunas\\\/#primaryimage\"},\"image\":{\"@id\":\"https:\\\/\\\/www.eldiario.net\\\/portal\\\/2021\\\/06\\\/12\\\/alcalde-arias-saluda-convenio-que-permitira-compra-de-vacunas\\\/#primaryimage\"},\"thumbnailUrl\":\"\",\"datePublished\":\"2021-06-12T10:28:12+00:00\",\"breadcrumb\":{\"@id\":\"https:\\\/\\\/www.eldiario.net\\\/portal\\\/2021\\\/06\\\/12\\\/alcalde-arias-saluda-convenio-que-permitira-compra-de-vacunas\\\/#breadcrumb\"},\"inLanguage\":\"es\",\"potentialAction\":[{\"@type\":\"ReadAction\",\"target\":[\"https:\\\/\\\/www.eldiario.net\\\/portal\\\/2021\\\/06\\\/12\\\/alcalde-arias-saluda-convenio-que-permitira-compra-de-vacunas\\\/\"]}]},{\"@type\":\"ImageObject\",\"inLanguage\":\"es\",\"@id\":\"https:\\\/\\\/www.eldiario.net\\\/portal\\\/2021\\\/06\\\/12\\\/alcalde-arias-saluda-convenio-que-permitira-compra-de-vacunas\\\/#primaryimage\",\"url\":\"\",\"contentUrl\":\"\"},{\"@type\":\"BreadcrumbList\",\"@id\":\"https:\\\/\\\/www.eldiario.net\\\/portal\\\/2021\\\/06\\\/12\\\/alcalde-arias-saluda-convenio-que-permitira-compra-de-vacunas\\\/#breadcrumb\",\"itemListElement\":[{\"@type\":\"ListItem\",\"position\":1,\"name\":\"Portada\",\"item\":\"https:\\\/\\\/www.eldiario.net\\\/portal\\\/\"},{\"@type\":\"ListItem\",\"position\":2,\"name\":\"Alcalde Arias saluda convenio que permitir\u00e1 compra de vacunas\"}]},{\"@type\":\"WebSite\",\"@id\":\"https:\\\/\\\/www.eldiario.net\\\/portal\\\/#website\",\"url\":\"https:\\\/\\\/www.eldiario.net\\\/portal\\\/\",\"name\":\"El Diario - Decano de la prensa nacional\",\"description\":\"El Diario - Decano de la prensa nacional\",\"publisher\":{\"@id\":\"https:\\\/\\\/www.eldiario.net\\\/portal\\\/#organization\"},\"potentialAction\":[{\"@type\":\"SearchAction\",\"target\":{\"@type\":\"EntryPoint\",\"urlTemplate\":\"https:\\\/\\\/www.eldiario.net\\\/portal\\\/?s={search_term_string}\"},\"query-input\":{\"@type\":\"PropertyValueSpecification\",\"valueRequired\":true,\"valueName\":\"search_term_string\"}}],\"inLanguage\":\"es\"},{\"@type\":\"Organization\",\"@id\":\"https:\\\/\\\/www.eldiario.net\\\/portal\\\/#organization\",\"name\":\"El Diario - Decano de la prensa nacional\",\"url\":\"https:\\\/\\\/www.eldiario.net\\\/portal\\\/\",\"logo\":{\"@type\":\"ImageObject\",\"inLanguage\":\"es\",\"@id\":\"https:\\\/\\\/www.eldiario.net\\\/portal\\\/#\\\/schema\\\/logo\\\/image\\\/\",\"url\":\"https:\\\/\\\/www.eldiario.net\\\/portal\\\/wp-content\\\/uploads\\\/2023\\\/07\\\/logo_ED.jpg\",\"contentUrl\":\"https:\\\/\\\/www.eldiario.net\\\/portal\\\/wp-content\\\/uploads\\\/2023\\\/07\\\/logo_ED.jpg\",\"width\":272,\"height\":52,\"caption\":\"El Diario - Decano de la prensa nacional\"},\"image\":{\"@id\":\"https:\\\/\\\/www.eldiario.net\\\/portal\\\/#\\\/schema\\\/logo\\\/image\\\/\"},\"sameAs\":[\"https:\\\/\\\/www.facebook.com\\\/eldiario.bolivia\\\/\",\"https:\\\/\\\/x.com\\\/eldiario_net\"]},{\"@type\":\"Person\",\"@id\":\"https:\\\/\\\/www.eldiario.net\\\/portal\\\/#\\\/schema\\\/person\\\/f46445640444750d7d753ccd04ae01b7\",\"name\":\"Jeanette\",\"image\":{\"@type\":\"ImageObject\",\"inLanguage\":\"es\",\"@id\":\"https:\\\/\\\/secure.gravatar.com\\\/avatar\\\/3ea2118a5f7dad2b7138b1187a6b7ee55f160b9968b66013c3a3ef39dd7e5798?s=96&d=mm&r=g\",\"url\":\"https:\\\/\\\/secure.gravatar.com\\\/avatar\\\/3ea2118a5f7dad2b7138b1187a6b7ee55f160b9968b66013c3a3ef39dd7e5798?s=96&d=mm&r=g\",\"contentUrl\":\"https:\\\/\\\/secure.gravatar.com\\\/avatar\\\/3ea2118a5f7dad2b7138b1187a6b7ee55f160b9968b66013c3a3ef39dd7e5798?s=96&d=mm&r=g\",\"caption\":\"Jeanette\"},\"sameAs\":[\"https:\\\/\\\/www.eldiario.net\\\/portal\"],\"url\":\"https:\\\/\\\/www.eldiario.net\\\/portal\\\/author\\\/jeanette\\\/\"}]}<\/script>\n<!-- \/ Yoast SEO plugin. -->","yoast_head_json":{"title":"Alcalde Arias saluda convenio que permitir\u00e1 compra de vacunas - El Diario - Bolivia","robots":{"index":"index","follow":"follow","max-snippet":"max-snippet:-1","max-image-preview":"max-image-preview:large","max-video-preview":"max-video-preview:-1"},"canonical":"https:\/\/www.eldiario.net\/portal\/2021\/06\/12\/alcalde-arias-saluda-convenio-que-permitira-compra-de-vacunas\/","og_locale":"es_ES","og_type":"article","og_title":"Alcalde Arias saluda convenio que permitir\u00e1 compra de vacunas - El Diario - Bolivia","og_description":"El alcalde de La Paz, Iv\u00e1n Arias, destac\u00f3 ayer el compromiso del Gobierno de facilitar la compra de vacunas anticovid a los gobiernos subnacionales mediante la suscripci\u00f3n de acuerdos intergubernativos e indic\u00f3 que espera que se d\u00e9 la modificaci\u00f3n de los decretos que abrir\u00e1 la posibilidad de compra directa o importaci\u00f3n sin intermediarios. \u201cLa apertura [&hellip;]","og_url":"https:\/\/www.eldiario.net\/portal\/2021\/06\/12\/alcalde-arias-saluda-convenio-que-permitira-compra-de-vacunas\/","og_site_name":"El Diario - Bolivia","article_publisher":"https:\/\/www.facebook.com\/eldiario.bolivia\/","article_published_time":"2021-06-12T10:28:12+00:00","author":"Jeanette","twitter_card":"summary_large_image","twitter_creator":"@eldiario_net","twitter_site":"@eldiario_net","twitter_misc":{"Escrito por":"Jeanette","Tiempo de lectura":"3 minutos"},"schema":{"@context":"https:\/\/schema.org","@graph":[{"@type":"Article","@id":"https:\/\/www.eldiario.net\/portal\/2021\/06\/12\/alcalde-arias-saluda-convenio-que-permitira-compra-de-vacunas\/#article","isPartOf":{"@id":"https:\/\/www.eldiario.net\/portal\/2021\/06\/12\/alcalde-arias-saluda-convenio-que-permitira-compra-de-vacunas\/"},"author":{"name":"Jeanette","@id":"https:\/\/www.eldiario.net\/portal\/#\/schema\/person\/f46445640444750d7d753ccd04ae01b7"},"headline":"Alcalde Arias saluda convenio que permitir\u00e1 compra de vacunas","datePublished":"2021-06-12T10:28:12+00:00","mainEntityOfPage":{"@id":"https:\/\/www.eldiario.net\/portal\/2021\/06\/12\/alcalde-arias-saluda-convenio-que-permitira-compra-de-vacunas\/"},"wordCount":665,"publisher":{"@id":"https:\/\/www.eldiario.net\/portal\/#organization"},"image":{"@id":"https:\/\/www.eldiario.net\/portal\/2021\/06\/12\/alcalde-arias-saluda-convenio-que-permitira-compra-de-vacunas\/#primaryimage"},"thumbnailUrl":"","articleSection":["Nacional"],"inLanguage":"es"},{"@type":"WebPage","@id":"https:\/\/www.eldiario.net\/portal\/2021\/06\/12\/alcalde-arias-saluda-convenio-que-permitira-compra-de-vacunas\/","url":"https:\/\/www.eldiario.net\/portal\/2021\/06\/12\/alcalde-arias-saluda-convenio-que-permitira-compra-de-vacunas\/","name":"Alcalde Arias saluda convenio que permitir\u00e1 compra de vacunas - El Diario - Bolivia","isPartOf":{"@id":"https:\/\/www.eldiario.net\/portal\/#website"},"primaryImageOfPage":{"@id":"https:\/\/www.eldiario.net\/portal\/2021\/06\/12\/alcalde-arias-saluda-convenio-que-permitira-compra-de-vacunas\/#primaryimage"},"image":{"@id":"https:\/\/www.eldiario.net\/portal\/2021\/06\/12\/alcalde-arias-saluda-convenio-que-permitira-compra-de-vacunas\/#primaryimage"},"thumbnailUrl":"","datePublished":"2021-06-12T10:28:12+00:00","breadcrumb":{"@id":"https:\/\/www.eldiario.net\/portal\/2021\/06\/12\/alcalde-arias-saluda-convenio-que-permitira-compra-de-vacunas\/#breadcrumb"},"inLanguage":"es","potentialAction":[{"@type":"ReadAction","target":["https:\/\/www.eldiario.net\/portal\/2021\/06\/12\/alcalde-arias-saluda-convenio-que-permitira-compra-de-vacunas\/"]}]},{"@type":"ImageObject","inLanguage":"es","@id":"https:\/\/www.eldiario.net\/portal\/2021\/06\/12\/alcalde-arias-saluda-convenio-que-permitira-compra-de-vacunas\/#primaryimage","url":"","contentUrl":""},{"@type":"BreadcrumbList","@id":"https:\/\/www.eldiario.net\/portal\/2021\/06\/12\/alcalde-arias-saluda-convenio-que-permitira-compra-de-vacunas\/#breadcrumb","itemListElement":[{"@type":"ListItem","position":1,"name":"Portada","item":"https:\/\/www.eldiario.net\/portal\/"},{"@type":"ListItem","position":2,"name":"Alcalde Arias saluda convenio que permitir\u00e1 compra de vacunas"}]},{"@type":"WebSite","@id":"https:\/\/www.eldiario.net\/portal\/#website","url":"https:\/\/www.eldiario.net\/portal\/","name":"El Diario - Decano de la prensa nacional","description":"El Diario - Decano de la prensa nacional","publisher":{"@id":"https:\/\/www.eldiario.net\/portal\/#organization"},"potentialAction":[{"@type":"SearchAction","target":{"@type":"EntryPoint","urlTemplate":"https:\/\/www.eldiario.net\/portal\/?s={search_term_string}"},"query-input":{"@type":"PropertyValueSpecification","valueRequired":true,"valueName":"search_term_string"}}],"inLanguage":"es"},{"@type":"Organization","@id":"https:\/\/www.eldiario.net\/portal\/#organization","name":"El Diario - Decano de la prensa nacional","url":"https:\/\/www.eldiario.net\/portal\/","logo":{"@type":"ImageObject","inLanguage":"es","@id":"https:\/\/www.eldiario.net\/portal\/#\/schema\/logo\/image\/","url":"https:\/\/www.eldiario.net\/portal\/wp-content\/uploads\/2023\/07\/logo_ED.jpg","contentUrl":"https:\/\/www.eldiario.net\/portal\/wp-content\/uploads\/2023\/07\/logo_ED.jpg","width":272,"height":52,"caption":"El Diario - Decano de la prensa nacional"},"image":{"@id":"https:\/\/www.eldiario.net\/portal\/#\/schema\/logo\/image\/"},"sameAs":["https:\/\/www.facebook.com\/eldiario.bolivia\/","https:\/\/x.com\/eldiario_net"]},{"@type":"Person","@id":"https:\/\/www.eldiario.net\/portal\/#\/schema\/person\/f46445640444750d7d753ccd04ae01b7","name":"Jeanette","image":{"@type":"ImageObject","inLanguage":"es","@id":"https:\/\/secure.gravatar.com\/avatar\/3ea2118a5f7dad2b7138b1187a6b7ee55f160b9968b66013c3a3ef39dd7e5798?s=96&d=mm&r=g","url":"https:\/\/secure.gravatar.com\/avatar\/3ea2118a5f7dad2b7138b1187a6b7ee55f160b9968b66013c3a3ef39dd7e5798?s=96&d=mm&r=g","contentUrl":"https:\/\/secure.gravatar.com\/avatar\/3ea2118a5f7dad2b7138b1187a6b7ee55f160b9968b66013c3a3ef39dd7e5798?s=96&d=mm&r=g","caption":"Jeanette"},"sameAs":["https:\/\/www.eldiario.net\/portal"],"url":"https:\/\/www.eldiario.net\/portal\/author\/jeanette\/"}]}},"_links":{"self":[{"href":"https:\/\/www.eldiario.net\/portal\/wp-json\/wp\/v2\/posts\/9921","targetHints":{"allow":["GET"]}}],"collection":[{"href":"https:\/\/www.eldiario.net\/portal\/wp-json\/wp\/v2\/posts"}],"about":[{"href":"https:\/\/www.eldiario.net\/portal\/wp-json\/wp\/v2\/types\/post"}],"author":[{"embeddable":true,"href":"https:\/\/www.eldiario.net\/portal\/wp-json\/wp\/v2\/users\/1"}],"replies":[{"embeddable":true,"href":"https:\/\/www.eldiario.net\/portal\/wp-json\/wp\/v2\/comments?post=9921"}],"version-history":[{"count":0,"href":"https:\/\/www.eldiario.net\/portal\/wp-json\/wp\/v2\/posts\/9921\/revisions"}],"wp:attachment":[{"href":"https:\/\/www.eldiario.net\/portal\/wp-json\/wp\/v2\/media?parent=9921"}],"wp:term":[{"taxonomy":"category","embeddable":true,"href":"https:\/\/www.eldiario.net\/portal\/wp-json\/wp\/v2\/categories?post=9921"},{"taxonomy":"post_tag","embeddable":true,"href":"https:\/\/www.eldiario.net\/portal\/wp-json\/wp\/v2\/tags?post=9921"}],"curies":[{"name":"wp","href":"https:\/\/api.w.org\/{rel}","templated":true}]}}