{"id":9918,"date":"2021-06-12T06:27:16","date_gmt":"2021-06-12T10:27:16","guid":{"rendered":"https:\/\/www.eldiario.net\/portal\/?p=9918"},"modified":"2021-06-12T06:27:16","modified_gmt":"2021-06-12T10:27:16","slug":"extienden-descanso-pedagogico-hasta-el-22-de-junio-en-todo-el-pais","status":"publish","type":"post","link":"https:\/\/www.eldiario.net\/portal\/2021\/06\/12\/extienden-descanso-pedagogico-hasta-el-22-de-junio-en-todo-el-pais\/","title":{"rendered":"Extienden descanso pedag\u00f3gico hasta el 22 de junio en todo el pa\u00eds"},"content":{"rendered":"<p>Ante el aumento de los casos de covid-19 y el descenso de las temperaturas, el ministro de Educaci\u00f3n, Adri\u00e1n Quelca, anunci\u00f3 ayer que el descanso pedag\u00f3gico se ampliar\u00e1 por una semana m\u00e1s, hasta el pr\u00f3ximo 22 de junio, por recomendaci\u00f3n del Ministerio de Salud sobre la emergencia sanitaria por la pandemia.<br \/>\n\u201cEn base a recomendaciones del Ministerio de Salud y en base a las peticiones de los diferentes sectores educativos, que nos han expresado su preocupaci\u00f3n por la emergencia sanitaria, luego de analizar los reportes de epidemiolog\u00eda y hacer un balance con nuestros viceministerios, se ha tomado la decisi\u00f3n de ampliar el descanso pedag\u00f3gico por una semana m\u00e1s, es decir, estar\u00edamos retornando a las actividades educativas el 22 de junio del presente a\u00f1o\u2019\u2019, asever\u00f3 en una conferencia de prensa.<br \/>\nSeg\u00fan Quelca, el descenso de las temperaturas en varias regiones se sum\u00f3 a los factores para la determinaci\u00f3n.<br \/>\nAdem\u00e1s, mencion\u00f3 que el nuevo plazo se aprovechar\u00e1 para que el personal del sector educativo culmine el proceso de su vacunaci\u00f3n masiva contra el covid-19 y los tratamientos correspondientes necesarios.<br \/>\n\u201cEl Ministerio de Salud y Deportes se encargar\u00e1 de dar una respuesta respecto de la vacuna para menores de 18 a\u00f1os. Est\u00e1n haciendo las gestiones\u201d, acot\u00f3.<br \/>\nEl titular de Educaci\u00f3n ratific\u00f3 que la reanudaci\u00f3n de las labores escolares se efectuar\u00e1 en la modalidad presencial en las regiones con riesgo m\u00ednimo o inexistente de contagio por el virus, report\u00f3 ABI.<br \/>\n\u201cDonde haya un riesgo sanitario inicial, en crecimiento, adoptaremos la educaci\u00f3n semipresencial y donde haya un mayor nivel de contagio del Covid-19 implementaremos la educaci\u00f3n a distancia\u201d, a\u00f1adi\u00f3.<br \/>\nAsegur\u00f3 que la plataforma Educa Bolivia est\u00e1 y continuar\u00e1 activa, y en pleno funcionamiento, para la reanudaci\u00f3n de las labores escolares.<\/p>\n","protected":false},"excerpt":{"rendered":"<p>Ante el aumento de los casos de covid-19 y el descenso de las temperaturas, el ministro de Educaci\u00f3n, Adri\u00e1n Quelca, anunci\u00f3 ayer que el descanso pedag\u00f3gico se ampliar\u00e1 por una semana m\u00e1s, hasta el pr\u00f3ximo 22 de junio, por recomendaci\u00f3n del Ministerio de Salud sobre la emergencia sanitaria por la pandemia. \u201cEn base a recomendaciones [&hellip;]<\/p>\n","protected":false},"author":1,"featured_media":9919,"comment_status":"closed","ping_status":"closed","sticky":false,"template":"","format":"standard","meta":{"_acf_changed":false,"footnotes":""},"categories":[12],"tags":[],"class_list":["post-9918","post","type-post","status-publish","format-standard","has-post-thumbnail","category-nacional"],"acf":{"antetitulo":""},"yoast_head":"<!-- This site is optimized with the Yoast SEO plugin v28.4 - https:\/\/yoast.com\/product\/yoast-seo-wordpress\/ -->\n<title>Extienden descanso pedag\u00f3gico hasta el 22 de junio en todo el pa\u00eds - El Diario - Bolivia<\/title>\n<meta name=\"robots\" content=\"index, follow, max-snippet:-1, max-image-preview:large, max-video-preview:-1\" \/>\n<link rel=\"canonical\" href=\"https:\/\/www.eldiario.net\/portal\/2021\/06\/12\/extienden-descanso-pedagogico-hasta-el-22-de-junio-en-todo-el-pais\/\" \/>\n<meta property=\"og:locale\" content=\"es_ES\" \/>\n<meta property=\"og:type\" content=\"article\" \/>\n<meta property=\"og:title\" content=\"Extienden descanso pedag\u00f3gico hasta el 22 de junio en todo el pa\u00eds - El Diario - Bolivia\" \/>\n<meta property=\"og:description\" content=\"Ante el aumento de los casos de covid-19 y el descenso de las temperaturas, el ministro de Educaci\u00f3n, Adri\u00e1n Quelca, anunci\u00f3 ayer que el descanso pedag\u00f3gico se ampliar\u00e1 por una semana m\u00e1s, hasta el pr\u00f3ximo 22 de junio, por recomendaci\u00f3n del Ministerio de Salud sobre la emergencia sanitaria por la pandemia. \u201cEn base a recomendaciones [&hellip;]\" \/>\n<meta property=\"og:url\" content=\"https:\/\/www.eldiario.net\/portal\/2021\/06\/12\/extienden-descanso-pedagogico-hasta-el-22-de-junio-en-todo-el-pais\/\" \/>\n<meta property=\"og:site_name\" content=\"El Diario - Bolivia\" \/>\n<meta property=\"article:publisher\" content=\"https:\/\/www.facebook.com\/eldiario.bolivia\/\" \/>\n<meta property=\"article:published_time\" content=\"2021-06-12T10:27:16+00:00\" \/>\n<meta property=\"og:image\" content=\"https:\/\/www.eldiario.net\/portal\/wp-content\/uploads\/2021\/06\/2LP-6.jpg\" \/>\n\t<meta property=\"og:image:width\" content=\"380\" \/>\n\t<meta property=\"og:image:height\" content=\"260\" \/>\n\t<meta property=\"og:image:type\" content=\"image\/jpeg\" \/>\n<meta name=\"author\" content=\"Jeanette\" \/>\n<meta name=\"twitter:card\" content=\"summary_large_image\" \/>\n<meta name=\"twitter:creator\" content=\"@eldiario_net\" \/>\n<meta name=\"twitter:site\" content=\"@eldiario_net\" \/>\n<meta name=\"twitter:label1\" content=\"Escrito por\" \/>\n\t<meta name=\"twitter:data1\" content=\"Jeanette\" \/>\n\t<meta name=\"twitter:label2\" content=\"Tiempo de lectura\" \/>\n\t<meta name=\"twitter:data2\" content=\"2 minutos\" \/>\n<script type=\"application\/ld+json\" class=\"yoast-schema-graph\">{\"@context\":\"https:\\\/\\\/schema.org\",\"@graph\":[{\"@type\":\"Article\",\"@id\":\"https:\\\/\\\/www.eldiario.net\\\/portal\\\/2021\\\/06\\\/12\\\/extienden-descanso-pedagogico-hasta-el-22-de-junio-en-todo-el-pais\\\/#article\",\"isPartOf\":{\"@id\":\"https:\\\/\\\/www.eldiario.net\\\/portal\\\/2021\\\/06\\\/12\\\/extienden-descanso-pedagogico-hasta-el-22-de-junio-en-todo-el-pais\\\/\"},\"author\":{\"name\":\"Jeanette\",\"@id\":\"https:\\\/\\\/www.eldiario.net\\\/portal\\\/#\\\/schema\\\/person\\\/f46445640444750d7d753ccd04ae01b7\"},\"headline\":\"Extienden descanso pedag\u00f3gico hasta el 22 de junio en todo el pa\u00eds\",\"datePublished\":\"2021-06-12T10:27:16+00:00\",\"mainEntityOfPage\":{\"@id\":\"https:\\\/\\\/www.eldiario.net\\\/portal\\\/2021\\\/06\\\/12\\\/extienden-descanso-pedagogico-hasta-el-22-de-junio-en-todo-el-pais\\\/\"},\"wordCount\":321,\"publisher\":{\"@id\":\"https:\\\/\\\/www.eldiario.net\\\/portal\\\/#organization\"},\"image\":{\"@id\":\"https:\\\/\\\/www.eldiario.net\\\/portal\\\/2021\\\/06\\\/12\\\/extienden-descanso-pedagogico-hasta-el-22-de-junio-en-todo-el-pais\\\/#primaryimage\"},\"thumbnailUrl\":\"https:\\\/\\\/www.eldiario.net\\\/portal\\\/wp-content\\\/uploads\\\/2021\\\/06\\\/2LP-6.jpg\",\"articleSection\":[\"Nacional\"],\"inLanguage\":\"es\"},{\"@type\":\"WebPage\",\"@id\":\"https:\\\/\\\/www.eldiario.net\\\/portal\\\/2021\\\/06\\\/12\\\/extienden-descanso-pedagogico-hasta-el-22-de-junio-en-todo-el-pais\\\/\",\"url\":\"https:\\\/\\\/www.eldiario.net\\\/portal\\\/2021\\\/06\\\/12\\\/extienden-descanso-pedagogico-hasta-el-22-de-junio-en-todo-el-pais\\\/\",\"name\":\"Extienden descanso pedag\u00f3gico hasta el 22 de junio en todo el pa\u00eds - El Diario - Bolivia\",\"isPartOf\":{\"@id\":\"https:\\\/\\\/www.eldiario.net\\\/portal\\\/#website\"},\"primaryImageOfPage\":{\"@id\":\"https:\\\/\\\/www.eldiario.net\\\/portal\\\/2021\\\/06\\\/12\\\/extienden-descanso-pedagogico-hasta-el-22-de-junio-en-todo-el-pais\\\/#primaryimage\"},\"image\":{\"@id\":\"https:\\\/\\\/www.eldiario.net\\\/portal\\\/2021\\\/06\\\/12\\\/extienden-descanso-pedagogico-hasta-el-22-de-junio-en-todo-el-pais\\\/#primaryimage\"},\"thumbnailUrl\":\"https:\\\/\\\/www.eldiario.net\\\/portal\\\/wp-content\\\/uploads\\\/2021\\\/06\\\/2LP-6.jpg\",\"datePublished\":\"2021-06-12T10:27:16+00:00\",\"breadcrumb\":{\"@id\":\"https:\\\/\\\/www.eldiario.net\\\/portal\\\/2021\\\/06\\\/12\\\/extienden-descanso-pedagogico-hasta-el-22-de-junio-en-todo-el-pais\\\/#breadcrumb\"},\"inLanguage\":\"es\",\"potentialAction\":[{\"@type\":\"ReadAction\",\"target\":[\"https:\\\/\\\/www.eldiario.net\\\/portal\\\/2021\\\/06\\\/12\\\/extienden-descanso-pedagogico-hasta-el-22-de-junio-en-todo-el-pais\\\/\"]}]},{\"@type\":\"ImageObject\",\"inLanguage\":\"es\",\"@id\":\"https:\\\/\\\/www.eldiario.net\\\/portal\\\/2021\\\/06\\\/12\\\/extienden-descanso-pedagogico-hasta-el-22-de-junio-en-todo-el-pais\\\/#primaryimage\",\"url\":\"https:\\\/\\\/www.eldiario.net\\\/portal\\\/wp-content\\\/uploads\\\/2021\\\/06\\\/2LP-6.jpg\",\"contentUrl\":\"https:\\\/\\\/www.eldiario.net\\\/portal\\\/wp-content\\\/uploads\\\/2021\\\/06\\\/2LP-6.jpg\",\"width\":380,\"height\":260},{\"@type\":\"BreadcrumbList\",\"@id\":\"https:\\\/\\\/www.eldiario.net\\\/portal\\\/2021\\\/06\\\/12\\\/extienden-descanso-pedagogico-hasta-el-22-de-junio-en-todo-el-pais\\\/#breadcrumb\",\"itemListElement\":[{\"@type\":\"ListItem\",\"position\":1,\"name\":\"Portada\",\"item\":\"https:\\\/\\\/www.eldiario.net\\\/portal\\\/\"},{\"@type\":\"ListItem\",\"position\":2,\"name\":\"Extienden descanso pedag\u00f3gico hasta el 22 de junio en todo el pa\u00eds\"}]},{\"@type\":\"WebSite\",\"@id\":\"https:\\\/\\\/www.eldiario.net\\\/portal\\\/#website\",\"url\":\"https:\\\/\\\/www.eldiario.net\\\/portal\\\/\",\"name\":\"El Diario - Decano de la prensa nacional\",\"description\":\"El Diario - Decano de la prensa nacional\",\"publisher\":{\"@id\":\"https:\\\/\\\/www.eldiario.net\\\/portal\\\/#organization\"},\"potentialAction\":[{\"@type\":\"SearchAction\",\"target\":{\"@type\":\"EntryPoint\",\"urlTemplate\":\"https:\\\/\\\/www.eldiario.net\\\/portal\\\/?s={search_term_string}\"},\"query-input\":{\"@type\":\"PropertyValueSpecification\",\"valueRequired\":true,\"valueName\":\"search_term_string\"}}],\"inLanguage\":\"es\"},{\"@type\":\"Organization\",\"@id\":\"https:\\\/\\\/www.eldiario.net\\\/portal\\\/#organization\",\"name\":\"El Diario - Decano de la prensa nacional\",\"url\":\"https:\\\/\\\/www.eldiario.net\\\/portal\\\/\",\"logo\":{\"@type\":\"ImageObject\",\"inLanguage\":\"es\",\"@id\":\"https:\\\/\\\/www.eldiario.net\\\/portal\\\/#\\\/schema\\\/logo\\\/image\\\/\",\"url\":\"https:\\\/\\\/www.eldiario.net\\\/portal\\\/wp-content\\\/uploads\\\/2023\\\/07\\\/logo_ED.jpg\",\"contentUrl\":\"https:\\\/\\\/www.eldiario.net\\\/portal\\\/wp-content\\\/uploads\\\/2023\\\/07\\\/logo_ED.jpg\",\"width\":272,\"height\":52,\"caption\":\"El Diario - Decano de la prensa nacional\"},\"image\":{\"@id\":\"https:\\\/\\\/www.eldiario.net\\\/portal\\\/#\\\/schema\\\/logo\\\/image\\\/\"},\"sameAs\":[\"https:\\\/\\\/www.facebook.com\\\/eldiario.bolivia\\\/\",\"https:\\\/\\\/x.com\\\/eldiario_net\"]},{\"@type\":\"Person\",\"@id\":\"https:\\\/\\\/www.eldiario.net\\\/portal\\\/#\\\/schema\\\/person\\\/f46445640444750d7d753ccd04ae01b7\",\"name\":\"Jeanette\",\"image\":{\"@type\":\"ImageObject\",\"inLanguage\":\"es\",\"@id\":\"https:\\\/\\\/secure.gravatar.com\\\/avatar\\\/3ea2118a5f7dad2b7138b1187a6b7ee55f160b9968b66013c3a3ef39dd7e5798?s=96&d=mm&r=g\",\"url\":\"https:\\\/\\\/secure.gravatar.com\\\/avatar\\\/3ea2118a5f7dad2b7138b1187a6b7ee55f160b9968b66013c3a3ef39dd7e5798?s=96&d=mm&r=g\",\"contentUrl\":\"https:\\\/\\\/secure.gravatar.com\\\/avatar\\\/3ea2118a5f7dad2b7138b1187a6b7ee55f160b9968b66013c3a3ef39dd7e5798?s=96&d=mm&r=g\",\"caption\":\"Jeanette\"},\"sameAs\":[\"https:\\\/\\\/www.eldiario.net\\\/portal\"],\"url\":\"https:\\\/\\\/www.eldiario.net\\\/portal\\\/author\\\/jeanette\\\/\"}]}<\/script>\n<!-- \/ Yoast SEO plugin. -->","yoast_head_json":{"title":"Extienden descanso pedag\u00f3gico hasta el 22 de junio en todo el pa\u00eds - El Diario - Bolivia","robots":{"index":"index","follow":"follow","max-snippet":"max-snippet:-1","max-image-preview":"max-image-preview:large","max-video-preview":"max-video-preview:-1"},"canonical":"https:\/\/www.eldiario.net\/portal\/2021\/06\/12\/extienden-descanso-pedagogico-hasta-el-22-de-junio-en-todo-el-pais\/","og_locale":"es_ES","og_type":"article","og_title":"Extienden descanso pedag\u00f3gico hasta el 22 de junio en todo el pa\u00eds - El Diario - Bolivia","og_description":"Ante el aumento de los casos de covid-19 y el descenso de las temperaturas, el ministro de Educaci\u00f3n, Adri\u00e1n Quelca, anunci\u00f3 ayer que el descanso pedag\u00f3gico se ampliar\u00e1 por una semana m\u00e1s, hasta el pr\u00f3ximo 22 de junio, por recomendaci\u00f3n del Ministerio de Salud sobre la emergencia sanitaria por la pandemia. \u201cEn base a recomendaciones [&hellip;]","og_url":"https:\/\/www.eldiario.net\/portal\/2021\/06\/12\/extienden-descanso-pedagogico-hasta-el-22-de-junio-en-todo-el-pais\/","og_site_name":"El Diario - Bolivia","article_publisher":"https:\/\/www.facebook.com\/eldiario.bolivia\/","article_published_time":"2021-06-12T10:27:16+00:00","og_image":[{"width":380,"height":260,"url":"https:\/\/www.eldiario.net\/portal\/wp-content\/uploads\/2021\/06\/2LP-6.jpg","type":"image\/jpeg"}],"author":"Jeanette","twitter_card":"summary_large_image","twitter_creator":"@eldiario_net","twitter_site":"@eldiario_net","twitter_misc":{"Escrito por":"Jeanette","Tiempo de lectura":"2 minutos"},"schema":{"@context":"https:\/\/schema.org","@graph":[{"@type":"Article","@id":"https:\/\/www.eldiario.net\/portal\/2021\/06\/12\/extienden-descanso-pedagogico-hasta-el-22-de-junio-en-todo-el-pais\/#article","isPartOf":{"@id":"https:\/\/www.eldiario.net\/portal\/2021\/06\/12\/extienden-descanso-pedagogico-hasta-el-22-de-junio-en-todo-el-pais\/"},"author":{"name":"Jeanette","@id":"https:\/\/www.eldiario.net\/portal\/#\/schema\/person\/f46445640444750d7d753ccd04ae01b7"},"headline":"Extienden descanso pedag\u00f3gico hasta el 22 de junio en todo el pa\u00eds","datePublished":"2021-06-12T10:27:16+00:00","mainEntityOfPage":{"@id":"https:\/\/www.eldiario.net\/portal\/2021\/06\/12\/extienden-descanso-pedagogico-hasta-el-22-de-junio-en-todo-el-pais\/"},"wordCount":321,"publisher":{"@id":"https:\/\/www.eldiario.net\/portal\/#organization"},"image":{"@id":"https:\/\/www.eldiario.net\/portal\/2021\/06\/12\/extienden-descanso-pedagogico-hasta-el-22-de-junio-en-todo-el-pais\/#primaryimage"},"thumbnailUrl":"https:\/\/www.eldiario.net\/portal\/wp-content\/uploads\/2021\/06\/2LP-6.jpg","articleSection":["Nacional"],"inLanguage":"es"},{"@type":"WebPage","@id":"https:\/\/www.eldiario.net\/portal\/2021\/06\/12\/extienden-descanso-pedagogico-hasta-el-22-de-junio-en-todo-el-pais\/","url":"https:\/\/www.eldiario.net\/portal\/2021\/06\/12\/extienden-descanso-pedagogico-hasta-el-22-de-junio-en-todo-el-pais\/","name":"Extienden descanso pedag\u00f3gico hasta el 22 de junio en todo el pa\u00eds - El Diario - Bolivia","isPartOf":{"@id":"https:\/\/www.eldiario.net\/portal\/#website"},"primaryImageOfPage":{"@id":"https:\/\/www.eldiario.net\/portal\/2021\/06\/12\/extienden-descanso-pedagogico-hasta-el-22-de-junio-en-todo-el-pais\/#primaryimage"},"image":{"@id":"https:\/\/www.eldiario.net\/portal\/2021\/06\/12\/extienden-descanso-pedagogico-hasta-el-22-de-junio-en-todo-el-pais\/#primaryimage"},"thumbnailUrl":"https:\/\/www.eldiario.net\/portal\/wp-content\/uploads\/2021\/06\/2LP-6.jpg","datePublished":"2021-06-12T10:27:16+00:00","breadcrumb":{"@id":"https:\/\/www.eldiario.net\/portal\/2021\/06\/12\/extienden-descanso-pedagogico-hasta-el-22-de-junio-en-todo-el-pais\/#breadcrumb"},"inLanguage":"es","potentialAction":[{"@type":"ReadAction","target":["https:\/\/www.eldiario.net\/portal\/2021\/06\/12\/extienden-descanso-pedagogico-hasta-el-22-de-junio-en-todo-el-pais\/"]}]},{"@type":"ImageObject","inLanguage":"es","@id":"https:\/\/www.eldiario.net\/portal\/2021\/06\/12\/extienden-descanso-pedagogico-hasta-el-22-de-junio-en-todo-el-pais\/#primaryimage","url":"https:\/\/www.eldiario.net\/portal\/wp-content\/uploads\/2021\/06\/2LP-6.jpg","contentUrl":"https:\/\/www.eldiario.net\/portal\/wp-content\/uploads\/2021\/06\/2LP-6.jpg","width":380,"height":260},{"@type":"BreadcrumbList","@id":"https:\/\/www.eldiario.net\/portal\/2021\/06\/12\/extienden-descanso-pedagogico-hasta-el-22-de-junio-en-todo-el-pais\/#breadcrumb","itemListElement":[{"@type":"ListItem","position":1,"name":"Portada","item":"https:\/\/www.eldiario.net\/portal\/"},{"@type":"ListItem","position":2,"name":"Extienden descanso pedag\u00f3gico hasta el 22 de junio en todo el pa\u00eds"}]},{"@type":"WebSite","@id":"https:\/\/www.eldiario.net\/portal\/#website","url":"https:\/\/www.eldiario.net\/portal\/","name":"El Diario - Decano de la prensa nacional","description":"El Diario - Decano de la prensa nacional","publisher":{"@id":"https:\/\/www.eldiario.net\/portal\/#organization"},"potentialAction":[{"@type":"SearchAction","target":{"@type":"EntryPoint","urlTemplate":"https:\/\/www.eldiario.net\/portal\/?s={search_term_string}"},"query-input":{"@type":"PropertyValueSpecification","valueRequired":true,"valueName":"search_term_string"}}],"inLanguage":"es"},{"@type":"Organization","@id":"https:\/\/www.eldiario.net\/portal\/#organization","name":"El Diario - Decano de la prensa nacional","url":"https:\/\/www.eldiario.net\/portal\/","logo":{"@type":"ImageObject","inLanguage":"es","@id":"https:\/\/www.eldiario.net\/portal\/#\/schema\/logo\/image\/","url":"https:\/\/www.eldiario.net\/portal\/wp-content\/uploads\/2023\/07\/logo_ED.jpg","contentUrl":"https:\/\/www.eldiario.net\/portal\/wp-content\/uploads\/2023\/07\/logo_ED.jpg","width":272,"height":52,"caption":"El Diario - Decano de la prensa nacional"},"image":{"@id":"https:\/\/www.eldiario.net\/portal\/#\/schema\/logo\/image\/"},"sameAs":["https:\/\/www.facebook.com\/eldiario.bolivia\/","https:\/\/x.com\/eldiario_net"]},{"@type":"Person","@id":"https:\/\/www.eldiario.net\/portal\/#\/schema\/person\/f46445640444750d7d753ccd04ae01b7","name":"Jeanette","image":{"@type":"ImageObject","inLanguage":"es","@id":"https:\/\/secure.gravatar.com\/avatar\/3ea2118a5f7dad2b7138b1187a6b7ee55f160b9968b66013c3a3ef39dd7e5798?s=96&d=mm&r=g","url":"https:\/\/secure.gravatar.com\/avatar\/3ea2118a5f7dad2b7138b1187a6b7ee55f160b9968b66013c3a3ef39dd7e5798?s=96&d=mm&r=g","contentUrl":"https:\/\/secure.gravatar.com\/avatar\/3ea2118a5f7dad2b7138b1187a6b7ee55f160b9968b66013c3a3ef39dd7e5798?s=96&d=mm&r=g","caption":"Jeanette"},"sameAs":["https:\/\/www.eldiario.net\/portal"],"url":"https:\/\/www.eldiario.net\/portal\/author\/jeanette\/"}]}},"_links":{"self":[{"href":"https:\/\/www.eldiario.net\/portal\/wp-json\/wp\/v2\/posts\/9918","targetHints":{"allow":["GET"]}}],"collection":[{"href":"https:\/\/www.eldiario.net\/portal\/wp-json\/wp\/v2\/posts"}],"about":[{"href":"https:\/\/www.eldiario.net\/portal\/wp-json\/wp\/v2\/types\/post"}],"author":[{"embeddable":true,"href":"https:\/\/www.eldiario.net\/portal\/wp-json\/wp\/v2\/users\/1"}],"replies":[{"embeddable":true,"href":"https:\/\/www.eldiario.net\/portal\/wp-json\/wp\/v2\/comments?post=9918"}],"version-history":[{"count":0,"href":"https:\/\/www.eldiario.net\/portal\/wp-json\/wp\/v2\/posts\/9918\/revisions"}],"wp:featuredmedia":[{"embeddable":true,"href":"https:\/\/www.eldiario.net\/portal\/wp-json\/wp\/v2\/media\/9919"}],"wp:attachment":[{"href":"https:\/\/www.eldiario.net\/portal\/wp-json\/wp\/v2\/media?parent=9918"}],"wp:term":[{"taxonomy":"category","embeddable":true,"href":"https:\/\/www.eldiario.net\/portal\/wp-json\/wp\/v2\/categories?post=9918"},{"taxonomy":"post_tag","embeddable":true,"href":"https:\/\/www.eldiario.net\/portal\/wp-json\/wp\/v2\/tags?post=9918"}],"curies":[{"name":"wp","href":"https:\/\/api.w.org\/{rel}","templated":true}]}}