{"id":9756,"date":"2021-06-12T05:12:18","date_gmt":"2021-06-12T09:12:18","guid":{"rendered":"https:\/\/www.eldiario.net\/portal\/?p=9756"},"modified":"2021-06-12T05:12:18","modified_gmt":"2021-06-12T09:12:18","slug":"diego-llorente-se-reincorpora-a-la-seleccion-espanola-tras-su-cuarto-negativo-en-pcr","status":"publish","type":"post","link":"https:\/\/www.eldiario.net\/portal\/2021\/06\/12\/diego-llorente-se-reincorpora-a-la-seleccion-espanola-tras-su-cuarto-negativo-en-pcr\/","title":{"rendered":"Diego Llorente se reincorpora a la selecci\u00f3n espa\u00f1ola tras su cuarto negativo en PCR"},"content":{"rendered":"<p>El defensa Diego Llorente se incorpor\u00f3 ayer a la concentraci\u00f3n de la selecci\u00f3n espa\u00f1ola en la Ciudad del F\u00fatbol de Las Rozas (Madrid), despu\u00e9s de tener la confirmaci\u00f3n de un cuarto resultado negativo seguido en pruebas PCR.<br \/>\n\u201dDespu\u00e9s de dar positivo el pasado martes 8 de junio en un test PCR y abandonar la concentraci\u00f3n del combinado nacional siguiendo los protocolos sanitarios establecidos, Diego Llorente ha encadenado ayer su cuarto resultado negativo consecutivo en las pruebas\u201d, dice el comunicado oficial de la Federaci\u00f3n espa\u00f1ola de f\u00fatbol.<br \/>\n\u201dDe esta manera este viernes 11 de junio por la tarde el futbolista se ha reincorporado a la disciplina del combinado nacional en la Ciudad del F\u00fatbol\u201d, a\u00f1ade. Espa\u00f1a jugar\u00e1 el lunes ante Suecia en la Eurocopa.<\/p>\n","protected":false},"excerpt":{"rendered":"<p>El defensa Diego Llorente se incorpor\u00f3 ayer a la concentraci\u00f3n de la selecci\u00f3n espa\u00f1ola en la Ciudad del F\u00fatbol de Las Rozas (Madrid), despu\u00e9s de tener la confirmaci\u00f3n de un cuarto resultado negativo seguido en pruebas PCR. \u201dDespu\u00e9s de dar positivo el pasado martes 8 de junio en un test PCR y abandonar la concentraci\u00f3n [&hellip;]<\/p>\n","protected":false},"author":1,"featured_media":9757,"comment_status":"closed","ping_status":"closed","sticky":false,"template":"","format":"standard","meta":{"_acf_changed":false,"footnotes":""},"categories":[6],"tags":[],"class_list":["post-9756","post","type-post","status-publish","format-standard","has-post-thumbnail","category-deportes"],"acf":{"antetitulo":""},"yoast_head":"<!-- This site is optimized with the Yoast SEO plugin v28.3 - https:\/\/yoast.com\/product\/yoast-seo-wordpress\/ -->\n<title>Diego Llorente se reincorpora a la selecci\u00f3n espa\u00f1ola tras su cuarto negativo en PCR - El Diario - Bolivia<\/title>\n<meta name=\"robots\" content=\"index, follow, max-snippet:-1, max-image-preview:large, max-video-preview:-1\" \/>\n<link rel=\"canonical\" href=\"https:\/\/www.eldiario.net\/portal\/2021\/06\/12\/diego-llorente-se-reincorpora-a-la-seleccion-espanola-tras-su-cuarto-negativo-en-pcr\/\" \/>\n<meta property=\"og:locale\" content=\"es_ES\" \/>\n<meta property=\"og:type\" content=\"article\" \/>\n<meta property=\"og:title\" content=\"Diego Llorente se reincorpora a la selecci\u00f3n espa\u00f1ola tras su cuarto negativo en PCR - El Diario - Bolivia\" \/>\n<meta property=\"og:description\" content=\"El defensa Diego Llorente se incorpor\u00f3 ayer a la concentraci\u00f3n de la selecci\u00f3n espa\u00f1ola en la Ciudad del F\u00fatbol de Las Rozas (Madrid), despu\u00e9s de tener la confirmaci\u00f3n de un cuarto resultado negativo seguido en pruebas PCR. \u201dDespu\u00e9s de dar positivo el pasado martes 8 de junio en un test PCR y abandonar la concentraci\u00f3n [&hellip;]\" \/>\n<meta property=\"og:url\" content=\"https:\/\/www.eldiario.net\/portal\/2021\/06\/12\/diego-llorente-se-reincorpora-a-la-seleccion-espanola-tras-su-cuarto-negativo-en-pcr\/\" \/>\n<meta property=\"og:site_name\" content=\"El Diario - Bolivia\" \/>\n<meta property=\"article:publisher\" content=\"https:\/\/www.facebook.com\/eldiario.bolivia\/\" \/>\n<meta property=\"article:published_time\" content=\"2021-06-12T09:12:18+00:00\" \/>\n<meta name=\"author\" content=\"Jeanette\" \/>\n<meta name=\"twitter:card\" content=\"summary_large_image\" \/>\n<meta name=\"twitter:creator\" content=\"@eldiario_net\" \/>\n<meta name=\"twitter:site\" content=\"@eldiario_net\" \/>\n<meta name=\"twitter:label1\" content=\"Escrito por\" \/>\n\t<meta name=\"twitter:data1\" content=\"Jeanette\" \/>\n\t<meta name=\"twitter:label2\" content=\"Tiempo de lectura\" \/>\n\t<meta name=\"twitter:data2\" content=\"1 minuto\" \/>\n<script type=\"application\/ld+json\" class=\"yoast-schema-graph\">{\"@context\":\"https:\\\/\\\/schema.org\",\"@graph\":[{\"@type\":\"Article\",\"@id\":\"https:\\\/\\\/www.eldiario.net\\\/portal\\\/2021\\\/06\\\/12\\\/diego-llorente-se-reincorpora-a-la-seleccion-espanola-tras-su-cuarto-negativo-en-pcr\\\/#article\",\"isPartOf\":{\"@id\":\"https:\\\/\\\/www.eldiario.net\\\/portal\\\/2021\\\/06\\\/12\\\/diego-llorente-se-reincorpora-a-la-seleccion-espanola-tras-su-cuarto-negativo-en-pcr\\\/\"},\"author\":{\"name\":\"Jeanette\",\"@id\":\"https:\\\/\\\/www.eldiario.net\\\/portal\\\/#\\\/schema\\\/person\\\/f46445640444750d7d753ccd04ae01b7\"},\"headline\":\"Diego Llorente se reincorpora a la selecci\u00f3n espa\u00f1ola tras su cuarto negativo en PCR\",\"datePublished\":\"2021-06-12T09:12:18+00:00\",\"mainEntityOfPage\":{\"@id\":\"https:\\\/\\\/www.eldiario.net\\\/portal\\\/2021\\\/06\\\/12\\\/diego-llorente-se-reincorpora-a-la-seleccion-espanola-tras-su-cuarto-negativo-en-pcr\\\/\"},\"wordCount\":151,\"publisher\":{\"@id\":\"https:\\\/\\\/www.eldiario.net\\\/portal\\\/#organization\"},\"image\":{\"@id\":\"https:\\\/\\\/www.eldiario.net\\\/portal\\\/2021\\\/06\\\/12\\\/diego-llorente-se-reincorpora-a-la-seleccion-espanola-tras-su-cuarto-negativo-en-pcr\\\/#primaryimage\"},\"thumbnailUrl\":\"\",\"articleSection\":[\"Deportes\"],\"inLanguage\":\"es\"},{\"@type\":\"WebPage\",\"@id\":\"https:\\\/\\\/www.eldiario.net\\\/portal\\\/2021\\\/06\\\/12\\\/diego-llorente-se-reincorpora-a-la-seleccion-espanola-tras-su-cuarto-negativo-en-pcr\\\/\",\"url\":\"https:\\\/\\\/www.eldiario.net\\\/portal\\\/2021\\\/06\\\/12\\\/diego-llorente-se-reincorpora-a-la-seleccion-espanola-tras-su-cuarto-negativo-en-pcr\\\/\",\"name\":\"Diego Llorente se reincorpora a la selecci\u00f3n espa\u00f1ola tras su cuarto negativo en PCR - El Diario - Bolivia\",\"isPartOf\":{\"@id\":\"https:\\\/\\\/www.eldiario.net\\\/portal\\\/#website\"},\"primaryImageOfPage\":{\"@id\":\"https:\\\/\\\/www.eldiario.net\\\/portal\\\/2021\\\/06\\\/12\\\/diego-llorente-se-reincorpora-a-la-seleccion-espanola-tras-su-cuarto-negativo-en-pcr\\\/#primaryimage\"},\"image\":{\"@id\":\"https:\\\/\\\/www.eldiario.net\\\/portal\\\/2021\\\/06\\\/12\\\/diego-llorente-se-reincorpora-a-la-seleccion-espanola-tras-su-cuarto-negativo-en-pcr\\\/#primaryimage\"},\"thumbnailUrl\":\"\",\"datePublished\":\"2021-06-12T09:12:18+00:00\",\"breadcrumb\":{\"@id\":\"https:\\\/\\\/www.eldiario.net\\\/portal\\\/2021\\\/06\\\/12\\\/diego-llorente-se-reincorpora-a-la-seleccion-espanola-tras-su-cuarto-negativo-en-pcr\\\/#breadcrumb\"},\"inLanguage\":\"es\",\"potentialAction\":[{\"@type\":\"ReadAction\",\"target\":[\"https:\\\/\\\/www.eldiario.net\\\/portal\\\/2021\\\/06\\\/12\\\/diego-llorente-se-reincorpora-a-la-seleccion-espanola-tras-su-cuarto-negativo-en-pcr\\\/\"]}]},{\"@type\":\"ImageObject\",\"inLanguage\":\"es\",\"@id\":\"https:\\\/\\\/www.eldiario.net\\\/portal\\\/2021\\\/06\\\/12\\\/diego-llorente-se-reincorpora-a-la-seleccion-espanola-tras-su-cuarto-negativo-en-pcr\\\/#primaryimage\",\"url\":\"\",\"contentUrl\":\"\"},{\"@type\":\"BreadcrumbList\",\"@id\":\"https:\\\/\\\/www.eldiario.net\\\/portal\\\/2021\\\/06\\\/12\\\/diego-llorente-se-reincorpora-a-la-seleccion-espanola-tras-su-cuarto-negativo-en-pcr\\\/#breadcrumb\",\"itemListElement\":[{\"@type\":\"ListItem\",\"position\":1,\"name\":\"Portada\",\"item\":\"https:\\\/\\\/www.eldiario.net\\\/portal\\\/\"},{\"@type\":\"ListItem\",\"position\":2,\"name\":\"Diego Llorente se reincorpora a la selecci\u00f3n espa\u00f1ola tras su cuarto negativo en PCR\"}]},{\"@type\":\"WebSite\",\"@id\":\"https:\\\/\\\/www.eldiario.net\\\/portal\\\/#website\",\"url\":\"https:\\\/\\\/www.eldiario.net\\\/portal\\\/\",\"name\":\"El Diario - Decano de la prensa nacional\",\"description\":\"El Diario - Decano de la prensa nacional\",\"publisher\":{\"@id\":\"https:\\\/\\\/www.eldiario.net\\\/portal\\\/#organization\"},\"potentialAction\":[{\"@type\":\"SearchAction\",\"target\":{\"@type\":\"EntryPoint\",\"urlTemplate\":\"https:\\\/\\\/www.eldiario.net\\\/portal\\\/?s={search_term_string}\"},\"query-input\":{\"@type\":\"PropertyValueSpecification\",\"valueRequired\":true,\"valueName\":\"search_term_string\"}}],\"inLanguage\":\"es\"},{\"@type\":\"Organization\",\"@id\":\"https:\\\/\\\/www.eldiario.net\\\/portal\\\/#organization\",\"name\":\"El Diario - Decano de la prensa nacional\",\"url\":\"https:\\\/\\\/www.eldiario.net\\\/portal\\\/\",\"logo\":{\"@type\":\"ImageObject\",\"inLanguage\":\"es\",\"@id\":\"https:\\\/\\\/www.eldiario.net\\\/portal\\\/#\\\/schema\\\/logo\\\/image\\\/\",\"url\":\"https:\\\/\\\/www.eldiario.net\\\/portal\\\/wp-content\\\/uploads\\\/2023\\\/07\\\/logo_ED.jpg\",\"contentUrl\":\"https:\\\/\\\/www.eldiario.net\\\/portal\\\/wp-content\\\/uploads\\\/2023\\\/07\\\/logo_ED.jpg\",\"width\":272,\"height\":52,\"caption\":\"El Diario - Decano de la prensa nacional\"},\"image\":{\"@id\":\"https:\\\/\\\/www.eldiario.net\\\/portal\\\/#\\\/schema\\\/logo\\\/image\\\/\"},\"sameAs\":[\"https:\\\/\\\/www.facebook.com\\\/eldiario.bolivia\\\/\",\"https:\\\/\\\/x.com\\\/eldiario_net\"]},{\"@type\":\"Person\",\"@id\":\"https:\\\/\\\/www.eldiario.net\\\/portal\\\/#\\\/schema\\\/person\\\/f46445640444750d7d753ccd04ae01b7\",\"name\":\"Jeanette\",\"image\":{\"@type\":\"ImageObject\",\"inLanguage\":\"es\",\"@id\":\"https:\\\/\\\/secure.gravatar.com\\\/avatar\\\/3ea2118a5f7dad2b7138b1187a6b7ee55f160b9968b66013c3a3ef39dd7e5798?s=96&d=mm&r=g\",\"url\":\"https:\\\/\\\/secure.gravatar.com\\\/avatar\\\/3ea2118a5f7dad2b7138b1187a6b7ee55f160b9968b66013c3a3ef39dd7e5798?s=96&d=mm&r=g\",\"contentUrl\":\"https:\\\/\\\/secure.gravatar.com\\\/avatar\\\/3ea2118a5f7dad2b7138b1187a6b7ee55f160b9968b66013c3a3ef39dd7e5798?s=96&d=mm&r=g\",\"caption\":\"Jeanette\"},\"sameAs\":[\"https:\\\/\\\/www.eldiario.net\\\/portal\"],\"url\":\"https:\\\/\\\/www.eldiario.net\\\/portal\\\/author\\\/jeanette\\\/\"}]}<\/script>\n<!-- \/ Yoast SEO plugin. -->","yoast_head_json":{"title":"Diego Llorente se reincorpora a la selecci\u00f3n espa\u00f1ola tras su cuarto negativo en PCR - El Diario - Bolivia","robots":{"index":"index","follow":"follow","max-snippet":"max-snippet:-1","max-image-preview":"max-image-preview:large","max-video-preview":"max-video-preview:-1"},"canonical":"https:\/\/www.eldiario.net\/portal\/2021\/06\/12\/diego-llorente-se-reincorpora-a-la-seleccion-espanola-tras-su-cuarto-negativo-en-pcr\/","og_locale":"es_ES","og_type":"article","og_title":"Diego Llorente se reincorpora a la selecci\u00f3n espa\u00f1ola tras su cuarto negativo en PCR - El Diario - Bolivia","og_description":"El defensa Diego Llorente se incorpor\u00f3 ayer a la concentraci\u00f3n de la selecci\u00f3n espa\u00f1ola en la Ciudad del F\u00fatbol de Las Rozas (Madrid), despu\u00e9s de tener la confirmaci\u00f3n de un cuarto resultado negativo seguido en pruebas PCR. \u201dDespu\u00e9s de dar positivo el pasado martes 8 de junio en un test PCR y abandonar la concentraci\u00f3n [&hellip;]","og_url":"https:\/\/www.eldiario.net\/portal\/2021\/06\/12\/diego-llorente-se-reincorpora-a-la-seleccion-espanola-tras-su-cuarto-negativo-en-pcr\/","og_site_name":"El Diario - Bolivia","article_publisher":"https:\/\/www.facebook.com\/eldiario.bolivia\/","article_published_time":"2021-06-12T09:12:18+00:00","author":"Jeanette","twitter_card":"summary_large_image","twitter_creator":"@eldiario_net","twitter_site":"@eldiario_net","twitter_misc":{"Escrito por":"Jeanette","Tiempo de lectura":"1 minuto"},"schema":{"@context":"https:\/\/schema.org","@graph":[{"@type":"Article","@id":"https:\/\/www.eldiario.net\/portal\/2021\/06\/12\/diego-llorente-se-reincorpora-a-la-seleccion-espanola-tras-su-cuarto-negativo-en-pcr\/#article","isPartOf":{"@id":"https:\/\/www.eldiario.net\/portal\/2021\/06\/12\/diego-llorente-se-reincorpora-a-la-seleccion-espanola-tras-su-cuarto-negativo-en-pcr\/"},"author":{"name":"Jeanette","@id":"https:\/\/www.eldiario.net\/portal\/#\/schema\/person\/f46445640444750d7d753ccd04ae01b7"},"headline":"Diego Llorente se reincorpora a la selecci\u00f3n espa\u00f1ola tras su cuarto negativo en PCR","datePublished":"2021-06-12T09:12:18+00:00","mainEntityOfPage":{"@id":"https:\/\/www.eldiario.net\/portal\/2021\/06\/12\/diego-llorente-se-reincorpora-a-la-seleccion-espanola-tras-su-cuarto-negativo-en-pcr\/"},"wordCount":151,"publisher":{"@id":"https:\/\/www.eldiario.net\/portal\/#organization"},"image":{"@id":"https:\/\/www.eldiario.net\/portal\/2021\/06\/12\/diego-llorente-se-reincorpora-a-la-seleccion-espanola-tras-su-cuarto-negativo-en-pcr\/#primaryimage"},"thumbnailUrl":"","articleSection":["Deportes"],"inLanguage":"es"},{"@type":"WebPage","@id":"https:\/\/www.eldiario.net\/portal\/2021\/06\/12\/diego-llorente-se-reincorpora-a-la-seleccion-espanola-tras-su-cuarto-negativo-en-pcr\/","url":"https:\/\/www.eldiario.net\/portal\/2021\/06\/12\/diego-llorente-se-reincorpora-a-la-seleccion-espanola-tras-su-cuarto-negativo-en-pcr\/","name":"Diego Llorente se reincorpora a la selecci\u00f3n espa\u00f1ola tras su cuarto negativo en PCR - El Diario - Bolivia","isPartOf":{"@id":"https:\/\/www.eldiario.net\/portal\/#website"},"primaryImageOfPage":{"@id":"https:\/\/www.eldiario.net\/portal\/2021\/06\/12\/diego-llorente-se-reincorpora-a-la-seleccion-espanola-tras-su-cuarto-negativo-en-pcr\/#primaryimage"},"image":{"@id":"https:\/\/www.eldiario.net\/portal\/2021\/06\/12\/diego-llorente-se-reincorpora-a-la-seleccion-espanola-tras-su-cuarto-negativo-en-pcr\/#primaryimage"},"thumbnailUrl":"","datePublished":"2021-06-12T09:12:18+00:00","breadcrumb":{"@id":"https:\/\/www.eldiario.net\/portal\/2021\/06\/12\/diego-llorente-se-reincorpora-a-la-seleccion-espanola-tras-su-cuarto-negativo-en-pcr\/#breadcrumb"},"inLanguage":"es","potentialAction":[{"@type":"ReadAction","target":["https:\/\/www.eldiario.net\/portal\/2021\/06\/12\/diego-llorente-se-reincorpora-a-la-seleccion-espanola-tras-su-cuarto-negativo-en-pcr\/"]}]},{"@type":"ImageObject","inLanguage":"es","@id":"https:\/\/www.eldiario.net\/portal\/2021\/06\/12\/diego-llorente-se-reincorpora-a-la-seleccion-espanola-tras-su-cuarto-negativo-en-pcr\/#primaryimage","url":"","contentUrl":""},{"@type":"BreadcrumbList","@id":"https:\/\/www.eldiario.net\/portal\/2021\/06\/12\/diego-llorente-se-reincorpora-a-la-seleccion-espanola-tras-su-cuarto-negativo-en-pcr\/#breadcrumb","itemListElement":[{"@type":"ListItem","position":1,"name":"Portada","item":"https:\/\/www.eldiario.net\/portal\/"},{"@type":"ListItem","position":2,"name":"Diego Llorente se reincorpora a la selecci\u00f3n espa\u00f1ola tras su cuarto negativo en PCR"}]},{"@type":"WebSite","@id":"https:\/\/www.eldiario.net\/portal\/#website","url":"https:\/\/www.eldiario.net\/portal\/","name":"El Diario - Decano de la prensa nacional","description":"El Diario - Decano de la prensa nacional","publisher":{"@id":"https:\/\/www.eldiario.net\/portal\/#organization"},"potentialAction":[{"@type":"SearchAction","target":{"@type":"EntryPoint","urlTemplate":"https:\/\/www.eldiario.net\/portal\/?s={search_term_string}"},"query-input":{"@type":"PropertyValueSpecification","valueRequired":true,"valueName":"search_term_string"}}],"inLanguage":"es"},{"@type":"Organization","@id":"https:\/\/www.eldiario.net\/portal\/#organization","name":"El Diario - Decano de la prensa nacional","url":"https:\/\/www.eldiario.net\/portal\/","logo":{"@type":"ImageObject","inLanguage":"es","@id":"https:\/\/www.eldiario.net\/portal\/#\/schema\/logo\/image\/","url":"https:\/\/www.eldiario.net\/portal\/wp-content\/uploads\/2023\/07\/logo_ED.jpg","contentUrl":"https:\/\/www.eldiario.net\/portal\/wp-content\/uploads\/2023\/07\/logo_ED.jpg","width":272,"height":52,"caption":"El Diario - Decano de la prensa nacional"},"image":{"@id":"https:\/\/www.eldiario.net\/portal\/#\/schema\/logo\/image\/"},"sameAs":["https:\/\/www.facebook.com\/eldiario.bolivia\/","https:\/\/x.com\/eldiario_net"]},{"@type":"Person","@id":"https:\/\/www.eldiario.net\/portal\/#\/schema\/person\/f46445640444750d7d753ccd04ae01b7","name":"Jeanette","image":{"@type":"ImageObject","inLanguage":"es","@id":"https:\/\/secure.gravatar.com\/avatar\/3ea2118a5f7dad2b7138b1187a6b7ee55f160b9968b66013c3a3ef39dd7e5798?s=96&d=mm&r=g","url":"https:\/\/secure.gravatar.com\/avatar\/3ea2118a5f7dad2b7138b1187a6b7ee55f160b9968b66013c3a3ef39dd7e5798?s=96&d=mm&r=g","contentUrl":"https:\/\/secure.gravatar.com\/avatar\/3ea2118a5f7dad2b7138b1187a6b7ee55f160b9968b66013c3a3ef39dd7e5798?s=96&d=mm&r=g","caption":"Jeanette"},"sameAs":["https:\/\/www.eldiario.net\/portal"],"url":"https:\/\/www.eldiario.net\/portal\/author\/jeanette\/"}]}},"_links":{"self":[{"href":"https:\/\/www.eldiario.net\/portal\/wp-json\/wp\/v2\/posts\/9756","targetHints":{"allow":["GET"]}}],"collection":[{"href":"https:\/\/www.eldiario.net\/portal\/wp-json\/wp\/v2\/posts"}],"about":[{"href":"https:\/\/www.eldiario.net\/portal\/wp-json\/wp\/v2\/types\/post"}],"author":[{"embeddable":true,"href":"https:\/\/www.eldiario.net\/portal\/wp-json\/wp\/v2\/users\/1"}],"replies":[{"embeddable":true,"href":"https:\/\/www.eldiario.net\/portal\/wp-json\/wp\/v2\/comments?post=9756"}],"version-history":[{"count":0,"href":"https:\/\/www.eldiario.net\/portal\/wp-json\/wp\/v2\/posts\/9756\/revisions"}],"wp:attachment":[{"href":"https:\/\/www.eldiario.net\/portal\/wp-json\/wp\/v2\/media?parent=9756"}],"wp:term":[{"taxonomy":"category","embeddable":true,"href":"https:\/\/www.eldiario.net\/portal\/wp-json\/wp\/v2\/categories?post=9756"},{"taxonomy":"post_tag","embeddable":true,"href":"https:\/\/www.eldiario.net\/portal\/wp-json\/wp\/v2\/tags?post=9756"}],"curies":[{"name":"wp","href":"https:\/\/api.w.org\/{rel}","templated":true}]}}