{"id":9754,"date":"2021-06-12T05:11:25","date_gmt":"2021-06-12T09:11:25","guid":{"rendered":"https:\/\/www.eldiario.net\/portal\/?p=9754"},"modified":"2021-06-12T05:11:25","modified_gmt":"2021-06-12T09:11:25","slug":"bale-afirma-que-tiene-confianza-en-su-futuro-y-en-la-eurocopa-con-su-seleccion","status":"publish","type":"post","link":"https:\/\/www.eldiario.net\/portal\/2021\/06\/12\/bale-afirma-que-tiene-confianza-en-su-futuro-y-en-la-eurocopa-con-su-seleccion\/","title":{"rendered":"Bale afirma que tiene confianza en su futuro y en la Eurocopa con su selecci\u00f3n"},"content":{"rendered":"<p>Gareth Bale, futbolista de Gales, asegur\u00f3 ayer en rueda de prensa que a lo largo de la temporada ha ido \u201ca m\u00e1s\u201d y record\u00f3 que termin\u00f3 el curso en el Tottenham marcando goles.<br \/>\nPese a no ser titular indiscutible en el conjunto londinense, Bale firm\u00f3 16 tantos, una cifra respetable para quien es todav\u00eda futbolista del Real Madrid.<br \/>\n\u201cNo me preocupa no hacer gol. Claro que quiero marcar, pero he dado seis o siete asistencias. Pero si doy asistencias o creo ocasiones, no me preocupa. Me siento bien y fresco. Cada partido he ido a m\u00e1s y he hecho goles en el \u00faltimo tramo de la Premier League\u201d, record\u00f3<br \/>\nPor otro lado, Bale afirm\u00f3 que su selecci\u00f3n (que jugar\u00e1 hoy desde las 09.00 HB ante Suiza por el Grupo \u201cA\u201d) ha jugado de muchas maneras distintas en la fase de clasificaci\u00f3n para la Eurocopa \u201cNos emociona el debut y nos hemos preparado bien. Sabemos que estamos en un grupo complicado, pero tenemos la misma mentalidad de siempre\u201d, recalc\u00f3 Bale.<\/p>\n","protected":false},"excerpt":{"rendered":"<p>Gareth Bale, futbolista de Gales, asegur\u00f3 ayer en rueda de prensa que a lo largo de la temporada ha ido \u201ca m\u00e1s\u201d y record\u00f3 que termin\u00f3 el curso en el Tottenham marcando goles. Pese a no ser titular indiscutible en el conjunto londinense, Bale firm\u00f3 16 tantos, una cifra respetable para quien es todav\u00eda futbolista [&hellip;]<\/p>\n","protected":false},"author":1,"featured_media":0,"comment_status":"closed","ping_status":"closed","sticky":false,"template":"","format":"standard","meta":{"_acf_changed":false,"footnotes":""},"categories":[6],"tags":[],"class_list":["post-9754","post","type-post","status-publish","format-standard","category-deportes"],"acf":{"antetitulo":""},"yoast_head":"<!-- This site is optimized with the Yoast SEO plugin v28.3 - https:\/\/yoast.com\/product\/yoast-seo-wordpress\/ -->\n<title>Bale afirma que tiene confianza en su futuro y en la Eurocopa con su selecci\u00f3n - El Diario - Bolivia<\/title>\n<meta name=\"robots\" content=\"index, follow, max-snippet:-1, max-image-preview:large, max-video-preview:-1\" \/>\n<link rel=\"canonical\" href=\"https:\/\/www.eldiario.net\/portal\/2021\/06\/12\/bale-afirma-que-tiene-confianza-en-su-futuro-y-en-la-eurocopa-con-su-seleccion\/\" \/>\n<meta property=\"og:locale\" content=\"es_ES\" \/>\n<meta property=\"og:type\" content=\"article\" \/>\n<meta property=\"og:title\" content=\"Bale afirma que tiene confianza en su futuro y en la Eurocopa con su selecci\u00f3n - El Diario - Bolivia\" \/>\n<meta property=\"og:description\" content=\"Gareth Bale, futbolista de Gales, asegur\u00f3 ayer en rueda de prensa que a lo largo de la temporada ha ido \u201ca m\u00e1s\u201d y record\u00f3 que termin\u00f3 el curso en el Tottenham marcando goles. Pese a no ser titular indiscutible en el conjunto londinense, Bale firm\u00f3 16 tantos, una cifra respetable para quien es todav\u00eda futbolista [&hellip;]\" \/>\n<meta property=\"og:url\" content=\"https:\/\/www.eldiario.net\/portal\/2021\/06\/12\/bale-afirma-que-tiene-confianza-en-su-futuro-y-en-la-eurocopa-con-su-seleccion\/\" \/>\n<meta property=\"og:site_name\" content=\"El Diario - Bolivia\" \/>\n<meta property=\"article:publisher\" content=\"https:\/\/www.facebook.com\/eldiario.bolivia\/\" \/>\n<meta property=\"article:published_time\" content=\"2021-06-12T09:11:25+00:00\" \/>\n<meta name=\"author\" content=\"Jeanette\" \/>\n<meta name=\"twitter:card\" content=\"summary_large_image\" \/>\n<meta name=\"twitter:creator\" content=\"@eldiario_net\" \/>\n<meta name=\"twitter:site\" content=\"@eldiario_net\" \/>\n<meta name=\"twitter:label1\" content=\"Escrito por\" \/>\n\t<meta name=\"twitter:data1\" content=\"Jeanette\" \/>\n\t<meta name=\"twitter:label2\" content=\"Tiempo de lectura\" \/>\n\t<meta name=\"twitter:data2\" content=\"1 minuto\" \/>\n<script type=\"application\/ld+json\" class=\"yoast-schema-graph\">{\"@context\":\"https:\\\/\\\/schema.org\",\"@graph\":[{\"@type\":\"Article\",\"@id\":\"https:\\\/\\\/www.eldiario.net\\\/portal\\\/2021\\\/06\\\/12\\\/bale-afirma-que-tiene-confianza-en-su-futuro-y-en-la-eurocopa-con-su-seleccion\\\/#article\",\"isPartOf\":{\"@id\":\"https:\\\/\\\/www.eldiario.net\\\/portal\\\/2021\\\/06\\\/12\\\/bale-afirma-que-tiene-confianza-en-su-futuro-y-en-la-eurocopa-con-su-seleccion\\\/\"},\"author\":{\"name\":\"Jeanette\",\"@id\":\"https:\\\/\\\/www.eldiario.net\\\/portal\\\/#\\\/schema\\\/person\\\/f46445640444750d7d753ccd04ae01b7\"},\"headline\":\"Bale afirma que tiene confianza en su futuro y en la Eurocopa con su selecci\u00f3n\",\"datePublished\":\"2021-06-12T09:11:25+00:00\",\"mainEntityOfPage\":{\"@id\":\"https:\\\/\\\/www.eldiario.net\\\/portal\\\/2021\\\/06\\\/12\\\/bale-afirma-que-tiene-confianza-en-su-futuro-y-en-la-eurocopa-con-su-seleccion\\\/\"},\"wordCount\":188,\"publisher\":{\"@id\":\"https:\\\/\\\/www.eldiario.net\\\/portal\\\/#organization\"},\"articleSection\":[\"Deportes\"],\"inLanguage\":\"es\"},{\"@type\":\"WebPage\",\"@id\":\"https:\\\/\\\/www.eldiario.net\\\/portal\\\/2021\\\/06\\\/12\\\/bale-afirma-que-tiene-confianza-en-su-futuro-y-en-la-eurocopa-con-su-seleccion\\\/\",\"url\":\"https:\\\/\\\/www.eldiario.net\\\/portal\\\/2021\\\/06\\\/12\\\/bale-afirma-que-tiene-confianza-en-su-futuro-y-en-la-eurocopa-con-su-seleccion\\\/\",\"name\":\"Bale afirma que tiene confianza en su futuro y en la Eurocopa con su selecci\u00f3n - El Diario - Bolivia\",\"isPartOf\":{\"@id\":\"https:\\\/\\\/www.eldiario.net\\\/portal\\\/#website\"},\"datePublished\":\"2021-06-12T09:11:25+00:00\",\"breadcrumb\":{\"@id\":\"https:\\\/\\\/www.eldiario.net\\\/portal\\\/2021\\\/06\\\/12\\\/bale-afirma-que-tiene-confianza-en-su-futuro-y-en-la-eurocopa-con-su-seleccion\\\/#breadcrumb\"},\"inLanguage\":\"es\",\"potentialAction\":[{\"@type\":\"ReadAction\",\"target\":[\"https:\\\/\\\/www.eldiario.net\\\/portal\\\/2021\\\/06\\\/12\\\/bale-afirma-que-tiene-confianza-en-su-futuro-y-en-la-eurocopa-con-su-seleccion\\\/\"]}]},{\"@type\":\"BreadcrumbList\",\"@id\":\"https:\\\/\\\/www.eldiario.net\\\/portal\\\/2021\\\/06\\\/12\\\/bale-afirma-que-tiene-confianza-en-su-futuro-y-en-la-eurocopa-con-su-seleccion\\\/#breadcrumb\",\"itemListElement\":[{\"@type\":\"ListItem\",\"position\":1,\"name\":\"Portada\",\"item\":\"https:\\\/\\\/www.eldiario.net\\\/portal\\\/\"},{\"@type\":\"ListItem\",\"position\":2,\"name\":\"Bale afirma que tiene confianza en su futuro y en la Eurocopa con su selecci\u00f3n\"}]},{\"@type\":\"WebSite\",\"@id\":\"https:\\\/\\\/www.eldiario.net\\\/portal\\\/#website\",\"url\":\"https:\\\/\\\/www.eldiario.net\\\/portal\\\/\",\"name\":\"El Diario - Decano de la prensa nacional\",\"description\":\"El Diario - Decano de la prensa nacional\",\"publisher\":{\"@id\":\"https:\\\/\\\/www.eldiario.net\\\/portal\\\/#organization\"},\"potentialAction\":[{\"@type\":\"SearchAction\",\"target\":{\"@type\":\"EntryPoint\",\"urlTemplate\":\"https:\\\/\\\/www.eldiario.net\\\/portal\\\/?s={search_term_string}\"},\"query-input\":{\"@type\":\"PropertyValueSpecification\",\"valueRequired\":true,\"valueName\":\"search_term_string\"}}],\"inLanguage\":\"es\"},{\"@type\":\"Organization\",\"@id\":\"https:\\\/\\\/www.eldiario.net\\\/portal\\\/#organization\",\"name\":\"El Diario - Decano de la prensa nacional\",\"url\":\"https:\\\/\\\/www.eldiario.net\\\/portal\\\/\",\"logo\":{\"@type\":\"ImageObject\",\"inLanguage\":\"es\",\"@id\":\"https:\\\/\\\/www.eldiario.net\\\/portal\\\/#\\\/schema\\\/logo\\\/image\\\/\",\"url\":\"https:\\\/\\\/www.eldiario.net\\\/portal\\\/wp-content\\\/uploads\\\/2023\\\/07\\\/logo_ED.jpg\",\"contentUrl\":\"https:\\\/\\\/www.eldiario.net\\\/portal\\\/wp-content\\\/uploads\\\/2023\\\/07\\\/logo_ED.jpg\",\"width\":272,\"height\":52,\"caption\":\"El Diario - Decano de la prensa nacional\"},\"image\":{\"@id\":\"https:\\\/\\\/www.eldiario.net\\\/portal\\\/#\\\/schema\\\/logo\\\/image\\\/\"},\"sameAs\":[\"https:\\\/\\\/www.facebook.com\\\/eldiario.bolivia\\\/\",\"https:\\\/\\\/x.com\\\/eldiario_net\"]},{\"@type\":\"Person\",\"@id\":\"https:\\\/\\\/www.eldiario.net\\\/portal\\\/#\\\/schema\\\/person\\\/f46445640444750d7d753ccd04ae01b7\",\"name\":\"Jeanette\",\"image\":{\"@type\":\"ImageObject\",\"inLanguage\":\"es\",\"@id\":\"https:\\\/\\\/secure.gravatar.com\\\/avatar\\\/3ea2118a5f7dad2b7138b1187a6b7ee55f160b9968b66013c3a3ef39dd7e5798?s=96&d=mm&r=g\",\"url\":\"https:\\\/\\\/secure.gravatar.com\\\/avatar\\\/3ea2118a5f7dad2b7138b1187a6b7ee55f160b9968b66013c3a3ef39dd7e5798?s=96&d=mm&r=g\",\"contentUrl\":\"https:\\\/\\\/secure.gravatar.com\\\/avatar\\\/3ea2118a5f7dad2b7138b1187a6b7ee55f160b9968b66013c3a3ef39dd7e5798?s=96&d=mm&r=g\",\"caption\":\"Jeanette\"},\"sameAs\":[\"https:\\\/\\\/www.eldiario.net\\\/portal\"],\"url\":\"https:\\\/\\\/www.eldiario.net\\\/portal\\\/author\\\/jeanette\\\/\"}]}<\/script>\n<!-- \/ Yoast SEO plugin. -->","yoast_head_json":{"title":"Bale afirma que tiene confianza en su futuro y en la Eurocopa con su selecci\u00f3n - El Diario - Bolivia","robots":{"index":"index","follow":"follow","max-snippet":"max-snippet:-1","max-image-preview":"max-image-preview:large","max-video-preview":"max-video-preview:-1"},"canonical":"https:\/\/www.eldiario.net\/portal\/2021\/06\/12\/bale-afirma-que-tiene-confianza-en-su-futuro-y-en-la-eurocopa-con-su-seleccion\/","og_locale":"es_ES","og_type":"article","og_title":"Bale afirma que tiene confianza en su futuro y en la Eurocopa con su selecci\u00f3n - El Diario - Bolivia","og_description":"Gareth Bale, futbolista de Gales, asegur\u00f3 ayer en rueda de prensa que a lo largo de la temporada ha ido \u201ca m\u00e1s\u201d y record\u00f3 que termin\u00f3 el curso en el Tottenham marcando goles. Pese a no ser titular indiscutible en el conjunto londinense, Bale firm\u00f3 16 tantos, una cifra respetable para quien es todav\u00eda futbolista [&hellip;]","og_url":"https:\/\/www.eldiario.net\/portal\/2021\/06\/12\/bale-afirma-que-tiene-confianza-en-su-futuro-y-en-la-eurocopa-con-su-seleccion\/","og_site_name":"El Diario - Bolivia","article_publisher":"https:\/\/www.facebook.com\/eldiario.bolivia\/","article_published_time":"2021-06-12T09:11:25+00:00","author":"Jeanette","twitter_card":"summary_large_image","twitter_creator":"@eldiario_net","twitter_site":"@eldiario_net","twitter_misc":{"Escrito por":"Jeanette","Tiempo de lectura":"1 minuto"},"schema":{"@context":"https:\/\/schema.org","@graph":[{"@type":"Article","@id":"https:\/\/www.eldiario.net\/portal\/2021\/06\/12\/bale-afirma-que-tiene-confianza-en-su-futuro-y-en-la-eurocopa-con-su-seleccion\/#article","isPartOf":{"@id":"https:\/\/www.eldiario.net\/portal\/2021\/06\/12\/bale-afirma-que-tiene-confianza-en-su-futuro-y-en-la-eurocopa-con-su-seleccion\/"},"author":{"name":"Jeanette","@id":"https:\/\/www.eldiario.net\/portal\/#\/schema\/person\/f46445640444750d7d753ccd04ae01b7"},"headline":"Bale afirma que tiene confianza en su futuro y en la Eurocopa con su selecci\u00f3n","datePublished":"2021-06-12T09:11:25+00:00","mainEntityOfPage":{"@id":"https:\/\/www.eldiario.net\/portal\/2021\/06\/12\/bale-afirma-que-tiene-confianza-en-su-futuro-y-en-la-eurocopa-con-su-seleccion\/"},"wordCount":188,"publisher":{"@id":"https:\/\/www.eldiario.net\/portal\/#organization"},"articleSection":["Deportes"],"inLanguage":"es"},{"@type":"WebPage","@id":"https:\/\/www.eldiario.net\/portal\/2021\/06\/12\/bale-afirma-que-tiene-confianza-en-su-futuro-y-en-la-eurocopa-con-su-seleccion\/","url":"https:\/\/www.eldiario.net\/portal\/2021\/06\/12\/bale-afirma-que-tiene-confianza-en-su-futuro-y-en-la-eurocopa-con-su-seleccion\/","name":"Bale afirma que tiene confianza en su futuro y en la Eurocopa con su selecci\u00f3n - El Diario - Bolivia","isPartOf":{"@id":"https:\/\/www.eldiario.net\/portal\/#website"},"datePublished":"2021-06-12T09:11:25+00:00","breadcrumb":{"@id":"https:\/\/www.eldiario.net\/portal\/2021\/06\/12\/bale-afirma-que-tiene-confianza-en-su-futuro-y-en-la-eurocopa-con-su-seleccion\/#breadcrumb"},"inLanguage":"es","potentialAction":[{"@type":"ReadAction","target":["https:\/\/www.eldiario.net\/portal\/2021\/06\/12\/bale-afirma-que-tiene-confianza-en-su-futuro-y-en-la-eurocopa-con-su-seleccion\/"]}]},{"@type":"BreadcrumbList","@id":"https:\/\/www.eldiario.net\/portal\/2021\/06\/12\/bale-afirma-que-tiene-confianza-en-su-futuro-y-en-la-eurocopa-con-su-seleccion\/#breadcrumb","itemListElement":[{"@type":"ListItem","position":1,"name":"Portada","item":"https:\/\/www.eldiario.net\/portal\/"},{"@type":"ListItem","position":2,"name":"Bale afirma que tiene confianza en su futuro y en la Eurocopa con su selecci\u00f3n"}]},{"@type":"WebSite","@id":"https:\/\/www.eldiario.net\/portal\/#website","url":"https:\/\/www.eldiario.net\/portal\/","name":"El Diario - Decano de la prensa nacional","description":"El Diario - Decano de la prensa nacional","publisher":{"@id":"https:\/\/www.eldiario.net\/portal\/#organization"},"potentialAction":[{"@type":"SearchAction","target":{"@type":"EntryPoint","urlTemplate":"https:\/\/www.eldiario.net\/portal\/?s={search_term_string}"},"query-input":{"@type":"PropertyValueSpecification","valueRequired":true,"valueName":"search_term_string"}}],"inLanguage":"es"},{"@type":"Organization","@id":"https:\/\/www.eldiario.net\/portal\/#organization","name":"El Diario - Decano de la prensa nacional","url":"https:\/\/www.eldiario.net\/portal\/","logo":{"@type":"ImageObject","inLanguage":"es","@id":"https:\/\/www.eldiario.net\/portal\/#\/schema\/logo\/image\/","url":"https:\/\/www.eldiario.net\/portal\/wp-content\/uploads\/2023\/07\/logo_ED.jpg","contentUrl":"https:\/\/www.eldiario.net\/portal\/wp-content\/uploads\/2023\/07\/logo_ED.jpg","width":272,"height":52,"caption":"El Diario - Decano de la prensa nacional"},"image":{"@id":"https:\/\/www.eldiario.net\/portal\/#\/schema\/logo\/image\/"},"sameAs":["https:\/\/www.facebook.com\/eldiario.bolivia\/","https:\/\/x.com\/eldiario_net"]},{"@type":"Person","@id":"https:\/\/www.eldiario.net\/portal\/#\/schema\/person\/f46445640444750d7d753ccd04ae01b7","name":"Jeanette","image":{"@type":"ImageObject","inLanguage":"es","@id":"https:\/\/secure.gravatar.com\/avatar\/3ea2118a5f7dad2b7138b1187a6b7ee55f160b9968b66013c3a3ef39dd7e5798?s=96&d=mm&r=g","url":"https:\/\/secure.gravatar.com\/avatar\/3ea2118a5f7dad2b7138b1187a6b7ee55f160b9968b66013c3a3ef39dd7e5798?s=96&d=mm&r=g","contentUrl":"https:\/\/secure.gravatar.com\/avatar\/3ea2118a5f7dad2b7138b1187a6b7ee55f160b9968b66013c3a3ef39dd7e5798?s=96&d=mm&r=g","caption":"Jeanette"},"sameAs":["https:\/\/www.eldiario.net\/portal"],"url":"https:\/\/www.eldiario.net\/portal\/author\/jeanette\/"}]}},"_links":{"self":[{"href":"https:\/\/www.eldiario.net\/portal\/wp-json\/wp\/v2\/posts\/9754","targetHints":{"allow":["GET"]}}],"collection":[{"href":"https:\/\/www.eldiario.net\/portal\/wp-json\/wp\/v2\/posts"}],"about":[{"href":"https:\/\/www.eldiario.net\/portal\/wp-json\/wp\/v2\/types\/post"}],"author":[{"embeddable":true,"href":"https:\/\/www.eldiario.net\/portal\/wp-json\/wp\/v2\/users\/1"}],"replies":[{"embeddable":true,"href":"https:\/\/www.eldiario.net\/portal\/wp-json\/wp\/v2\/comments?post=9754"}],"version-history":[{"count":0,"href":"https:\/\/www.eldiario.net\/portal\/wp-json\/wp\/v2\/posts\/9754\/revisions"}],"wp:attachment":[{"href":"https:\/\/www.eldiario.net\/portal\/wp-json\/wp\/v2\/media?parent=9754"}],"wp:term":[{"taxonomy":"category","embeddable":true,"href":"https:\/\/www.eldiario.net\/portal\/wp-json\/wp\/v2\/categories?post=9754"},{"taxonomy":"post_tag","embeddable":true,"href":"https:\/\/www.eldiario.net\/portal\/wp-json\/wp\/v2\/tags?post=9754"}],"curies":[{"name":"wp","href":"https:\/\/api.w.org\/{rel}","templated":true}]}}