{"id":9751,"date":"2021-06-11T17:08:33","date_gmt":"2021-06-11T21:08:33","guid":{"rendered":"https:\/\/www.eldiario.net\/portal\/?p=9751"},"modified":"2021-06-11T17:08:33","modified_gmt":"2021-06-11T21:08:33","slug":"policia-fallecio-victima-de-covid-19-aislado-y-sin-auxilio","status":"publish","type":"post","link":"https:\/\/www.eldiario.net\/portal\/2021\/06\/11\/policia-fallecio-victima-de-covid-19-aislado-y-sin-auxilio\/","title":{"rendered":"Polic\u00eda falleci\u00f3 v\u00edctima de Covid-19, aislado y sin auxilio"},"content":{"rendered":"<p>El suboficial de Polic\u00eda, V\u00edctor Monta\u00f1o Paticollo, muri\u00f3 ayer v\u00edctima del Covid-19, luego de haber sido trasladado a cumplir funciones en Tarija, donde no recibi\u00f3 atenci\u00f3n adecuada pese a sus s\u00faplicas al comando superior.<\/p>\n<p>El polic\u00eda que trabajaba en Cochabamba fue destinado a Tarija en pleno ascenso de la pandemia y con diabetes, que es una enfermedad de base. Cuando se confirm\u00f3 el diagn\u00f3stico de Covid-19 fue llevado a una posta fr\u00eda donde ni siquiera contaba con agua caliente.<\/p>\n<p>\u201cAc\u00e1 estoy botado, solo, aislado, deber\u00edan atendernos\u201d, dijo compungido y con dificultad para respirar, luego de ser recluido en la denominada \u201cguarder\u00eda\u201d policial.<\/p>\n<p>En otro clip le pide llorando a su comandante, poder volver a ver a su familia y a sus hijos. \u201cYo no he hecho da\u00f1o a nadie, m\u00e1s al contrario yo he hecho mi trabajo bien, por qu\u00e9 me han cambiado, ya he estado dos a\u00f1os en Beni, ahora dos a\u00f1os m\u00e1s en Tarija, no mi coronel\u201d.<\/p>\n<p>La activista y exdirigente de las esposas de polic\u00edas, Guadalupe C\u00e1rdenas, denunci\u00f3 el hecho y responsabiliz\u00f3 a los comandantes departamentales, coronel Johnny Corrales de Cochabamba y coronel Sadid \u00c1vila de Tarija, porque actuaron contra el suboficial por haber sido parte de los movimientos de noviembre de 2019.<\/p>\n<p>\u201cEste coronel Corrales un sanguinario que no le import\u00f3 que el suboficial Monta\u00f1o ten\u00eda una enfermedad de base igual lo destin\u00f3 a Tarija y todo porque el 2019 estuvo con su pueblo, y el de Tarija lo envi\u00f3 a la guarder\u00eda sin que hubiera m\u00e9dicos y alguna persona que lo atendiera por el Covid-19\u201d, dijo C\u00e1rdenas.<\/p>\n<p>La activista es Embajadora de los Derechos Humanos Mundial y public\u00f3 los informes m\u00e9dicos de la Unidad de Medicina del Trabajo Regional Cochabamba, que aconsejaban mantener en un lugar a Monta\u00f1o, con la precauci\u00f3n requerida por su condici\u00f3n de diab\u00e9tico e hipertenso. (Visor Bolivia)<\/p>\n","protected":false},"excerpt":{"rendered":"<p>El suboficial de Polic\u00eda, V\u00edctor Monta\u00f1o Paticollo, muri\u00f3 ayer v\u00edctima del Covid-19, luego de haber sido trasladado a cumplir funciones en Tarija, donde no recibi\u00f3 atenci\u00f3n adecuada pese a sus s\u00faplicas al comando superior. El polic\u00eda que trabajaba en Cochabamba fue destinado a Tarija en pleno ascenso de la pandemia y con diabetes, que es [&hellip;]<\/p>\n","protected":false},"author":2,"featured_media":9752,"comment_status":"closed","ping_status":"closed","sticky":false,"template":"","format":"standard","meta":{"_acf_changed":false,"footnotes":""},"categories":[39],"tags":[],"class_list":["post-9751","post","type-post","status-publish","format-standard","has-post-thumbnail","category-sociedad"],"acf":{"antetitulo":""},"yoast_head":"<!-- This site is optimized with the Yoast SEO plugin v28.3 - https:\/\/yoast.com\/product\/yoast-seo-wordpress\/ -->\n<title>Polic\u00eda falleci\u00f3 v\u00edctima de Covid-19, aislado y sin auxilio - El Diario - Bolivia<\/title>\n<meta name=\"robots\" content=\"index, follow, max-snippet:-1, max-image-preview:large, max-video-preview:-1\" \/>\n<link rel=\"canonical\" href=\"https:\/\/www.eldiario.net\/portal\/2021\/06\/11\/policia-fallecio-victima-de-covid-19-aislado-y-sin-auxilio\/\" \/>\n<meta property=\"og:locale\" content=\"es_ES\" \/>\n<meta property=\"og:type\" content=\"article\" \/>\n<meta property=\"og:title\" content=\"Polic\u00eda falleci\u00f3 v\u00edctima de Covid-19, aislado y sin auxilio - El Diario - Bolivia\" \/>\n<meta property=\"og:description\" content=\"El suboficial de Polic\u00eda, V\u00edctor Monta\u00f1o Paticollo, muri\u00f3 ayer v\u00edctima del Covid-19, luego de haber sido trasladado a cumplir funciones en Tarija, donde no recibi\u00f3 atenci\u00f3n adecuada pese a sus s\u00faplicas al comando superior. El polic\u00eda que trabajaba en Cochabamba fue destinado a Tarija en pleno ascenso de la pandemia y con diabetes, que es [&hellip;]\" \/>\n<meta property=\"og:url\" content=\"https:\/\/www.eldiario.net\/portal\/2021\/06\/11\/policia-fallecio-victima-de-covid-19-aislado-y-sin-auxilio\/\" \/>\n<meta property=\"og:site_name\" content=\"El Diario - Bolivia\" \/>\n<meta property=\"article:publisher\" content=\"https:\/\/www.facebook.com\/eldiario.bolivia\/\" \/>\n<meta property=\"article:published_time\" content=\"2021-06-11T21:08:33+00:00\" \/>\n<meta name=\"author\" content=\"luis Camacho\" \/>\n<meta name=\"twitter:card\" content=\"summary_large_image\" \/>\n<meta name=\"twitter:creator\" content=\"@eldiario_net\" \/>\n<meta name=\"twitter:site\" content=\"@eldiario_net\" \/>\n<meta name=\"twitter:label1\" content=\"Escrito por\" \/>\n\t<meta name=\"twitter:data1\" content=\"luis Camacho\" \/>\n\t<meta name=\"twitter:label2\" content=\"Tiempo de lectura\" \/>\n\t<meta name=\"twitter:data2\" content=\"2 minutos\" \/>\n<script type=\"application\/ld+json\" class=\"yoast-schema-graph\">{\"@context\":\"https:\\\/\\\/schema.org\",\"@graph\":[{\"@type\":\"Article\",\"@id\":\"https:\\\/\\\/www.eldiario.net\\\/portal\\\/2021\\\/06\\\/11\\\/policia-fallecio-victima-de-covid-19-aislado-y-sin-auxilio\\\/#article\",\"isPartOf\":{\"@id\":\"https:\\\/\\\/www.eldiario.net\\\/portal\\\/2021\\\/06\\\/11\\\/policia-fallecio-victima-de-covid-19-aislado-y-sin-auxilio\\\/\"},\"author\":{\"name\":\"luis Camacho\",\"@id\":\"https:\\\/\\\/www.eldiario.net\\\/portal\\\/#\\\/schema\\\/person\\\/cab1ae4db27e5f008a62cbffb05fbfee\"},\"headline\":\"Polic\u00eda falleci\u00f3 v\u00edctima de Covid-19, aislado y sin auxilio\",\"datePublished\":\"2021-06-11T21:08:33+00:00\",\"mainEntityOfPage\":{\"@id\":\"https:\\\/\\\/www.eldiario.net\\\/portal\\\/2021\\\/06\\\/11\\\/policia-fallecio-victima-de-covid-19-aislado-y-sin-auxilio\\\/\"},\"wordCount\":343,\"publisher\":{\"@id\":\"https:\\\/\\\/www.eldiario.net\\\/portal\\\/#organization\"},\"image\":{\"@id\":\"https:\\\/\\\/www.eldiario.net\\\/portal\\\/2021\\\/06\\\/11\\\/policia-fallecio-victima-de-covid-19-aislado-y-sin-auxilio\\\/#primaryimage\"},\"thumbnailUrl\":\"\",\"articleSection\":[\"Sociedad - Seguridad\"],\"inLanguage\":\"es\"},{\"@type\":\"WebPage\",\"@id\":\"https:\\\/\\\/www.eldiario.net\\\/portal\\\/2021\\\/06\\\/11\\\/policia-fallecio-victima-de-covid-19-aislado-y-sin-auxilio\\\/\",\"url\":\"https:\\\/\\\/www.eldiario.net\\\/portal\\\/2021\\\/06\\\/11\\\/policia-fallecio-victima-de-covid-19-aislado-y-sin-auxilio\\\/\",\"name\":\"Polic\u00eda falleci\u00f3 v\u00edctima de Covid-19, aislado y sin auxilio - El Diario - Bolivia\",\"isPartOf\":{\"@id\":\"https:\\\/\\\/www.eldiario.net\\\/portal\\\/#website\"},\"primaryImageOfPage\":{\"@id\":\"https:\\\/\\\/www.eldiario.net\\\/portal\\\/2021\\\/06\\\/11\\\/policia-fallecio-victima-de-covid-19-aislado-y-sin-auxilio\\\/#primaryimage\"},\"image\":{\"@id\":\"https:\\\/\\\/www.eldiario.net\\\/portal\\\/2021\\\/06\\\/11\\\/policia-fallecio-victima-de-covid-19-aislado-y-sin-auxilio\\\/#primaryimage\"},\"thumbnailUrl\":\"\",\"datePublished\":\"2021-06-11T21:08:33+00:00\",\"breadcrumb\":{\"@id\":\"https:\\\/\\\/www.eldiario.net\\\/portal\\\/2021\\\/06\\\/11\\\/policia-fallecio-victima-de-covid-19-aislado-y-sin-auxilio\\\/#breadcrumb\"},\"inLanguage\":\"es\",\"potentialAction\":[{\"@type\":\"ReadAction\",\"target\":[\"https:\\\/\\\/www.eldiario.net\\\/portal\\\/2021\\\/06\\\/11\\\/policia-fallecio-victima-de-covid-19-aislado-y-sin-auxilio\\\/\"]}]},{\"@type\":\"ImageObject\",\"inLanguage\":\"es\",\"@id\":\"https:\\\/\\\/www.eldiario.net\\\/portal\\\/2021\\\/06\\\/11\\\/policia-fallecio-victima-de-covid-19-aislado-y-sin-auxilio\\\/#primaryimage\",\"url\":\"\",\"contentUrl\":\"\"},{\"@type\":\"BreadcrumbList\",\"@id\":\"https:\\\/\\\/www.eldiario.net\\\/portal\\\/2021\\\/06\\\/11\\\/policia-fallecio-victima-de-covid-19-aislado-y-sin-auxilio\\\/#breadcrumb\",\"itemListElement\":[{\"@type\":\"ListItem\",\"position\":1,\"name\":\"Portada\",\"item\":\"https:\\\/\\\/www.eldiario.net\\\/portal\\\/\"},{\"@type\":\"ListItem\",\"position\":2,\"name\":\"Polic\u00eda falleci\u00f3 v\u00edctima de Covid-19, aislado y sin auxilio\"}]},{\"@type\":\"WebSite\",\"@id\":\"https:\\\/\\\/www.eldiario.net\\\/portal\\\/#website\",\"url\":\"https:\\\/\\\/www.eldiario.net\\\/portal\\\/\",\"name\":\"El Diario - Decano de la prensa nacional\",\"description\":\"El Diario - Decano de la prensa nacional\",\"publisher\":{\"@id\":\"https:\\\/\\\/www.eldiario.net\\\/portal\\\/#organization\"},\"potentialAction\":[{\"@type\":\"SearchAction\",\"target\":{\"@type\":\"EntryPoint\",\"urlTemplate\":\"https:\\\/\\\/www.eldiario.net\\\/portal\\\/?s={search_term_string}\"},\"query-input\":{\"@type\":\"PropertyValueSpecification\",\"valueRequired\":true,\"valueName\":\"search_term_string\"}}],\"inLanguage\":\"es\"},{\"@type\":\"Organization\",\"@id\":\"https:\\\/\\\/www.eldiario.net\\\/portal\\\/#organization\",\"name\":\"El Diario - Decano de la prensa nacional\",\"url\":\"https:\\\/\\\/www.eldiario.net\\\/portal\\\/\",\"logo\":{\"@type\":\"ImageObject\",\"inLanguage\":\"es\",\"@id\":\"https:\\\/\\\/www.eldiario.net\\\/portal\\\/#\\\/schema\\\/logo\\\/image\\\/\",\"url\":\"https:\\\/\\\/www.eldiario.net\\\/portal\\\/wp-content\\\/uploads\\\/2023\\\/07\\\/logo_ED.jpg\",\"contentUrl\":\"https:\\\/\\\/www.eldiario.net\\\/portal\\\/wp-content\\\/uploads\\\/2023\\\/07\\\/logo_ED.jpg\",\"width\":272,\"height\":52,\"caption\":\"El Diario - Decano de la prensa nacional\"},\"image\":{\"@id\":\"https:\\\/\\\/www.eldiario.net\\\/portal\\\/#\\\/schema\\\/logo\\\/image\\\/\"},\"sameAs\":[\"https:\\\/\\\/www.facebook.com\\\/eldiario.bolivia\\\/\",\"https:\\\/\\\/x.com\\\/eldiario_net\"]},{\"@type\":\"Person\",\"@id\":\"https:\\\/\\\/www.eldiario.net\\\/portal\\\/#\\\/schema\\\/person\\\/cab1ae4db27e5f008a62cbffb05fbfee\",\"name\":\"luis Camacho\",\"image\":{\"@type\":\"ImageObject\",\"inLanguage\":\"es\",\"@id\":\"https:\\\/\\\/secure.gravatar.com\\\/avatar\\\/69ecb836b3826d5a2501bf06ab2a2f2c8ab211cc846758f395df21684cb38313?s=96&d=mm&r=g\",\"url\":\"https:\\\/\\\/secure.gravatar.com\\\/avatar\\\/69ecb836b3826d5a2501bf06ab2a2f2c8ab211cc846758f395df21684cb38313?s=96&d=mm&r=g\",\"contentUrl\":\"https:\\\/\\\/secure.gravatar.com\\\/avatar\\\/69ecb836b3826d5a2501bf06ab2a2f2c8ab211cc846758f395df21684cb38313?s=96&d=mm&r=g\",\"caption\":\"luis Camacho\"},\"url\":\"https:\\\/\\\/www.eldiario.net\\\/portal\\\/author\\\/luis\\\/\"}]}<\/script>\n<!-- \/ Yoast SEO plugin. -->","yoast_head_json":{"title":"Polic\u00eda falleci\u00f3 v\u00edctima de Covid-19, aislado y sin auxilio - El Diario - Bolivia","robots":{"index":"index","follow":"follow","max-snippet":"max-snippet:-1","max-image-preview":"max-image-preview:large","max-video-preview":"max-video-preview:-1"},"canonical":"https:\/\/www.eldiario.net\/portal\/2021\/06\/11\/policia-fallecio-victima-de-covid-19-aislado-y-sin-auxilio\/","og_locale":"es_ES","og_type":"article","og_title":"Polic\u00eda falleci\u00f3 v\u00edctima de Covid-19, aislado y sin auxilio - El Diario - Bolivia","og_description":"El suboficial de Polic\u00eda, V\u00edctor Monta\u00f1o Paticollo, muri\u00f3 ayer v\u00edctima del Covid-19, luego de haber sido trasladado a cumplir funciones en Tarija, donde no recibi\u00f3 atenci\u00f3n adecuada pese a sus s\u00faplicas al comando superior. El polic\u00eda que trabajaba en Cochabamba fue destinado a Tarija en pleno ascenso de la pandemia y con diabetes, que es [&hellip;]","og_url":"https:\/\/www.eldiario.net\/portal\/2021\/06\/11\/policia-fallecio-victima-de-covid-19-aislado-y-sin-auxilio\/","og_site_name":"El Diario - Bolivia","article_publisher":"https:\/\/www.facebook.com\/eldiario.bolivia\/","article_published_time":"2021-06-11T21:08:33+00:00","author":"luis Camacho","twitter_card":"summary_large_image","twitter_creator":"@eldiario_net","twitter_site":"@eldiario_net","twitter_misc":{"Escrito por":"luis Camacho","Tiempo de lectura":"2 minutos"},"schema":{"@context":"https:\/\/schema.org","@graph":[{"@type":"Article","@id":"https:\/\/www.eldiario.net\/portal\/2021\/06\/11\/policia-fallecio-victima-de-covid-19-aislado-y-sin-auxilio\/#article","isPartOf":{"@id":"https:\/\/www.eldiario.net\/portal\/2021\/06\/11\/policia-fallecio-victima-de-covid-19-aislado-y-sin-auxilio\/"},"author":{"name":"luis Camacho","@id":"https:\/\/www.eldiario.net\/portal\/#\/schema\/person\/cab1ae4db27e5f008a62cbffb05fbfee"},"headline":"Polic\u00eda falleci\u00f3 v\u00edctima de Covid-19, aislado y sin auxilio","datePublished":"2021-06-11T21:08:33+00:00","mainEntityOfPage":{"@id":"https:\/\/www.eldiario.net\/portal\/2021\/06\/11\/policia-fallecio-victima-de-covid-19-aislado-y-sin-auxilio\/"},"wordCount":343,"publisher":{"@id":"https:\/\/www.eldiario.net\/portal\/#organization"},"image":{"@id":"https:\/\/www.eldiario.net\/portal\/2021\/06\/11\/policia-fallecio-victima-de-covid-19-aislado-y-sin-auxilio\/#primaryimage"},"thumbnailUrl":"","articleSection":["Sociedad - Seguridad"],"inLanguage":"es"},{"@type":"WebPage","@id":"https:\/\/www.eldiario.net\/portal\/2021\/06\/11\/policia-fallecio-victima-de-covid-19-aislado-y-sin-auxilio\/","url":"https:\/\/www.eldiario.net\/portal\/2021\/06\/11\/policia-fallecio-victima-de-covid-19-aislado-y-sin-auxilio\/","name":"Polic\u00eda falleci\u00f3 v\u00edctima de Covid-19, aislado y sin auxilio - El Diario - Bolivia","isPartOf":{"@id":"https:\/\/www.eldiario.net\/portal\/#website"},"primaryImageOfPage":{"@id":"https:\/\/www.eldiario.net\/portal\/2021\/06\/11\/policia-fallecio-victima-de-covid-19-aislado-y-sin-auxilio\/#primaryimage"},"image":{"@id":"https:\/\/www.eldiario.net\/portal\/2021\/06\/11\/policia-fallecio-victima-de-covid-19-aislado-y-sin-auxilio\/#primaryimage"},"thumbnailUrl":"","datePublished":"2021-06-11T21:08:33+00:00","breadcrumb":{"@id":"https:\/\/www.eldiario.net\/portal\/2021\/06\/11\/policia-fallecio-victima-de-covid-19-aislado-y-sin-auxilio\/#breadcrumb"},"inLanguage":"es","potentialAction":[{"@type":"ReadAction","target":["https:\/\/www.eldiario.net\/portal\/2021\/06\/11\/policia-fallecio-victima-de-covid-19-aislado-y-sin-auxilio\/"]}]},{"@type":"ImageObject","inLanguage":"es","@id":"https:\/\/www.eldiario.net\/portal\/2021\/06\/11\/policia-fallecio-victima-de-covid-19-aislado-y-sin-auxilio\/#primaryimage","url":"","contentUrl":""},{"@type":"BreadcrumbList","@id":"https:\/\/www.eldiario.net\/portal\/2021\/06\/11\/policia-fallecio-victima-de-covid-19-aislado-y-sin-auxilio\/#breadcrumb","itemListElement":[{"@type":"ListItem","position":1,"name":"Portada","item":"https:\/\/www.eldiario.net\/portal\/"},{"@type":"ListItem","position":2,"name":"Polic\u00eda falleci\u00f3 v\u00edctima de Covid-19, aislado y sin auxilio"}]},{"@type":"WebSite","@id":"https:\/\/www.eldiario.net\/portal\/#website","url":"https:\/\/www.eldiario.net\/portal\/","name":"El Diario - Decano de la prensa nacional","description":"El Diario - Decano de la prensa nacional","publisher":{"@id":"https:\/\/www.eldiario.net\/portal\/#organization"},"potentialAction":[{"@type":"SearchAction","target":{"@type":"EntryPoint","urlTemplate":"https:\/\/www.eldiario.net\/portal\/?s={search_term_string}"},"query-input":{"@type":"PropertyValueSpecification","valueRequired":true,"valueName":"search_term_string"}}],"inLanguage":"es"},{"@type":"Organization","@id":"https:\/\/www.eldiario.net\/portal\/#organization","name":"El Diario - Decano de la prensa nacional","url":"https:\/\/www.eldiario.net\/portal\/","logo":{"@type":"ImageObject","inLanguage":"es","@id":"https:\/\/www.eldiario.net\/portal\/#\/schema\/logo\/image\/","url":"https:\/\/www.eldiario.net\/portal\/wp-content\/uploads\/2023\/07\/logo_ED.jpg","contentUrl":"https:\/\/www.eldiario.net\/portal\/wp-content\/uploads\/2023\/07\/logo_ED.jpg","width":272,"height":52,"caption":"El Diario - Decano de la prensa nacional"},"image":{"@id":"https:\/\/www.eldiario.net\/portal\/#\/schema\/logo\/image\/"},"sameAs":["https:\/\/www.facebook.com\/eldiario.bolivia\/","https:\/\/x.com\/eldiario_net"]},{"@type":"Person","@id":"https:\/\/www.eldiario.net\/portal\/#\/schema\/person\/cab1ae4db27e5f008a62cbffb05fbfee","name":"luis Camacho","image":{"@type":"ImageObject","inLanguage":"es","@id":"https:\/\/secure.gravatar.com\/avatar\/69ecb836b3826d5a2501bf06ab2a2f2c8ab211cc846758f395df21684cb38313?s=96&d=mm&r=g","url":"https:\/\/secure.gravatar.com\/avatar\/69ecb836b3826d5a2501bf06ab2a2f2c8ab211cc846758f395df21684cb38313?s=96&d=mm&r=g","contentUrl":"https:\/\/secure.gravatar.com\/avatar\/69ecb836b3826d5a2501bf06ab2a2f2c8ab211cc846758f395df21684cb38313?s=96&d=mm&r=g","caption":"luis Camacho"},"url":"https:\/\/www.eldiario.net\/portal\/author\/luis\/"}]}},"_links":{"self":[{"href":"https:\/\/www.eldiario.net\/portal\/wp-json\/wp\/v2\/posts\/9751","targetHints":{"allow":["GET"]}}],"collection":[{"href":"https:\/\/www.eldiario.net\/portal\/wp-json\/wp\/v2\/posts"}],"about":[{"href":"https:\/\/www.eldiario.net\/portal\/wp-json\/wp\/v2\/types\/post"}],"author":[{"embeddable":true,"href":"https:\/\/www.eldiario.net\/portal\/wp-json\/wp\/v2\/users\/2"}],"replies":[{"embeddable":true,"href":"https:\/\/www.eldiario.net\/portal\/wp-json\/wp\/v2\/comments?post=9751"}],"version-history":[{"count":0,"href":"https:\/\/www.eldiario.net\/portal\/wp-json\/wp\/v2\/posts\/9751\/revisions"}],"wp:attachment":[{"href":"https:\/\/www.eldiario.net\/portal\/wp-json\/wp\/v2\/media?parent=9751"}],"wp:term":[{"taxonomy":"category","embeddable":true,"href":"https:\/\/www.eldiario.net\/portal\/wp-json\/wp\/v2\/categories?post=9751"},{"taxonomy":"post_tag","embeddable":true,"href":"https:\/\/www.eldiario.net\/portal\/wp-json\/wp\/v2\/tags?post=9751"}],"curies":[{"name":"wp","href":"https:\/\/api.w.org\/{rel}","templated":true}]}}