{"id":9702,"date":"2021-06-11T06:48:00","date_gmt":"2021-06-11T10:48:00","guid":{"rendered":"https:\/\/www.eldiario.net\/portal\/?p=9702"},"modified":"2021-06-11T06:48:00","modified_gmt":"2021-06-11T10:48:00","slug":"copa-excluye-cierre-sanitario-en-ciudad-de-el-alto","status":"publish","type":"post","link":"https:\/\/www.eldiario.net\/portal\/2021\/06\/11\/copa-excluye-cierre-sanitario-en-ciudad-de-el-alto\/","title":{"rendered":"Copa excluye cierre sanitario en ciudad de El Alto"},"content":{"rendered":"<p>La alcaldesa Eva Copa desestim\u00f3 una cuarentena r\u00edgida en la ciudad de El Alto, debido a que la mayor\u00eda de la poblaci\u00f3n vive del comercio al d\u00eda, por lo que la implementaci\u00f3n esta decisi\u00f3n ser\u00eda golpear m\u00e1s el bolsillo del ciudadano.<br \/>\nLas aseveraciones de la primera autoridad de esta ciudad fueron referidas, luego de la reuni\u00f3n del Comit\u00e9 de Operaciones de Emergencia Departamental (COED) La Paz, donde asisti\u00f3, los dem\u00e1s asistentes se\u00f1alaron que esta determinaci\u00f3n podr\u00eda ser de urgente necesidad, debido a que la tercera ola del covid-19 est\u00e1 cada vez en mayor ascenso de casos positivos.<br \/>\n\u201cNo podemos restringir m\u00e1s a nuestra gente. En el caso de mi ciudad no va a haber cuarentena r\u00edgida, as\u00ed me critiquen, porque estar\u00eda golpeando los bolsillos de mi ciudad, como todos saben, hemos sido los m\u00e1s afectados con el tema de la cuarentena r\u00edgida, m\u00e1s bien no descartamos otras medidas que s\u00ed podr\u00e1n ser la soluci\u00f3n a un control estricto en el cumplimiento de las normas de bioseguridad\u201d, afirm\u00f3 Copa en oportunidad de su visita a la ciudad de Santa Cruz.<br \/>\nLa autoridad tambi\u00e9n advirti\u00f3 que si los alte\u00f1os no van a morir a causa del coronavirus, la desesperaci\u00f3n y el hambre podr\u00eda ser tambi\u00e9n lo que m\u00e1s les afecte y es este tema los que m\u00e1s bien se deber\u00e1 combatir, seg\u00fan la alcaldesa de la ciudad de El Alto.<br \/>\nDe esta forma, y con la finalidad de hacer frente a esta pandemia, se contin\u00faan incrementando los puntos de control con las pruebas del ant\u00edgeno nasal, en varios sectores de los 14 distritos municipales, para lo cual demand\u00f3 un mayor n\u00famero de vacunas para que la poblaci\u00f3n pueda vacunarse.<br \/>\nCon esta finalidad, la alcaldesa de la urbe alte\u00f1a, Eva Copa, anunci\u00f3 que se convocar\u00e1 a una asamblea de la alte\u00f1idad, donde se deber\u00e1 tocar estos temas de un control m\u00e1s estricto desde los diferentes sectores, as\u00ed como las mismas organizaciones sociales y c\u00edvicas con relaci\u00f3n al cumplimiento de las normas de bioseguridad y de esta forma sea la manera de contrarrestar esta pandemia.<br \/>\n\u201cNosotros como ciudad de El Alto no podemos estar postergados ya tantos a\u00f1os. Tenemos una agenda en el tema econ\u00f3mico, en salud, educaci\u00f3n y en la industria, donde est\u00e1n programados muchos de los puntos que ser\u00e1n de prioridad para mejorar la vida de cada uno de nuestros habitantes\u201d, manifest\u00f3 la autoridad.<br \/>\nLa alcaldesa Eva Copa, al referirse a las necesidades que tiene la urbe alte\u00f1a en el tema la construcci\u00f3n de una planta de ox\u00edgeno en esta ciudad, existen muchas trabas que presentan las autoridades del Gobierno central como de la misma Gobernaci\u00f3n, adem\u00e1s de la burocracia para lograr este cometido, que en este momento de la crisis de salud a causa del covid-19, deber\u00eda tener una mayor facilidad, en todo lo relacionado con este tema.<br \/>\nAsimismo, observ\u00f3 que en el tema de las vacunas se contin\u00faan atravesando con problemas de las segundas dosis donde la poblaci\u00f3n que tiene pendiente esta vacunaci\u00f3n sigue esperando en largas filas en los diferentes puntos para este cometido, donde largas filas desde altas horas de la madrugada y soportando el fr\u00edo invernal caracterizan estos \u00faltimos d\u00edas.<\/p>\n","protected":false},"excerpt":{"rendered":"<p>La alcaldesa Eva Copa desestim\u00f3 una cuarentena r\u00edgida en la ciudad de El Alto, debido a que la mayor\u00eda de la poblaci\u00f3n vive del comercio al d\u00eda, por lo que la implementaci\u00f3n esta decisi\u00f3n ser\u00eda golpear m\u00e1s el bolsillo del ciudadano. Las aseveraciones de la primera autoridad de esta ciudad fueron referidas, luego de la [&hellip;]<\/p>\n","protected":false},"author":1,"featured_media":9703,"comment_status":"closed","ping_status":"closed","sticky":false,"template":"","format":"standard","meta":{"_acf_changed":false,"footnotes":""},"categories":[12],"tags":[],"class_list":["post-9702","post","type-post","status-publish","format-standard","has-post-thumbnail","category-nacional"],"acf":{"antetitulo":""},"yoast_head":"<!-- This site is optimized with the Yoast SEO plugin v28.3 - https:\/\/yoast.com\/product\/yoast-seo-wordpress\/ -->\n<title>Copa excluye cierre sanitario en ciudad de El Alto - El Diario - Bolivia<\/title>\n<meta name=\"robots\" content=\"index, follow, max-snippet:-1, max-image-preview:large, max-video-preview:-1\" \/>\n<link rel=\"canonical\" href=\"https:\/\/www.eldiario.net\/portal\/2021\/06\/11\/copa-excluye-cierre-sanitario-en-ciudad-de-el-alto\/\" \/>\n<meta property=\"og:locale\" content=\"es_ES\" \/>\n<meta property=\"og:type\" content=\"article\" \/>\n<meta property=\"og:title\" content=\"Copa excluye cierre sanitario en ciudad de El Alto - El Diario - Bolivia\" \/>\n<meta property=\"og:description\" content=\"La alcaldesa Eva Copa desestim\u00f3 una cuarentena r\u00edgida en la ciudad de El Alto, debido a que la mayor\u00eda de la poblaci\u00f3n vive del comercio al d\u00eda, por lo que la implementaci\u00f3n esta decisi\u00f3n ser\u00eda golpear m\u00e1s el bolsillo del ciudadano. Las aseveraciones de la primera autoridad de esta ciudad fueron referidas, luego de la [&hellip;]\" \/>\n<meta property=\"og:url\" content=\"https:\/\/www.eldiario.net\/portal\/2021\/06\/11\/copa-excluye-cierre-sanitario-en-ciudad-de-el-alto\/\" \/>\n<meta property=\"og:site_name\" content=\"El Diario - Bolivia\" \/>\n<meta property=\"article:publisher\" content=\"https:\/\/www.facebook.com\/eldiario.bolivia\/\" \/>\n<meta property=\"article:published_time\" content=\"2021-06-11T10:48:00+00:00\" \/>\n<meta name=\"author\" content=\"Jeanette\" \/>\n<meta name=\"twitter:card\" content=\"summary_large_image\" \/>\n<meta name=\"twitter:creator\" content=\"@eldiario_net\" \/>\n<meta name=\"twitter:site\" content=\"@eldiario_net\" \/>\n<meta name=\"twitter:label1\" content=\"Escrito por\" \/>\n\t<meta name=\"twitter:data1\" content=\"Jeanette\" \/>\n\t<meta name=\"twitter:label2\" content=\"Tiempo de lectura\" \/>\n\t<meta name=\"twitter:data2\" content=\"3 minutos\" \/>\n<script type=\"application\/ld+json\" class=\"yoast-schema-graph\">{\"@context\":\"https:\\\/\\\/schema.org\",\"@graph\":[{\"@type\":\"Article\",\"@id\":\"https:\\\/\\\/www.eldiario.net\\\/portal\\\/2021\\\/06\\\/11\\\/copa-excluye-cierre-sanitario-en-ciudad-de-el-alto\\\/#article\",\"isPartOf\":{\"@id\":\"https:\\\/\\\/www.eldiario.net\\\/portal\\\/2021\\\/06\\\/11\\\/copa-excluye-cierre-sanitario-en-ciudad-de-el-alto\\\/\"},\"author\":{\"name\":\"Jeanette\",\"@id\":\"https:\\\/\\\/www.eldiario.net\\\/portal\\\/#\\\/schema\\\/person\\\/f46445640444750d7d753ccd04ae01b7\"},\"headline\":\"Copa excluye cierre sanitario en ciudad de El Alto\",\"datePublished\":\"2021-06-11T10:48:00+00:00\",\"mainEntityOfPage\":{\"@id\":\"https:\\\/\\\/www.eldiario.net\\\/portal\\\/2021\\\/06\\\/11\\\/copa-excluye-cierre-sanitario-en-ciudad-de-el-alto\\\/\"},\"wordCount\":585,\"publisher\":{\"@id\":\"https:\\\/\\\/www.eldiario.net\\\/portal\\\/#organization\"},\"image\":{\"@id\":\"https:\\\/\\\/www.eldiario.net\\\/portal\\\/2021\\\/06\\\/11\\\/copa-excluye-cierre-sanitario-en-ciudad-de-el-alto\\\/#primaryimage\"},\"thumbnailUrl\":\"\",\"articleSection\":[\"Nacional\"],\"inLanguage\":\"es\"},{\"@type\":\"WebPage\",\"@id\":\"https:\\\/\\\/www.eldiario.net\\\/portal\\\/2021\\\/06\\\/11\\\/copa-excluye-cierre-sanitario-en-ciudad-de-el-alto\\\/\",\"url\":\"https:\\\/\\\/www.eldiario.net\\\/portal\\\/2021\\\/06\\\/11\\\/copa-excluye-cierre-sanitario-en-ciudad-de-el-alto\\\/\",\"name\":\"Copa excluye cierre sanitario en ciudad de El Alto - El Diario - Bolivia\",\"isPartOf\":{\"@id\":\"https:\\\/\\\/www.eldiario.net\\\/portal\\\/#website\"},\"primaryImageOfPage\":{\"@id\":\"https:\\\/\\\/www.eldiario.net\\\/portal\\\/2021\\\/06\\\/11\\\/copa-excluye-cierre-sanitario-en-ciudad-de-el-alto\\\/#primaryimage\"},\"image\":{\"@id\":\"https:\\\/\\\/www.eldiario.net\\\/portal\\\/2021\\\/06\\\/11\\\/copa-excluye-cierre-sanitario-en-ciudad-de-el-alto\\\/#primaryimage\"},\"thumbnailUrl\":\"\",\"datePublished\":\"2021-06-11T10:48:00+00:00\",\"breadcrumb\":{\"@id\":\"https:\\\/\\\/www.eldiario.net\\\/portal\\\/2021\\\/06\\\/11\\\/copa-excluye-cierre-sanitario-en-ciudad-de-el-alto\\\/#breadcrumb\"},\"inLanguage\":\"es\",\"potentialAction\":[{\"@type\":\"ReadAction\",\"target\":[\"https:\\\/\\\/www.eldiario.net\\\/portal\\\/2021\\\/06\\\/11\\\/copa-excluye-cierre-sanitario-en-ciudad-de-el-alto\\\/\"]}]},{\"@type\":\"ImageObject\",\"inLanguage\":\"es\",\"@id\":\"https:\\\/\\\/www.eldiario.net\\\/portal\\\/2021\\\/06\\\/11\\\/copa-excluye-cierre-sanitario-en-ciudad-de-el-alto\\\/#primaryimage\",\"url\":\"\",\"contentUrl\":\"\"},{\"@type\":\"BreadcrumbList\",\"@id\":\"https:\\\/\\\/www.eldiario.net\\\/portal\\\/2021\\\/06\\\/11\\\/copa-excluye-cierre-sanitario-en-ciudad-de-el-alto\\\/#breadcrumb\",\"itemListElement\":[{\"@type\":\"ListItem\",\"position\":1,\"name\":\"Portada\",\"item\":\"https:\\\/\\\/www.eldiario.net\\\/portal\\\/\"},{\"@type\":\"ListItem\",\"position\":2,\"name\":\"Copa excluye cierre sanitario en ciudad de El Alto\"}]},{\"@type\":\"WebSite\",\"@id\":\"https:\\\/\\\/www.eldiario.net\\\/portal\\\/#website\",\"url\":\"https:\\\/\\\/www.eldiario.net\\\/portal\\\/\",\"name\":\"El Diario - Decano de la prensa nacional\",\"description\":\"El Diario - Decano de la prensa nacional\",\"publisher\":{\"@id\":\"https:\\\/\\\/www.eldiario.net\\\/portal\\\/#organization\"},\"potentialAction\":[{\"@type\":\"SearchAction\",\"target\":{\"@type\":\"EntryPoint\",\"urlTemplate\":\"https:\\\/\\\/www.eldiario.net\\\/portal\\\/?s={search_term_string}\"},\"query-input\":{\"@type\":\"PropertyValueSpecification\",\"valueRequired\":true,\"valueName\":\"search_term_string\"}}],\"inLanguage\":\"es\"},{\"@type\":\"Organization\",\"@id\":\"https:\\\/\\\/www.eldiario.net\\\/portal\\\/#organization\",\"name\":\"El Diario - Decano de la prensa nacional\",\"url\":\"https:\\\/\\\/www.eldiario.net\\\/portal\\\/\",\"logo\":{\"@type\":\"ImageObject\",\"inLanguage\":\"es\",\"@id\":\"https:\\\/\\\/www.eldiario.net\\\/portal\\\/#\\\/schema\\\/logo\\\/image\\\/\",\"url\":\"https:\\\/\\\/www.eldiario.net\\\/portal\\\/wp-content\\\/uploads\\\/2023\\\/07\\\/logo_ED.jpg\",\"contentUrl\":\"https:\\\/\\\/www.eldiario.net\\\/portal\\\/wp-content\\\/uploads\\\/2023\\\/07\\\/logo_ED.jpg\",\"width\":272,\"height\":52,\"caption\":\"El Diario - Decano de la prensa nacional\"},\"image\":{\"@id\":\"https:\\\/\\\/www.eldiario.net\\\/portal\\\/#\\\/schema\\\/logo\\\/image\\\/\"},\"sameAs\":[\"https:\\\/\\\/www.facebook.com\\\/eldiario.bolivia\\\/\",\"https:\\\/\\\/x.com\\\/eldiario_net\"]},{\"@type\":\"Person\",\"@id\":\"https:\\\/\\\/www.eldiario.net\\\/portal\\\/#\\\/schema\\\/person\\\/f46445640444750d7d753ccd04ae01b7\",\"name\":\"Jeanette\",\"image\":{\"@type\":\"ImageObject\",\"inLanguage\":\"es\",\"@id\":\"https:\\\/\\\/secure.gravatar.com\\\/avatar\\\/3ea2118a5f7dad2b7138b1187a6b7ee55f160b9968b66013c3a3ef39dd7e5798?s=96&d=mm&r=g\",\"url\":\"https:\\\/\\\/secure.gravatar.com\\\/avatar\\\/3ea2118a5f7dad2b7138b1187a6b7ee55f160b9968b66013c3a3ef39dd7e5798?s=96&d=mm&r=g\",\"contentUrl\":\"https:\\\/\\\/secure.gravatar.com\\\/avatar\\\/3ea2118a5f7dad2b7138b1187a6b7ee55f160b9968b66013c3a3ef39dd7e5798?s=96&d=mm&r=g\",\"caption\":\"Jeanette\"},\"sameAs\":[\"https:\\\/\\\/www.eldiario.net\\\/portal\"],\"url\":\"https:\\\/\\\/www.eldiario.net\\\/portal\\\/author\\\/jeanette\\\/\"}]}<\/script>\n<!-- \/ Yoast SEO plugin. -->","yoast_head_json":{"title":"Copa excluye cierre sanitario en ciudad de El Alto - El Diario - Bolivia","robots":{"index":"index","follow":"follow","max-snippet":"max-snippet:-1","max-image-preview":"max-image-preview:large","max-video-preview":"max-video-preview:-1"},"canonical":"https:\/\/www.eldiario.net\/portal\/2021\/06\/11\/copa-excluye-cierre-sanitario-en-ciudad-de-el-alto\/","og_locale":"es_ES","og_type":"article","og_title":"Copa excluye cierre sanitario en ciudad de El Alto - El Diario - Bolivia","og_description":"La alcaldesa Eva Copa desestim\u00f3 una cuarentena r\u00edgida en la ciudad de El Alto, debido a que la mayor\u00eda de la poblaci\u00f3n vive del comercio al d\u00eda, por lo que la implementaci\u00f3n esta decisi\u00f3n ser\u00eda golpear m\u00e1s el bolsillo del ciudadano. Las aseveraciones de la primera autoridad de esta ciudad fueron referidas, luego de la [&hellip;]","og_url":"https:\/\/www.eldiario.net\/portal\/2021\/06\/11\/copa-excluye-cierre-sanitario-en-ciudad-de-el-alto\/","og_site_name":"El Diario - Bolivia","article_publisher":"https:\/\/www.facebook.com\/eldiario.bolivia\/","article_published_time":"2021-06-11T10:48:00+00:00","author":"Jeanette","twitter_card":"summary_large_image","twitter_creator":"@eldiario_net","twitter_site":"@eldiario_net","twitter_misc":{"Escrito por":"Jeanette","Tiempo de lectura":"3 minutos"},"schema":{"@context":"https:\/\/schema.org","@graph":[{"@type":"Article","@id":"https:\/\/www.eldiario.net\/portal\/2021\/06\/11\/copa-excluye-cierre-sanitario-en-ciudad-de-el-alto\/#article","isPartOf":{"@id":"https:\/\/www.eldiario.net\/portal\/2021\/06\/11\/copa-excluye-cierre-sanitario-en-ciudad-de-el-alto\/"},"author":{"name":"Jeanette","@id":"https:\/\/www.eldiario.net\/portal\/#\/schema\/person\/f46445640444750d7d753ccd04ae01b7"},"headline":"Copa excluye cierre sanitario en ciudad de El Alto","datePublished":"2021-06-11T10:48:00+00:00","mainEntityOfPage":{"@id":"https:\/\/www.eldiario.net\/portal\/2021\/06\/11\/copa-excluye-cierre-sanitario-en-ciudad-de-el-alto\/"},"wordCount":585,"publisher":{"@id":"https:\/\/www.eldiario.net\/portal\/#organization"},"image":{"@id":"https:\/\/www.eldiario.net\/portal\/2021\/06\/11\/copa-excluye-cierre-sanitario-en-ciudad-de-el-alto\/#primaryimage"},"thumbnailUrl":"","articleSection":["Nacional"],"inLanguage":"es"},{"@type":"WebPage","@id":"https:\/\/www.eldiario.net\/portal\/2021\/06\/11\/copa-excluye-cierre-sanitario-en-ciudad-de-el-alto\/","url":"https:\/\/www.eldiario.net\/portal\/2021\/06\/11\/copa-excluye-cierre-sanitario-en-ciudad-de-el-alto\/","name":"Copa excluye cierre sanitario en ciudad de El Alto - El Diario - Bolivia","isPartOf":{"@id":"https:\/\/www.eldiario.net\/portal\/#website"},"primaryImageOfPage":{"@id":"https:\/\/www.eldiario.net\/portal\/2021\/06\/11\/copa-excluye-cierre-sanitario-en-ciudad-de-el-alto\/#primaryimage"},"image":{"@id":"https:\/\/www.eldiario.net\/portal\/2021\/06\/11\/copa-excluye-cierre-sanitario-en-ciudad-de-el-alto\/#primaryimage"},"thumbnailUrl":"","datePublished":"2021-06-11T10:48:00+00:00","breadcrumb":{"@id":"https:\/\/www.eldiario.net\/portal\/2021\/06\/11\/copa-excluye-cierre-sanitario-en-ciudad-de-el-alto\/#breadcrumb"},"inLanguage":"es","potentialAction":[{"@type":"ReadAction","target":["https:\/\/www.eldiario.net\/portal\/2021\/06\/11\/copa-excluye-cierre-sanitario-en-ciudad-de-el-alto\/"]}]},{"@type":"ImageObject","inLanguage":"es","@id":"https:\/\/www.eldiario.net\/portal\/2021\/06\/11\/copa-excluye-cierre-sanitario-en-ciudad-de-el-alto\/#primaryimage","url":"","contentUrl":""},{"@type":"BreadcrumbList","@id":"https:\/\/www.eldiario.net\/portal\/2021\/06\/11\/copa-excluye-cierre-sanitario-en-ciudad-de-el-alto\/#breadcrumb","itemListElement":[{"@type":"ListItem","position":1,"name":"Portada","item":"https:\/\/www.eldiario.net\/portal\/"},{"@type":"ListItem","position":2,"name":"Copa excluye cierre sanitario en ciudad de El Alto"}]},{"@type":"WebSite","@id":"https:\/\/www.eldiario.net\/portal\/#website","url":"https:\/\/www.eldiario.net\/portal\/","name":"El Diario - Decano de la prensa nacional","description":"El Diario - Decano de la prensa nacional","publisher":{"@id":"https:\/\/www.eldiario.net\/portal\/#organization"},"potentialAction":[{"@type":"SearchAction","target":{"@type":"EntryPoint","urlTemplate":"https:\/\/www.eldiario.net\/portal\/?s={search_term_string}"},"query-input":{"@type":"PropertyValueSpecification","valueRequired":true,"valueName":"search_term_string"}}],"inLanguage":"es"},{"@type":"Organization","@id":"https:\/\/www.eldiario.net\/portal\/#organization","name":"El Diario - Decano de la prensa nacional","url":"https:\/\/www.eldiario.net\/portal\/","logo":{"@type":"ImageObject","inLanguage":"es","@id":"https:\/\/www.eldiario.net\/portal\/#\/schema\/logo\/image\/","url":"https:\/\/www.eldiario.net\/portal\/wp-content\/uploads\/2023\/07\/logo_ED.jpg","contentUrl":"https:\/\/www.eldiario.net\/portal\/wp-content\/uploads\/2023\/07\/logo_ED.jpg","width":272,"height":52,"caption":"El Diario - Decano de la prensa nacional"},"image":{"@id":"https:\/\/www.eldiario.net\/portal\/#\/schema\/logo\/image\/"},"sameAs":["https:\/\/www.facebook.com\/eldiario.bolivia\/","https:\/\/x.com\/eldiario_net"]},{"@type":"Person","@id":"https:\/\/www.eldiario.net\/portal\/#\/schema\/person\/f46445640444750d7d753ccd04ae01b7","name":"Jeanette","image":{"@type":"ImageObject","inLanguage":"es","@id":"https:\/\/secure.gravatar.com\/avatar\/3ea2118a5f7dad2b7138b1187a6b7ee55f160b9968b66013c3a3ef39dd7e5798?s=96&d=mm&r=g","url":"https:\/\/secure.gravatar.com\/avatar\/3ea2118a5f7dad2b7138b1187a6b7ee55f160b9968b66013c3a3ef39dd7e5798?s=96&d=mm&r=g","contentUrl":"https:\/\/secure.gravatar.com\/avatar\/3ea2118a5f7dad2b7138b1187a6b7ee55f160b9968b66013c3a3ef39dd7e5798?s=96&d=mm&r=g","caption":"Jeanette"},"sameAs":["https:\/\/www.eldiario.net\/portal"],"url":"https:\/\/www.eldiario.net\/portal\/author\/jeanette\/"}]}},"_links":{"self":[{"href":"https:\/\/www.eldiario.net\/portal\/wp-json\/wp\/v2\/posts\/9702","targetHints":{"allow":["GET"]}}],"collection":[{"href":"https:\/\/www.eldiario.net\/portal\/wp-json\/wp\/v2\/posts"}],"about":[{"href":"https:\/\/www.eldiario.net\/portal\/wp-json\/wp\/v2\/types\/post"}],"author":[{"embeddable":true,"href":"https:\/\/www.eldiario.net\/portal\/wp-json\/wp\/v2\/users\/1"}],"replies":[{"embeddable":true,"href":"https:\/\/www.eldiario.net\/portal\/wp-json\/wp\/v2\/comments?post=9702"}],"version-history":[{"count":0,"href":"https:\/\/www.eldiario.net\/portal\/wp-json\/wp\/v2\/posts\/9702\/revisions"}],"wp:attachment":[{"href":"https:\/\/www.eldiario.net\/portal\/wp-json\/wp\/v2\/media?parent=9702"}],"wp:term":[{"taxonomy":"category","embeddable":true,"href":"https:\/\/www.eldiario.net\/portal\/wp-json\/wp\/v2\/categories?post=9702"},{"taxonomy":"post_tag","embeddable":true,"href":"https:\/\/www.eldiario.net\/portal\/wp-json\/wp\/v2\/tags?post=9702"}],"curies":[{"name":"wp","href":"https:\/\/api.w.org\/{rel}","templated":true}]}}