{"id":9697,"date":"2021-06-11T06:46:56","date_gmt":"2021-06-11T10:46:56","guid":{"rendered":"https:\/\/www.eldiario.net\/portal\/?p=9697"},"modified":"2021-06-11T06:46:56","modified_gmt":"2021-06-11T10:46:56","slug":"militar-sugiere-replanteamiento-de-lucha-contra-el-contrabando","status":"publish","type":"post","link":"https:\/\/www.eldiario.net\/portal\/2021\/06\/11\/militar-sugiere-replanteamiento-de-lucha-contra-el-contrabando\/","title":{"rendered":"Militar sugiere replanteamiento  de lucha contra el contrabando"},"content":{"rendered":"<p>Tras la agresi\u00f3n realizada a militares del Comando Estrat\u00e9gico Operacional (CEO) de Lucha Contra el Contrabando, en la localidad de Anti Pampa del municipio de Patacamaya (La Paz), el coronel en servicio pasivo del Ej\u00e9rcito, Jorge Santistevan, asegur\u00f3 que la soluci\u00f3n a este il\u00edcito pasa por un replanteamiento integral y la dotaci\u00f3n de equipamiento moderno.<br \/>\nEl militar asegur\u00f3 que la interdicci\u00f3n al contrabando no se lograr\u00e1 con el incremento de efectivos militares, sino con un replanteamiento integral de planes y equipamiento moderno, con medios de transporte terrestre y a\u00e9reo eficientes para distintas zonas de operaciones.<br \/>\n\u201c\u00bfD\u00f3nde est\u00e1n los seis helic\u00f3pteros chinos?, al parecer dos est\u00e1n en funcionamiento y el resto podr\u00eda estar en reparaci\u00f3n o en riesgo de ser canibalizados, ser\u00eda ideal tener algunos a disposici\u00f3n del CEO que controla la regi\u00f3n altipl\u00e1nica donde el personal de lucha contra el contrabando est\u00e1 en riesgo. Adem\u00e1s se debe incrementar el equipamiento moderno de tel\u00e9fonos de largo alcance, como satelitales y equipo de protecci\u00f3n individual as\u00ed como armamento moderno\u201d, apunt\u00f3.<br \/>\nEn criterio de Santistevan, que tambi\u00e9n es abogado, en la lucha contra el contrabando es fundamental la aplicaci\u00f3n de una justicia eficiente, para que acompa\u00f1e los casos y siga estrechamente todas las actividades operacionales del personal militar o de la Aduana.<br \/>\n\u201cLo ocurrido en la comunidad Anti Pampa es recurrente, si recordamos que han habido dos suboficiales que han sido eliminados, acribillados y la justicia no ha dado resultados al respecto, no hay investigados y eso qued\u00f3 en la nada, as\u00ed como otro hecho de enfrentamiento con las Fuerzas Armadas\u201d, lament\u00f3.<br \/>\nLa tarde del pasado 8 de junio, personas dedicadas al contrabando de veh\u00edculos indocumentados (chutos) emboscaron una patrulla militar dejando a cuatro efectivos lesionados.<br \/>\nEl veh\u00edculo en el que se desplazaban las v\u00edctimas fue apedreado, volcado y luego quemado por los agresores que tuvieron ayuda de los pobladores de la localidad de Anti Pampa, indic\u00f3 el viceministro de Lucha Contra el Contrabando, Daniel Vargas.<br \/>\nLa autoridad considera que en la emboscada se atent\u00f3 contra las vidas de los militares, \u201cmientras cumpl\u00edan un mandato constitucional\u201d de lucha contra este flagelo que da\u00f1a la econom\u00eda nacional.<br \/>\nVargas inform\u00f3 que el Ministerio de Defensa instalar\u00e1 procesos legales en contra de todas aquellas personas que agredieron f\u00edsicamente a militares.<\/p>\n<p>VOLUNTAD POL\u00cdTICA<br \/>\nPara Santistevan, la voluntad pol\u00edtica es muy importante en la lucha contra el contrabando. Record\u00f3 que de todo el sector de frontera entre Oruro, Potos\u00ed y parte de La Paz, los pobladores son afines al Movimiento al Socialismo (MAS), por lo tanto cree que no hay voluntad para mejorar el control, lo que en su criterio est\u00e1 fallando.<br \/>\n\u201cNosotros podemos ver que si en el Chapare no hay presencia del Estado, en las fronteras del pa\u00eds es ineficiente, por eso creo que en ese sector de Oruro, Potos\u00ed y La Paz, conformada con afines al Gobierno nacional, no se va a potenciar a las unidades militares con el equipamiento suficiente, para montar patrullas a\u00e9reas y terrestres altamente sofisticadas porque todo es una farsa, porque el planteamiento no da resultados favorables y profundiza los riesgos del personal. El contrabando es una seria amenaza para el Estado que no est\u00e1 siendo encarado con voluntad por parte del Gobierno porque la Csutcb (Confederaci\u00f3n Sindical \u00danica de Trabajadores Campesinos de Bolivia) y otras organizaciones campesinas que son parte de las poblaciones de frontera son afines al gobierno\u201d, lament\u00f3.<\/p>\n<p>SOBREPASARON<br \/>\nEL CONTROL<br \/>\nEl jurista advirti\u00f3 que el contrabando en el sector de Chile ha sobrepasado todos los mecanismos de control del Estado, que supone la intervenci\u00f3n de la Aduana Nacional, Migraci\u00f3n, Senasag, Polic\u00eda, militares y otras instituciones que deb\u00edan funcionar de manera conjunta y coordinada.<br \/>\nEn criterio de Santistevan, no era necesaria la creaci\u00f3n del Viceministerio de Lucha Contra el Contrabando, dependiente del Ministerio de Defensa \u201csolo como apariencia porque es un gasto insulso para el Estado\u201d.<br \/>\nEl militar record\u00f3 el funcionamiento de la Agencia para el Desarrollo de las Macroregiones y Zonas Fronterizas (Ademaf) creada el 2010 con el fin de promover el desarrollo y control fronterizo. El exministro Juan Ram\u00f3n Quintana fue su primer director.<br \/>\n\u201cNo era necesario crear nuevas instituciones para el control de las fronteras, \u00bfentonces para qu\u00e9 se cre\u00f3 la Ademaf?, pareciera que el Gobierno se la cre\u00f3 a Juan Ram\u00f3n Quintana para darle pega, mientras esperaba volver al ministerio, involucr\u00e1ndose con 33 camiones de contrabando y esa Ademaf qued\u00f3 ineficiente solo para gratificar o premiar a algunos militares leales al r\u00e9gimen, a Evo Morales, \u00c1lvaro Garc\u00eda y Quintana\u201d, lament\u00f3.<\/p>\n<p>VICEMINISTERIO<br \/>\nEl militar en servicio pasivo record\u00f3 que el gobierno de Evo Morales, mediante Decreto Supremo, cre\u00f3 el Viceministerio de Lucha Contra el Contrabando dependiente del Ministerio Defensa, entidad que solo se encarga de proporcionar los medios humanos, siendo que depende de la Aduana Nacional en el tema operativo para el control o interdicci\u00f3n.<br \/>\n\u201cEl Gobierno intenta crear una fuerza de lucha contra el contrabando de productos agropecuarios, con el mismo fin pol\u00edtico de la Ademaf, para dar pega a la Csutcb y otras organizaciones, y enga\u00f1ar a la sociedad. Deben reflexionar al respecto, tomando en cuenta que b\u00e1sicamente el contrabando es \u00fanico y, por tanto, hay una sola entidad que se encarga del control que es la Aduana Nacional\u201d, concluy\u00f3.<\/p>\n\n","protected":false},"excerpt":{"rendered":"<p>Tras la agresi\u00f3n realizada a militares del Comando Estrat\u00e9gico Operacional (CEO) de Lucha Contra el Contrabando, en la localidad de Anti Pampa del municipio de Patacamaya (La Paz), el coronel en servicio pasivo del Ej\u00e9rcito, Jorge Santistevan, asegur\u00f3 que la soluci\u00f3n a este il\u00edcito pasa por un replanteamiento integral y la dotaci\u00f3n de equipamiento moderno. [&hellip;]<\/p>\n","protected":false},"author":1,"featured_media":9698,"comment_status":"closed","ping_status":"closed","sticky":false,"template":"","format":"standard","meta":{"_acf_changed":false,"footnotes":""},"categories":[39],"tags":[],"class_list":["post-9697","post","type-post","status-publish","format-standard","has-post-thumbnail","category-sociedad"],"acf":{"antetitulo":""},"yoast_head":"<!-- This site is optimized with the Yoast SEO plugin v28.3 - https:\/\/yoast.com\/product\/yoast-seo-wordpress\/ -->\n<title>Militar sugiere replanteamiento de lucha contra el contrabando - El Diario - Bolivia<\/title>\n<meta name=\"robots\" content=\"index, follow, max-snippet:-1, max-image-preview:large, max-video-preview:-1\" \/>\n<link rel=\"canonical\" href=\"https:\/\/www.eldiario.net\/portal\/2021\/06\/11\/militar-sugiere-replanteamiento-de-lucha-contra-el-contrabando\/\" \/>\n<meta property=\"og:locale\" content=\"es_ES\" \/>\n<meta property=\"og:type\" content=\"article\" \/>\n<meta property=\"og:title\" content=\"Militar sugiere replanteamiento de lucha contra el contrabando - El Diario - Bolivia\" \/>\n<meta property=\"og:description\" content=\"Tras la agresi\u00f3n realizada a militares del Comando Estrat\u00e9gico Operacional (CEO) de Lucha Contra el Contrabando, en la localidad de Anti Pampa del municipio de Patacamaya (La Paz), el coronel en servicio pasivo del Ej\u00e9rcito, Jorge Santistevan, asegur\u00f3 que la soluci\u00f3n a este il\u00edcito pasa por un replanteamiento integral y la dotaci\u00f3n de equipamiento moderno. [&hellip;]\" \/>\n<meta property=\"og:url\" content=\"https:\/\/www.eldiario.net\/portal\/2021\/06\/11\/militar-sugiere-replanteamiento-de-lucha-contra-el-contrabando\/\" \/>\n<meta property=\"og:site_name\" content=\"El Diario - Bolivia\" \/>\n<meta property=\"article:publisher\" content=\"https:\/\/www.facebook.com\/eldiario.bolivia\/\" \/>\n<meta property=\"article:published_time\" content=\"2021-06-11T10:46:56+00:00\" \/>\n<meta name=\"author\" content=\"Jeanette\" \/>\n<meta name=\"twitter:card\" content=\"summary_large_image\" \/>\n<meta name=\"twitter:creator\" content=\"@eldiario_net\" \/>\n<meta name=\"twitter:site\" content=\"@eldiario_net\" \/>\n<meta name=\"twitter:label1\" content=\"Escrito por\" \/>\n\t<meta name=\"twitter:data1\" content=\"Jeanette\" \/>\n\t<meta name=\"twitter:label2\" content=\"Tiempo de lectura\" \/>\n\t<meta name=\"twitter:data2\" content=\"4 minutos\" \/>\n<script type=\"application\/ld+json\" class=\"yoast-schema-graph\">{\"@context\":\"https:\\\/\\\/schema.org\",\"@graph\":[{\"@type\":\"Article\",\"@id\":\"https:\\\/\\\/www.eldiario.net\\\/portal\\\/2021\\\/06\\\/11\\\/militar-sugiere-replanteamiento-de-lucha-contra-el-contrabando\\\/#article\",\"isPartOf\":{\"@id\":\"https:\\\/\\\/www.eldiario.net\\\/portal\\\/2021\\\/06\\\/11\\\/militar-sugiere-replanteamiento-de-lucha-contra-el-contrabando\\\/\"},\"author\":{\"name\":\"Jeanette\",\"@id\":\"https:\\\/\\\/www.eldiario.net\\\/portal\\\/#\\\/schema\\\/person\\\/f46445640444750d7d753ccd04ae01b7\"},\"headline\":\"Militar sugiere replanteamiento de lucha contra el contrabando\",\"datePublished\":\"2021-06-11T10:46:56+00:00\",\"mainEntityOfPage\":{\"@id\":\"https:\\\/\\\/www.eldiario.net\\\/portal\\\/2021\\\/06\\\/11\\\/militar-sugiere-replanteamiento-de-lucha-contra-el-contrabando\\\/\"},\"wordCount\":926,\"publisher\":{\"@id\":\"https:\\\/\\\/www.eldiario.net\\\/portal\\\/#organization\"},\"image\":{\"@id\":\"https:\\\/\\\/www.eldiario.net\\\/portal\\\/2021\\\/06\\\/11\\\/militar-sugiere-replanteamiento-de-lucha-contra-el-contrabando\\\/#primaryimage\"},\"thumbnailUrl\":\"\",\"articleSection\":[\"Sociedad - Seguridad\"],\"inLanguage\":\"es\"},{\"@type\":\"WebPage\",\"@id\":\"https:\\\/\\\/www.eldiario.net\\\/portal\\\/2021\\\/06\\\/11\\\/militar-sugiere-replanteamiento-de-lucha-contra-el-contrabando\\\/\",\"url\":\"https:\\\/\\\/www.eldiario.net\\\/portal\\\/2021\\\/06\\\/11\\\/militar-sugiere-replanteamiento-de-lucha-contra-el-contrabando\\\/\",\"name\":\"Militar sugiere replanteamiento de lucha contra el contrabando - El Diario - Bolivia\",\"isPartOf\":{\"@id\":\"https:\\\/\\\/www.eldiario.net\\\/portal\\\/#website\"},\"primaryImageOfPage\":{\"@id\":\"https:\\\/\\\/www.eldiario.net\\\/portal\\\/2021\\\/06\\\/11\\\/militar-sugiere-replanteamiento-de-lucha-contra-el-contrabando\\\/#primaryimage\"},\"image\":{\"@id\":\"https:\\\/\\\/www.eldiario.net\\\/portal\\\/2021\\\/06\\\/11\\\/militar-sugiere-replanteamiento-de-lucha-contra-el-contrabando\\\/#primaryimage\"},\"thumbnailUrl\":\"\",\"datePublished\":\"2021-06-11T10:46:56+00:00\",\"breadcrumb\":{\"@id\":\"https:\\\/\\\/www.eldiario.net\\\/portal\\\/2021\\\/06\\\/11\\\/militar-sugiere-replanteamiento-de-lucha-contra-el-contrabando\\\/#breadcrumb\"},\"inLanguage\":\"es\",\"potentialAction\":[{\"@type\":\"ReadAction\",\"target\":[\"https:\\\/\\\/www.eldiario.net\\\/portal\\\/2021\\\/06\\\/11\\\/militar-sugiere-replanteamiento-de-lucha-contra-el-contrabando\\\/\"]}]},{\"@type\":\"ImageObject\",\"inLanguage\":\"es\",\"@id\":\"https:\\\/\\\/www.eldiario.net\\\/portal\\\/2021\\\/06\\\/11\\\/militar-sugiere-replanteamiento-de-lucha-contra-el-contrabando\\\/#primaryimage\",\"url\":\"\",\"contentUrl\":\"\"},{\"@type\":\"BreadcrumbList\",\"@id\":\"https:\\\/\\\/www.eldiario.net\\\/portal\\\/2021\\\/06\\\/11\\\/militar-sugiere-replanteamiento-de-lucha-contra-el-contrabando\\\/#breadcrumb\",\"itemListElement\":[{\"@type\":\"ListItem\",\"position\":1,\"name\":\"Portada\",\"item\":\"https:\\\/\\\/www.eldiario.net\\\/portal\\\/\"},{\"@type\":\"ListItem\",\"position\":2,\"name\":\"Militar sugiere replanteamiento de lucha contra el contrabando\"}]},{\"@type\":\"WebSite\",\"@id\":\"https:\\\/\\\/www.eldiario.net\\\/portal\\\/#website\",\"url\":\"https:\\\/\\\/www.eldiario.net\\\/portal\\\/\",\"name\":\"El Diario - Decano de la prensa nacional\",\"description\":\"El Diario - Decano de la prensa nacional\",\"publisher\":{\"@id\":\"https:\\\/\\\/www.eldiario.net\\\/portal\\\/#organization\"},\"potentialAction\":[{\"@type\":\"SearchAction\",\"target\":{\"@type\":\"EntryPoint\",\"urlTemplate\":\"https:\\\/\\\/www.eldiario.net\\\/portal\\\/?s={search_term_string}\"},\"query-input\":{\"@type\":\"PropertyValueSpecification\",\"valueRequired\":true,\"valueName\":\"search_term_string\"}}],\"inLanguage\":\"es\"},{\"@type\":\"Organization\",\"@id\":\"https:\\\/\\\/www.eldiario.net\\\/portal\\\/#organization\",\"name\":\"El Diario - Decano de la prensa nacional\",\"url\":\"https:\\\/\\\/www.eldiario.net\\\/portal\\\/\",\"logo\":{\"@type\":\"ImageObject\",\"inLanguage\":\"es\",\"@id\":\"https:\\\/\\\/www.eldiario.net\\\/portal\\\/#\\\/schema\\\/logo\\\/image\\\/\",\"url\":\"https:\\\/\\\/www.eldiario.net\\\/portal\\\/wp-content\\\/uploads\\\/2023\\\/07\\\/logo_ED.jpg\",\"contentUrl\":\"https:\\\/\\\/www.eldiario.net\\\/portal\\\/wp-content\\\/uploads\\\/2023\\\/07\\\/logo_ED.jpg\",\"width\":272,\"height\":52,\"caption\":\"El Diario - Decano de la prensa nacional\"},\"image\":{\"@id\":\"https:\\\/\\\/www.eldiario.net\\\/portal\\\/#\\\/schema\\\/logo\\\/image\\\/\"},\"sameAs\":[\"https:\\\/\\\/www.facebook.com\\\/eldiario.bolivia\\\/\",\"https:\\\/\\\/x.com\\\/eldiario_net\"]},{\"@type\":\"Person\",\"@id\":\"https:\\\/\\\/www.eldiario.net\\\/portal\\\/#\\\/schema\\\/person\\\/f46445640444750d7d753ccd04ae01b7\",\"name\":\"Jeanette\",\"image\":{\"@type\":\"ImageObject\",\"inLanguage\":\"es\",\"@id\":\"https:\\\/\\\/secure.gravatar.com\\\/avatar\\\/3ea2118a5f7dad2b7138b1187a6b7ee55f160b9968b66013c3a3ef39dd7e5798?s=96&d=mm&r=g\",\"url\":\"https:\\\/\\\/secure.gravatar.com\\\/avatar\\\/3ea2118a5f7dad2b7138b1187a6b7ee55f160b9968b66013c3a3ef39dd7e5798?s=96&d=mm&r=g\",\"contentUrl\":\"https:\\\/\\\/secure.gravatar.com\\\/avatar\\\/3ea2118a5f7dad2b7138b1187a6b7ee55f160b9968b66013c3a3ef39dd7e5798?s=96&d=mm&r=g\",\"caption\":\"Jeanette\"},\"sameAs\":[\"https:\\\/\\\/www.eldiario.net\\\/portal\"],\"url\":\"https:\\\/\\\/www.eldiario.net\\\/portal\\\/author\\\/jeanette\\\/\"}]}<\/script>\n<!-- \/ Yoast SEO plugin. -->","yoast_head_json":{"title":"Militar sugiere replanteamiento de lucha contra el contrabando - El Diario - Bolivia","robots":{"index":"index","follow":"follow","max-snippet":"max-snippet:-1","max-image-preview":"max-image-preview:large","max-video-preview":"max-video-preview:-1"},"canonical":"https:\/\/www.eldiario.net\/portal\/2021\/06\/11\/militar-sugiere-replanteamiento-de-lucha-contra-el-contrabando\/","og_locale":"es_ES","og_type":"article","og_title":"Militar sugiere replanteamiento de lucha contra el contrabando - El Diario - Bolivia","og_description":"Tras la agresi\u00f3n realizada a militares del Comando Estrat\u00e9gico Operacional (CEO) de Lucha Contra el Contrabando, en la localidad de Anti Pampa del municipio de Patacamaya (La Paz), el coronel en servicio pasivo del Ej\u00e9rcito, Jorge Santistevan, asegur\u00f3 que la soluci\u00f3n a este il\u00edcito pasa por un replanteamiento integral y la dotaci\u00f3n de equipamiento moderno. [&hellip;]","og_url":"https:\/\/www.eldiario.net\/portal\/2021\/06\/11\/militar-sugiere-replanteamiento-de-lucha-contra-el-contrabando\/","og_site_name":"El Diario - Bolivia","article_publisher":"https:\/\/www.facebook.com\/eldiario.bolivia\/","article_published_time":"2021-06-11T10:46:56+00:00","author":"Jeanette","twitter_card":"summary_large_image","twitter_creator":"@eldiario_net","twitter_site":"@eldiario_net","twitter_misc":{"Escrito por":"Jeanette","Tiempo de lectura":"4 minutos"},"schema":{"@context":"https:\/\/schema.org","@graph":[{"@type":"Article","@id":"https:\/\/www.eldiario.net\/portal\/2021\/06\/11\/militar-sugiere-replanteamiento-de-lucha-contra-el-contrabando\/#article","isPartOf":{"@id":"https:\/\/www.eldiario.net\/portal\/2021\/06\/11\/militar-sugiere-replanteamiento-de-lucha-contra-el-contrabando\/"},"author":{"name":"Jeanette","@id":"https:\/\/www.eldiario.net\/portal\/#\/schema\/person\/f46445640444750d7d753ccd04ae01b7"},"headline":"Militar sugiere replanteamiento de lucha contra el contrabando","datePublished":"2021-06-11T10:46:56+00:00","mainEntityOfPage":{"@id":"https:\/\/www.eldiario.net\/portal\/2021\/06\/11\/militar-sugiere-replanteamiento-de-lucha-contra-el-contrabando\/"},"wordCount":926,"publisher":{"@id":"https:\/\/www.eldiario.net\/portal\/#organization"},"image":{"@id":"https:\/\/www.eldiario.net\/portal\/2021\/06\/11\/militar-sugiere-replanteamiento-de-lucha-contra-el-contrabando\/#primaryimage"},"thumbnailUrl":"","articleSection":["Sociedad - Seguridad"],"inLanguage":"es"},{"@type":"WebPage","@id":"https:\/\/www.eldiario.net\/portal\/2021\/06\/11\/militar-sugiere-replanteamiento-de-lucha-contra-el-contrabando\/","url":"https:\/\/www.eldiario.net\/portal\/2021\/06\/11\/militar-sugiere-replanteamiento-de-lucha-contra-el-contrabando\/","name":"Militar sugiere replanteamiento de lucha contra el contrabando - El Diario - Bolivia","isPartOf":{"@id":"https:\/\/www.eldiario.net\/portal\/#website"},"primaryImageOfPage":{"@id":"https:\/\/www.eldiario.net\/portal\/2021\/06\/11\/militar-sugiere-replanteamiento-de-lucha-contra-el-contrabando\/#primaryimage"},"image":{"@id":"https:\/\/www.eldiario.net\/portal\/2021\/06\/11\/militar-sugiere-replanteamiento-de-lucha-contra-el-contrabando\/#primaryimage"},"thumbnailUrl":"","datePublished":"2021-06-11T10:46:56+00:00","breadcrumb":{"@id":"https:\/\/www.eldiario.net\/portal\/2021\/06\/11\/militar-sugiere-replanteamiento-de-lucha-contra-el-contrabando\/#breadcrumb"},"inLanguage":"es","potentialAction":[{"@type":"ReadAction","target":["https:\/\/www.eldiario.net\/portal\/2021\/06\/11\/militar-sugiere-replanteamiento-de-lucha-contra-el-contrabando\/"]}]},{"@type":"ImageObject","inLanguage":"es","@id":"https:\/\/www.eldiario.net\/portal\/2021\/06\/11\/militar-sugiere-replanteamiento-de-lucha-contra-el-contrabando\/#primaryimage","url":"","contentUrl":""},{"@type":"BreadcrumbList","@id":"https:\/\/www.eldiario.net\/portal\/2021\/06\/11\/militar-sugiere-replanteamiento-de-lucha-contra-el-contrabando\/#breadcrumb","itemListElement":[{"@type":"ListItem","position":1,"name":"Portada","item":"https:\/\/www.eldiario.net\/portal\/"},{"@type":"ListItem","position":2,"name":"Militar sugiere replanteamiento de lucha contra el contrabando"}]},{"@type":"WebSite","@id":"https:\/\/www.eldiario.net\/portal\/#website","url":"https:\/\/www.eldiario.net\/portal\/","name":"El Diario - Decano de la prensa nacional","description":"El Diario - Decano de la prensa nacional","publisher":{"@id":"https:\/\/www.eldiario.net\/portal\/#organization"},"potentialAction":[{"@type":"SearchAction","target":{"@type":"EntryPoint","urlTemplate":"https:\/\/www.eldiario.net\/portal\/?s={search_term_string}"},"query-input":{"@type":"PropertyValueSpecification","valueRequired":true,"valueName":"search_term_string"}}],"inLanguage":"es"},{"@type":"Organization","@id":"https:\/\/www.eldiario.net\/portal\/#organization","name":"El Diario - Decano de la prensa nacional","url":"https:\/\/www.eldiario.net\/portal\/","logo":{"@type":"ImageObject","inLanguage":"es","@id":"https:\/\/www.eldiario.net\/portal\/#\/schema\/logo\/image\/","url":"https:\/\/www.eldiario.net\/portal\/wp-content\/uploads\/2023\/07\/logo_ED.jpg","contentUrl":"https:\/\/www.eldiario.net\/portal\/wp-content\/uploads\/2023\/07\/logo_ED.jpg","width":272,"height":52,"caption":"El Diario - Decano de la prensa nacional"},"image":{"@id":"https:\/\/www.eldiario.net\/portal\/#\/schema\/logo\/image\/"},"sameAs":["https:\/\/www.facebook.com\/eldiario.bolivia\/","https:\/\/x.com\/eldiario_net"]},{"@type":"Person","@id":"https:\/\/www.eldiario.net\/portal\/#\/schema\/person\/f46445640444750d7d753ccd04ae01b7","name":"Jeanette","image":{"@type":"ImageObject","inLanguage":"es","@id":"https:\/\/secure.gravatar.com\/avatar\/3ea2118a5f7dad2b7138b1187a6b7ee55f160b9968b66013c3a3ef39dd7e5798?s=96&d=mm&r=g","url":"https:\/\/secure.gravatar.com\/avatar\/3ea2118a5f7dad2b7138b1187a6b7ee55f160b9968b66013c3a3ef39dd7e5798?s=96&d=mm&r=g","contentUrl":"https:\/\/secure.gravatar.com\/avatar\/3ea2118a5f7dad2b7138b1187a6b7ee55f160b9968b66013c3a3ef39dd7e5798?s=96&d=mm&r=g","caption":"Jeanette"},"sameAs":["https:\/\/www.eldiario.net\/portal"],"url":"https:\/\/www.eldiario.net\/portal\/author\/jeanette\/"}]}},"_links":{"self":[{"href":"https:\/\/www.eldiario.net\/portal\/wp-json\/wp\/v2\/posts\/9697","targetHints":{"allow":["GET"]}}],"collection":[{"href":"https:\/\/www.eldiario.net\/portal\/wp-json\/wp\/v2\/posts"}],"about":[{"href":"https:\/\/www.eldiario.net\/portal\/wp-json\/wp\/v2\/types\/post"}],"author":[{"embeddable":true,"href":"https:\/\/www.eldiario.net\/portal\/wp-json\/wp\/v2\/users\/1"}],"replies":[{"embeddable":true,"href":"https:\/\/www.eldiario.net\/portal\/wp-json\/wp\/v2\/comments?post=9697"}],"version-history":[{"count":0,"href":"https:\/\/www.eldiario.net\/portal\/wp-json\/wp\/v2\/posts\/9697\/revisions"}],"wp:attachment":[{"href":"https:\/\/www.eldiario.net\/portal\/wp-json\/wp\/v2\/media?parent=9697"}],"wp:term":[{"taxonomy":"category","embeddable":true,"href":"https:\/\/www.eldiario.net\/portal\/wp-json\/wp\/v2\/categories?post=9697"},{"taxonomy":"post_tag","embeddable":true,"href":"https:\/\/www.eldiario.net\/portal\/wp-json\/wp\/v2\/tags?post=9697"}],"curies":[{"name":"wp","href":"https:\/\/api.w.org\/{rel}","templated":true}]}}