{"id":9694,"date":"2021-06-11T06:44:53","date_gmt":"2021-06-11T10:44:53","guid":{"rendered":"https:\/\/www.eldiario.net\/portal\/?p=9694"},"modified":"2021-06-11T06:44:53","modified_gmt":"2021-06-11T10:44:53","slug":"tsj-debera-elegir-vocales-bajo-criterio-de-equidad-de-genero","status":"publish","type":"post","link":"https:\/\/www.eldiario.net\/portal\/2021\/06\/11\/tsj-debera-elegir-vocales-bajo-criterio-de-equidad-de-genero\/","title":{"rendered":"TSJ deber\u00e1 elegir vocales bajo criterio de equidad de g\u00e9nero"},"content":{"rendered":"<p>En una audiencia de m\u00e1s de ocho horas, que concluy\u00f3 la madrugada de ayer, la Sala Constitucional Primera de La Paz anul\u00f3 el acuerdo 12\/2021 del Tribunal Supremo de Justicia (TSJ), documento con el que se design\u00f3 a vocales de siete departamentos. El \u00d3rgano Judicial debe emitir una nueva lista de elegidos socializando los criterios de selecci\u00f3n aplicables cumpliendo con la equidad de g\u00e9nero.<br \/>\n\u201cEsta Sala Constitucional esperaba tener entre sus manos el acta que se habr\u00eda realizado en ocasi\u00f3n de la elaboraci\u00f3n del acuerdo de Sala Plana 12\/2021, \u00bfpara qu\u00e9?, para conocer por qu\u00e9 el TSJ considera que X ciudadano, de X distrito judicial, teniendo la mayor nota no va a ser designado, por un principio de idoneidad, en criterio del TSJ, por pertinencia (\u2026) el debate que se ha generado para que ciudadanos que obteniendo las primeras notas no sean designados como vocales, como deber\u00eda ser todo proceso de evaluaci\u00f3n, concurso de m\u00e9ritos, examen de competencia, deber\u00eda estar trasuntado en alg\u00fan tipo de medio que nos haga entender que la decisi\u00f3n del TSJ no solo no es discrecional sin o no es arbitraria\u201d, fundament\u00f3 la decisi\u00f3n el vocal Israel Campero.<br \/>\nLa demanda fue presentada por los diputados del Movimiento al Socialismo (MAS) Froil\u00e1n Mamani (titular) y Leticia Nesta (suplente) contra los miembros del TSJ y la Magistratura.<br \/>\nEl presidente del Consejo de la Magistratura, Omar Michel, en Sucre, manifest\u00f3 ayer que el fallo emitido por Campero no afecta el proceso de selecci\u00f3n que realiz\u00f3 esa instancia y se\u00f1al\u00f3 a los miembros del TSJ para que resuelvan lo ordenado en la audiencia.<br \/>\nPor su lado, el Ministerio de Justicia emiti\u00f3 un comunicado en el que se\u00f1ala que la sentencia constitucional es vinculante y obligatoria y \u201cpermitir\u00e1 que los vocales de los nueve departamentos de Bolivia sean designados bajo criterios de meritocracia y equidad de g\u00e9nero. Los departamentos que hayan cumplido con esos requisitos, ratificar\u00e1n la designaci\u00f3n de los vocales de tribunales departamentales\u201d, se\u00f1ala el pronunciamiento.<\/p>\n","protected":false},"excerpt":{"rendered":"<p>En una audiencia de m\u00e1s de ocho horas, que concluy\u00f3 la madrugada de ayer, la Sala Constitucional Primera de La Paz anul\u00f3 el acuerdo 12\/2021 del Tribunal Supremo de Justicia (TSJ), documento con el que se design\u00f3 a vocales de siete departamentos. El \u00d3rgano Judicial debe emitir una nueva lista de elegidos socializando los criterios [&hellip;]<\/p>\n","protected":false},"author":1,"featured_media":9695,"comment_status":"closed","ping_status":"closed","sticky":false,"template":"","format":"standard","meta":{"_acf_changed":false,"footnotes":""},"categories":[39],"tags":[],"class_list":["post-9694","post","type-post","status-publish","format-standard","has-post-thumbnail","category-sociedad"],"acf":{"antetitulo":""},"yoast_head":"<!-- This site is optimized with the Yoast SEO plugin v28.3 - https:\/\/yoast.com\/product\/yoast-seo-wordpress\/ -->\n<title>TSJ deber\u00e1 elegir vocales bajo criterio de equidad de g\u00e9nero - El Diario - Bolivia<\/title>\n<meta name=\"robots\" content=\"index, follow, max-snippet:-1, max-image-preview:large, max-video-preview:-1\" \/>\n<link rel=\"canonical\" href=\"https:\/\/www.eldiario.net\/portal\/2021\/06\/11\/tsj-debera-elegir-vocales-bajo-criterio-de-equidad-de-genero\/\" \/>\n<meta property=\"og:locale\" content=\"es_ES\" \/>\n<meta property=\"og:type\" content=\"article\" \/>\n<meta property=\"og:title\" content=\"TSJ deber\u00e1 elegir vocales bajo criterio de equidad de g\u00e9nero - El Diario - Bolivia\" \/>\n<meta property=\"og:description\" content=\"En una audiencia de m\u00e1s de ocho horas, que concluy\u00f3 la madrugada de ayer, la Sala Constitucional Primera de La Paz anul\u00f3 el acuerdo 12\/2021 del Tribunal Supremo de Justicia (TSJ), documento con el que se design\u00f3 a vocales de siete departamentos. El \u00d3rgano Judicial debe emitir una nueva lista de elegidos socializando los criterios [&hellip;]\" \/>\n<meta property=\"og:url\" content=\"https:\/\/www.eldiario.net\/portal\/2021\/06\/11\/tsj-debera-elegir-vocales-bajo-criterio-de-equidad-de-genero\/\" \/>\n<meta property=\"og:site_name\" content=\"El Diario - Bolivia\" \/>\n<meta property=\"article:publisher\" content=\"https:\/\/www.facebook.com\/eldiario.bolivia\/\" \/>\n<meta property=\"article:published_time\" content=\"2021-06-11T10:44:53+00:00\" \/>\n<meta name=\"author\" content=\"Jeanette\" \/>\n<meta name=\"twitter:card\" content=\"summary_large_image\" \/>\n<meta name=\"twitter:creator\" content=\"@eldiario_net\" \/>\n<meta name=\"twitter:site\" content=\"@eldiario_net\" \/>\n<meta name=\"twitter:label1\" content=\"Escrito por\" \/>\n\t<meta name=\"twitter:data1\" content=\"Jeanette\" \/>\n\t<meta name=\"twitter:label2\" content=\"Tiempo de lectura\" \/>\n\t<meta name=\"twitter:data2\" content=\"2 minutos\" \/>\n<script type=\"application\/ld+json\" class=\"yoast-schema-graph\">{\"@context\":\"https:\\\/\\\/schema.org\",\"@graph\":[{\"@type\":\"Article\",\"@id\":\"https:\\\/\\\/www.eldiario.net\\\/portal\\\/2021\\\/06\\\/11\\\/tsj-debera-elegir-vocales-bajo-criterio-de-equidad-de-genero\\\/#article\",\"isPartOf\":{\"@id\":\"https:\\\/\\\/www.eldiario.net\\\/portal\\\/2021\\\/06\\\/11\\\/tsj-debera-elegir-vocales-bajo-criterio-de-equidad-de-genero\\\/\"},\"author\":{\"name\":\"Jeanette\",\"@id\":\"https:\\\/\\\/www.eldiario.net\\\/portal\\\/#\\\/schema\\\/person\\\/f46445640444750d7d753ccd04ae01b7\"},\"headline\":\"TSJ deber\u00e1 elegir vocales bajo criterio de equidad de g\u00e9nero\",\"datePublished\":\"2021-06-11T10:44:53+00:00\",\"mainEntityOfPage\":{\"@id\":\"https:\\\/\\\/www.eldiario.net\\\/portal\\\/2021\\\/06\\\/11\\\/tsj-debera-elegir-vocales-bajo-criterio-de-equidad-de-genero\\\/\"},\"wordCount\":355,\"publisher\":{\"@id\":\"https:\\\/\\\/www.eldiario.net\\\/portal\\\/#organization\"},\"image\":{\"@id\":\"https:\\\/\\\/www.eldiario.net\\\/portal\\\/2021\\\/06\\\/11\\\/tsj-debera-elegir-vocales-bajo-criterio-de-equidad-de-genero\\\/#primaryimage\"},\"thumbnailUrl\":\"\",\"articleSection\":[\"Sociedad - Seguridad\"],\"inLanguage\":\"es\"},{\"@type\":\"WebPage\",\"@id\":\"https:\\\/\\\/www.eldiario.net\\\/portal\\\/2021\\\/06\\\/11\\\/tsj-debera-elegir-vocales-bajo-criterio-de-equidad-de-genero\\\/\",\"url\":\"https:\\\/\\\/www.eldiario.net\\\/portal\\\/2021\\\/06\\\/11\\\/tsj-debera-elegir-vocales-bajo-criterio-de-equidad-de-genero\\\/\",\"name\":\"TSJ deber\u00e1 elegir vocales bajo criterio de equidad de g\u00e9nero - El Diario - Bolivia\",\"isPartOf\":{\"@id\":\"https:\\\/\\\/www.eldiario.net\\\/portal\\\/#website\"},\"primaryImageOfPage\":{\"@id\":\"https:\\\/\\\/www.eldiario.net\\\/portal\\\/2021\\\/06\\\/11\\\/tsj-debera-elegir-vocales-bajo-criterio-de-equidad-de-genero\\\/#primaryimage\"},\"image\":{\"@id\":\"https:\\\/\\\/www.eldiario.net\\\/portal\\\/2021\\\/06\\\/11\\\/tsj-debera-elegir-vocales-bajo-criterio-de-equidad-de-genero\\\/#primaryimage\"},\"thumbnailUrl\":\"\",\"datePublished\":\"2021-06-11T10:44:53+00:00\",\"breadcrumb\":{\"@id\":\"https:\\\/\\\/www.eldiario.net\\\/portal\\\/2021\\\/06\\\/11\\\/tsj-debera-elegir-vocales-bajo-criterio-de-equidad-de-genero\\\/#breadcrumb\"},\"inLanguage\":\"es\",\"potentialAction\":[{\"@type\":\"ReadAction\",\"target\":[\"https:\\\/\\\/www.eldiario.net\\\/portal\\\/2021\\\/06\\\/11\\\/tsj-debera-elegir-vocales-bajo-criterio-de-equidad-de-genero\\\/\"]}]},{\"@type\":\"ImageObject\",\"inLanguage\":\"es\",\"@id\":\"https:\\\/\\\/www.eldiario.net\\\/portal\\\/2021\\\/06\\\/11\\\/tsj-debera-elegir-vocales-bajo-criterio-de-equidad-de-genero\\\/#primaryimage\",\"url\":\"\",\"contentUrl\":\"\"},{\"@type\":\"BreadcrumbList\",\"@id\":\"https:\\\/\\\/www.eldiario.net\\\/portal\\\/2021\\\/06\\\/11\\\/tsj-debera-elegir-vocales-bajo-criterio-de-equidad-de-genero\\\/#breadcrumb\",\"itemListElement\":[{\"@type\":\"ListItem\",\"position\":1,\"name\":\"Portada\",\"item\":\"https:\\\/\\\/www.eldiario.net\\\/portal\\\/\"},{\"@type\":\"ListItem\",\"position\":2,\"name\":\"TSJ deber\u00e1 elegir vocales bajo criterio de equidad de g\u00e9nero\"}]},{\"@type\":\"WebSite\",\"@id\":\"https:\\\/\\\/www.eldiario.net\\\/portal\\\/#website\",\"url\":\"https:\\\/\\\/www.eldiario.net\\\/portal\\\/\",\"name\":\"El Diario - Decano de la prensa nacional\",\"description\":\"El Diario - Decano de la prensa nacional\",\"publisher\":{\"@id\":\"https:\\\/\\\/www.eldiario.net\\\/portal\\\/#organization\"},\"potentialAction\":[{\"@type\":\"SearchAction\",\"target\":{\"@type\":\"EntryPoint\",\"urlTemplate\":\"https:\\\/\\\/www.eldiario.net\\\/portal\\\/?s={search_term_string}\"},\"query-input\":{\"@type\":\"PropertyValueSpecification\",\"valueRequired\":true,\"valueName\":\"search_term_string\"}}],\"inLanguage\":\"es\"},{\"@type\":\"Organization\",\"@id\":\"https:\\\/\\\/www.eldiario.net\\\/portal\\\/#organization\",\"name\":\"El Diario - Decano de la prensa nacional\",\"url\":\"https:\\\/\\\/www.eldiario.net\\\/portal\\\/\",\"logo\":{\"@type\":\"ImageObject\",\"inLanguage\":\"es\",\"@id\":\"https:\\\/\\\/www.eldiario.net\\\/portal\\\/#\\\/schema\\\/logo\\\/image\\\/\",\"url\":\"https:\\\/\\\/www.eldiario.net\\\/portal\\\/wp-content\\\/uploads\\\/2023\\\/07\\\/logo_ED.jpg\",\"contentUrl\":\"https:\\\/\\\/www.eldiario.net\\\/portal\\\/wp-content\\\/uploads\\\/2023\\\/07\\\/logo_ED.jpg\",\"width\":272,\"height\":52,\"caption\":\"El Diario - Decano de la prensa nacional\"},\"image\":{\"@id\":\"https:\\\/\\\/www.eldiario.net\\\/portal\\\/#\\\/schema\\\/logo\\\/image\\\/\"},\"sameAs\":[\"https:\\\/\\\/www.facebook.com\\\/eldiario.bolivia\\\/\",\"https:\\\/\\\/x.com\\\/eldiario_net\"]},{\"@type\":\"Person\",\"@id\":\"https:\\\/\\\/www.eldiario.net\\\/portal\\\/#\\\/schema\\\/person\\\/f46445640444750d7d753ccd04ae01b7\",\"name\":\"Jeanette\",\"image\":{\"@type\":\"ImageObject\",\"inLanguage\":\"es\",\"@id\":\"https:\\\/\\\/secure.gravatar.com\\\/avatar\\\/3ea2118a5f7dad2b7138b1187a6b7ee55f160b9968b66013c3a3ef39dd7e5798?s=96&d=mm&r=g\",\"url\":\"https:\\\/\\\/secure.gravatar.com\\\/avatar\\\/3ea2118a5f7dad2b7138b1187a6b7ee55f160b9968b66013c3a3ef39dd7e5798?s=96&d=mm&r=g\",\"contentUrl\":\"https:\\\/\\\/secure.gravatar.com\\\/avatar\\\/3ea2118a5f7dad2b7138b1187a6b7ee55f160b9968b66013c3a3ef39dd7e5798?s=96&d=mm&r=g\",\"caption\":\"Jeanette\"},\"sameAs\":[\"https:\\\/\\\/www.eldiario.net\\\/portal\"],\"url\":\"https:\\\/\\\/www.eldiario.net\\\/portal\\\/author\\\/jeanette\\\/\"}]}<\/script>\n<!-- \/ Yoast SEO plugin. -->","yoast_head_json":{"title":"TSJ deber\u00e1 elegir vocales bajo criterio de equidad de g\u00e9nero - El Diario - Bolivia","robots":{"index":"index","follow":"follow","max-snippet":"max-snippet:-1","max-image-preview":"max-image-preview:large","max-video-preview":"max-video-preview:-1"},"canonical":"https:\/\/www.eldiario.net\/portal\/2021\/06\/11\/tsj-debera-elegir-vocales-bajo-criterio-de-equidad-de-genero\/","og_locale":"es_ES","og_type":"article","og_title":"TSJ deber\u00e1 elegir vocales bajo criterio de equidad de g\u00e9nero - El Diario - Bolivia","og_description":"En una audiencia de m\u00e1s de ocho horas, que concluy\u00f3 la madrugada de ayer, la Sala Constitucional Primera de La Paz anul\u00f3 el acuerdo 12\/2021 del Tribunal Supremo de Justicia (TSJ), documento con el que se design\u00f3 a vocales de siete departamentos. El \u00d3rgano Judicial debe emitir una nueva lista de elegidos socializando los criterios [&hellip;]","og_url":"https:\/\/www.eldiario.net\/portal\/2021\/06\/11\/tsj-debera-elegir-vocales-bajo-criterio-de-equidad-de-genero\/","og_site_name":"El Diario - Bolivia","article_publisher":"https:\/\/www.facebook.com\/eldiario.bolivia\/","article_published_time":"2021-06-11T10:44:53+00:00","author":"Jeanette","twitter_card":"summary_large_image","twitter_creator":"@eldiario_net","twitter_site":"@eldiario_net","twitter_misc":{"Escrito por":"Jeanette","Tiempo de lectura":"2 minutos"},"schema":{"@context":"https:\/\/schema.org","@graph":[{"@type":"Article","@id":"https:\/\/www.eldiario.net\/portal\/2021\/06\/11\/tsj-debera-elegir-vocales-bajo-criterio-de-equidad-de-genero\/#article","isPartOf":{"@id":"https:\/\/www.eldiario.net\/portal\/2021\/06\/11\/tsj-debera-elegir-vocales-bajo-criterio-de-equidad-de-genero\/"},"author":{"name":"Jeanette","@id":"https:\/\/www.eldiario.net\/portal\/#\/schema\/person\/f46445640444750d7d753ccd04ae01b7"},"headline":"TSJ deber\u00e1 elegir vocales bajo criterio de equidad de g\u00e9nero","datePublished":"2021-06-11T10:44:53+00:00","mainEntityOfPage":{"@id":"https:\/\/www.eldiario.net\/portal\/2021\/06\/11\/tsj-debera-elegir-vocales-bajo-criterio-de-equidad-de-genero\/"},"wordCount":355,"publisher":{"@id":"https:\/\/www.eldiario.net\/portal\/#organization"},"image":{"@id":"https:\/\/www.eldiario.net\/portal\/2021\/06\/11\/tsj-debera-elegir-vocales-bajo-criterio-de-equidad-de-genero\/#primaryimage"},"thumbnailUrl":"","articleSection":["Sociedad - Seguridad"],"inLanguage":"es"},{"@type":"WebPage","@id":"https:\/\/www.eldiario.net\/portal\/2021\/06\/11\/tsj-debera-elegir-vocales-bajo-criterio-de-equidad-de-genero\/","url":"https:\/\/www.eldiario.net\/portal\/2021\/06\/11\/tsj-debera-elegir-vocales-bajo-criterio-de-equidad-de-genero\/","name":"TSJ deber\u00e1 elegir vocales bajo criterio de equidad de g\u00e9nero - El Diario - Bolivia","isPartOf":{"@id":"https:\/\/www.eldiario.net\/portal\/#website"},"primaryImageOfPage":{"@id":"https:\/\/www.eldiario.net\/portal\/2021\/06\/11\/tsj-debera-elegir-vocales-bajo-criterio-de-equidad-de-genero\/#primaryimage"},"image":{"@id":"https:\/\/www.eldiario.net\/portal\/2021\/06\/11\/tsj-debera-elegir-vocales-bajo-criterio-de-equidad-de-genero\/#primaryimage"},"thumbnailUrl":"","datePublished":"2021-06-11T10:44:53+00:00","breadcrumb":{"@id":"https:\/\/www.eldiario.net\/portal\/2021\/06\/11\/tsj-debera-elegir-vocales-bajo-criterio-de-equidad-de-genero\/#breadcrumb"},"inLanguage":"es","potentialAction":[{"@type":"ReadAction","target":["https:\/\/www.eldiario.net\/portal\/2021\/06\/11\/tsj-debera-elegir-vocales-bajo-criterio-de-equidad-de-genero\/"]}]},{"@type":"ImageObject","inLanguage":"es","@id":"https:\/\/www.eldiario.net\/portal\/2021\/06\/11\/tsj-debera-elegir-vocales-bajo-criterio-de-equidad-de-genero\/#primaryimage","url":"","contentUrl":""},{"@type":"BreadcrumbList","@id":"https:\/\/www.eldiario.net\/portal\/2021\/06\/11\/tsj-debera-elegir-vocales-bajo-criterio-de-equidad-de-genero\/#breadcrumb","itemListElement":[{"@type":"ListItem","position":1,"name":"Portada","item":"https:\/\/www.eldiario.net\/portal\/"},{"@type":"ListItem","position":2,"name":"TSJ deber\u00e1 elegir vocales bajo criterio de equidad de g\u00e9nero"}]},{"@type":"WebSite","@id":"https:\/\/www.eldiario.net\/portal\/#website","url":"https:\/\/www.eldiario.net\/portal\/","name":"El Diario - Decano de la prensa nacional","description":"El Diario - Decano de la prensa nacional","publisher":{"@id":"https:\/\/www.eldiario.net\/portal\/#organization"},"potentialAction":[{"@type":"SearchAction","target":{"@type":"EntryPoint","urlTemplate":"https:\/\/www.eldiario.net\/portal\/?s={search_term_string}"},"query-input":{"@type":"PropertyValueSpecification","valueRequired":true,"valueName":"search_term_string"}}],"inLanguage":"es"},{"@type":"Organization","@id":"https:\/\/www.eldiario.net\/portal\/#organization","name":"El Diario - Decano de la prensa nacional","url":"https:\/\/www.eldiario.net\/portal\/","logo":{"@type":"ImageObject","inLanguage":"es","@id":"https:\/\/www.eldiario.net\/portal\/#\/schema\/logo\/image\/","url":"https:\/\/www.eldiario.net\/portal\/wp-content\/uploads\/2023\/07\/logo_ED.jpg","contentUrl":"https:\/\/www.eldiario.net\/portal\/wp-content\/uploads\/2023\/07\/logo_ED.jpg","width":272,"height":52,"caption":"El Diario - Decano de la prensa nacional"},"image":{"@id":"https:\/\/www.eldiario.net\/portal\/#\/schema\/logo\/image\/"},"sameAs":["https:\/\/www.facebook.com\/eldiario.bolivia\/","https:\/\/x.com\/eldiario_net"]},{"@type":"Person","@id":"https:\/\/www.eldiario.net\/portal\/#\/schema\/person\/f46445640444750d7d753ccd04ae01b7","name":"Jeanette","image":{"@type":"ImageObject","inLanguage":"es","@id":"https:\/\/secure.gravatar.com\/avatar\/3ea2118a5f7dad2b7138b1187a6b7ee55f160b9968b66013c3a3ef39dd7e5798?s=96&d=mm&r=g","url":"https:\/\/secure.gravatar.com\/avatar\/3ea2118a5f7dad2b7138b1187a6b7ee55f160b9968b66013c3a3ef39dd7e5798?s=96&d=mm&r=g","contentUrl":"https:\/\/secure.gravatar.com\/avatar\/3ea2118a5f7dad2b7138b1187a6b7ee55f160b9968b66013c3a3ef39dd7e5798?s=96&d=mm&r=g","caption":"Jeanette"},"sameAs":["https:\/\/www.eldiario.net\/portal"],"url":"https:\/\/www.eldiario.net\/portal\/author\/jeanette\/"}]}},"_links":{"self":[{"href":"https:\/\/www.eldiario.net\/portal\/wp-json\/wp\/v2\/posts\/9694","targetHints":{"allow":["GET"]}}],"collection":[{"href":"https:\/\/www.eldiario.net\/portal\/wp-json\/wp\/v2\/posts"}],"about":[{"href":"https:\/\/www.eldiario.net\/portal\/wp-json\/wp\/v2\/types\/post"}],"author":[{"embeddable":true,"href":"https:\/\/www.eldiario.net\/portal\/wp-json\/wp\/v2\/users\/1"}],"replies":[{"embeddable":true,"href":"https:\/\/www.eldiario.net\/portal\/wp-json\/wp\/v2\/comments?post=9694"}],"version-history":[{"count":0,"href":"https:\/\/www.eldiario.net\/portal\/wp-json\/wp\/v2\/posts\/9694\/revisions"}],"wp:attachment":[{"href":"https:\/\/www.eldiario.net\/portal\/wp-json\/wp\/v2\/media?parent=9694"}],"wp:term":[{"taxonomy":"category","embeddable":true,"href":"https:\/\/www.eldiario.net\/portal\/wp-json\/wp\/v2\/categories?post=9694"},{"taxonomy":"post_tag","embeddable":true,"href":"https:\/\/www.eldiario.net\/portal\/wp-json\/wp\/v2\/tags?post=9694"}],"curies":[{"name":"wp","href":"https:\/\/api.w.org\/{rel}","templated":true}]}}