{"id":9691,"date":"2021-06-11T06:43:52","date_gmt":"2021-06-11T10:43:52","guid":{"rendered":"https:\/\/www.eldiario.net\/portal\/?p=9691"},"modified":"2021-06-11T06:43:52","modified_gmt":"2021-06-11T10:43:52","slug":"sargento-calani-denuncia-vulneracion-de-sus-derechos","status":"publish","type":"post","link":"https:\/\/www.eldiario.net\/portal\/2021\/06\/11\/sargento-calani-denuncia-vulneracion-de-sus-derechos\/","title":{"rendered":"Sargento Calani denuncia  vulneraci\u00f3n de sus derechos"},"content":{"rendered":"<p>La sargento de Polic\u00eda Cecilia Calani denunci\u00f3 ayer p\u00fablicamente a fiscales y jueces que llevan su caso por la flagrante vulneraci\u00f3n de sus derechos dentro el proceso que se le sigue por el mot\u00edn policial ocurrido en 2019 y se\u00f1ala al expresidente Evo Morales como el responsable de los hechos de violencia ocasionados a causa del fraude electoral de ese a\u00f1o atribuido al MAS.<br \/>\n\u201cComo mujer y como madre he apagado los fuegos, he evitado que se quemen los exvocales del Tribunal Electoral, del Tribunal Disciplinario, de Chuquisaca, que se queme la infraestructura del Estado y no puede ser que yo sea la culpable. El \u00fanico responsable de todo esto es Evo Morales (\u2026) ni siquiera las organizaciones sociales quer\u00edan que t\u00fa (\u00e9l) sigas como presidente, bien claro ha sido el refer\u00e9ndum del 21 de febrero del 2016\u201d, afirm\u00f3 a tiempo de instalarse en una protesta p\u00fablica en la ciudad de Sucre.<br \/>\nCalani, exdirigente de la Asociaci\u00f3n Nacional de Suboficiales, Sargentos, Clases y Polic\u00edas (Ansclapol), lider\u00f3 en 2019 el rechazo policial en Sucre a las instrucciones superiores que generaron la rebeli\u00f3n policial en contra del gobierno de Morales.<br \/>\n\u201cPedimos a\u00a0la poblaci\u00f3n mantenerse en unidad para llegar a una soluci\u00f3n a la crisis pol\u00edtica y social que vive el pa\u00eds. Los bolivianos somos rebeldes, no sumisos como en otro pa\u00eds. No somos Venezuela, Cuba\u201d, manifest\u00f3 durante el mot\u00edn policial.<br \/>\nCalani denunci\u00f3 que el proceso disciplinario en su contra es un acto ilegal y de ajusticiamiento por investigar actos de incumplimiento de deberes, por parte del Tribunal Disciplinario policial y los asesores entonces en ejercicio.<br \/>\n\u201cMi caso no ten\u00eda que conocer el Tribunal Disciplinario solo rechazarlo, no corresponde ya he sido juzgada, adem\u00e1s por el tiempo procesal que ha pasado. En vez de ser felicitada (por impedir un mayor desastre con incendios) soy ajusticiada procesada\u201d, reclam\u00f3.<br \/>\nA decir de Calani, la denuncia en su contra no corresponde porque ya fue juzgada por los hechos de 2019 en los que hubiera participado; por tanto el proceso ante el Tribunal Disciplinario debi\u00f3 ser rechazado.<br \/>\nLa sargento policial exhort\u00f3 a las autoridades a cargo del proceso en su contra revisar todos los antecedentes del caso y el accionar en fin de evitar m\u00e1s vulneraciones a sus derechos constitucionales.<br \/>\nEn este sentido, reiter\u00f3 que los hechos de violencia pol\u00edtica y social de 2019 suscitaron m\u00faltiples violaciones a sus derechos.<\/p>\n","protected":false},"excerpt":{"rendered":"<p>La sargento de Polic\u00eda Cecilia Calani denunci\u00f3 ayer p\u00fablicamente a fiscales y jueces que llevan su caso por la flagrante vulneraci\u00f3n de sus derechos dentro el proceso que se le sigue por el mot\u00edn policial ocurrido en 2019 y se\u00f1ala al expresidente Evo Morales como el responsable de los hechos de violencia ocasionados a causa [&hellip;]<\/p>\n","protected":false},"author":1,"featured_media":9692,"comment_status":"closed","ping_status":"closed","sticky":false,"template":"","format":"standard","meta":{"_acf_changed":false,"footnotes":""},"categories":[39],"tags":[],"class_list":["post-9691","post","type-post","status-publish","format-standard","has-post-thumbnail","category-sociedad"],"acf":{"antetitulo":""},"yoast_head":"<!-- This site is optimized with the Yoast SEO plugin v28.3 - https:\/\/yoast.com\/product\/yoast-seo-wordpress\/ -->\n<title>Sargento Calani denuncia vulneraci\u00f3n de sus derechos - El Diario - Bolivia<\/title>\n<meta name=\"robots\" content=\"index, follow, max-snippet:-1, max-image-preview:large, max-video-preview:-1\" \/>\n<link rel=\"canonical\" href=\"https:\/\/www.eldiario.net\/portal\/2021\/06\/11\/sargento-calani-denuncia-vulneracion-de-sus-derechos\/\" \/>\n<meta property=\"og:locale\" content=\"es_ES\" \/>\n<meta property=\"og:type\" content=\"article\" \/>\n<meta property=\"og:title\" content=\"Sargento Calani denuncia vulneraci\u00f3n de sus derechos - El Diario - Bolivia\" \/>\n<meta property=\"og:description\" content=\"La sargento de Polic\u00eda Cecilia Calani denunci\u00f3 ayer p\u00fablicamente a fiscales y jueces que llevan su caso por la flagrante vulneraci\u00f3n de sus derechos dentro el proceso que se le sigue por el mot\u00edn policial ocurrido en 2019 y se\u00f1ala al expresidente Evo Morales como el responsable de los hechos de violencia ocasionados a causa [&hellip;]\" \/>\n<meta property=\"og:url\" content=\"https:\/\/www.eldiario.net\/portal\/2021\/06\/11\/sargento-calani-denuncia-vulneracion-de-sus-derechos\/\" \/>\n<meta property=\"og:site_name\" content=\"El Diario - Bolivia\" \/>\n<meta property=\"article:publisher\" content=\"https:\/\/www.facebook.com\/eldiario.bolivia\/\" \/>\n<meta property=\"article:published_time\" content=\"2021-06-11T10:43:52+00:00\" \/>\n<meta name=\"author\" content=\"Jeanette\" \/>\n<meta name=\"twitter:card\" content=\"summary_large_image\" \/>\n<meta name=\"twitter:creator\" content=\"@eldiario_net\" \/>\n<meta name=\"twitter:site\" content=\"@eldiario_net\" \/>\n<meta name=\"twitter:label1\" content=\"Escrito por\" \/>\n\t<meta name=\"twitter:data1\" content=\"Jeanette\" \/>\n\t<meta name=\"twitter:label2\" content=\"Tiempo de lectura\" \/>\n\t<meta name=\"twitter:data2\" content=\"2 minutos\" \/>\n<script type=\"application\/ld+json\" class=\"yoast-schema-graph\">{\"@context\":\"https:\\\/\\\/schema.org\",\"@graph\":[{\"@type\":\"Article\",\"@id\":\"https:\\\/\\\/www.eldiario.net\\\/portal\\\/2021\\\/06\\\/11\\\/sargento-calani-denuncia-vulneracion-de-sus-derechos\\\/#article\",\"isPartOf\":{\"@id\":\"https:\\\/\\\/www.eldiario.net\\\/portal\\\/2021\\\/06\\\/11\\\/sargento-calani-denuncia-vulneracion-de-sus-derechos\\\/\"},\"author\":{\"name\":\"Jeanette\",\"@id\":\"https:\\\/\\\/www.eldiario.net\\\/portal\\\/#\\\/schema\\\/person\\\/f46445640444750d7d753ccd04ae01b7\"},\"headline\":\"Sargento Calani denuncia vulneraci\u00f3n de sus derechos\",\"datePublished\":\"2021-06-11T10:43:52+00:00\",\"mainEntityOfPage\":{\"@id\":\"https:\\\/\\\/www.eldiario.net\\\/portal\\\/2021\\\/06\\\/11\\\/sargento-calani-denuncia-vulneracion-de-sus-derechos\\\/\"},\"wordCount\":418,\"publisher\":{\"@id\":\"https:\\\/\\\/www.eldiario.net\\\/portal\\\/#organization\"},\"image\":{\"@id\":\"https:\\\/\\\/www.eldiario.net\\\/portal\\\/2021\\\/06\\\/11\\\/sargento-calani-denuncia-vulneracion-de-sus-derechos\\\/#primaryimage\"},\"thumbnailUrl\":\"\",\"articleSection\":[\"Sociedad - Seguridad\"],\"inLanguage\":\"es\"},{\"@type\":\"WebPage\",\"@id\":\"https:\\\/\\\/www.eldiario.net\\\/portal\\\/2021\\\/06\\\/11\\\/sargento-calani-denuncia-vulneracion-de-sus-derechos\\\/\",\"url\":\"https:\\\/\\\/www.eldiario.net\\\/portal\\\/2021\\\/06\\\/11\\\/sargento-calani-denuncia-vulneracion-de-sus-derechos\\\/\",\"name\":\"Sargento Calani denuncia vulneraci\u00f3n de sus derechos - El Diario - Bolivia\",\"isPartOf\":{\"@id\":\"https:\\\/\\\/www.eldiario.net\\\/portal\\\/#website\"},\"primaryImageOfPage\":{\"@id\":\"https:\\\/\\\/www.eldiario.net\\\/portal\\\/2021\\\/06\\\/11\\\/sargento-calani-denuncia-vulneracion-de-sus-derechos\\\/#primaryimage\"},\"image\":{\"@id\":\"https:\\\/\\\/www.eldiario.net\\\/portal\\\/2021\\\/06\\\/11\\\/sargento-calani-denuncia-vulneracion-de-sus-derechos\\\/#primaryimage\"},\"thumbnailUrl\":\"\",\"datePublished\":\"2021-06-11T10:43:52+00:00\",\"breadcrumb\":{\"@id\":\"https:\\\/\\\/www.eldiario.net\\\/portal\\\/2021\\\/06\\\/11\\\/sargento-calani-denuncia-vulneracion-de-sus-derechos\\\/#breadcrumb\"},\"inLanguage\":\"es\",\"potentialAction\":[{\"@type\":\"ReadAction\",\"target\":[\"https:\\\/\\\/www.eldiario.net\\\/portal\\\/2021\\\/06\\\/11\\\/sargento-calani-denuncia-vulneracion-de-sus-derechos\\\/\"]}]},{\"@type\":\"ImageObject\",\"inLanguage\":\"es\",\"@id\":\"https:\\\/\\\/www.eldiario.net\\\/portal\\\/2021\\\/06\\\/11\\\/sargento-calani-denuncia-vulneracion-de-sus-derechos\\\/#primaryimage\",\"url\":\"\",\"contentUrl\":\"\"},{\"@type\":\"BreadcrumbList\",\"@id\":\"https:\\\/\\\/www.eldiario.net\\\/portal\\\/2021\\\/06\\\/11\\\/sargento-calani-denuncia-vulneracion-de-sus-derechos\\\/#breadcrumb\",\"itemListElement\":[{\"@type\":\"ListItem\",\"position\":1,\"name\":\"Portada\",\"item\":\"https:\\\/\\\/www.eldiario.net\\\/portal\\\/\"},{\"@type\":\"ListItem\",\"position\":2,\"name\":\"Sargento Calani denuncia vulneraci\u00f3n de sus derechos\"}]},{\"@type\":\"WebSite\",\"@id\":\"https:\\\/\\\/www.eldiario.net\\\/portal\\\/#website\",\"url\":\"https:\\\/\\\/www.eldiario.net\\\/portal\\\/\",\"name\":\"El Diario - Decano de la prensa nacional\",\"description\":\"El Diario - Decano de la prensa nacional\",\"publisher\":{\"@id\":\"https:\\\/\\\/www.eldiario.net\\\/portal\\\/#organization\"},\"potentialAction\":[{\"@type\":\"SearchAction\",\"target\":{\"@type\":\"EntryPoint\",\"urlTemplate\":\"https:\\\/\\\/www.eldiario.net\\\/portal\\\/?s={search_term_string}\"},\"query-input\":{\"@type\":\"PropertyValueSpecification\",\"valueRequired\":true,\"valueName\":\"search_term_string\"}}],\"inLanguage\":\"es\"},{\"@type\":\"Organization\",\"@id\":\"https:\\\/\\\/www.eldiario.net\\\/portal\\\/#organization\",\"name\":\"El Diario - Decano de la prensa nacional\",\"url\":\"https:\\\/\\\/www.eldiario.net\\\/portal\\\/\",\"logo\":{\"@type\":\"ImageObject\",\"inLanguage\":\"es\",\"@id\":\"https:\\\/\\\/www.eldiario.net\\\/portal\\\/#\\\/schema\\\/logo\\\/image\\\/\",\"url\":\"https:\\\/\\\/www.eldiario.net\\\/portal\\\/wp-content\\\/uploads\\\/2023\\\/07\\\/logo_ED.jpg\",\"contentUrl\":\"https:\\\/\\\/www.eldiario.net\\\/portal\\\/wp-content\\\/uploads\\\/2023\\\/07\\\/logo_ED.jpg\",\"width\":272,\"height\":52,\"caption\":\"El Diario - Decano de la prensa nacional\"},\"image\":{\"@id\":\"https:\\\/\\\/www.eldiario.net\\\/portal\\\/#\\\/schema\\\/logo\\\/image\\\/\"},\"sameAs\":[\"https:\\\/\\\/www.facebook.com\\\/eldiario.bolivia\\\/\",\"https:\\\/\\\/x.com\\\/eldiario_net\"]},{\"@type\":\"Person\",\"@id\":\"https:\\\/\\\/www.eldiario.net\\\/portal\\\/#\\\/schema\\\/person\\\/f46445640444750d7d753ccd04ae01b7\",\"name\":\"Jeanette\",\"image\":{\"@type\":\"ImageObject\",\"inLanguage\":\"es\",\"@id\":\"https:\\\/\\\/secure.gravatar.com\\\/avatar\\\/3ea2118a5f7dad2b7138b1187a6b7ee55f160b9968b66013c3a3ef39dd7e5798?s=96&d=mm&r=g\",\"url\":\"https:\\\/\\\/secure.gravatar.com\\\/avatar\\\/3ea2118a5f7dad2b7138b1187a6b7ee55f160b9968b66013c3a3ef39dd7e5798?s=96&d=mm&r=g\",\"contentUrl\":\"https:\\\/\\\/secure.gravatar.com\\\/avatar\\\/3ea2118a5f7dad2b7138b1187a6b7ee55f160b9968b66013c3a3ef39dd7e5798?s=96&d=mm&r=g\",\"caption\":\"Jeanette\"},\"sameAs\":[\"https:\\\/\\\/www.eldiario.net\\\/portal\"],\"url\":\"https:\\\/\\\/www.eldiario.net\\\/portal\\\/author\\\/jeanette\\\/\"}]}<\/script>\n<!-- \/ Yoast SEO plugin. -->","yoast_head_json":{"title":"Sargento Calani denuncia vulneraci\u00f3n de sus derechos - El Diario - Bolivia","robots":{"index":"index","follow":"follow","max-snippet":"max-snippet:-1","max-image-preview":"max-image-preview:large","max-video-preview":"max-video-preview:-1"},"canonical":"https:\/\/www.eldiario.net\/portal\/2021\/06\/11\/sargento-calani-denuncia-vulneracion-de-sus-derechos\/","og_locale":"es_ES","og_type":"article","og_title":"Sargento Calani denuncia vulneraci\u00f3n de sus derechos - El Diario - Bolivia","og_description":"La sargento de Polic\u00eda Cecilia Calani denunci\u00f3 ayer p\u00fablicamente a fiscales y jueces que llevan su caso por la flagrante vulneraci\u00f3n de sus derechos dentro el proceso que se le sigue por el mot\u00edn policial ocurrido en 2019 y se\u00f1ala al expresidente Evo Morales como el responsable de los hechos de violencia ocasionados a causa [&hellip;]","og_url":"https:\/\/www.eldiario.net\/portal\/2021\/06\/11\/sargento-calani-denuncia-vulneracion-de-sus-derechos\/","og_site_name":"El Diario - Bolivia","article_publisher":"https:\/\/www.facebook.com\/eldiario.bolivia\/","article_published_time":"2021-06-11T10:43:52+00:00","author":"Jeanette","twitter_card":"summary_large_image","twitter_creator":"@eldiario_net","twitter_site":"@eldiario_net","twitter_misc":{"Escrito por":"Jeanette","Tiempo de lectura":"2 minutos"},"schema":{"@context":"https:\/\/schema.org","@graph":[{"@type":"Article","@id":"https:\/\/www.eldiario.net\/portal\/2021\/06\/11\/sargento-calani-denuncia-vulneracion-de-sus-derechos\/#article","isPartOf":{"@id":"https:\/\/www.eldiario.net\/portal\/2021\/06\/11\/sargento-calani-denuncia-vulneracion-de-sus-derechos\/"},"author":{"name":"Jeanette","@id":"https:\/\/www.eldiario.net\/portal\/#\/schema\/person\/f46445640444750d7d753ccd04ae01b7"},"headline":"Sargento Calani denuncia vulneraci\u00f3n de sus derechos","datePublished":"2021-06-11T10:43:52+00:00","mainEntityOfPage":{"@id":"https:\/\/www.eldiario.net\/portal\/2021\/06\/11\/sargento-calani-denuncia-vulneracion-de-sus-derechos\/"},"wordCount":418,"publisher":{"@id":"https:\/\/www.eldiario.net\/portal\/#organization"},"image":{"@id":"https:\/\/www.eldiario.net\/portal\/2021\/06\/11\/sargento-calani-denuncia-vulneracion-de-sus-derechos\/#primaryimage"},"thumbnailUrl":"","articleSection":["Sociedad - Seguridad"],"inLanguage":"es"},{"@type":"WebPage","@id":"https:\/\/www.eldiario.net\/portal\/2021\/06\/11\/sargento-calani-denuncia-vulneracion-de-sus-derechos\/","url":"https:\/\/www.eldiario.net\/portal\/2021\/06\/11\/sargento-calani-denuncia-vulneracion-de-sus-derechos\/","name":"Sargento Calani denuncia vulneraci\u00f3n de sus derechos - El Diario - Bolivia","isPartOf":{"@id":"https:\/\/www.eldiario.net\/portal\/#website"},"primaryImageOfPage":{"@id":"https:\/\/www.eldiario.net\/portal\/2021\/06\/11\/sargento-calani-denuncia-vulneracion-de-sus-derechos\/#primaryimage"},"image":{"@id":"https:\/\/www.eldiario.net\/portal\/2021\/06\/11\/sargento-calani-denuncia-vulneracion-de-sus-derechos\/#primaryimage"},"thumbnailUrl":"","datePublished":"2021-06-11T10:43:52+00:00","breadcrumb":{"@id":"https:\/\/www.eldiario.net\/portal\/2021\/06\/11\/sargento-calani-denuncia-vulneracion-de-sus-derechos\/#breadcrumb"},"inLanguage":"es","potentialAction":[{"@type":"ReadAction","target":["https:\/\/www.eldiario.net\/portal\/2021\/06\/11\/sargento-calani-denuncia-vulneracion-de-sus-derechos\/"]}]},{"@type":"ImageObject","inLanguage":"es","@id":"https:\/\/www.eldiario.net\/portal\/2021\/06\/11\/sargento-calani-denuncia-vulneracion-de-sus-derechos\/#primaryimage","url":"","contentUrl":""},{"@type":"BreadcrumbList","@id":"https:\/\/www.eldiario.net\/portal\/2021\/06\/11\/sargento-calani-denuncia-vulneracion-de-sus-derechos\/#breadcrumb","itemListElement":[{"@type":"ListItem","position":1,"name":"Portada","item":"https:\/\/www.eldiario.net\/portal\/"},{"@type":"ListItem","position":2,"name":"Sargento Calani denuncia vulneraci\u00f3n de sus derechos"}]},{"@type":"WebSite","@id":"https:\/\/www.eldiario.net\/portal\/#website","url":"https:\/\/www.eldiario.net\/portal\/","name":"El Diario - Decano de la prensa nacional","description":"El Diario - Decano de la prensa nacional","publisher":{"@id":"https:\/\/www.eldiario.net\/portal\/#organization"},"potentialAction":[{"@type":"SearchAction","target":{"@type":"EntryPoint","urlTemplate":"https:\/\/www.eldiario.net\/portal\/?s={search_term_string}"},"query-input":{"@type":"PropertyValueSpecification","valueRequired":true,"valueName":"search_term_string"}}],"inLanguage":"es"},{"@type":"Organization","@id":"https:\/\/www.eldiario.net\/portal\/#organization","name":"El Diario - Decano de la prensa nacional","url":"https:\/\/www.eldiario.net\/portal\/","logo":{"@type":"ImageObject","inLanguage":"es","@id":"https:\/\/www.eldiario.net\/portal\/#\/schema\/logo\/image\/","url":"https:\/\/www.eldiario.net\/portal\/wp-content\/uploads\/2023\/07\/logo_ED.jpg","contentUrl":"https:\/\/www.eldiario.net\/portal\/wp-content\/uploads\/2023\/07\/logo_ED.jpg","width":272,"height":52,"caption":"El Diario - Decano de la prensa nacional"},"image":{"@id":"https:\/\/www.eldiario.net\/portal\/#\/schema\/logo\/image\/"},"sameAs":["https:\/\/www.facebook.com\/eldiario.bolivia\/","https:\/\/x.com\/eldiario_net"]},{"@type":"Person","@id":"https:\/\/www.eldiario.net\/portal\/#\/schema\/person\/f46445640444750d7d753ccd04ae01b7","name":"Jeanette","image":{"@type":"ImageObject","inLanguage":"es","@id":"https:\/\/secure.gravatar.com\/avatar\/3ea2118a5f7dad2b7138b1187a6b7ee55f160b9968b66013c3a3ef39dd7e5798?s=96&d=mm&r=g","url":"https:\/\/secure.gravatar.com\/avatar\/3ea2118a5f7dad2b7138b1187a6b7ee55f160b9968b66013c3a3ef39dd7e5798?s=96&d=mm&r=g","contentUrl":"https:\/\/secure.gravatar.com\/avatar\/3ea2118a5f7dad2b7138b1187a6b7ee55f160b9968b66013c3a3ef39dd7e5798?s=96&d=mm&r=g","caption":"Jeanette"},"sameAs":["https:\/\/www.eldiario.net\/portal"],"url":"https:\/\/www.eldiario.net\/portal\/author\/jeanette\/"}]}},"_links":{"self":[{"href":"https:\/\/www.eldiario.net\/portal\/wp-json\/wp\/v2\/posts\/9691","targetHints":{"allow":["GET"]}}],"collection":[{"href":"https:\/\/www.eldiario.net\/portal\/wp-json\/wp\/v2\/posts"}],"about":[{"href":"https:\/\/www.eldiario.net\/portal\/wp-json\/wp\/v2\/types\/post"}],"author":[{"embeddable":true,"href":"https:\/\/www.eldiario.net\/portal\/wp-json\/wp\/v2\/users\/1"}],"replies":[{"embeddable":true,"href":"https:\/\/www.eldiario.net\/portal\/wp-json\/wp\/v2\/comments?post=9691"}],"version-history":[{"count":0,"href":"https:\/\/www.eldiario.net\/portal\/wp-json\/wp\/v2\/posts\/9691\/revisions"}],"wp:attachment":[{"href":"https:\/\/www.eldiario.net\/portal\/wp-json\/wp\/v2\/media?parent=9691"}],"wp:term":[{"taxonomy":"category","embeddable":true,"href":"https:\/\/www.eldiario.net\/portal\/wp-json\/wp\/v2\/categories?post=9691"},{"taxonomy":"post_tag","embeddable":true,"href":"https:\/\/www.eldiario.net\/portal\/wp-json\/wp\/v2\/tags?post=9691"}],"curies":[{"name":"wp","href":"https:\/\/api.w.org\/{rel}","templated":true}]}}