{"id":9689,"date":"2021-06-11T06:42:44","date_gmt":"2021-06-11T10:42:44","guid":{"rendered":"https:\/\/www.eldiario.net\/portal\/?p=9689"},"modified":"2021-06-11T06:42:44","modified_gmt":"2021-06-11T10:42:44","slug":"nino-muere-tras-ser-atropellado-por-un-camion-de-emaverde","status":"publish","type":"post","link":"https:\/\/www.eldiario.net\/portal\/2021\/06\/11\/nino-muere-tras-ser-atropellado-por-un-camion-de-emaverde\/","title":{"rendered":"Ni\u00f1o muere tras ser atropellado por un cami\u00f3n de Emaverde"},"content":{"rendered":"<p>La Alcald\u00eda de La Paz inform\u00f3 que un ni\u00f1o de nueve a\u00f1os falleci\u00f3 ayer, luego de haber sido atropellado por un cami\u00f3n de la Empresa Municipal de \u00c1reas Verdes (Emaverde) en la zona Sur.<br \/>\nEl Gobierno Aut\u00f3nomo Municipal de La Paz expres\u00f3 sus condolencias a la familia del menor y se puso a disposici\u00f3n para la respectiva investigaci\u00f3n policial del hecho ocurrido.<br \/>\nDe acuerdo con las primeras indagaciones, el incidente fue fortuito debido a que el menor cruz\u00f3 la calzada de manera imprevista. \u201cEl ni\u00f1o cruz\u00f3 la calzada de manera imprevista y fue afectado por una de las llantas traseras del veh\u00edculo. El conductor no tuvo tiempo de frenar. El ni\u00f1o fue llevado al hospital Los Pinos, donde se confirm\u00f3 su fallecimiento\u201d, se\u00f1ala un comunicado emitido por el Gobierno Aut\u00f3nomo Municipal de La Paz.<br \/>\nSeg\u00fan el pronunciamiento oficial de la comuna pace\u00f1a, tanto el veh\u00edculo como el conductor fueron retenidos en el Distrito Policial 4. Tras el examen de alcoholemia, la Polic\u00eda verific\u00f3 que el conductor ten\u00eda cero grado alcoh\u00f3lico.<br \/>\n\u201cEl motorizado tiene SOAT vigente, un seguro contratado por Emaverde con anticipaci\u00f3n correr\u00e1 con los gastos del sepelio del menor\u201d, a\u00f1ade el comunicado edil.<\/p>\n","protected":false},"excerpt":{"rendered":"<p>La Alcald\u00eda de La Paz inform\u00f3 que un ni\u00f1o de nueve a\u00f1os falleci\u00f3 ayer, luego de haber sido atropellado por un cami\u00f3n de la Empresa Municipal de \u00c1reas Verdes (Emaverde) en la zona Sur. El Gobierno Aut\u00f3nomo Municipal de La Paz expres\u00f3 sus condolencias a la familia del menor y se puso a disposici\u00f3n para [&hellip;]<\/p>\n","protected":false},"author":1,"featured_media":0,"comment_status":"closed","ping_status":"closed","sticky":false,"template":"","format":"standard","meta":{"_acf_changed":false,"footnotes":""},"categories":[39],"tags":[],"class_list":["post-9689","post","type-post","status-publish","format-standard","category-sociedad"],"acf":{"antetitulo":""},"yoast_head":"<!-- This site is optimized with the Yoast SEO plugin v28.3 - https:\/\/yoast.com\/product\/yoast-seo-wordpress\/ -->\n<title>Ni\u00f1o muere tras ser atropellado por un cami\u00f3n de Emaverde - El Diario - Bolivia<\/title>\n<meta name=\"robots\" content=\"index, follow, max-snippet:-1, max-image-preview:large, max-video-preview:-1\" \/>\n<link rel=\"canonical\" href=\"https:\/\/www.eldiario.net\/portal\/2021\/06\/11\/nino-muere-tras-ser-atropellado-por-un-camion-de-emaverde\/\" \/>\n<meta property=\"og:locale\" content=\"es_ES\" \/>\n<meta property=\"og:type\" content=\"article\" \/>\n<meta property=\"og:title\" content=\"Ni\u00f1o muere tras ser atropellado por un cami\u00f3n de Emaverde - El Diario - Bolivia\" \/>\n<meta property=\"og:description\" content=\"La Alcald\u00eda de La Paz inform\u00f3 que un ni\u00f1o de nueve a\u00f1os falleci\u00f3 ayer, luego de haber sido atropellado por un cami\u00f3n de la Empresa Municipal de \u00c1reas Verdes (Emaverde) en la zona Sur. El Gobierno Aut\u00f3nomo Municipal de La Paz expres\u00f3 sus condolencias a la familia del menor y se puso a disposici\u00f3n para [&hellip;]\" \/>\n<meta property=\"og:url\" content=\"https:\/\/www.eldiario.net\/portal\/2021\/06\/11\/nino-muere-tras-ser-atropellado-por-un-camion-de-emaverde\/\" \/>\n<meta property=\"og:site_name\" content=\"El Diario - Bolivia\" \/>\n<meta property=\"article:publisher\" content=\"https:\/\/www.facebook.com\/eldiario.bolivia\/\" \/>\n<meta property=\"article:published_time\" content=\"2021-06-11T10:42:44+00:00\" \/>\n<meta name=\"author\" content=\"Jeanette\" \/>\n<meta name=\"twitter:card\" content=\"summary_large_image\" \/>\n<meta name=\"twitter:creator\" content=\"@eldiario_net\" \/>\n<meta name=\"twitter:site\" content=\"@eldiario_net\" \/>\n<meta name=\"twitter:label1\" content=\"Escrito por\" \/>\n\t<meta name=\"twitter:data1\" content=\"Jeanette\" \/>\n\t<meta name=\"twitter:label2\" content=\"Tiempo de lectura\" \/>\n\t<meta name=\"twitter:data2\" content=\"1 minuto\" \/>\n<script type=\"application\/ld+json\" class=\"yoast-schema-graph\">{\"@context\":\"https:\\\/\\\/schema.org\",\"@graph\":[{\"@type\":\"Article\",\"@id\":\"https:\\\/\\\/www.eldiario.net\\\/portal\\\/2021\\\/06\\\/11\\\/nino-muere-tras-ser-atropellado-por-un-camion-de-emaverde\\\/#article\",\"isPartOf\":{\"@id\":\"https:\\\/\\\/www.eldiario.net\\\/portal\\\/2021\\\/06\\\/11\\\/nino-muere-tras-ser-atropellado-por-un-camion-de-emaverde\\\/\"},\"author\":{\"name\":\"Jeanette\",\"@id\":\"https:\\\/\\\/www.eldiario.net\\\/portal\\\/#\\\/schema\\\/person\\\/f46445640444750d7d753ccd04ae01b7\"},\"headline\":\"Ni\u00f1o muere tras ser atropellado por un cami\u00f3n de Emaverde\",\"datePublished\":\"2021-06-11T10:42:44+00:00\",\"mainEntityOfPage\":{\"@id\":\"https:\\\/\\\/www.eldiario.net\\\/portal\\\/2021\\\/06\\\/11\\\/nino-muere-tras-ser-atropellado-por-un-camion-de-emaverde\\\/\"},\"wordCount\":225,\"publisher\":{\"@id\":\"https:\\\/\\\/www.eldiario.net\\\/portal\\\/#organization\"},\"articleSection\":[\"Sociedad - Seguridad\"],\"inLanguage\":\"es\"},{\"@type\":\"WebPage\",\"@id\":\"https:\\\/\\\/www.eldiario.net\\\/portal\\\/2021\\\/06\\\/11\\\/nino-muere-tras-ser-atropellado-por-un-camion-de-emaverde\\\/\",\"url\":\"https:\\\/\\\/www.eldiario.net\\\/portal\\\/2021\\\/06\\\/11\\\/nino-muere-tras-ser-atropellado-por-un-camion-de-emaverde\\\/\",\"name\":\"Ni\u00f1o muere tras ser atropellado por un cami\u00f3n de Emaverde - El Diario - Bolivia\",\"isPartOf\":{\"@id\":\"https:\\\/\\\/www.eldiario.net\\\/portal\\\/#website\"},\"datePublished\":\"2021-06-11T10:42:44+00:00\",\"breadcrumb\":{\"@id\":\"https:\\\/\\\/www.eldiario.net\\\/portal\\\/2021\\\/06\\\/11\\\/nino-muere-tras-ser-atropellado-por-un-camion-de-emaverde\\\/#breadcrumb\"},\"inLanguage\":\"es\",\"potentialAction\":[{\"@type\":\"ReadAction\",\"target\":[\"https:\\\/\\\/www.eldiario.net\\\/portal\\\/2021\\\/06\\\/11\\\/nino-muere-tras-ser-atropellado-por-un-camion-de-emaverde\\\/\"]}]},{\"@type\":\"BreadcrumbList\",\"@id\":\"https:\\\/\\\/www.eldiario.net\\\/portal\\\/2021\\\/06\\\/11\\\/nino-muere-tras-ser-atropellado-por-un-camion-de-emaverde\\\/#breadcrumb\",\"itemListElement\":[{\"@type\":\"ListItem\",\"position\":1,\"name\":\"Portada\",\"item\":\"https:\\\/\\\/www.eldiario.net\\\/portal\\\/\"},{\"@type\":\"ListItem\",\"position\":2,\"name\":\"Ni\u00f1o muere tras ser atropellado por un cami\u00f3n de Emaverde\"}]},{\"@type\":\"WebSite\",\"@id\":\"https:\\\/\\\/www.eldiario.net\\\/portal\\\/#website\",\"url\":\"https:\\\/\\\/www.eldiario.net\\\/portal\\\/\",\"name\":\"El Diario - Decano de la prensa nacional\",\"description\":\"El Diario - Decano de la prensa nacional\",\"publisher\":{\"@id\":\"https:\\\/\\\/www.eldiario.net\\\/portal\\\/#organization\"},\"potentialAction\":[{\"@type\":\"SearchAction\",\"target\":{\"@type\":\"EntryPoint\",\"urlTemplate\":\"https:\\\/\\\/www.eldiario.net\\\/portal\\\/?s={search_term_string}\"},\"query-input\":{\"@type\":\"PropertyValueSpecification\",\"valueRequired\":true,\"valueName\":\"search_term_string\"}}],\"inLanguage\":\"es\"},{\"@type\":\"Organization\",\"@id\":\"https:\\\/\\\/www.eldiario.net\\\/portal\\\/#organization\",\"name\":\"El Diario - Decano de la prensa nacional\",\"url\":\"https:\\\/\\\/www.eldiario.net\\\/portal\\\/\",\"logo\":{\"@type\":\"ImageObject\",\"inLanguage\":\"es\",\"@id\":\"https:\\\/\\\/www.eldiario.net\\\/portal\\\/#\\\/schema\\\/logo\\\/image\\\/\",\"url\":\"https:\\\/\\\/www.eldiario.net\\\/portal\\\/wp-content\\\/uploads\\\/2023\\\/07\\\/logo_ED.jpg\",\"contentUrl\":\"https:\\\/\\\/www.eldiario.net\\\/portal\\\/wp-content\\\/uploads\\\/2023\\\/07\\\/logo_ED.jpg\",\"width\":272,\"height\":52,\"caption\":\"El Diario - Decano de la prensa nacional\"},\"image\":{\"@id\":\"https:\\\/\\\/www.eldiario.net\\\/portal\\\/#\\\/schema\\\/logo\\\/image\\\/\"},\"sameAs\":[\"https:\\\/\\\/www.facebook.com\\\/eldiario.bolivia\\\/\",\"https:\\\/\\\/x.com\\\/eldiario_net\"]},{\"@type\":\"Person\",\"@id\":\"https:\\\/\\\/www.eldiario.net\\\/portal\\\/#\\\/schema\\\/person\\\/f46445640444750d7d753ccd04ae01b7\",\"name\":\"Jeanette\",\"image\":{\"@type\":\"ImageObject\",\"inLanguage\":\"es\",\"@id\":\"https:\\\/\\\/secure.gravatar.com\\\/avatar\\\/3ea2118a5f7dad2b7138b1187a6b7ee55f160b9968b66013c3a3ef39dd7e5798?s=96&d=mm&r=g\",\"url\":\"https:\\\/\\\/secure.gravatar.com\\\/avatar\\\/3ea2118a5f7dad2b7138b1187a6b7ee55f160b9968b66013c3a3ef39dd7e5798?s=96&d=mm&r=g\",\"contentUrl\":\"https:\\\/\\\/secure.gravatar.com\\\/avatar\\\/3ea2118a5f7dad2b7138b1187a6b7ee55f160b9968b66013c3a3ef39dd7e5798?s=96&d=mm&r=g\",\"caption\":\"Jeanette\"},\"sameAs\":[\"https:\\\/\\\/www.eldiario.net\\\/portal\"],\"url\":\"https:\\\/\\\/www.eldiario.net\\\/portal\\\/author\\\/jeanette\\\/\"}]}<\/script>\n<!-- \/ Yoast SEO plugin. -->","yoast_head_json":{"title":"Ni\u00f1o muere tras ser atropellado por un cami\u00f3n de Emaverde - El Diario - Bolivia","robots":{"index":"index","follow":"follow","max-snippet":"max-snippet:-1","max-image-preview":"max-image-preview:large","max-video-preview":"max-video-preview:-1"},"canonical":"https:\/\/www.eldiario.net\/portal\/2021\/06\/11\/nino-muere-tras-ser-atropellado-por-un-camion-de-emaverde\/","og_locale":"es_ES","og_type":"article","og_title":"Ni\u00f1o muere tras ser atropellado por un cami\u00f3n de Emaverde - El Diario - Bolivia","og_description":"La Alcald\u00eda de La Paz inform\u00f3 que un ni\u00f1o de nueve a\u00f1os falleci\u00f3 ayer, luego de haber sido atropellado por un cami\u00f3n de la Empresa Municipal de \u00c1reas Verdes (Emaverde) en la zona Sur. El Gobierno Aut\u00f3nomo Municipal de La Paz expres\u00f3 sus condolencias a la familia del menor y se puso a disposici\u00f3n para [&hellip;]","og_url":"https:\/\/www.eldiario.net\/portal\/2021\/06\/11\/nino-muere-tras-ser-atropellado-por-un-camion-de-emaverde\/","og_site_name":"El Diario - Bolivia","article_publisher":"https:\/\/www.facebook.com\/eldiario.bolivia\/","article_published_time":"2021-06-11T10:42:44+00:00","author":"Jeanette","twitter_card":"summary_large_image","twitter_creator":"@eldiario_net","twitter_site":"@eldiario_net","twitter_misc":{"Escrito por":"Jeanette","Tiempo de lectura":"1 minuto"},"schema":{"@context":"https:\/\/schema.org","@graph":[{"@type":"Article","@id":"https:\/\/www.eldiario.net\/portal\/2021\/06\/11\/nino-muere-tras-ser-atropellado-por-un-camion-de-emaverde\/#article","isPartOf":{"@id":"https:\/\/www.eldiario.net\/portal\/2021\/06\/11\/nino-muere-tras-ser-atropellado-por-un-camion-de-emaverde\/"},"author":{"name":"Jeanette","@id":"https:\/\/www.eldiario.net\/portal\/#\/schema\/person\/f46445640444750d7d753ccd04ae01b7"},"headline":"Ni\u00f1o muere tras ser atropellado por un cami\u00f3n de Emaverde","datePublished":"2021-06-11T10:42:44+00:00","mainEntityOfPage":{"@id":"https:\/\/www.eldiario.net\/portal\/2021\/06\/11\/nino-muere-tras-ser-atropellado-por-un-camion-de-emaverde\/"},"wordCount":225,"publisher":{"@id":"https:\/\/www.eldiario.net\/portal\/#organization"},"articleSection":["Sociedad - Seguridad"],"inLanguage":"es"},{"@type":"WebPage","@id":"https:\/\/www.eldiario.net\/portal\/2021\/06\/11\/nino-muere-tras-ser-atropellado-por-un-camion-de-emaverde\/","url":"https:\/\/www.eldiario.net\/portal\/2021\/06\/11\/nino-muere-tras-ser-atropellado-por-un-camion-de-emaverde\/","name":"Ni\u00f1o muere tras ser atropellado por un cami\u00f3n de Emaverde - El Diario - Bolivia","isPartOf":{"@id":"https:\/\/www.eldiario.net\/portal\/#website"},"datePublished":"2021-06-11T10:42:44+00:00","breadcrumb":{"@id":"https:\/\/www.eldiario.net\/portal\/2021\/06\/11\/nino-muere-tras-ser-atropellado-por-un-camion-de-emaverde\/#breadcrumb"},"inLanguage":"es","potentialAction":[{"@type":"ReadAction","target":["https:\/\/www.eldiario.net\/portal\/2021\/06\/11\/nino-muere-tras-ser-atropellado-por-un-camion-de-emaverde\/"]}]},{"@type":"BreadcrumbList","@id":"https:\/\/www.eldiario.net\/portal\/2021\/06\/11\/nino-muere-tras-ser-atropellado-por-un-camion-de-emaverde\/#breadcrumb","itemListElement":[{"@type":"ListItem","position":1,"name":"Portada","item":"https:\/\/www.eldiario.net\/portal\/"},{"@type":"ListItem","position":2,"name":"Ni\u00f1o muere tras ser atropellado por un cami\u00f3n de Emaverde"}]},{"@type":"WebSite","@id":"https:\/\/www.eldiario.net\/portal\/#website","url":"https:\/\/www.eldiario.net\/portal\/","name":"El Diario - Decano de la prensa nacional","description":"El Diario - Decano de la prensa nacional","publisher":{"@id":"https:\/\/www.eldiario.net\/portal\/#organization"},"potentialAction":[{"@type":"SearchAction","target":{"@type":"EntryPoint","urlTemplate":"https:\/\/www.eldiario.net\/portal\/?s={search_term_string}"},"query-input":{"@type":"PropertyValueSpecification","valueRequired":true,"valueName":"search_term_string"}}],"inLanguage":"es"},{"@type":"Organization","@id":"https:\/\/www.eldiario.net\/portal\/#organization","name":"El Diario - Decano de la prensa nacional","url":"https:\/\/www.eldiario.net\/portal\/","logo":{"@type":"ImageObject","inLanguage":"es","@id":"https:\/\/www.eldiario.net\/portal\/#\/schema\/logo\/image\/","url":"https:\/\/www.eldiario.net\/portal\/wp-content\/uploads\/2023\/07\/logo_ED.jpg","contentUrl":"https:\/\/www.eldiario.net\/portal\/wp-content\/uploads\/2023\/07\/logo_ED.jpg","width":272,"height":52,"caption":"El Diario - Decano de la prensa nacional"},"image":{"@id":"https:\/\/www.eldiario.net\/portal\/#\/schema\/logo\/image\/"},"sameAs":["https:\/\/www.facebook.com\/eldiario.bolivia\/","https:\/\/x.com\/eldiario_net"]},{"@type":"Person","@id":"https:\/\/www.eldiario.net\/portal\/#\/schema\/person\/f46445640444750d7d753ccd04ae01b7","name":"Jeanette","image":{"@type":"ImageObject","inLanguage":"es","@id":"https:\/\/secure.gravatar.com\/avatar\/3ea2118a5f7dad2b7138b1187a6b7ee55f160b9968b66013c3a3ef39dd7e5798?s=96&d=mm&r=g","url":"https:\/\/secure.gravatar.com\/avatar\/3ea2118a5f7dad2b7138b1187a6b7ee55f160b9968b66013c3a3ef39dd7e5798?s=96&d=mm&r=g","contentUrl":"https:\/\/secure.gravatar.com\/avatar\/3ea2118a5f7dad2b7138b1187a6b7ee55f160b9968b66013c3a3ef39dd7e5798?s=96&d=mm&r=g","caption":"Jeanette"},"sameAs":["https:\/\/www.eldiario.net\/portal"],"url":"https:\/\/www.eldiario.net\/portal\/author\/jeanette\/"}]}},"_links":{"self":[{"href":"https:\/\/www.eldiario.net\/portal\/wp-json\/wp\/v2\/posts\/9689","targetHints":{"allow":["GET"]}}],"collection":[{"href":"https:\/\/www.eldiario.net\/portal\/wp-json\/wp\/v2\/posts"}],"about":[{"href":"https:\/\/www.eldiario.net\/portal\/wp-json\/wp\/v2\/types\/post"}],"author":[{"embeddable":true,"href":"https:\/\/www.eldiario.net\/portal\/wp-json\/wp\/v2\/users\/1"}],"replies":[{"embeddable":true,"href":"https:\/\/www.eldiario.net\/portal\/wp-json\/wp\/v2\/comments?post=9689"}],"version-history":[{"count":0,"href":"https:\/\/www.eldiario.net\/portal\/wp-json\/wp\/v2\/posts\/9689\/revisions"}],"wp:attachment":[{"href":"https:\/\/www.eldiario.net\/portal\/wp-json\/wp\/v2\/media?parent=9689"}],"wp:term":[{"taxonomy":"category","embeddable":true,"href":"https:\/\/www.eldiario.net\/portal\/wp-json\/wp\/v2\/categories?post=9689"},{"taxonomy":"post_tag","embeddable":true,"href":"https:\/\/www.eldiario.net\/portal\/wp-json\/wp\/v2\/tags?post=9689"}],"curies":[{"name":"wp","href":"https:\/\/api.w.org\/{rel}","templated":true}]}}