{"id":95606,"date":"2022-07-08T05:27:17","date_gmt":"2022-07-08T09:27:17","guid":{"rendered":"https:\/\/www.eldiario.net\/portal\/?p=95606"},"modified":"2022-07-08T05:27:17","modified_gmt":"2022-07-08T09:27:17","slug":"posesionan-a-juana-jimenez-soto-como-viceministra-del-tesoro-y-credito-popular","status":"publish","type":"post","link":"https:\/\/www.eldiario.net\/portal\/2022\/07\/08\/posesionan-a-juana-jimenez-soto-como-viceministra-del-tesoro-y-credito-popular\/","title":{"rendered":"Posesionan a Juana Jim\u00e9nez Soto como  viceministra del Tesoro y Cr\u00e9dito Popular"},"content":{"rendered":"<p>El ministro de Econom\u00eda y Finanzas P\u00fablicas, Marcelo Montenegro, posesion\u00f3 a Juana Jim\u00e9nez Soto como nueva viceministra del Tesoro y Cr\u00e9dito Popular, cargo que qued\u00f3 vacante luego del nombramiento a Sergio Cusicanqui como ministro de Planificaci\u00f3n del Desarrollo.<br \/>\n\u201cJuana Patricia Jim\u00e9nez ha acompa\u00f1ado en varias gestiones las actividades del Ministerio (\u2026) tiene un conocimiento amplio, adem\u00e1s que tambi\u00e9n ha sido consultora internacional en temas de fiscalidad y tributos. Confiamos mucho en su trabajo, en su profesionalidad\u201d, dijo el ministro Montenegro en el acto de posesi\u00f3n.<br \/>\nJuana Patricia Jim\u00e9nez Soto, es economista de la Universidad Mayor de San Andr\u00e9s (UMSA), cuenta con estudios de Maestr\u00eda en Desarrollo Econ\u00f3mico del CIDES-UMSA y con especialidad en tributaci\u00f3n y finanzas p\u00fablicas.<br \/>\n\u201cDesde este lugar de servicio que se me encomienda mi compromiso para coadyuvar con la gran misi\u00f3n y prop\u00f3sito com\u00fan de un pa\u00eds m\u00e1s equitativo. Misi\u00f3n que, entre otros, demanda de un sector p\u00fablico que genere respuestas m\u00e1s eficaces, que desarrolle soluciones innovadoras y m\u00e1s resiliente\u201d, dijo la nueva autoridad.<br \/>\nEl ministro Montenegro asegur\u00f3 que el Ministerio de Econom\u00eda y Finanzas P\u00fablicas es un semillero de personas con capacidades para liderar instituciones, a tiempo de agradecer el acompa\u00f1amiento de la anterior autoridad que hoy ejerce funciones como ministro de Planificaci\u00f3n del Desarrollo.<br \/>\n\u201cUstedes saben que el anterior viceministro de Tesoro y Cr\u00e9dito P\u00fablico, (Sergio Cusicanqui) es nuestro actual ministro de Planificaci\u00f3n del Desarrollo. Agradecerle tambi\u00e9n por la gesti\u00f3n realizada en este m\u00e1s de a\u00f1o y medio de trabajo dentro del ministerio, hoy tiene que llevar otras funciones\u201d, agreg\u00f3 Montenegro.<\/p>\n","protected":false},"excerpt":{"rendered":"<p>El ministro de Econom\u00eda y Finanzas P\u00fablicas, Marcelo Montenegro, posesion\u00f3 a Juana Jim\u00e9nez Soto como nueva viceministra del Tesoro y Cr\u00e9dito Popular, cargo que qued\u00f3 vacante luego del nombramiento a Sergio Cusicanqui como ministro de Planificaci\u00f3n del Desarrollo. \u201cJuana Patricia Jim\u00e9nez ha acompa\u00f1ado en varias gestiones las actividades del Ministerio (\u2026) tiene un conocimiento amplio, [&hellip;]<\/p>\n","protected":false},"author":1,"featured_media":95607,"comment_status":"closed","ping_status":"closed","sticky":false,"template":"","format":"standard","meta":{"_acf_changed":false,"footnotes":""},"categories":[7],"tags":[],"class_list":["post-95606","post","type-post","status-publish","format-standard","has-post-thumbnail","category-economia"],"acf":{"antetitulo":""},"yoast_head":"<!-- This site is optimized with the Yoast SEO plugin v28.3 - https:\/\/yoast.com\/product\/yoast-seo-wordpress\/ -->\n<title>Posesionan a Juana Jim\u00e9nez Soto como viceministra del Tesoro y Cr\u00e9dito Popular - El Diario - Bolivia<\/title>\n<meta name=\"robots\" content=\"index, follow, max-snippet:-1, max-image-preview:large, max-video-preview:-1\" \/>\n<link rel=\"canonical\" href=\"https:\/\/www.eldiario.net\/portal\/2022\/07\/08\/posesionan-a-juana-jimenez-soto-como-viceministra-del-tesoro-y-credito-popular\/\" \/>\n<meta property=\"og:locale\" content=\"es_ES\" \/>\n<meta property=\"og:type\" content=\"article\" \/>\n<meta property=\"og:title\" content=\"Posesionan a Juana Jim\u00e9nez Soto como viceministra del Tesoro y Cr\u00e9dito Popular - El Diario - Bolivia\" \/>\n<meta property=\"og:description\" content=\"El ministro de Econom\u00eda y Finanzas P\u00fablicas, Marcelo Montenegro, posesion\u00f3 a Juana Jim\u00e9nez Soto como nueva viceministra del Tesoro y Cr\u00e9dito Popular, cargo que qued\u00f3 vacante luego del nombramiento a Sergio Cusicanqui como ministro de Planificaci\u00f3n del Desarrollo. \u201cJuana Patricia Jim\u00e9nez ha acompa\u00f1ado en varias gestiones las actividades del Ministerio (\u2026) tiene un conocimiento amplio, [&hellip;]\" \/>\n<meta property=\"og:url\" content=\"https:\/\/www.eldiario.net\/portal\/2022\/07\/08\/posesionan-a-juana-jimenez-soto-como-viceministra-del-tesoro-y-credito-popular\/\" \/>\n<meta property=\"og:site_name\" content=\"El Diario - Bolivia\" \/>\n<meta property=\"article:publisher\" content=\"https:\/\/www.facebook.com\/eldiario.bolivia\/\" \/>\n<meta property=\"article:published_time\" content=\"2022-07-08T09:27:17+00:00\" \/>\n<meta name=\"author\" content=\"Jeanette\" \/>\n<meta name=\"twitter:card\" content=\"summary_large_image\" \/>\n<meta name=\"twitter:creator\" content=\"@eldiario_net\" \/>\n<meta name=\"twitter:site\" content=\"@eldiario_net\" \/>\n<meta name=\"twitter:label1\" content=\"Escrito por\" \/>\n\t<meta name=\"twitter:data1\" content=\"Jeanette\" \/>\n\t<meta name=\"twitter:label2\" content=\"Tiempo de lectura\" \/>\n\t<meta name=\"twitter:data2\" content=\"2 minutos\" \/>\n<script type=\"application\/ld+json\" class=\"yoast-schema-graph\">{\"@context\":\"https:\\\/\\\/schema.org\",\"@graph\":[{\"@type\":\"Article\",\"@id\":\"https:\\\/\\\/www.eldiario.net\\\/portal\\\/2022\\\/07\\\/08\\\/posesionan-a-juana-jimenez-soto-como-viceministra-del-tesoro-y-credito-popular\\\/#article\",\"isPartOf\":{\"@id\":\"https:\\\/\\\/www.eldiario.net\\\/portal\\\/2022\\\/07\\\/08\\\/posesionan-a-juana-jimenez-soto-como-viceministra-del-tesoro-y-credito-popular\\\/\"},\"author\":{\"name\":\"Jeanette\",\"@id\":\"https:\\\/\\\/www.eldiario.net\\\/portal\\\/#\\\/schema\\\/person\\\/f46445640444750d7d753ccd04ae01b7\"},\"headline\":\"Posesionan a Juana Jim\u00e9nez Soto como viceministra del Tesoro y Cr\u00e9dito Popular\",\"datePublished\":\"2022-07-08T09:27:17+00:00\",\"mainEntityOfPage\":{\"@id\":\"https:\\\/\\\/www.eldiario.net\\\/portal\\\/2022\\\/07\\\/08\\\/posesionan-a-juana-jimenez-soto-como-viceministra-del-tesoro-y-credito-popular\\\/\"},\"wordCount\":305,\"publisher\":{\"@id\":\"https:\\\/\\\/www.eldiario.net\\\/portal\\\/#organization\"},\"image\":{\"@id\":\"https:\\\/\\\/www.eldiario.net\\\/portal\\\/2022\\\/07\\\/08\\\/posesionan-a-juana-jimenez-soto-como-viceministra-del-tesoro-y-credito-popular\\\/#primaryimage\"},\"thumbnailUrl\":\"\",\"articleSection\":[\"Econom\u00eda\"],\"inLanguage\":\"es\"},{\"@type\":\"WebPage\",\"@id\":\"https:\\\/\\\/www.eldiario.net\\\/portal\\\/2022\\\/07\\\/08\\\/posesionan-a-juana-jimenez-soto-como-viceministra-del-tesoro-y-credito-popular\\\/\",\"url\":\"https:\\\/\\\/www.eldiario.net\\\/portal\\\/2022\\\/07\\\/08\\\/posesionan-a-juana-jimenez-soto-como-viceministra-del-tesoro-y-credito-popular\\\/\",\"name\":\"Posesionan a Juana Jim\u00e9nez Soto como viceministra del Tesoro y Cr\u00e9dito Popular - El Diario - Bolivia\",\"isPartOf\":{\"@id\":\"https:\\\/\\\/www.eldiario.net\\\/portal\\\/#website\"},\"primaryImageOfPage\":{\"@id\":\"https:\\\/\\\/www.eldiario.net\\\/portal\\\/2022\\\/07\\\/08\\\/posesionan-a-juana-jimenez-soto-como-viceministra-del-tesoro-y-credito-popular\\\/#primaryimage\"},\"image\":{\"@id\":\"https:\\\/\\\/www.eldiario.net\\\/portal\\\/2022\\\/07\\\/08\\\/posesionan-a-juana-jimenez-soto-como-viceministra-del-tesoro-y-credito-popular\\\/#primaryimage\"},\"thumbnailUrl\":\"\",\"datePublished\":\"2022-07-08T09:27:17+00:00\",\"breadcrumb\":{\"@id\":\"https:\\\/\\\/www.eldiario.net\\\/portal\\\/2022\\\/07\\\/08\\\/posesionan-a-juana-jimenez-soto-como-viceministra-del-tesoro-y-credito-popular\\\/#breadcrumb\"},\"inLanguage\":\"es\",\"potentialAction\":[{\"@type\":\"ReadAction\",\"target\":[\"https:\\\/\\\/www.eldiario.net\\\/portal\\\/2022\\\/07\\\/08\\\/posesionan-a-juana-jimenez-soto-como-viceministra-del-tesoro-y-credito-popular\\\/\"]}]},{\"@type\":\"ImageObject\",\"inLanguage\":\"es\",\"@id\":\"https:\\\/\\\/www.eldiario.net\\\/portal\\\/2022\\\/07\\\/08\\\/posesionan-a-juana-jimenez-soto-como-viceministra-del-tesoro-y-credito-popular\\\/#primaryimage\",\"url\":\"\",\"contentUrl\":\"\"},{\"@type\":\"BreadcrumbList\",\"@id\":\"https:\\\/\\\/www.eldiario.net\\\/portal\\\/2022\\\/07\\\/08\\\/posesionan-a-juana-jimenez-soto-como-viceministra-del-tesoro-y-credito-popular\\\/#breadcrumb\",\"itemListElement\":[{\"@type\":\"ListItem\",\"position\":1,\"name\":\"Portada\",\"item\":\"https:\\\/\\\/www.eldiario.net\\\/portal\\\/\"},{\"@type\":\"ListItem\",\"position\":2,\"name\":\"Posesionan a Juana Jim\u00e9nez Soto como viceministra del Tesoro y Cr\u00e9dito Popular\"}]},{\"@type\":\"WebSite\",\"@id\":\"https:\\\/\\\/www.eldiario.net\\\/portal\\\/#website\",\"url\":\"https:\\\/\\\/www.eldiario.net\\\/portal\\\/\",\"name\":\"El Diario - Decano de la prensa nacional\",\"description\":\"El Diario - Decano de la prensa nacional\",\"publisher\":{\"@id\":\"https:\\\/\\\/www.eldiario.net\\\/portal\\\/#organization\"},\"potentialAction\":[{\"@type\":\"SearchAction\",\"target\":{\"@type\":\"EntryPoint\",\"urlTemplate\":\"https:\\\/\\\/www.eldiario.net\\\/portal\\\/?s={search_term_string}\"},\"query-input\":{\"@type\":\"PropertyValueSpecification\",\"valueRequired\":true,\"valueName\":\"search_term_string\"}}],\"inLanguage\":\"es\"},{\"@type\":\"Organization\",\"@id\":\"https:\\\/\\\/www.eldiario.net\\\/portal\\\/#organization\",\"name\":\"El Diario - Decano de la prensa nacional\",\"url\":\"https:\\\/\\\/www.eldiario.net\\\/portal\\\/\",\"logo\":{\"@type\":\"ImageObject\",\"inLanguage\":\"es\",\"@id\":\"https:\\\/\\\/www.eldiario.net\\\/portal\\\/#\\\/schema\\\/logo\\\/image\\\/\",\"url\":\"https:\\\/\\\/www.eldiario.net\\\/portal\\\/wp-content\\\/uploads\\\/2023\\\/07\\\/logo_ED.jpg\",\"contentUrl\":\"https:\\\/\\\/www.eldiario.net\\\/portal\\\/wp-content\\\/uploads\\\/2023\\\/07\\\/logo_ED.jpg\",\"width\":272,\"height\":52,\"caption\":\"El Diario - Decano de la prensa nacional\"},\"image\":{\"@id\":\"https:\\\/\\\/www.eldiario.net\\\/portal\\\/#\\\/schema\\\/logo\\\/image\\\/\"},\"sameAs\":[\"https:\\\/\\\/www.facebook.com\\\/eldiario.bolivia\\\/\",\"https:\\\/\\\/x.com\\\/eldiario_net\"]},{\"@type\":\"Person\",\"@id\":\"https:\\\/\\\/www.eldiario.net\\\/portal\\\/#\\\/schema\\\/person\\\/f46445640444750d7d753ccd04ae01b7\",\"name\":\"Jeanette\",\"image\":{\"@type\":\"ImageObject\",\"inLanguage\":\"es\",\"@id\":\"https:\\\/\\\/secure.gravatar.com\\\/avatar\\\/3ea2118a5f7dad2b7138b1187a6b7ee55f160b9968b66013c3a3ef39dd7e5798?s=96&d=mm&r=g\",\"url\":\"https:\\\/\\\/secure.gravatar.com\\\/avatar\\\/3ea2118a5f7dad2b7138b1187a6b7ee55f160b9968b66013c3a3ef39dd7e5798?s=96&d=mm&r=g\",\"contentUrl\":\"https:\\\/\\\/secure.gravatar.com\\\/avatar\\\/3ea2118a5f7dad2b7138b1187a6b7ee55f160b9968b66013c3a3ef39dd7e5798?s=96&d=mm&r=g\",\"caption\":\"Jeanette\"},\"sameAs\":[\"https:\\\/\\\/www.eldiario.net\\\/portal\"],\"url\":\"https:\\\/\\\/www.eldiario.net\\\/portal\\\/author\\\/jeanette\\\/\"}]}<\/script>\n<!-- \/ Yoast SEO plugin. -->","yoast_head_json":{"title":"Posesionan a Juana Jim\u00e9nez Soto como viceministra del Tesoro y Cr\u00e9dito Popular - El Diario - Bolivia","robots":{"index":"index","follow":"follow","max-snippet":"max-snippet:-1","max-image-preview":"max-image-preview:large","max-video-preview":"max-video-preview:-1"},"canonical":"https:\/\/www.eldiario.net\/portal\/2022\/07\/08\/posesionan-a-juana-jimenez-soto-como-viceministra-del-tesoro-y-credito-popular\/","og_locale":"es_ES","og_type":"article","og_title":"Posesionan a Juana Jim\u00e9nez Soto como viceministra del Tesoro y Cr\u00e9dito Popular - El Diario - Bolivia","og_description":"El ministro de Econom\u00eda y Finanzas P\u00fablicas, Marcelo Montenegro, posesion\u00f3 a Juana Jim\u00e9nez Soto como nueva viceministra del Tesoro y Cr\u00e9dito Popular, cargo que qued\u00f3 vacante luego del nombramiento a Sergio Cusicanqui como ministro de Planificaci\u00f3n del Desarrollo. \u201cJuana Patricia Jim\u00e9nez ha acompa\u00f1ado en varias gestiones las actividades del Ministerio (\u2026) tiene un conocimiento amplio, [&hellip;]","og_url":"https:\/\/www.eldiario.net\/portal\/2022\/07\/08\/posesionan-a-juana-jimenez-soto-como-viceministra-del-tesoro-y-credito-popular\/","og_site_name":"El Diario - Bolivia","article_publisher":"https:\/\/www.facebook.com\/eldiario.bolivia\/","article_published_time":"2022-07-08T09:27:17+00:00","author":"Jeanette","twitter_card":"summary_large_image","twitter_creator":"@eldiario_net","twitter_site":"@eldiario_net","twitter_misc":{"Escrito por":"Jeanette","Tiempo de lectura":"2 minutos"},"schema":{"@context":"https:\/\/schema.org","@graph":[{"@type":"Article","@id":"https:\/\/www.eldiario.net\/portal\/2022\/07\/08\/posesionan-a-juana-jimenez-soto-como-viceministra-del-tesoro-y-credito-popular\/#article","isPartOf":{"@id":"https:\/\/www.eldiario.net\/portal\/2022\/07\/08\/posesionan-a-juana-jimenez-soto-como-viceministra-del-tesoro-y-credito-popular\/"},"author":{"name":"Jeanette","@id":"https:\/\/www.eldiario.net\/portal\/#\/schema\/person\/f46445640444750d7d753ccd04ae01b7"},"headline":"Posesionan a Juana Jim\u00e9nez Soto como viceministra del Tesoro y Cr\u00e9dito Popular","datePublished":"2022-07-08T09:27:17+00:00","mainEntityOfPage":{"@id":"https:\/\/www.eldiario.net\/portal\/2022\/07\/08\/posesionan-a-juana-jimenez-soto-como-viceministra-del-tesoro-y-credito-popular\/"},"wordCount":305,"publisher":{"@id":"https:\/\/www.eldiario.net\/portal\/#organization"},"image":{"@id":"https:\/\/www.eldiario.net\/portal\/2022\/07\/08\/posesionan-a-juana-jimenez-soto-como-viceministra-del-tesoro-y-credito-popular\/#primaryimage"},"thumbnailUrl":"","articleSection":["Econom\u00eda"],"inLanguage":"es"},{"@type":"WebPage","@id":"https:\/\/www.eldiario.net\/portal\/2022\/07\/08\/posesionan-a-juana-jimenez-soto-como-viceministra-del-tesoro-y-credito-popular\/","url":"https:\/\/www.eldiario.net\/portal\/2022\/07\/08\/posesionan-a-juana-jimenez-soto-como-viceministra-del-tesoro-y-credito-popular\/","name":"Posesionan a Juana Jim\u00e9nez Soto como viceministra del Tesoro y Cr\u00e9dito Popular - El Diario - Bolivia","isPartOf":{"@id":"https:\/\/www.eldiario.net\/portal\/#website"},"primaryImageOfPage":{"@id":"https:\/\/www.eldiario.net\/portal\/2022\/07\/08\/posesionan-a-juana-jimenez-soto-como-viceministra-del-tesoro-y-credito-popular\/#primaryimage"},"image":{"@id":"https:\/\/www.eldiario.net\/portal\/2022\/07\/08\/posesionan-a-juana-jimenez-soto-como-viceministra-del-tesoro-y-credito-popular\/#primaryimage"},"thumbnailUrl":"","datePublished":"2022-07-08T09:27:17+00:00","breadcrumb":{"@id":"https:\/\/www.eldiario.net\/portal\/2022\/07\/08\/posesionan-a-juana-jimenez-soto-como-viceministra-del-tesoro-y-credito-popular\/#breadcrumb"},"inLanguage":"es","potentialAction":[{"@type":"ReadAction","target":["https:\/\/www.eldiario.net\/portal\/2022\/07\/08\/posesionan-a-juana-jimenez-soto-como-viceministra-del-tesoro-y-credito-popular\/"]}]},{"@type":"ImageObject","inLanguage":"es","@id":"https:\/\/www.eldiario.net\/portal\/2022\/07\/08\/posesionan-a-juana-jimenez-soto-como-viceministra-del-tesoro-y-credito-popular\/#primaryimage","url":"","contentUrl":""},{"@type":"BreadcrumbList","@id":"https:\/\/www.eldiario.net\/portal\/2022\/07\/08\/posesionan-a-juana-jimenez-soto-como-viceministra-del-tesoro-y-credito-popular\/#breadcrumb","itemListElement":[{"@type":"ListItem","position":1,"name":"Portada","item":"https:\/\/www.eldiario.net\/portal\/"},{"@type":"ListItem","position":2,"name":"Posesionan a Juana Jim\u00e9nez Soto como viceministra del Tesoro y Cr\u00e9dito Popular"}]},{"@type":"WebSite","@id":"https:\/\/www.eldiario.net\/portal\/#website","url":"https:\/\/www.eldiario.net\/portal\/","name":"El Diario - Decano de la prensa nacional","description":"El Diario - Decano de la prensa nacional","publisher":{"@id":"https:\/\/www.eldiario.net\/portal\/#organization"},"potentialAction":[{"@type":"SearchAction","target":{"@type":"EntryPoint","urlTemplate":"https:\/\/www.eldiario.net\/portal\/?s={search_term_string}"},"query-input":{"@type":"PropertyValueSpecification","valueRequired":true,"valueName":"search_term_string"}}],"inLanguage":"es"},{"@type":"Organization","@id":"https:\/\/www.eldiario.net\/portal\/#organization","name":"El Diario - Decano de la prensa nacional","url":"https:\/\/www.eldiario.net\/portal\/","logo":{"@type":"ImageObject","inLanguage":"es","@id":"https:\/\/www.eldiario.net\/portal\/#\/schema\/logo\/image\/","url":"https:\/\/www.eldiario.net\/portal\/wp-content\/uploads\/2023\/07\/logo_ED.jpg","contentUrl":"https:\/\/www.eldiario.net\/portal\/wp-content\/uploads\/2023\/07\/logo_ED.jpg","width":272,"height":52,"caption":"El Diario - Decano de la prensa nacional"},"image":{"@id":"https:\/\/www.eldiario.net\/portal\/#\/schema\/logo\/image\/"},"sameAs":["https:\/\/www.facebook.com\/eldiario.bolivia\/","https:\/\/x.com\/eldiario_net"]},{"@type":"Person","@id":"https:\/\/www.eldiario.net\/portal\/#\/schema\/person\/f46445640444750d7d753ccd04ae01b7","name":"Jeanette","image":{"@type":"ImageObject","inLanguage":"es","@id":"https:\/\/secure.gravatar.com\/avatar\/3ea2118a5f7dad2b7138b1187a6b7ee55f160b9968b66013c3a3ef39dd7e5798?s=96&d=mm&r=g","url":"https:\/\/secure.gravatar.com\/avatar\/3ea2118a5f7dad2b7138b1187a6b7ee55f160b9968b66013c3a3ef39dd7e5798?s=96&d=mm&r=g","contentUrl":"https:\/\/secure.gravatar.com\/avatar\/3ea2118a5f7dad2b7138b1187a6b7ee55f160b9968b66013c3a3ef39dd7e5798?s=96&d=mm&r=g","caption":"Jeanette"},"sameAs":["https:\/\/www.eldiario.net\/portal"],"url":"https:\/\/www.eldiario.net\/portal\/author\/jeanette\/"}]}},"_links":{"self":[{"href":"https:\/\/www.eldiario.net\/portal\/wp-json\/wp\/v2\/posts\/95606","targetHints":{"allow":["GET"]}}],"collection":[{"href":"https:\/\/www.eldiario.net\/portal\/wp-json\/wp\/v2\/posts"}],"about":[{"href":"https:\/\/www.eldiario.net\/portal\/wp-json\/wp\/v2\/types\/post"}],"author":[{"embeddable":true,"href":"https:\/\/www.eldiario.net\/portal\/wp-json\/wp\/v2\/users\/1"}],"replies":[{"embeddable":true,"href":"https:\/\/www.eldiario.net\/portal\/wp-json\/wp\/v2\/comments?post=95606"}],"version-history":[{"count":0,"href":"https:\/\/www.eldiario.net\/portal\/wp-json\/wp\/v2\/posts\/95606\/revisions"}],"wp:attachment":[{"href":"https:\/\/www.eldiario.net\/portal\/wp-json\/wp\/v2\/media?parent=95606"}],"wp:term":[{"taxonomy":"category","embeddable":true,"href":"https:\/\/www.eldiario.net\/portal\/wp-json\/wp\/v2\/categories?post=95606"},{"taxonomy":"post_tag","embeddable":true,"href":"https:\/\/www.eldiario.net\/portal\/wp-json\/wp\/v2\/tags?post=95606"}],"curies":[{"name":"wp","href":"https:\/\/api.w.org\/{rel}","templated":true}]}}