{"id":95601,"date":"2022-07-08T05:24:18","date_gmt":"2022-07-08T09:24:18","guid":{"rendered":"https:\/\/www.eldiario.net\/portal\/?p=95601"},"modified":"2022-07-08T05:24:18","modified_gmt":"2022-07-08T09:24:18","slug":"numero-de-funcionarios-publicos-va-en-aumento-con-plantas-piscicolas","status":"publish","type":"post","link":"https:\/\/www.eldiario.net\/portal\/2022\/07\/08\/numero-de-funcionarios-publicos-va-en-aumento-con-plantas-piscicolas\/","title":{"rendered":"N\u00famero de funcionarios p\u00fablicos va  en aumento con plantas pisc\u00edcolas"},"content":{"rendered":"<p>El n\u00famero de empleados p\u00fablicos pas\u00f3 el medio mill\u00f3n de personas y con la creaci\u00f3n de m\u00e1s empresas estatales la cifra va en aumento y m\u00e1s a\u00fan con el nuevo anuncio realizado por el ministro de Desarrollo Productivo y Econom\u00eda Plural, N\u00e9stor Huanca, de financiar 174,8 millones de bolivianos para la implementaci\u00f3n de dos plantas pisc\u00edcolas en los departamentos de Beni y La Paz.<br \/>\n\u201cPara contribuir a la seguridad alimentaria con soberan\u00eda y promover el desarrollo productivo nacional, aprobamos los DS 4751 y 4752, que autorizan la asignaci\u00f3n de recursos para la implementaci\u00f3n de dos importantes plantas pisc\u00edcolas, en la Amazon\u00eda y en el Lago Titicaca\u201d, escribi\u00f3 el presidente Arce en su cuenta de Twitter.<br \/>\nEl Primer Mandatario explic\u00f3 que se trata de recursos provenientes del Fondo para la Revoluci\u00f3n Industrial Productiva (Finpro), en favor de la estatal Empresa de Apoyo a la Producci\u00f3n de Alimentos (Emapa), por un monto de 87,1 millones de bolivianos para la Planta Pisc\u00edcola en la Amazon\u00eda y 87,7 millones para la planta Pisc\u00edcola en el lago Titicaca.<br \/>\nAl respecto, el ministro de Desarrollo Productivo y Econom\u00eda Plural, N\u00e9stor Huanca, dijo que el Gobierno nacional en el marco de la pol\u00edtica de industrializaci\u00f3n con sustituci\u00f3n de importaciones, determin\u00f3 la implementaci\u00f3n de dos plantas pisc\u00edcolas para industrializar la carne de pescado en los departamentos de La Paz y Beni.<br \/>\n\u201cEs necesario industrializar nuestros recursos naturales y aprovechar el potencial pisc\u00edcola de La Paz y Beni para garantizar la seguridad alimentaria, contribuyendo al desarrollo econ\u00f3mico de la regi\u00f3n de manera sostenible y amigable con la Madre Tierra, y as\u00ed tambi\u00e9n incrementar el consumo per c\u00e1pita por parte de la poblaci\u00f3n de estos productos\u201d, argument\u00f3.<\/p>\n","protected":false},"excerpt":{"rendered":"<p>El n\u00famero de empleados p\u00fablicos pas\u00f3 el medio mill\u00f3n de personas y con la creaci\u00f3n de m\u00e1s empresas estatales la cifra va en aumento y m\u00e1s a\u00fan con el nuevo anuncio realizado por el ministro de Desarrollo Productivo y Econom\u00eda Plural, N\u00e9stor Huanca, de financiar 174,8 millones de bolivianos para la implementaci\u00f3n de dos plantas [&hellip;]<\/p>\n","protected":false},"author":1,"featured_media":0,"comment_status":"closed","ping_status":"closed","sticky":false,"template":"","format":"standard","meta":{"_acf_changed":false,"footnotes":""},"categories":[7],"tags":[],"class_list":["post-95601","post","type-post","status-publish","format-standard","category-economia"],"acf":{"antetitulo":""},"yoast_head":"<!-- This site is optimized with the Yoast SEO plugin v28.3 - https:\/\/yoast.com\/product\/yoast-seo-wordpress\/ -->\n<title>N\u00famero de funcionarios p\u00fablicos va en aumento con plantas pisc\u00edcolas - El Diario - Bolivia<\/title>\n<meta name=\"robots\" content=\"index, follow, max-snippet:-1, max-image-preview:large, max-video-preview:-1\" \/>\n<link rel=\"canonical\" href=\"https:\/\/www.eldiario.net\/portal\/2022\/07\/08\/numero-de-funcionarios-publicos-va-en-aumento-con-plantas-piscicolas\/\" \/>\n<meta property=\"og:locale\" content=\"es_ES\" \/>\n<meta property=\"og:type\" content=\"article\" \/>\n<meta property=\"og:title\" content=\"N\u00famero de funcionarios p\u00fablicos va en aumento con plantas pisc\u00edcolas - El Diario - Bolivia\" \/>\n<meta property=\"og:description\" content=\"El n\u00famero de empleados p\u00fablicos pas\u00f3 el medio mill\u00f3n de personas y con la creaci\u00f3n de m\u00e1s empresas estatales la cifra va en aumento y m\u00e1s a\u00fan con el nuevo anuncio realizado por el ministro de Desarrollo Productivo y Econom\u00eda Plural, N\u00e9stor Huanca, de financiar 174,8 millones de bolivianos para la implementaci\u00f3n de dos plantas [&hellip;]\" \/>\n<meta property=\"og:url\" content=\"https:\/\/www.eldiario.net\/portal\/2022\/07\/08\/numero-de-funcionarios-publicos-va-en-aumento-con-plantas-piscicolas\/\" \/>\n<meta property=\"og:site_name\" content=\"El Diario - Bolivia\" \/>\n<meta property=\"article:publisher\" content=\"https:\/\/www.facebook.com\/eldiario.bolivia\/\" \/>\n<meta property=\"article:published_time\" content=\"2022-07-08T09:24:18+00:00\" \/>\n<meta name=\"author\" content=\"Jeanette\" \/>\n<meta name=\"twitter:card\" content=\"summary_large_image\" \/>\n<meta name=\"twitter:creator\" content=\"@eldiario_net\" \/>\n<meta name=\"twitter:site\" content=\"@eldiario_net\" \/>\n<meta name=\"twitter:label1\" content=\"Escrito por\" \/>\n\t<meta name=\"twitter:data1\" content=\"Jeanette\" \/>\n\t<meta name=\"twitter:label2\" content=\"Tiempo de lectura\" \/>\n\t<meta name=\"twitter:data2\" content=\"2 minutos\" \/>\n<script type=\"application\/ld+json\" class=\"yoast-schema-graph\">{\"@context\":\"https:\\\/\\\/schema.org\",\"@graph\":[{\"@type\":\"Article\",\"@id\":\"https:\\\/\\\/www.eldiario.net\\\/portal\\\/2022\\\/07\\\/08\\\/numero-de-funcionarios-publicos-va-en-aumento-con-plantas-piscicolas\\\/#article\",\"isPartOf\":{\"@id\":\"https:\\\/\\\/www.eldiario.net\\\/portal\\\/2022\\\/07\\\/08\\\/numero-de-funcionarios-publicos-va-en-aumento-con-plantas-piscicolas\\\/\"},\"author\":{\"name\":\"Jeanette\",\"@id\":\"https:\\\/\\\/www.eldiario.net\\\/portal\\\/#\\\/schema\\\/person\\\/f46445640444750d7d753ccd04ae01b7\"},\"headline\":\"N\u00famero de funcionarios p\u00fablicos va en aumento con plantas pisc\u00edcolas\",\"datePublished\":\"2022-07-08T09:24:18+00:00\",\"mainEntityOfPage\":{\"@id\":\"https:\\\/\\\/www.eldiario.net\\\/portal\\\/2022\\\/07\\\/08\\\/numero-de-funcionarios-publicos-va-en-aumento-con-plantas-piscicolas\\\/\"},\"wordCount\":319,\"publisher\":{\"@id\":\"https:\\\/\\\/www.eldiario.net\\\/portal\\\/#organization\"},\"articleSection\":[\"Econom\u00eda\"],\"inLanguage\":\"es\"},{\"@type\":\"WebPage\",\"@id\":\"https:\\\/\\\/www.eldiario.net\\\/portal\\\/2022\\\/07\\\/08\\\/numero-de-funcionarios-publicos-va-en-aumento-con-plantas-piscicolas\\\/\",\"url\":\"https:\\\/\\\/www.eldiario.net\\\/portal\\\/2022\\\/07\\\/08\\\/numero-de-funcionarios-publicos-va-en-aumento-con-plantas-piscicolas\\\/\",\"name\":\"N\u00famero de funcionarios p\u00fablicos va en aumento con plantas pisc\u00edcolas - El Diario - Bolivia\",\"isPartOf\":{\"@id\":\"https:\\\/\\\/www.eldiario.net\\\/portal\\\/#website\"},\"datePublished\":\"2022-07-08T09:24:18+00:00\",\"breadcrumb\":{\"@id\":\"https:\\\/\\\/www.eldiario.net\\\/portal\\\/2022\\\/07\\\/08\\\/numero-de-funcionarios-publicos-va-en-aumento-con-plantas-piscicolas\\\/#breadcrumb\"},\"inLanguage\":\"es\",\"potentialAction\":[{\"@type\":\"ReadAction\",\"target\":[\"https:\\\/\\\/www.eldiario.net\\\/portal\\\/2022\\\/07\\\/08\\\/numero-de-funcionarios-publicos-va-en-aumento-con-plantas-piscicolas\\\/\"]}]},{\"@type\":\"BreadcrumbList\",\"@id\":\"https:\\\/\\\/www.eldiario.net\\\/portal\\\/2022\\\/07\\\/08\\\/numero-de-funcionarios-publicos-va-en-aumento-con-plantas-piscicolas\\\/#breadcrumb\",\"itemListElement\":[{\"@type\":\"ListItem\",\"position\":1,\"name\":\"Portada\",\"item\":\"https:\\\/\\\/www.eldiario.net\\\/portal\\\/\"},{\"@type\":\"ListItem\",\"position\":2,\"name\":\"N\u00famero de funcionarios p\u00fablicos va en aumento con plantas pisc\u00edcolas\"}]},{\"@type\":\"WebSite\",\"@id\":\"https:\\\/\\\/www.eldiario.net\\\/portal\\\/#website\",\"url\":\"https:\\\/\\\/www.eldiario.net\\\/portal\\\/\",\"name\":\"El Diario - Decano de la prensa nacional\",\"description\":\"El Diario - Decano de la prensa nacional\",\"publisher\":{\"@id\":\"https:\\\/\\\/www.eldiario.net\\\/portal\\\/#organization\"},\"potentialAction\":[{\"@type\":\"SearchAction\",\"target\":{\"@type\":\"EntryPoint\",\"urlTemplate\":\"https:\\\/\\\/www.eldiario.net\\\/portal\\\/?s={search_term_string}\"},\"query-input\":{\"@type\":\"PropertyValueSpecification\",\"valueRequired\":true,\"valueName\":\"search_term_string\"}}],\"inLanguage\":\"es\"},{\"@type\":\"Organization\",\"@id\":\"https:\\\/\\\/www.eldiario.net\\\/portal\\\/#organization\",\"name\":\"El Diario - Decano de la prensa nacional\",\"url\":\"https:\\\/\\\/www.eldiario.net\\\/portal\\\/\",\"logo\":{\"@type\":\"ImageObject\",\"inLanguage\":\"es\",\"@id\":\"https:\\\/\\\/www.eldiario.net\\\/portal\\\/#\\\/schema\\\/logo\\\/image\\\/\",\"url\":\"https:\\\/\\\/www.eldiario.net\\\/portal\\\/wp-content\\\/uploads\\\/2023\\\/07\\\/logo_ED.jpg\",\"contentUrl\":\"https:\\\/\\\/www.eldiario.net\\\/portal\\\/wp-content\\\/uploads\\\/2023\\\/07\\\/logo_ED.jpg\",\"width\":272,\"height\":52,\"caption\":\"El Diario - Decano de la prensa nacional\"},\"image\":{\"@id\":\"https:\\\/\\\/www.eldiario.net\\\/portal\\\/#\\\/schema\\\/logo\\\/image\\\/\"},\"sameAs\":[\"https:\\\/\\\/www.facebook.com\\\/eldiario.bolivia\\\/\",\"https:\\\/\\\/x.com\\\/eldiario_net\"]},{\"@type\":\"Person\",\"@id\":\"https:\\\/\\\/www.eldiario.net\\\/portal\\\/#\\\/schema\\\/person\\\/f46445640444750d7d753ccd04ae01b7\",\"name\":\"Jeanette\",\"image\":{\"@type\":\"ImageObject\",\"inLanguage\":\"es\",\"@id\":\"https:\\\/\\\/secure.gravatar.com\\\/avatar\\\/3ea2118a5f7dad2b7138b1187a6b7ee55f160b9968b66013c3a3ef39dd7e5798?s=96&d=mm&r=g\",\"url\":\"https:\\\/\\\/secure.gravatar.com\\\/avatar\\\/3ea2118a5f7dad2b7138b1187a6b7ee55f160b9968b66013c3a3ef39dd7e5798?s=96&d=mm&r=g\",\"contentUrl\":\"https:\\\/\\\/secure.gravatar.com\\\/avatar\\\/3ea2118a5f7dad2b7138b1187a6b7ee55f160b9968b66013c3a3ef39dd7e5798?s=96&d=mm&r=g\",\"caption\":\"Jeanette\"},\"sameAs\":[\"https:\\\/\\\/www.eldiario.net\\\/portal\"],\"url\":\"https:\\\/\\\/www.eldiario.net\\\/portal\\\/author\\\/jeanette\\\/\"}]}<\/script>\n<!-- \/ Yoast SEO plugin. -->","yoast_head_json":{"title":"N\u00famero de funcionarios p\u00fablicos va en aumento con plantas pisc\u00edcolas - El Diario - Bolivia","robots":{"index":"index","follow":"follow","max-snippet":"max-snippet:-1","max-image-preview":"max-image-preview:large","max-video-preview":"max-video-preview:-1"},"canonical":"https:\/\/www.eldiario.net\/portal\/2022\/07\/08\/numero-de-funcionarios-publicos-va-en-aumento-con-plantas-piscicolas\/","og_locale":"es_ES","og_type":"article","og_title":"N\u00famero de funcionarios p\u00fablicos va en aumento con plantas pisc\u00edcolas - El Diario - Bolivia","og_description":"El n\u00famero de empleados p\u00fablicos pas\u00f3 el medio mill\u00f3n de personas y con la creaci\u00f3n de m\u00e1s empresas estatales la cifra va en aumento y m\u00e1s a\u00fan con el nuevo anuncio realizado por el ministro de Desarrollo Productivo y Econom\u00eda Plural, N\u00e9stor Huanca, de financiar 174,8 millones de bolivianos para la implementaci\u00f3n de dos plantas [&hellip;]","og_url":"https:\/\/www.eldiario.net\/portal\/2022\/07\/08\/numero-de-funcionarios-publicos-va-en-aumento-con-plantas-piscicolas\/","og_site_name":"El Diario - Bolivia","article_publisher":"https:\/\/www.facebook.com\/eldiario.bolivia\/","article_published_time":"2022-07-08T09:24:18+00:00","author":"Jeanette","twitter_card":"summary_large_image","twitter_creator":"@eldiario_net","twitter_site":"@eldiario_net","twitter_misc":{"Escrito por":"Jeanette","Tiempo de lectura":"2 minutos"},"schema":{"@context":"https:\/\/schema.org","@graph":[{"@type":"Article","@id":"https:\/\/www.eldiario.net\/portal\/2022\/07\/08\/numero-de-funcionarios-publicos-va-en-aumento-con-plantas-piscicolas\/#article","isPartOf":{"@id":"https:\/\/www.eldiario.net\/portal\/2022\/07\/08\/numero-de-funcionarios-publicos-va-en-aumento-con-plantas-piscicolas\/"},"author":{"name":"Jeanette","@id":"https:\/\/www.eldiario.net\/portal\/#\/schema\/person\/f46445640444750d7d753ccd04ae01b7"},"headline":"N\u00famero de funcionarios p\u00fablicos va en aumento con plantas pisc\u00edcolas","datePublished":"2022-07-08T09:24:18+00:00","mainEntityOfPage":{"@id":"https:\/\/www.eldiario.net\/portal\/2022\/07\/08\/numero-de-funcionarios-publicos-va-en-aumento-con-plantas-piscicolas\/"},"wordCount":319,"publisher":{"@id":"https:\/\/www.eldiario.net\/portal\/#organization"},"articleSection":["Econom\u00eda"],"inLanguage":"es"},{"@type":"WebPage","@id":"https:\/\/www.eldiario.net\/portal\/2022\/07\/08\/numero-de-funcionarios-publicos-va-en-aumento-con-plantas-piscicolas\/","url":"https:\/\/www.eldiario.net\/portal\/2022\/07\/08\/numero-de-funcionarios-publicos-va-en-aumento-con-plantas-piscicolas\/","name":"N\u00famero de funcionarios p\u00fablicos va en aumento con plantas pisc\u00edcolas - El Diario - Bolivia","isPartOf":{"@id":"https:\/\/www.eldiario.net\/portal\/#website"},"datePublished":"2022-07-08T09:24:18+00:00","breadcrumb":{"@id":"https:\/\/www.eldiario.net\/portal\/2022\/07\/08\/numero-de-funcionarios-publicos-va-en-aumento-con-plantas-piscicolas\/#breadcrumb"},"inLanguage":"es","potentialAction":[{"@type":"ReadAction","target":["https:\/\/www.eldiario.net\/portal\/2022\/07\/08\/numero-de-funcionarios-publicos-va-en-aumento-con-plantas-piscicolas\/"]}]},{"@type":"BreadcrumbList","@id":"https:\/\/www.eldiario.net\/portal\/2022\/07\/08\/numero-de-funcionarios-publicos-va-en-aumento-con-plantas-piscicolas\/#breadcrumb","itemListElement":[{"@type":"ListItem","position":1,"name":"Portada","item":"https:\/\/www.eldiario.net\/portal\/"},{"@type":"ListItem","position":2,"name":"N\u00famero de funcionarios p\u00fablicos va en aumento con plantas pisc\u00edcolas"}]},{"@type":"WebSite","@id":"https:\/\/www.eldiario.net\/portal\/#website","url":"https:\/\/www.eldiario.net\/portal\/","name":"El Diario - Decano de la prensa nacional","description":"El Diario - Decano de la prensa nacional","publisher":{"@id":"https:\/\/www.eldiario.net\/portal\/#organization"},"potentialAction":[{"@type":"SearchAction","target":{"@type":"EntryPoint","urlTemplate":"https:\/\/www.eldiario.net\/portal\/?s={search_term_string}"},"query-input":{"@type":"PropertyValueSpecification","valueRequired":true,"valueName":"search_term_string"}}],"inLanguage":"es"},{"@type":"Organization","@id":"https:\/\/www.eldiario.net\/portal\/#organization","name":"El Diario - Decano de la prensa nacional","url":"https:\/\/www.eldiario.net\/portal\/","logo":{"@type":"ImageObject","inLanguage":"es","@id":"https:\/\/www.eldiario.net\/portal\/#\/schema\/logo\/image\/","url":"https:\/\/www.eldiario.net\/portal\/wp-content\/uploads\/2023\/07\/logo_ED.jpg","contentUrl":"https:\/\/www.eldiario.net\/portal\/wp-content\/uploads\/2023\/07\/logo_ED.jpg","width":272,"height":52,"caption":"El Diario - Decano de la prensa nacional"},"image":{"@id":"https:\/\/www.eldiario.net\/portal\/#\/schema\/logo\/image\/"},"sameAs":["https:\/\/www.facebook.com\/eldiario.bolivia\/","https:\/\/x.com\/eldiario_net"]},{"@type":"Person","@id":"https:\/\/www.eldiario.net\/portal\/#\/schema\/person\/f46445640444750d7d753ccd04ae01b7","name":"Jeanette","image":{"@type":"ImageObject","inLanguage":"es","@id":"https:\/\/secure.gravatar.com\/avatar\/3ea2118a5f7dad2b7138b1187a6b7ee55f160b9968b66013c3a3ef39dd7e5798?s=96&d=mm&r=g","url":"https:\/\/secure.gravatar.com\/avatar\/3ea2118a5f7dad2b7138b1187a6b7ee55f160b9968b66013c3a3ef39dd7e5798?s=96&d=mm&r=g","contentUrl":"https:\/\/secure.gravatar.com\/avatar\/3ea2118a5f7dad2b7138b1187a6b7ee55f160b9968b66013c3a3ef39dd7e5798?s=96&d=mm&r=g","caption":"Jeanette"},"sameAs":["https:\/\/www.eldiario.net\/portal"],"url":"https:\/\/www.eldiario.net\/portal\/author\/jeanette\/"}]}},"_links":{"self":[{"href":"https:\/\/www.eldiario.net\/portal\/wp-json\/wp\/v2\/posts\/95601","targetHints":{"allow":["GET"]}}],"collection":[{"href":"https:\/\/www.eldiario.net\/portal\/wp-json\/wp\/v2\/posts"}],"about":[{"href":"https:\/\/www.eldiario.net\/portal\/wp-json\/wp\/v2\/types\/post"}],"author":[{"embeddable":true,"href":"https:\/\/www.eldiario.net\/portal\/wp-json\/wp\/v2\/users\/1"}],"replies":[{"embeddable":true,"href":"https:\/\/www.eldiario.net\/portal\/wp-json\/wp\/v2\/comments?post=95601"}],"version-history":[{"count":0,"href":"https:\/\/www.eldiario.net\/portal\/wp-json\/wp\/v2\/posts\/95601\/revisions"}],"wp:attachment":[{"href":"https:\/\/www.eldiario.net\/portal\/wp-json\/wp\/v2\/media?parent=95601"}],"wp:term":[{"taxonomy":"category","embeddable":true,"href":"https:\/\/www.eldiario.net\/portal\/wp-json\/wp\/v2\/categories?post=95601"},{"taxonomy":"post_tag","embeddable":true,"href":"https:\/\/www.eldiario.net\/portal\/wp-json\/wp\/v2\/tags?post=95601"}],"curies":[{"name":"wp","href":"https:\/\/api.w.org\/{rel}","templated":true}]}}