{"id":95592,"date":"2022-07-08T05:22:18","date_gmt":"2022-07-08T09:22:18","guid":{"rendered":"https:\/\/www.eldiario.net\/portal\/?p=95592"},"modified":"2022-07-08T05:22:18","modified_gmt":"2022-07-08T09:22:18","slug":"explican-que-sucede-en-nuestro-cuerpo-cada-dia-con-la-infeccion-de-coronavirus","status":"publish","type":"post","link":"https:\/\/www.eldiario.net\/portal\/2022\/07\/08\/explican-que-sucede-en-nuestro-cuerpo-cada-dia-con-la-infeccion-de-coronavirus\/","title":{"rendered":"Explican qu\u00e9 sucede en nuestro cuerpo  cada d\u00eda con la infecci\u00f3n de coronavirus"},"content":{"rendered":"<p>Expertos entrevistados por BBC Mundo explicaron que sucede en nuestro cuerpo cada d\u00eda con la infecci\u00f3n del coronavirus. La enfermedad lleg\u00f3 a m\u00e1s de 2010 pa\u00edses.<br \/>\nEn las \u00faltimas semanas, en varios pa\u00edses del mundo han estado aumentando los casos de covid-19, principalmente debido a la circulaci\u00f3n de variantes m\u00e1s infecciosas y la relajaci\u00f3n de las medidas de protecci\u00f3n.<br \/>\nVarios expertos indicaron c\u00f3mo logra el Sars-Cov-2, el coronavirus responsable de la actual pandemia, propagarse con tanta facilidad<br \/>\nEn este reportaje de BBC News Brasil, te explicamos c\u00f3mo es el \u00abcamino\u00bb que recorre el virus en nuestro cuerpo y lo que sucede cada d\u00eda desde el momento en que tenemos el primer contacto con el pat\u00f3geno.<br \/>\nAntes de entrar en detalles, una advertencia importante: las fechas presentadas son solo estimaciones promedio, basadas en informaci\u00f3n publicada en estudios cient\u00edficos y revisadas por agencias de salud nacionales e internacionales. Estos plazos pueden variar, por m\u00e1s o por menos, en casos espec\u00edficos.<\/p>\n<p>D\u00cdA DE CERO INFECCIONES<br \/>\nTodo comienza cuando tenemos contacto cercano con alguien que ya est\u00e1 infectado con el coronavirus.<br \/>\nCuando esa persona habla, canta, tose o estornuda, libera peque\u00f1as gotas o aerosoles de saliva que transportan part\u00edculas de Sars-Cov-2.<br \/>\nLa cantidad de virus var\u00eda considerablemente de un individuo a otro. \u201cAlgunos tienen una carga baja, 10.000 copias virales por mililitro de saliva\u201d, calcul\u00f3 el vir\u00f3logo Jos\u00e9 Eduardo Levi, coordinador de investigaci\u00f3n y desarrollo de los Laboratorios Dasa.<br \/>\n\u00abLa carga promedio oscila entre 10.000 y 1 mill\u00f3n de part\u00edculas, pero vemos algunas que llevan hasta 1.000 millones de copias virales por ml\u00bb, compar\u00f3 el especialista, quien tambi\u00e9n es investigador del Instituto de Medicina Tropical de la Universidad de S\u00e3o Paulo.<br \/>\nEstas diminutas gotitas infectadas pueden lanzarse directamente sobre nuestra cara, o permanecer en suspensi\u00f3n, \u00abvagando\u00bb por el ambiente durante minutos o incluso horas (en una din\u00e1mica muy similar al humo del cigarrillo), dependiendo de la circulaci\u00f3n de aire del ambiente en cada lugar.<br \/>\nEn este segundo caso, nosotros mismos inhalamos estos aerosoles durante la respiraci\u00f3n.<br \/>\nY aqu\u00ed es donde realmente comienza el proceso de infecci\u00f3n. El Sars-CoV-2 utiliza la espiga (tambi\u00e9n conocida como espiga o prote\u00edna S), que se encuentra en la superficie de su estructura, para conectarse a los receptores en las c\u00e9lulas de la mucosa de la nariz, la boca e incluso los ojos.<br \/>\nA partir de ah\u00ed, comenzar\u00e1 la rutina com\u00fan de cualquier virus: invadir la c\u00e9lula y utilizar toda la maquinaria biol\u00f3gica para crear incesantemente nuevas copias de s\u00ed mismo.<br \/>\n\u00abEn esta replicaci\u00f3n produce de 100 a 1.000 nuevos virus en una sola c\u00e9lula\u00bb, estim\u00f3 Levi.<br \/>\n\u00abEste es un n\u00famero tan grande que la c\u00e9lula no puede soportarlo, estalla y muere. Estos virus luego se liberan y repetir\u00e1n este proceso en las c\u00e9lulas vecinas\u00bb, a\u00f1adi\u00f3.<br \/>\nEsta replicaci\u00f3n masiva, por cierto, tiene que ver con la aparici\u00f3n de variantes del coronavirus. No todos los ejemplares salen iguales y algunos tienen importantes mutaciones gen\u00e9ticas.<br \/>\nSi este cambio en el genoma presenta alguna ventaja para el virus, esto abre el camino para la aparici\u00f3n y propagaci\u00f3n de nuevas cepas preocupantes, como las ya conocidas alfa, beta, gamma, delta y \u00f3micron.<\/p>\n<p>D\u00cdAS UNO, DOS Y TRES DE INCUBACI\u00d3N<br \/>\nDespu\u00e9s de que el Sars-CoV-2 consigue invadir las primeras c\u00e9lulas de nuestro organismo, la siguiente etapa involucra \u201cganar terreno\u201d y ampliar el espectro de acci\u00f3n.<br \/>\nLas miles de copias que se liberan de cada c\u00e9lula invadida avanzan cada vez m\u00e1s en el organismo: comienzan a trabajar en la superficie de la cara, despu\u00e9s entran en la nariz, bajan hasta la garganta y finalmente llegan a los pulmones.<br \/>\nEste per\u00edodo de evoluci\u00f3n silenciosa, en el que la presencia del virus no genera ninguna se\u00f1al, se conoce entre los expertos como incubaci\u00f3n.<br \/>\n\u201cY hemos notado en los \u00faltimos meses que el tiempo de incubaci\u00f3n de las nuevas variantes ha disminuido\u201d, observ\u00f3 el vir\u00f3logo Anderson F. Brito, investigador cient\u00edfico del brasile\u00f1o Instituto Todos pela Sa\u00fade.<br \/>\nSeg\u00fan un informe de la Agencia de Seguridad Sanitaria del Reino Unido, la incubaci\u00f3n de la variante alfa dur\u00f3 un promedio de cinco a seis d\u00edas. Durante la ola del linaje delta, esa ventana se redujo a cuatro d\u00edas.<br \/>\nCon \u00f3micron, el per\u00edodo entre la invasi\u00f3n viral y la aparici\u00f3n de los s\u00edntomas se ha reducido a\u00fan m\u00e1s y es de solo tres d\u00edas.<br \/>\nEn otras palabras, si antes la persona ten\u00eda contacto con alguien contagiado y tardaba casi una semana en mostrar los s\u00edntomas t\u00edpicos de covid-19, actualmente este proceso es mucho m\u00e1s r\u00e1pido y puede darse casi de la noche a la ma\u00f1ana.<br \/>\nCabe mencionar que el tiempo de incubaci\u00f3n puede variar: en algunos casos, los s\u00edntomas aparecen hasta 14 d\u00edas despu\u00e9s del contacto inicial con el virus.<\/p>\n<p>S\u00cdNTOMAS<br \/>\nEn los d\u00edas cuatro a 14, A medida que el virus avanza a trav\u00e9s de las v\u00edas respiratorias superiores (nariz, boca y garganta), finalmente llama la atenci\u00f3n de nuestro sistema inmunol\u00f3gico, que inicia un contraataque.<br \/>\nLa primera l\u00ednea de defensa involucra c\u00e9lulas como neutr\u00f3filos, monocitos y c\u00e9lulas NK (asesinas naturales en sus siglas en ingl\u00e9s), como se detalla en un art\u00edculo publicado en 2021 por dos investigadores del Hospital Universitario de Zhejiang en China.<br \/>\nCon el tiempo, entran en juego otras unidades inmunitarias, como los linfocitos T, que coordinan una respuesta m\u00e1s organizada a la invasi\u00f3n viral, y los linfocitos B, que liberan anticuerpos.<br \/>\nPero lo importante de todo esto es que los s\u00edntomas se dan en algunas personas precisamente por esta reacci\u00f3n inmunol\u00f3gica: la secreci\u00f3n nasal, la tos, la fiebre y el dolor de garganta son, al mismo tiempo, intentos de eliminar el virus del organismo y un efecto de tantas c\u00e9lulas trabajando de manera incesante. (BBC Mundo)<\/p>\n<p><strong>Persistencia de molestias<\/strong><\/p>\n<p>Cuando las molestias persisten, este per\u00edodo puede fluctuar considerablemente. \u201cDepende mucho de cada individuo. Hay gente con pocos s\u00edntomas que, despu\u00e9s de cuatro o cinco d\u00edas, ya est\u00e1 recuperada. Con otros el mismo cuadro de s\u00edntomas demora m\u00e1s en pasar\u201d, se\u00f1al\u00f3 la infect\u00f3loga y vir\u00f3loga Nancy Bellei , profesora de la Universidad Federal de S\u00e3o Paulo.<br \/>\n\u00abEn general, la tendencia es que los peores s\u00edntomas, como dolor de garganta y fiebre, duren alrededor de tres d\u00edas\u00bb, estim\u00f3 la especialista, que tambi\u00e9n es miembro de la Sociedad Brasile\u00f1a de Enfermedades Infecciosas.<br \/>\n\u00abDespu\u00e9s de este per\u00edodo, es normal que las manifestaciones m\u00e1s leves, como secreci\u00f3n nasal y tos, persistan entre siete y diez d\u00edas\u00bb, concluy\u00f3.<br \/>\nEn esta etapa, es importante permanecer aislado y restringir el contacto con los dem\u00e1s tanto como sea posible.<br \/>\nDesde un punto de vista individual, descansar y mantenerse bien hidratado es fundamental para asegurar una buena recuperaci\u00f3n y dar \u00aboportunidad\u00bb a que el cuerpo reaccione bien.<br \/>\nTomar algunos remedios sencillos para las molestias de la infecci\u00f3n, como la fiebre y el dolor, tambi\u00e9n puede ayudar.<br \/>\n\u00abSi despu\u00e9s de 72 horas del inicio de los s\u00edntomas tienes dificultad para respirar o la fiebre persiste, debes buscar atenci\u00f3n m\u00e9dica\u00bb, sugi\u00f3 Bellei.<br \/>\nEste mensaje es a\u00fan m\u00e1s importante para aquellos que puedan sufrir casos m\u00e1s graves de covid-19, como los ancianos, los pacientes con enfermedades cr\u00f3nicas y los pacientes con un sistema inmunol\u00f3gico comprometido.<br \/>\nDesde un punto de vista colectivo, permanecer aislado es fundamental para cortar las cadenas de transmisi\u00f3n del virus en la comunidad y frenar el aumento de casos.<\/p>\n<p><strong>Uso de mascarilla<\/strong><\/p>\n<p>Si necesitas salir usa una mascarilla de buena calidad, ya que as\u00ed es menos probable que transmitas el Sars-CoV-2 a trav\u00e9s de las gotas y los aerosoles mencionados anteriormente.<br \/>\nD\u00eda 15 en adelante: resoluci\u00f3n de la infecci\u00f3n (o inicio de s\u00edntomas duraderos).<br \/>\nPasadas hasta dos semanas desde el contacto con el coronavirus, el sistema inmunitario suele \u201cganar la batalla\u201d e interrumpe su proceso de replicaci\u00f3n y destrucci\u00f3n de las c\u00e9lulas la mayor\u00eda de las veces.<br \/>\nEsta victoria, por supuesto, se ve facilitada por la vacunaci\u00f3n: las dosis permiten que las unidades de defensa est\u00e9n \u201centrenadas\u201d de manera segura para que sepan c\u00f3mo combatir el pat\u00f3geno incluso antes de que entren en contacto con \u00e9l.<br \/>\nEn algunos casos, por desgracia, el cuadro no evoluciona tan bien: el virus consigue ganar mucho terreno, llega a \u00f3rganos vitales (como los pulmones) y genera un cuadro inflamatorio muy grave.<br \/>\nGeneralmente, estas situaciones requieren ingreso en la Unidad de Cuidados Intensivos e intubaci\u00f3n, adem\u00e1s de aumentar el riesgo de muerte.<br \/>\nE, incluso en pacientes que se han recuperado bien, existe un riesgo nada desde\u00f1able de una covid de larga duraci\u00f3n, marcada por molestias que duran meses (o incluso a\u00f1os).<br \/>\nAunque esta \u00e1rea todav\u00eda est\u00e1 rodeada de muchas incertidumbres, los Centros para el Control y la Prevenci\u00f3n de Enfermedades (CDC) de Estados Unidos estiman que hasta el 13,3% de las personas con covid-19 tienen s\u00edntomas de larga duraci\u00f3n durante un mes o m\u00e1s.<br \/>\nAlrededor del 2,5 % reportan problemas durante al menos tres meses.<br \/>\nTambi\u00e9n seg\u00fan la instituci\u00f3n, m\u00e1s del 30% de los pacientes con covid que fueron hospitalizados a\u00fan despu\u00e9s de seis meses, siguen teniendo alg\u00fan malestar, que van desde cansancio y dificultad para respirar hasta ansiedad y dolor en las articulaciones.<br \/>\nLos CDC se\u00f1alaron que \u201cest\u00e1n trabajando para comprender m\u00e1s sobre estas experiencias posteriores al covid-19 y por qu\u00e9 ocurren, incluido por qu\u00e9 algunos grupos se ven afectados de manera desproporcionada\u201d.<\/p>\n<div id='gallery-1' class='gallery galleryid-95592 gallery-columns-3 gallery-size-medium'><figure class='gallery-item'>\n\t\t\t<div class='gallery-icon landscape'>\n\t\t\t\t<a href='https:\/\/www.eldiario.net\/portal\/2022\/07\/08\/explican-que-sucede-en-nuestro-cuerpo-cada-dia-con-la-infeccion-de-coronavirus\/inter-25-3-103\/'><img loading=\"lazy\" decoding=\"async\" width=\"300\" height=\"148\" src=\"https:\/\/www.eldiario.net\/portal\/wp-content\/uploads\/2022\/07\/Inter-25-3-1-300x148.jpg\" class=\"attachment-medium size-medium\" alt=\"\" aria-describedby=\"gallery-1-95595\" srcset=\"https:\/\/www.eldiario.net\/portal\/wp-content\/uploads\/2022\/07\/Inter-25-3-1-300x148.jpg 300w, https:\/\/www.eldiario.net\/portal\/wp-content\/uploads\/2022\/07\/Inter-25-3-1-1024x504.jpg 1024w, https:\/\/www.eldiario.net\/portal\/wp-content\/uploads\/2022\/07\/Inter-25-3-1-768x378.jpg 768w, https:\/\/www.eldiario.net\/portal\/wp-content\/uploads\/2022\/07\/Inter-25-3-1-696x343.jpg 696w, https:\/\/www.eldiario.net\/portal\/wp-content\/uploads\/2022\/07\/Inter-25-3-1-1068x526.jpg 1068w, https:\/\/www.eldiario.net\/portal\/wp-content\/uploads\/2022\/07\/Inter-25-3-1.jpg 1356w\" sizes=\"auto, (max-width: 300px) 100vw, 300px\" \/><\/a>\n\t\t\t<\/div>\n\t\t\t\t<figcaption class='wp-caption-text gallery-caption' id='gallery-1-95595'>\n\t\t\t\tES IMPORTANTE PERMANECER AISLADO Y RESTRINGIR EL CONTACTO CON LOS DEM\u00c1S TANTO COMO SEA POSIBLE. \n\t\t\t\t<\/figcaption><\/figure>\n\t\t<\/div>\n\n","protected":false},"excerpt":{"rendered":"<p>Expertos entrevistados por BBC Mundo explicaron que sucede en nuestro cuerpo cada d\u00eda con la infecci\u00f3n del coronavirus. La enfermedad lleg\u00f3 a m\u00e1s de 2010 pa\u00edses. En las \u00faltimas semanas, en varios pa\u00edses del mundo han estado aumentando los casos de covid-19, principalmente debido a la circulaci\u00f3n de variantes m\u00e1s infecciosas y la relajaci\u00f3n de [&hellip;]<\/p>\n","protected":false},"author":1,"featured_media":95593,"comment_status":"closed","ping_status":"closed","sticky":false,"template":"","format":"standard","meta":{"_acf_changed":false,"footnotes":""},"categories":[3],"tags":[],"class_list":["post-95592","post","type-post","status-publish","format-standard","has-post-thumbnail","category-internacional"],"acf":{"antetitulo":""},"yoast_head":"<!-- This site is optimized with the Yoast SEO plugin v28.3 - https:\/\/yoast.com\/product\/yoast-seo-wordpress\/ -->\n<title>Explican qu\u00e9 sucede en nuestro cuerpo cada d\u00eda con la infecci\u00f3n de coronavirus - El Diario - Bolivia<\/title>\n<meta name=\"robots\" content=\"index, follow, max-snippet:-1, max-image-preview:large, max-video-preview:-1\" \/>\n<link rel=\"canonical\" href=\"https:\/\/www.eldiario.net\/portal\/2022\/07\/08\/explican-que-sucede-en-nuestro-cuerpo-cada-dia-con-la-infeccion-de-coronavirus\/\" \/>\n<meta property=\"og:locale\" content=\"es_ES\" \/>\n<meta property=\"og:type\" content=\"article\" \/>\n<meta property=\"og:title\" content=\"Explican qu\u00e9 sucede en nuestro cuerpo cada d\u00eda con la infecci\u00f3n de coronavirus - El Diario - Bolivia\" \/>\n<meta property=\"og:description\" content=\"Expertos entrevistados por BBC Mundo explicaron que sucede en nuestro cuerpo cada d\u00eda con la infecci\u00f3n del coronavirus. La enfermedad lleg\u00f3 a m\u00e1s de 2010 pa\u00edses. En las \u00faltimas semanas, en varios pa\u00edses del mundo han estado aumentando los casos de covid-19, principalmente debido a la circulaci\u00f3n de variantes m\u00e1s infecciosas y la relajaci\u00f3n de [&hellip;]\" \/>\n<meta property=\"og:url\" content=\"https:\/\/www.eldiario.net\/portal\/2022\/07\/08\/explican-que-sucede-en-nuestro-cuerpo-cada-dia-con-la-infeccion-de-coronavirus\/\" \/>\n<meta property=\"og:site_name\" content=\"El Diario - Bolivia\" \/>\n<meta property=\"article:publisher\" content=\"https:\/\/www.facebook.com\/eldiario.bolivia\/\" \/>\n<meta property=\"article:published_time\" content=\"2022-07-08T09:22:18+00:00\" \/>\n<meta property=\"og:image\" content=\"https:\/\/www.eldiario.net\/portal\/wp-content\/uploads\/2022\/07\/Inter-25-1.jpeg\" \/>\n\t<meta property=\"og:image:width\" content=\"1778\" \/>\n\t<meta property=\"og:image:height\" content=\"999\" \/>\n\t<meta property=\"og:image:type\" content=\"image\/jpeg\" \/>\n<meta name=\"author\" content=\"Jeanette\" \/>\n<meta name=\"twitter:card\" content=\"summary_large_image\" \/>\n<meta name=\"twitter:creator\" content=\"@eldiario_net\" \/>\n<meta name=\"twitter:site\" content=\"@eldiario_net\" \/>\n<meta name=\"twitter:label1\" content=\"Escrito por\" \/>\n\t<meta name=\"twitter:data1\" content=\"Jeanette\" \/>\n\t<meta name=\"twitter:label2\" content=\"Tiempo de lectura\" \/>\n\t<meta name=\"twitter:data2\" content=\"7 minutos\" \/>\n<script type=\"application\/ld+json\" class=\"yoast-schema-graph\">{\"@context\":\"https:\\\/\\\/schema.org\",\"@graph\":[{\"@type\":\"Article\",\"@id\":\"https:\\\/\\\/www.eldiario.net\\\/portal\\\/2022\\\/07\\\/08\\\/explican-que-sucede-en-nuestro-cuerpo-cada-dia-con-la-infeccion-de-coronavirus\\\/#article\",\"isPartOf\":{\"@id\":\"https:\\\/\\\/www.eldiario.net\\\/portal\\\/2022\\\/07\\\/08\\\/explican-que-sucede-en-nuestro-cuerpo-cada-dia-con-la-infeccion-de-coronavirus\\\/\"},\"author\":{\"name\":\"Jeanette\",\"@id\":\"https:\\\/\\\/www.eldiario.net\\\/portal\\\/#\\\/schema\\\/person\\\/f46445640444750d7d753ccd04ae01b7\"},\"headline\":\"Explican qu\u00e9 sucede en nuestro cuerpo cada d\u00eda con la infecci\u00f3n de coronavirus\",\"datePublished\":\"2022-07-08T09:22:18+00:00\",\"mainEntityOfPage\":{\"@id\":\"https:\\\/\\\/www.eldiario.net\\\/portal\\\/2022\\\/07\\\/08\\\/explican-que-sucede-en-nuestro-cuerpo-cada-dia-con-la-infeccion-de-coronavirus\\\/\"},\"wordCount\":1695,\"publisher\":{\"@id\":\"https:\\\/\\\/www.eldiario.net\\\/portal\\\/#organization\"},\"image\":{\"@id\":\"https:\\\/\\\/www.eldiario.net\\\/portal\\\/2022\\\/07\\\/08\\\/explican-que-sucede-en-nuestro-cuerpo-cada-dia-con-la-infeccion-de-coronavirus\\\/#primaryimage\"},\"thumbnailUrl\":\"https:\\\/\\\/www.eldiario.net\\\/portal\\\/wp-content\\\/uploads\\\/2022\\\/07\\\/Inter-25-1.jpeg\",\"articleSection\":[\"Internacional\"],\"inLanguage\":\"es\"},{\"@type\":\"WebPage\",\"@id\":\"https:\\\/\\\/www.eldiario.net\\\/portal\\\/2022\\\/07\\\/08\\\/explican-que-sucede-en-nuestro-cuerpo-cada-dia-con-la-infeccion-de-coronavirus\\\/\",\"url\":\"https:\\\/\\\/www.eldiario.net\\\/portal\\\/2022\\\/07\\\/08\\\/explican-que-sucede-en-nuestro-cuerpo-cada-dia-con-la-infeccion-de-coronavirus\\\/\",\"name\":\"Explican qu\u00e9 sucede en nuestro cuerpo cada d\u00eda con la infecci\u00f3n de coronavirus - El Diario - Bolivia\",\"isPartOf\":{\"@id\":\"https:\\\/\\\/www.eldiario.net\\\/portal\\\/#website\"},\"primaryImageOfPage\":{\"@id\":\"https:\\\/\\\/www.eldiario.net\\\/portal\\\/2022\\\/07\\\/08\\\/explican-que-sucede-en-nuestro-cuerpo-cada-dia-con-la-infeccion-de-coronavirus\\\/#primaryimage\"},\"image\":{\"@id\":\"https:\\\/\\\/www.eldiario.net\\\/portal\\\/2022\\\/07\\\/08\\\/explican-que-sucede-en-nuestro-cuerpo-cada-dia-con-la-infeccion-de-coronavirus\\\/#primaryimage\"},\"thumbnailUrl\":\"https:\\\/\\\/www.eldiario.net\\\/portal\\\/wp-content\\\/uploads\\\/2022\\\/07\\\/Inter-25-1.jpeg\",\"datePublished\":\"2022-07-08T09:22:18+00:00\",\"breadcrumb\":{\"@id\":\"https:\\\/\\\/www.eldiario.net\\\/portal\\\/2022\\\/07\\\/08\\\/explican-que-sucede-en-nuestro-cuerpo-cada-dia-con-la-infeccion-de-coronavirus\\\/#breadcrumb\"},\"inLanguage\":\"es\",\"potentialAction\":[{\"@type\":\"ReadAction\",\"target\":[\"https:\\\/\\\/www.eldiario.net\\\/portal\\\/2022\\\/07\\\/08\\\/explican-que-sucede-en-nuestro-cuerpo-cada-dia-con-la-infeccion-de-coronavirus\\\/\"]}]},{\"@type\":\"ImageObject\",\"inLanguage\":\"es\",\"@id\":\"https:\\\/\\\/www.eldiario.net\\\/portal\\\/2022\\\/07\\\/08\\\/explican-que-sucede-en-nuestro-cuerpo-cada-dia-con-la-infeccion-de-coronavirus\\\/#primaryimage\",\"url\":\"https:\\\/\\\/www.eldiario.net\\\/portal\\\/wp-content\\\/uploads\\\/2022\\\/07\\\/Inter-25-1.jpeg\",\"contentUrl\":\"https:\\\/\\\/www.eldiario.net\\\/portal\\\/wp-content\\\/uploads\\\/2022\\\/07\\\/Inter-25-1.jpeg\",\"width\":1778,\"height\":999,\"caption\":\"EN UN REPORTAJE DE BBC NEWS BRASIL, TE EXPLICAMOS C\u00d3MO ES EL \u00abCAMINO\u00bb QUE RECORRE EL VIRUS EN NUESTRO CUERPO Y LO QUE SUCEDE CADA D\u00cdA DESDE EL MOMENTO EN QUE TENEMOS EL PRIMER CONTACTO CON EL PAT\u00d3GENO.\"},{\"@type\":\"BreadcrumbList\",\"@id\":\"https:\\\/\\\/www.eldiario.net\\\/portal\\\/2022\\\/07\\\/08\\\/explican-que-sucede-en-nuestro-cuerpo-cada-dia-con-la-infeccion-de-coronavirus\\\/#breadcrumb\",\"itemListElement\":[{\"@type\":\"ListItem\",\"position\":1,\"name\":\"Portada\",\"item\":\"https:\\\/\\\/www.eldiario.net\\\/portal\\\/\"},{\"@type\":\"ListItem\",\"position\":2,\"name\":\"Explican qu\u00e9 sucede en nuestro cuerpo cada d\u00eda con la infecci\u00f3n de coronavirus\"}]},{\"@type\":\"WebSite\",\"@id\":\"https:\\\/\\\/www.eldiario.net\\\/portal\\\/#website\",\"url\":\"https:\\\/\\\/www.eldiario.net\\\/portal\\\/\",\"name\":\"El Diario - Decano de la prensa nacional\",\"description\":\"El Diario - Decano de la prensa nacional\",\"publisher\":{\"@id\":\"https:\\\/\\\/www.eldiario.net\\\/portal\\\/#organization\"},\"potentialAction\":[{\"@type\":\"SearchAction\",\"target\":{\"@type\":\"EntryPoint\",\"urlTemplate\":\"https:\\\/\\\/www.eldiario.net\\\/portal\\\/?s={search_term_string}\"},\"query-input\":{\"@type\":\"PropertyValueSpecification\",\"valueRequired\":true,\"valueName\":\"search_term_string\"}}],\"inLanguage\":\"es\"},{\"@type\":\"Organization\",\"@id\":\"https:\\\/\\\/www.eldiario.net\\\/portal\\\/#organization\",\"name\":\"El Diario - Decano de la prensa nacional\",\"url\":\"https:\\\/\\\/www.eldiario.net\\\/portal\\\/\",\"logo\":{\"@type\":\"ImageObject\",\"inLanguage\":\"es\",\"@id\":\"https:\\\/\\\/www.eldiario.net\\\/portal\\\/#\\\/schema\\\/logo\\\/image\\\/\",\"url\":\"https:\\\/\\\/www.eldiario.net\\\/portal\\\/wp-content\\\/uploads\\\/2023\\\/07\\\/logo_ED.jpg\",\"contentUrl\":\"https:\\\/\\\/www.eldiario.net\\\/portal\\\/wp-content\\\/uploads\\\/2023\\\/07\\\/logo_ED.jpg\",\"width\":272,\"height\":52,\"caption\":\"El Diario - Decano de la prensa nacional\"},\"image\":{\"@id\":\"https:\\\/\\\/www.eldiario.net\\\/portal\\\/#\\\/schema\\\/logo\\\/image\\\/\"},\"sameAs\":[\"https:\\\/\\\/www.facebook.com\\\/eldiario.bolivia\\\/\",\"https:\\\/\\\/x.com\\\/eldiario_net\"]},{\"@type\":\"Person\",\"@id\":\"https:\\\/\\\/www.eldiario.net\\\/portal\\\/#\\\/schema\\\/person\\\/f46445640444750d7d753ccd04ae01b7\",\"name\":\"Jeanette\",\"image\":{\"@type\":\"ImageObject\",\"inLanguage\":\"es\",\"@id\":\"https:\\\/\\\/secure.gravatar.com\\\/avatar\\\/3ea2118a5f7dad2b7138b1187a6b7ee55f160b9968b66013c3a3ef39dd7e5798?s=96&d=mm&r=g\",\"url\":\"https:\\\/\\\/secure.gravatar.com\\\/avatar\\\/3ea2118a5f7dad2b7138b1187a6b7ee55f160b9968b66013c3a3ef39dd7e5798?s=96&d=mm&r=g\",\"contentUrl\":\"https:\\\/\\\/secure.gravatar.com\\\/avatar\\\/3ea2118a5f7dad2b7138b1187a6b7ee55f160b9968b66013c3a3ef39dd7e5798?s=96&d=mm&r=g\",\"caption\":\"Jeanette\"},\"sameAs\":[\"https:\\\/\\\/www.eldiario.net\\\/portal\"],\"url\":\"https:\\\/\\\/www.eldiario.net\\\/portal\\\/author\\\/jeanette\\\/\"}]}<\/script>\n<!-- \/ Yoast SEO plugin. -->","yoast_head_json":{"title":"Explican qu\u00e9 sucede en nuestro cuerpo cada d\u00eda con la infecci\u00f3n de coronavirus - El Diario - Bolivia","robots":{"index":"index","follow":"follow","max-snippet":"max-snippet:-1","max-image-preview":"max-image-preview:large","max-video-preview":"max-video-preview:-1"},"canonical":"https:\/\/www.eldiario.net\/portal\/2022\/07\/08\/explican-que-sucede-en-nuestro-cuerpo-cada-dia-con-la-infeccion-de-coronavirus\/","og_locale":"es_ES","og_type":"article","og_title":"Explican qu\u00e9 sucede en nuestro cuerpo cada d\u00eda con la infecci\u00f3n de coronavirus - El Diario - Bolivia","og_description":"Expertos entrevistados por BBC Mundo explicaron que sucede en nuestro cuerpo cada d\u00eda con la infecci\u00f3n del coronavirus. La enfermedad lleg\u00f3 a m\u00e1s de 2010 pa\u00edses. En las \u00faltimas semanas, en varios pa\u00edses del mundo han estado aumentando los casos de covid-19, principalmente debido a la circulaci\u00f3n de variantes m\u00e1s infecciosas y la relajaci\u00f3n de [&hellip;]","og_url":"https:\/\/www.eldiario.net\/portal\/2022\/07\/08\/explican-que-sucede-en-nuestro-cuerpo-cada-dia-con-la-infeccion-de-coronavirus\/","og_site_name":"El Diario - Bolivia","article_publisher":"https:\/\/www.facebook.com\/eldiario.bolivia\/","article_published_time":"2022-07-08T09:22:18+00:00","og_image":[{"width":1778,"height":999,"url":"https:\/\/www.eldiario.net\/portal\/wp-content\/uploads\/2022\/07\/Inter-25-1.jpeg","type":"image\/jpeg"}],"author":"Jeanette","twitter_card":"summary_large_image","twitter_creator":"@eldiario_net","twitter_site":"@eldiario_net","twitter_misc":{"Escrito por":"Jeanette","Tiempo de lectura":"7 minutos"},"schema":{"@context":"https:\/\/schema.org","@graph":[{"@type":"Article","@id":"https:\/\/www.eldiario.net\/portal\/2022\/07\/08\/explican-que-sucede-en-nuestro-cuerpo-cada-dia-con-la-infeccion-de-coronavirus\/#article","isPartOf":{"@id":"https:\/\/www.eldiario.net\/portal\/2022\/07\/08\/explican-que-sucede-en-nuestro-cuerpo-cada-dia-con-la-infeccion-de-coronavirus\/"},"author":{"name":"Jeanette","@id":"https:\/\/www.eldiario.net\/portal\/#\/schema\/person\/f46445640444750d7d753ccd04ae01b7"},"headline":"Explican qu\u00e9 sucede en nuestro cuerpo cada d\u00eda con la infecci\u00f3n de coronavirus","datePublished":"2022-07-08T09:22:18+00:00","mainEntityOfPage":{"@id":"https:\/\/www.eldiario.net\/portal\/2022\/07\/08\/explican-que-sucede-en-nuestro-cuerpo-cada-dia-con-la-infeccion-de-coronavirus\/"},"wordCount":1695,"publisher":{"@id":"https:\/\/www.eldiario.net\/portal\/#organization"},"image":{"@id":"https:\/\/www.eldiario.net\/portal\/2022\/07\/08\/explican-que-sucede-en-nuestro-cuerpo-cada-dia-con-la-infeccion-de-coronavirus\/#primaryimage"},"thumbnailUrl":"https:\/\/www.eldiario.net\/portal\/wp-content\/uploads\/2022\/07\/Inter-25-1.jpeg","articleSection":["Internacional"],"inLanguage":"es"},{"@type":"WebPage","@id":"https:\/\/www.eldiario.net\/portal\/2022\/07\/08\/explican-que-sucede-en-nuestro-cuerpo-cada-dia-con-la-infeccion-de-coronavirus\/","url":"https:\/\/www.eldiario.net\/portal\/2022\/07\/08\/explican-que-sucede-en-nuestro-cuerpo-cada-dia-con-la-infeccion-de-coronavirus\/","name":"Explican qu\u00e9 sucede en nuestro cuerpo cada d\u00eda con la infecci\u00f3n de coronavirus - El Diario - Bolivia","isPartOf":{"@id":"https:\/\/www.eldiario.net\/portal\/#website"},"primaryImageOfPage":{"@id":"https:\/\/www.eldiario.net\/portal\/2022\/07\/08\/explican-que-sucede-en-nuestro-cuerpo-cada-dia-con-la-infeccion-de-coronavirus\/#primaryimage"},"image":{"@id":"https:\/\/www.eldiario.net\/portal\/2022\/07\/08\/explican-que-sucede-en-nuestro-cuerpo-cada-dia-con-la-infeccion-de-coronavirus\/#primaryimage"},"thumbnailUrl":"https:\/\/www.eldiario.net\/portal\/wp-content\/uploads\/2022\/07\/Inter-25-1.jpeg","datePublished":"2022-07-08T09:22:18+00:00","breadcrumb":{"@id":"https:\/\/www.eldiario.net\/portal\/2022\/07\/08\/explican-que-sucede-en-nuestro-cuerpo-cada-dia-con-la-infeccion-de-coronavirus\/#breadcrumb"},"inLanguage":"es","potentialAction":[{"@type":"ReadAction","target":["https:\/\/www.eldiario.net\/portal\/2022\/07\/08\/explican-que-sucede-en-nuestro-cuerpo-cada-dia-con-la-infeccion-de-coronavirus\/"]}]},{"@type":"ImageObject","inLanguage":"es","@id":"https:\/\/www.eldiario.net\/portal\/2022\/07\/08\/explican-que-sucede-en-nuestro-cuerpo-cada-dia-con-la-infeccion-de-coronavirus\/#primaryimage","url":"https:\/\/www.eldiario.net\/portal\/wp-content\/uploads\/2022\/07\/Inter-25-1.jpeg","contentUrl":"https:\/\/www.eldiario.net\/portal\/wp-content\/uploads\/2022\/07\/Inter-25-1.jpeg","width":1778,"height":999,"caption":"EN UN REPORTAJE DE BBC NEWS BRASIL, TE EXPLICAMOS C\u00d3MO ES EL \u00abCAMINO\u00bb QUE RECORRE EL VIRUS EN NUESTRO CUERPO Y LO QUE SUCEDE CADA D\u00cdA DESDE EL MOMENTO EN QUE TENEMOS EL PRIMER CONTACTO CON EL PAT\u00d3GENO."},{"@type":"BreadcrumbList","@id":"https:\/\/www.eldiario.net\/portal\/2022\/07\/08\/explican-que-sucede-en-nuestro-cuerpo-cada-dia-con-la-infeccion-de-coronavirus\/#breadcrumb","itemListElement":[{"@type":"ListItem","position":1,"name":"Portada","item":"https:\/\/www.eldiario.net\/portal\/"},{"@type":"ListItem","position":2,"name":"Explican qu\u00e9 sucede en nuestro cuerpo cada d\u00eda con la infecci\u00f3n de coronavirus"}]},{"@type":"WebSite","@id":"https:\/\/www.eldiario.net\/portal\/#website","url":"https:\/\/www.eldiario.net\/portal\/","name":"El Diario - Decano de la prensa nacional","description":"El Diario - Decano de la prensa nacional","publisher":{"@id":"https:\/\/www.eldiario.net\/portal\/#organization"},"potentialAction":[{"@type":"SearchAction","target":{"@type":"EntryPoint","urlTemplate":"https:\/\/www.eldiario.net\/portal\/?s={search_term_string}"},"query-input":{"@type":"PropertyValueSpecification","valueRequired":true,"valueName":"search_term_string"}}],"inLanguage":"es"},{"@type":"Organization","@id":"https:\/\/www.eldiario.net\/portal\/#organization","name":"El Diario - Decano de la prensa nacional","url":"https:\/\/www.eldiario.net\/portal\/","logo":{"@type":"ImageObject","inLanguage":"es","@id":"https:\/\/www.eldiario.net\/portal\/#\/schema\/logo\/image\/","url":"https:\/\/www.eldiario.net\/portal\/wp-content\/uploads\/2023\/07\/logo_ED.jpg","contentUrl":"https:\/\/www.eldiario.net\/portal\/wp-content\/uploads\/2023\/07\/logo_ED.jpg","width":272,"height":52,"caption":"El Diario - Decano de la prensa nacional"},"image":{"@id":"https:\/\/www.eldiario.net\/portal\/#\/schema\/logo\/image\/"},"sameAs":["https:\/\/www.facebook.com\/eldiario.bolivia\/","https:\/\/x.com\/eldiario_net"]},{"@type":"Person","@id":"https:\/\/www.eldiario.net\/portal\/#\/schema\/person\/f46445640444750d7d753ccd04ae01b7","name":"Jeanette","image":{"@type":"ImageObject","inLanguage":"es","@id":"https:\/\/secure.gravatar.com\/avatar\/3ea2118a5f7dad2b7138b1187a6b7ee55f160b9968b66013c3a3ef39dd7e5798?s=96&d=mm&r=g","url":"https:\/\/secure.gravatar.com\/avatar\/3ea2118a5f7dad2b7138b1187a6b7ee55f160b9968b66013c3a3ef39dd7e5798?s=96&d=mm&r=g","contentUrl":"https:\/\/secure.gravatar.com\/avatar\/3ea2118a5f7dad2b7138b1187a6b7ee55f160b9968b66013c3a3ef39dd7e5798?s=96&d=mm&r=g","caption":"Jeanette"},"sameAs":["https:\/\/www.eldiario.net\/portal"],"url":"https:\/\/www.eldiario.net\/portal\/author\/jeanette\/"}]}},"_links":{"self":[{"href":"https:\/\/www.eldiario.net\/portal\/wp-json\/wp\/v2\/posts\/95592","targetHints":{"allow":["GET"]}}],"collection":[{"href":"https:\/\/www.eldiario.net\/portal\/wp-json\/wp\/v2\/posts"}],"about":[{"href":"https:\/\/www.eldiario.net\/portal\/wp-json\/wp\/v2\/types\/post"}],"author":[{"embeddable":true,"href":"https:\/\/www.eldiario.net\/portal\/wp-json\/wp\/v2\/users\/1"}],"replies":[{"embeddable":true,"href":"https:\/\/www.eldiario.net\/portal\/wp-json\/wp\/v2\/comments?post=95592"}],"version-history":[{"count":0,"href":"https:\/\/www.eldiario.net\/portal\/wp-json\/wp\/v2\/posts\/95592\/revisions"}],"wp:featuredmedia":[{"embeddable":true,"href":"https:\/\/www.eldiario.net\/portal\/wp-json\/wp\/v2\/media\/95593"}],"wp:attachment":[{"href":"https:\/\/www.eldiario.net\/portal\/wp-json\/wp\/v2\/media?parent=95592"}],"wp:term":[{"taxonomy":"category","embeddable":true,"href":"https:\/\/www.eldiario.net\/portal\/wp-json\/wp\/v2\/categories?post=95592"},{"taxonomy":"post_tag","embeddable":true,"href":"https:\/\/www.eldiario.net\/portal\/wp-json\/wp\/v2\/tags?post=95592"}],"curies":[{"name":"wp","href":"https:\/\/api.w.org\/{rel}","templated":true}]}}