{"id":95588,"date":"2022-07-08T05:16:39","date_gmt":"2022-07-08T09:16:39","guid":{"rendered":"https:\/\/www.eldiario.net\/portal\/?p=95588"},"modified":"2022-07-08T05:16:39","modified_gmt":"2022-07-08T09:16:39","slug":"oriente-petrolero-y-royal-pari-abren-la-fecha","status":"publish","type":"post","link":"https:\/\/www.eldiario.net\/portal\/2022\/07\/08\/oriente-petrolero-y-royal-pari-abren-la-fecha\/","title":{"rendered":"Oriente Petrolero y Royal Pari abren la fecha"},"content":{"rendered":"<p>Oriente Petrolero y Royal Pari se encontrar\u00e1n este viernes, a partir de las 20:00, en el estadio Ram\u00f3n Aguilera Costas, para jugar el partido que abrir\u00e1 la tercera fecha del campeonato Clausura, con la premura de ganar y colocarse en la cima.<br \/>\nCon un ambiente renovado, propiciado por la llegada del refuerzo Henry Vaca, Oriente Petrolero esperar\u00e1 a los royalistas con la urgencia de sumar.<br \/>\nLos verdolagas perdieron contra Universitario por 0-2 en su visita a la Capital, donde una de las bajas sentidas fue el defensor Maximiliano Caire, cuyo retorno al once titular est\u00e1 en an\u00e1lisis por el cuerpo m\u00e9dico y el entrenador Erwin S\u00e1nchez. En cuanto a la inclusi\u00f3n de Vaca desde el inicio de este compromiso, S\u00e1nchez guardar\u00e1 el debut del extremo zurdo para un siguiente partido, ya que el futbolista estuvo gozando de descanso a la espera de la resoluci\u00f3n de su transferencia de The Strongest a Oriente Petrolero.<br \/>\nRoyal Pari, por su lado, est\u00e1 con el mismo perfil que el rival para tomar la primera posici\u00f3n en caso de obtener una victoria. El cuadro inmobiliario comenz\u00f3 este torneo con una derrota ante Real Tomayapo (1-2), pero se repuso con un triunfo ajustado frente a Independiente (3-2) en condici\u00f3n de local.<br \/>\nEl \u00e1rbitro cruce\u00f1o Ivo M\u00e9ndez controlar\u00e1 las acciones del partido.<br \/>\nOriente Petrolero: Wilson Qui\u00f1\u00f3nez; Sebasti\u00e1n \u00c1lvarez, Ricardo Sandoval, Marcelo Su\u00e1rez, Carlos Roca, Rodrigo Saucedo, Alexis Ribera, Juan Mercado, Ronaldo S\u00e1nchez, Luis Zeballos y Facundo Su\u00e1rez.<br \/>\nRoyal Pari: Diego M\u00e9ndez; Widen Saucedo, Eduardo \u00c1lvarez, Luis Guti\u00e9rrez, Marvin Bejarano, Pedro Azogue, Hern\u00e1n Rodr\u00edguez, Joel Amoroso, Omar Siles, Jhon Garc\u00eda y Erik Correa.<\/p>\n<p>3 puntos tienen tanto Oriente Petrolero como Royal Pari que escoltan a los l\u00edderes Always y Blooming.<\/p>\n<p><strong>APG<\/strong><\/p>\n","protected":false},"excerpt":{"rendered":"<p>Oriente Petrolero y Royal Pari se encontrar\u00e1n este viernes, a partir de las 20:00, en el estadio Ram\u00f3n Aguilera Costas, para jugar el partido que abrir\u00e1 la tercera fecha del campeonato Clausura, con la premura de ganar y colocarse en la cima. Con un ambiente renovado, propiciado por la llegada del refuerzo Henry Vaca, Oriente [&hellip;]<\/p>\n","protected":false},"author":1,"featured_media":95589,"comment_status":"closed","ping_status":"closed","sticky":false,"template":"","format":"standard","meta":{"_acf_changed":false,"footnotes":""},"categories":[6],"tags":[],"class_list":["post-95588","post","type-post","status-publish","format-standard","has-post-thumbnail","category-deportes"],"acf":{"antetitulo":""},"yoast_head":"<!-- This site is optimized with the Yoast SEO plugin v28.3 - https:\/\/yoast.com\/product\/yoast-seo-wordpress\/ -->\n<title>Oriente Petrolero y Royal Pari abren la fecha - El Diario - Bolivia<\/title>\n<meta name=\"robots\" content=\"index, follow, max-snippet:-1, max-image-preview:large, max-video-preview:-1\" \/>\n<link rel=\"canonical\" href=\"https:\/\/www.eldiario.net\/portal\/2022\/07\/08\/oriente-petrolero-y-royal-pari-abren-la-fecha\/\" \/>\n<meta property=\"og:locale\" content=\"es_ES\" \/>\n<meta property=\"og:type\" content=\"article\" \/>\n<meta property=\"og:title\" content=\"Oriente Petrolero y Royal Pari abren la fecha - El Diario - Bolivia\" \/>\n<meta property=\"og:description\" content=\"Oriente Petrolero y Royal Pari se encontrar\u00e1n este viernes, a partir de las 20:00, en el estadio Ram\u00f3n Aguilera Costas, para jugar el partido que abrir\u00e1 la tercera fecha del campeonato Clausura, con la premura de ganar y colocarse en la cima. Con un ambiente renovado, propiciado por la llegada del refuerzo Henry Vaca, Oriente [&hellip;]\" \/>\n<meta property=\"og:url\" content=\"https:\/\/www.eldiario.net\/portal\/2022\/07\/08\/oriente-petrolero-y-royal-pari-abren-la-fecha\/\" \/>\n<meta property=\"og:site_name\" content=\"El Diario - Bolivia\" \/>\n<meta property=\"article:publisher\" content=\"https:\/\/www.facebook.com\/eldiario.bolivia\/\" \/>\n<meta property=\"article:published_time\" content=\"2022-07-08T09:16:39+00:00\" \/>\n<meta name=\"author\" content=\"Jeanette\" \/>\n<meta name=\"twitter:card\" content=\"summary_large_image\" \/>\n<meta name=\"twitter:creator\" content=\"@eldiario_net\" \/>\n<meta name=\"twitter:site\" content=\"@eldiario_net\" \/>\n<meta name=\"twitter:label1\" content=\"Escrito por\" \/>\n\t<meta name=\"twitter:data1\" content=\"Jeanette\" \/>\n\t<meta name=\"twitter:label2\" content=\"Tiempo de lectura\" \/>\n\t<meta name=\"twitter:data2\" content=\"2 minutos\" \/>\n<script type=\"application\/ld+json\" class=\"yoast-schema-graph\">{\"@context\":\"https:\\\/\\\/schema.org\",\"@graph\":[{\"@type\":\"Article\",\"@id\":\"https:\\\/\\\/www.eldiario.net\\\/portal\\\/2022\\\/07\\\/08\\\/oriente-petrolero-y-royal-pari-abren-la-fecha\\\/#article\",\"isPartOf\":{\"@id\":\"https:\\\/\\\/www.eldiario.net\\\/portal\\\/2022\\\/07\\\/08\\\/oriente-petrolero-y-royal-pari-abren-la-fecha\\\/\"},\"author\":{\"name\":\"Jeanette\",\"@id\":\"https:\\\/\\\/www.eldiario.net\\\/portal\\\/#\\\/schema\\\/person\\\/f46445640444750d7d753ccd04ae01b7\"},\"headline\":\"Oriente Petrolero y Royal Pari abren la fecha\",\"datePublished\":\"2022-07-08T09:16:39+00:00\",\"mainEntityOfPage\":{\"@id\":\"https:\\\/\\\/www.eldiario.net\\\/portal\\\/2022\\\/07\\\/08\\\/oriente-petrolero-y-royal-pari-abren-la-fecha\\\/\"},\"wordCount\":312,\"publisher\":{\"@id\":\"https:\\\/\\\/www.eldiario.net\\\/portal\\\/#organization\"},\"image\":{\"@id\":\"https:\\\/\\\/www.eldiario.net\\\/portal\\\/2022\\\/07\\\/08\\\/oriente-petrolero-y-royal-pari-abren-la-fecha\\\/#primaryimage\"},\"thumbnailUrl\":\"\",\"articleSection\":[\"Deportes\"],\"inLanguage\":\"es\"},{\"@type\":\"WebPage\",\"@id\":\"https:\\\/\\\/www.eldiario.net\\\/portal\\\/2022\\\/07\\\/08\\\/oriente-petrolero-y-royal-pari-abren-la-fecha\\\/\",\"url\":\"https:\\\/\\\/www.eldiario.net\\\/portal\\\/2022\\\/07\\\/08\\\/oriente-petrolero-y-royal-pari-abren-la-fecha\\\/\",\"name\":\"Oriente Petrolero y Royal Pari abren la fecha - El Diario - Bolivia\",\"isPartOf\":{\"@id\":\"https:\\\/\\\/www.eldiario.net\\\/portal\\\/#website\"},\"primaryImageOfPage\":{\"@id\":\"https:\\\/\\\/www.eldiario.net\\\/portal\\\/2022\\\/07\\\/08\\\/oriente-petrolero-y-royal-pari-abren-la-fecha\\\/#primaryimage\"},\"image\":{\"@id\":\"https:\\\/\\\/www.eldiario.net\\\/portal\\\/2022\\\/07\\\/08\\\/oriente-petrolero-y-royal-pari-abren-la-fecha\\\/#primaryimage\"},\"thumbnailUrl\":\"\",\"datePublished\":\"2022-07-08T09:16:39+00:00\",\"breadcrumb\":{\"@id\":\"https:\\\/\\\/www.eldiario.net\\\/portal\\\/2022\\\/07\\\/08\\\/oriente-petrolero-y-royal-pari-abren-la-fecha\\\/#breadcrumb\"},\"inLanguage\":\"es\",\"potentialAction\":[{\"@type\":\"ReadAction\",\"target\":[\"https:\\\/\\\/www.eldiario.net\\\/portal\\\/2022\\\/07\\\/08\\\/oriente-petrolero-y-royal-pari-abren-la-fecha\\\/\"]}]},{\"@type\":\"ImageObject\",\"inLanguage\":\"es\",\"@id\":\"https:\\\/\\\/www.eldiario.net\\\/portal\\\/2022\\\/07\\\/08\\\/oriente-petrolero-y-royal-pari-abren-la-fecha\\\/#primaryimage\",\"url\":\"\",\"contentUrl\":\"\"},{\"@type\":\"BreadcrumbList\",\"@id\":\"https:\\\/\\\/www.eldiario.net\\\/portal\\\/2022\\\/07\\\/08\\\/oriente-petrolero-y-royal-pari-abren-la-fecha\\\/#breadcrumb\",\"itemListElement\":[{\"@type\":\"ListItem\",\"position\":1,\"name\":\"Portada\",\"item\":\"https:\\\/\\\/www.eldiario.net\\\/portal\\\/\"},{\"@type\":\"ListItem\",\"position\":2,\"name\":\"Oriente Petrolero y Royal Pari abren la fecha\"}]},{\"@type\":\"WebSite\",\"@id\":\"https:\\\/\\\/www.eldiario.net\\\/portal\\\/#website\",\"url\":\"https:\\\/\\\/www.eldiario.net\\\/portal\\\/\",\"name\":\"El Diario - Decano de la prensa nacional\",\"description\":\"El Diario - Decano de la prensa nacional\",\"publisher\":{\"@id\":\"https:\\\/\\\/www.eldiario.net\\\/portal\\\/#organization\"},\"potentialAction\":[{\"@type\":\"SearchAction\",\"target\":{\"@type\":\"EntryPoint\",\"urlTemplate\":\"https:\\\/\\\/www.eldiario.net\\\/portal\\\/?s={search_term_string}\"},\"query-input\":{\"@type\":\"PropertyValueSpecification\",\"valueRequired\":true,\"valueName\":\"search_term_string\"}}],\"inLanguage\":\"es\"},{\"@type\":\"Organization\",\"@id\":\"https:\\\/\\\/www.eldiario.net\\\/portal\\\/#organization\",\"name\":\"El Diario - Decano de la prensa nacional\",\"url\":\"https:\\\/\\\/www.eldiario.net\\\/portal\\\/\",\"logo\":{\"@type\":\"ImageObject\",\"inLanguage\":\"es\",\"@id\":\"https:\\\/\\\/www.eldiario.net\\\/portal\\\/#\\\/schema\\\/logo\\\/image\\\/\",\"url\":\"https:\\\/\\\/www.eldiario.net\\\/portal\\\/wp-content\\\/uploads\\\/2023\\\/07\\\/logo_ED.jpg\",\"contentUrl\":\"https:\\\/\\\/www.eldiario.net\\\/portal\\\/wp-content\\\/uploads\\\/2023\\\/07\\\/logo_ED.jpg\",\"width\":272,\"height\":52,\"caption\":\"El Diario - Decano de la prensa nacional\"},\"image\":{\"@id\":\"https:\\\/\\\/www.eldiario.net\\\/portal\\\/#\\\/schema\\\/logo\\\/image\\\/\"},\"sameAs\":[\"https:\\\/\\\/www.facebook.com\\\/eldiario.bolivia\\\/\",\"https:\\\/\\\/x.com\\\/eldiario_net\"]},{\"@type\":\"Person\",\"@id\":\"https:\\\/\\\/www.eldiario.net\\\/portal\\\/#\\\/schema\\\/person\\\/f46445640444750d7d753ccd04ae01b7\",\"name\":\"Jeanette\",\"image\":{\"@type\":\"ImageObject\",\"inLanguage\":\"es\",\"@id\":\"https:\\\/\\\/secure.gravatar.com\\\/avatar\\\/3ea2118a5f7dad2b7138b1187a6b7ee55f160b9968b66013c3a3ef39dd7e5798?s=96&d=mm&r=g\",\"url\":\"https:\\\/\\\/secure.gravatar.com\\\/avatar\\\/3ea2118a5f7dad2b7138b1187a6b7ee55f160b9968b66013c3a3ef39dd7e5798?s=96&d=mm&r=g\",\"contentUrl\":\"https:\\\/\\\/secure.gravatar.com\\\/avatar\\\/3ea2118a5f7dad2b7138b1187a6b7ee55f160b9968b66013c3a3ef39dd7e5798?s=96&d=mm&r=g\",\"caption\":\"Jeanette\"},\"sameAs\":[\"https:\\\/\\\/www.eldiario.net\\\/portal\"],\"url\":\"https:\\\/\\\/www.eldiario.net\\\/portal\\\/author\\\/jeanette\\\/\"}]}<\/script>\n<!-- \/ Yoast SEO plugin. -->","yoast_head_json":{"title":"Oriente Petrolero y Royal Pari abren la fecha - El Diario - Bolivia","robots":{"index":"index","follow":"follow","max-snippet":"max-snippet:-1","max-image-preview":"max-image-preview:large","max-video-preview":"max-video-preview:-1"},"canonical":"https:\/\/www.eldiario.net\/portal\/2022\/07\/08\/oriente-petrolero-y-royal-pari-abren-la-fecha\/","og_locale":"es_ES","og_type":"article","og_title":"Oriente Petrolero y Royal Pari abren la fecha - El Diario - Bolivia","og_description":"Oriente Petrolero y Royal Pari se encontrar\u00e1n este viernes, a partir de las 20:00, en el estadio Ram\u00f3n Aguilera Costas, para jugar el partido que abrir\u00e1 la tercera fecha del campeonato Clausura, con la premura de ganar y colocarse en la cima. Con un ambiente renovado, propiciado por la llegada del refuerzo Henry Vaca, Oriente [&hellip;]","og_url":"https:\/\/www.eldiario.net\/portal\/2022\/07\/08\/oriente-petrolero-y-royal-pari-abren-la-fecha\/","og_site_name":"El Diario - Bolivia","article_publisher":"https:\/\/www.facebook.com\/eldiario.bolivia\/","article_published_time":"2022-07-08T09:16:39+00:00","author":"Jeanette","twitter_card":"summary_large_image","twitter_creator":"@eldiario_net","twitter_site":"@eldiario_net","twitter_misc":{"Escrito por":"Jeanette","Tiempo de lectura":"2 minutos"},"schema":{"@context":"https:\/\/schema.org","@graph":[{"@type":"Article","@id":"https:\/\/www.eldiario.net\/portal\/2022\/07\/08\/oriente-petrolero-y-royal-pari-abren-la-fecha\/#article","isPartOf":{"@id":"https:\/\/www.eldiario.net\/portal\/2022\/07\/08\/oriente-petrolero-y-royal-pari-abren-la-fecha\/"},"author":{"name":"Jeanette","@id":"https:\/\/www.eldiario.net\/portal\/#\/schema\/person\/f46445640444750d7d753ccd04ae01b7"},"headline":"Oriente Petrolero y Royal Pari abren la fecha","datePublished":"2022-07-08T09:16:39+00:00","mainEntityOfPage":{"@id":"https:\/\/www.eldiario.net\/portal\/2022\/07\/08\/oriente-petrolero-y-royal-pari-abren-la-fecha\/"},"wordCount":312,"publisher":{"@id":"https:\/\/www.eldiario.net\/portal\/#organization"},"image":{"@id":"https:\/\/www.eldiario.net\/portal\/2022\/07\/08\/oriente-petrolero-y-royal-pari-abren-la-fecha\/#primaryimage"},"thumbnailUrl":"","articleSection":["Deportes"],"inLanguage":"es"},{"@type":"WebPage","@id":"https:\/\/www.eldiario.net\/portal\/2022\/07\/08\/oriente-petrolero-y-royal-pari-abren-la-fecha\/","url":"https:\/\/www.eldiario.net\/portal\/2022\/07\/08\/oriente-petrolero-y-royal-pari-abren-la-fecha\/","name":"Oriente Petrolero y Royal Pari abren la fecha - El Diario - Bolivia","isPartOf":{"@id":"https:\/\/www.eldiario.net\/portal\/#website"},"primaryImageOfPage":{"@id":"https:\/\/www.eldiario.net\/portal\/2022\/07\/08\/oriente-petrolero-y-royal-pari-abren-la-fecha\/#primaryimage"},"image":{"@id":"https:\/\/www.eldiario.net\/portal\/2022\/07\/08\/oriente-petrolero-y-royal-pari-abren-la-fecha\/#primaryimage"},"thumbnailUrl":"","datePublished":"2022-07-08T09:16:39+00:00","breadcrumb":{"@id":"https:\/\/www.eldiario.net\/portal\/2022\/07\/08\/oriente-petrolero-y-royal-pari-abren-la-fecha\/#breadcrumb"},"inLanguage":"es","potentialAction":[{"@type":"ReadAction","target":["https:\/\/www.eldiario.net\/portal\/2022\/07\/08\/oriente-petrolero-y-royal-pari-abren-la-fecha\/"]}]},{"@type":"ImageObject","inLanguage":"es","@id":"https:\/\/www.eldiario.net\/portal\/2022\/07\/08\/oriente-petrolero-y-royal-pari-abren-la-fecha\/#primaryimage","url":"","contentUrl":""},{"@type":"BreadcrumbList","@id":"https:\/\/www.eldiario.net\/portal\/2022\/07\/08\/oriente-petrolero-y-royal-pari-abren-la-fecha\/#breadcrumb","itemListElement":[{"@type":"ListItem","position":1,"name":"Portada","item":"https:\/\/www.eldiario.net\/portal\/"},{"@type":"ListItem","position":2,"name":"Oriente Petrolero y Royal Pari abren la fecha"}]},{"@type":"WebSite","@id":"https:\/\/www.eldiario.net\/portal\/#website","url":"https:\/\/www.eldiario.net\/portal\/","name":"El Diario - Decano de la prensa nacional","description":"El Diario - Decano de la prensa nacional","publisher":{"@id":"https:\/\/www.eldiario.net\/portal\/#organization"},"potentialAction":[{"@type":"SearchAction","target":{"@type":"EntryPoint","urlTemplate":"https:\/\/www.eldiario.net\/portal\/?s={search_term_string}"},"query-input":{"@type":"PropertyValueSpecification","valueRequired":true,"valueName":"search_term_string"}}],"inLanguage":"es"},{"@type":"Organization","@id":"https:\/\/www.eldiario.net\/portal\/#organization","name":"El Diario - Decano de la prensa nacional","url":"https:\/\/www.eldiario.net\/portal\/","logo":{"@type":"ImageObject","inLanguage":"es","@id":"https:\/\/www.eldiario.net\/portal\/#\/schema\/logo\/image\/","url":"https:\/\/www.eldiario.net\/portal\/wp-content\/uploads\/2023\/07\/logo_ED.jpg","contentUrl":"https:\/\/www.eldiario.net\/portal\/wp-content\/uploads\/2023\/07\/logo_ED.jpg","width":272,"height":52,"caption":"El Diario - Decano de la prensa nacional"},"image":{"@id":"https:\/\/www.eldiario.net\/portal\/#\/schema\/logo\/image\/"},"sameAs":["https:\/\/www.facebook.com\/eldiario.bolivia\/","https:\/\/x.com\/eldiario_net"]},{"@type":"Person","@id":"https:\/\/www.eldiario.net\/portal\/#\/schema\/person\/f46445640444750d7d753ccd04ae01b7","name":"Jeanette","image":{"@type":"ImageObject","inLanguage":"es","@id":"https:\/\/secure.gravatar.com\/avatar\/3ea2118a5f7dad2b7138b1187a6b7ee55f160b9968b66013c3a3ef39dd7e5798?s=96&d=mm&r=g","url":"https:\/\/secure.gravatar.com\/avatar\/3ea2118a5f7dad2b7138b1187a6b7ee55f160b9968b66013c3a3ef39dd7e5798?s=96&d=mm&r=g","contentUrl":"https:\/\/secure.gravatar.com\/avatar\/3ea2118a5f7dad2b7138b1187a6b7ee55f160b9968b66013c3a3ef39dd7e5798?s=96&d=mm&r=g","caption":"Jeanette"},"sameAs":["https:\/\/www.eldiario.net\/portal"],"url":"https:\/\/www.eldiario.net\/portal\/author\/jeanette\/"}]}},"_links":{"self":[{"href":"https:\/\/www.eldiario.net\/portal\/wp-json\/wp\/v2\/posts\/95588","targetHints":{"allow":["GET"]}}],"collection":[{"href":"https:\/\/www.eldiario.net\/portal\/wp-json\/wp\/v2\/posts"}],"about":[{"href":"https:\/\/www.eldiario.net\/portal\/wp-json\/wp\/v2\/types\/post"}],"author":[{"embeddable":true,"href":"https:\/\/www.eldiario.net\/portal\/wp-json\/wp\/v2\/users\/1"}],"replies":[{"embeddable":true,"href":"https:\/\/www.eldiario.net\/portal\/wp-json\/wp\/v2\/comments?post=95588"}],"version-history":[{"count":0,"href":"https:\/\/www.eldiario.net\/portal\/wp-json\/wp\/v2\/posts\/95588\/revisions"}],"wp:attachment":[{"href":"https:\/\/www.eldiario.net\/portal\/wp-json\/wp\/v2\/media?parent=95588"}],"wp:term":[{"taxonomy":"category","embeddable":true,"href":"https:\/\/www.eldiario.net\/portal\/wp-json\/wp\/v2\/categories?post=95588"},{"taxonomy":"post_tag","embeddable":true,"href":"https:\/\/www.eldiario.net\/portal\/wp-json\/wp\/v2\/tags?post=95588"}],"curies":[{"name":"wp","href":"https:\/\/api.w.org\/{rel}","templated":true}]}}