{"id":95582,"date":"2022-07-08T05:14:34","date_gmt":"2022-07-08T09:14:34","guid":{"rendered":"https:\/\/www.eldiario.net\/portal\/?p=95582"},"modified":"2022-07-08T05:14:34","modified_gmt":"2022-07-08T09:14:34","slug":"en-lucha-para-no-perder-los-juegos-de-la-juventud-2023","status":"publish","type":"post","link":"https:\/\/www.eldiario.net\/portal\/2022\/07\/08\/en-lucha-para-no-perder-los-juegos-de-la-juventud-2023\/","title":{"rendered":"En lucha para no perder los Juegos de la Juventud 2023"},"content":{"rendered":"<p>Los I Juegos Bolivarianos de la Juventud Sucre 2023 se llevar\u00e1n adelante dentro del plazo establecido, tras la reuni\u00f3n realizada este jueves por las autoridades del Ministerio de Econom\u00eda y Finanzas, el Ministerio de Salud y Deportes y el Alcalde de Sucre, Enrique Lea\u00f1os.<br \/>\n\u201cDe hecho que s\u00ed se van a realizar los Juegos en 2023, eso est\u00e1 garantizado. Lo que vamos a garantizar la siguiente semana o vamos a tener la respuesta de parte de los ministerios es la cantidad econ\u00f3mica\u201d, declar\u00f3 Lea\u00f1os, a la conclusi\u00f3n de la exposici\u00f3n de la propuesta realizada por la autoridad municipal.<br \/>\nEn su intervenci\u00f3n, Lea\u00f1o mencion\u00f3 que la propuesta establece la suma de 64 millones de bolivianos para hacer marchar la maquinaria. Sin embargo, teniendo a Cochabamba a disposici\u00f3n como una subsede el costo sufrir\u00eda una disminuci\u00f3n.<br \/>\n\u201cTeniendo infraestructura en otros municipios o departamentos como Cochabamba esto llega a reducirse a 34 millones de bolivianos que requer\u00edamos del nivel central. Esto constituye en equipamiento, infraestructura y funcionamiento (alimentaci\u00f3n, pago de \u00e1rbitros, log\u00edstica y control)\u201d, explic\u00f3 el Alcalde de la Capital del Estado.<br \/>\nEstos Juegos fueron reprogramados en dos ocasiones por los conflictos sociales y pol\u00edticos que atraves\u00f3 el pa\u00eds a finales de 2019 y por la pandemia que evitaron desembolsar el dinero para la organizaci\u00f3n de este evento. En abril de este a\u00f1o, se acord\u00f3, junto a la Organizaci\u00f3n Deportiva Bolivariana (Odebo), que el plazo definitivo ser\u00e1 abril de 2023.<br \/>\nEn ocasi\u00f3n de los XIX Juegos Bolivarianos de Valledupar, los miembros de la Odebo dieron 15 d\u00edas para tener una respuesta definitiva de parte del Gobierno, caso contrario, Sucre pod\u00eda perder la sede.<br \/>\nEsta fecha l\u00edmite vence este viernes 8 de julio, en este sentido, la Alcald\u00eda de Sucre pedir\u00e1 una pr\u00f3rroga de diez d\u00edas para conocer la respuesta de estos ministerios. La siguiente reuni\u00f3n interinstitucional ser\u00e1 el pr\u00f3ximo jueves 14 de julio.<br \/>\nAPORTE<br \/>\nLea\u00f1o inform\u00f3 que el Municipio invirti\u00f3 hasta la fecha la suma de nueve millones de bolivianos para la refacci\u00f3n de la infraestructura y \u201crestar\u00eda una inversi\u00f3n de 2.5 millones para la readecuaci\u00f3n de algunas canchas\u201d, explic\u00f3.<br \/>\nEl Gobierno Departamental de Chuquisaca gast\u00f3 diez millones de bolivianos y tiene diez millones por invertir, restando conocer la contribuci\u00f3n del Gobierno Central. Cabe recordar que desde el nivel central hubo un desembolso de 15 millones para la construcci\u00f3n del complejo de r\u00e1quetbol, un trabajo que qued\u00f3 a medias por la pandemia y las actividades se reactivar\u00e1n una vez que se reciba el visto bueno.<\/p>\n<p>EL DATO<\/p>\n<p>PLAZO<br \/>\nLa ODEBO, durante los Bolivarianos de Valledupar, dieron un nuevo plazo a Bolivia para la organizaci\u00f3n del evento deportivo el pr\u00f3ximo a\u00f1o.<\/p>\n","protected":false},"excerpt":{"rendered":"<p>Los I Juegos Bolivarianos de la Juventud Sucre 2023 se llevar\u00e1n adelante dentro del plazo establecido, tras la reuni\u00f3n realizada este jueves por las autoridades del Ministerio de Econom\u00eda y Finanzas, el Ministerio de Salud y Deportes y el Alcalde de Sucre, Enrique Lea\u00f1os. \u201cDe hecho que s\u00ed se van a realizar los Juegos en [&hellip;]<\/p>\n","protected":false},"author":1,"featured_media":95583,"comment_status":"closed","ping_status":"closed","sticky":false,"template":"","format":"standard","meta":{"_acf_changed":false,"footnotes":""},"categories":[6],"tags":[],"class_list":["post-95582","post","type-post","status-publish","format-standard","has-post-thumbnail","category-deportes"],"acf":{"antetitulo":""},"yoast_head":"<!-- This site is optimized with the Yoast SEO plugin v28.3 - https:\/\/yoast.com\/product\/yoast-seo-wordpress\/ -->\n<title>En lucha para no perder los Juegos de la Juventud 2023 - El Diario - Bolivia<\/title>\n<meta name=\"robots\" content=\"index, follow, max-snippet:-1, max-image-preview:large, max-video-preview:-1\" \/>\n<link rel=\"canonical\" href=\"https:\/\/www.eldiario.net\/portal\/2022\/07\/08\/en-lucha-para-no-perder-los-juegos-de-la-juventud-2023\/\" \/>\n<meta property=\"og:locale\" content=\"es_ES\" \/>\n<meta property=\"og:type\" content=\"article\" \/>\n<meta property=\"og:title\" content=\"En lucha para no perder los Juegos de la Juventud 2023 - El Diario - Bolivia\" \/>\n<meta property=\"og:description\" content=\"Los I Juegos Bolivarianos de la Juventud Sucre 2023 se llevar\u00e1n adelante dentro del plazo establecido, tras la reuni\u00f3n realizada este jueves por las autoridades del Ministerio de Econom\u00eda y Finanzas, el Ministerio de Salud y Deportes y el Alcalde de Sucre, Enrique Lea\u00f1os. \u201cDe hecho que s\u00ed se van a realizar los Juegos en [&hellip;]\" \/>\n<meta property=\"og:url\" content=\"https:\/\/www.eldiario.net\/portal\/2022\/07\/08\/en-lucha-para-no-perder-los-juegos-de-la-juventud-2023\/\" \/>\n<meta property=\"og:site_name\" content=\"El Diario - Bolivia\" \/>\n<meta property=\"article:publisher\" content=\"https:\/\/www.facebook.com\/eldiario.bolivia\/\" \/>\n<meta property=\"article:published_time\" content=\"2022-07-08T09:14:34+00:00\" \/>\n<meta property=\"og:image\" content=\"https:\/\/www.eldiario.net\/portal\/wp-content\/uploads\/2022\/07\/pag-7-foto-1-4-1024x576.jpg\" \/>\n\t<meta property=\"og:image:width\" content=\"1024\" \/>\n\t<meta property=\"og:image:height\" content=\"576\" \/>\n\t<meta property=\"og:image:type\" content=\"image\/jpeg\" \/>\n<meta name=\"author\" content=\"Jeanette\" \/>\n<meta name=\"twitter:card\" content=\"summary_large_image\" \/>\n<meta name=\"twitter:creator\" content=\"@eldiario_net\" \/>\n<meta name=\"twitter:site\" content=\"@eldiario_net\" \/>\n<meta name=\"twitter:label1\" content=\"Escrito por\" \/>\n\t<meta name=\"twitter:data1\" content=\"Jeanette\" \/>\n\t<meta name=\"twitter:label2\" content=\"Tiempo de lectura\" \/>\n\t<meta name=\"twitter:data2\" content=\"3 minutos\" \/>\n<script type=\"application\/ld+json\" class=\"yoast-schema-graph\">{\"@context\":\"https:\\\/\\\/schema.org\",\"@graph\":[{\"@type\":\"Article\",\"@id\":\"https:\\\/\\\/www.eldiario.net\\\/portal\\\/2022\\\/07\\\/08\\\/en-lucha-para-no-perder-los-juegos-de-la-juventud-2023\\\/#article\",\"isPartOf\":{\"@id\":\"https:\\\/\\\/www.eldiario.net\\\/portal\\\/2022\\\/07\\\/08\\\/en-lucha-para-no-perder-los-juegos-de-la-juventud-2023\\\/\"},\"author\":{\"name\":\"Jeanette\",\"@id\":\"https:\\\/\\\/www.eldiario.net\\\/portal\\\/#\\\/schema\\\/person\\\/f46445640444750d7d753ccd04ae01b7\"},\"headline\":\"En lucha para no perder los Juegos de la Juventud 2023\",\"datePublished\":\"2022-07-08T09:14:34+00:00\",\"mainEntityOfPage\":{\"@id\":\"https:\\\/\\\/www.eldiario.net\\\/portal\\\/2022\\\/07\\\/08\\\/en-lucha-para-no-perder-los-juegos-de-la-juventud-2023\\\/\"},\"wordCount\":478,\"publisher\":{\"@id\":\"https:\\\/\\\/www.eldiario.net\\\/portal\\\/#organization\"},\"image\":{\"@id\":\"https:\\\/\\\/www.eldiario.net\\\/portal\\\/2022\\\/07\\\/08\\\/en-lucha-para-no-perder-los-juegos-de-la-juventud-2023\\\/#primaryimage\"},\"thumbnailUrl\":\"https:\\\/\\\/www.eldiario.net\\\/portal\\\/wp-content\\\/uploads\\\/2022\\\/07\\\/pag-7-foto-1-4.jpg\",\"articleSection\":[\"Deportes\"],\"inLanguage\":\"es\"},{\"@type\":\"WebPage\",\"@id\":\"https:\\\/\\\/www.eldiario.net\\\/portal\\\/2022\\\/07\\\/08\\\/en-lucha-para-no-perder-los-juegos-de-la-juventud-2023\\\/\",\"url\":\"https:\\\/\\\/www.eldiario.net\\\/portal\\\/2022\\\/07\\\/08\\\/en-lucha-para-no-perder-los-juegos-de-la-juventud-2023\\\/\",\"name\":\"En lucha para no perder los Juegos de la Juventud 2023 - El Diario - Bolivia\",\"isPartOf\":{\"@id\":\"https:\\\/\\\/www.eldiario.net\\\/portal\\\/#website\"},\"primaryImageOfPage\":{\"@id\":\"https:\\\/\\\/www.eldiario.net\\\/portal\\\/2022\\\/07\\\/08\\\/en-lucha-para-no-perder-los-juegos-de-la-juventud-2023\\\/#primaryimage\"},\"image\":{\"@id\":\"https:\\\/\\\/www.eldiario.net\\\/portal\\\/2022\\\/07\\\/08\\\/en-lucha-para-no-perder-los-juegos-de-la-juventud-2023\\\/#primaryimage\"},\"thumbnailUrl\":\"https:\\\/\\\/www.eldiario.net\\\/portal\\\/wp-content\\\/uploads\\\/2022\\\/07\\\/pag-7-foto-1-4.jpg\",\"datePublished\":\"2022-07-08T09:14:34+00:00\",\"breadcrumb\":{\"@id\":\"https:\\\/\\\/www.eldiario.net\\\/portal\\\/2022\\\/07\\\/08\\\/en-lucha-para-no-perder-los-juegos-de-la-juventud-2023\\\/#breadcrumb\"},\"inLanguage\":\"es\",\"potentialAction\":[{\"@type\":\"ReadAction\",\"target\":[\"https:\\\/\\\/www.eldiario.net\\\/portal\\\/2022\\\/07\\\/08\\\/en-lucha-para-no-perder-los-juegos-de-la-juventud-2023\\\/\"]}]},{\"@type\":\"ImageObject\",\"inLanguage\":\"es\",\"@id\":\"https:\\\/\\\/www.eldiario.net\\\/portal\\\/2022\\\/07\\\/08\\\/en-lucha-para-no-perder-los-juegos-de-la-juventud-2023\\\/#primaryimage\",\"url\":\"https:\\\/\\\/www.eldiario.net\\\/portal\\\/wp-content\\\/uploads\\\/2022\\\/07\\\/pag-7-foto-1-4.jpg\",\"contentUrl\":\"https:\\\/\\\/www.eldiario.net\\\/portal\\\/wp-content\\\/uploads\\\/2022\\\/07\\\/pag-7-foto-1-4.jpg\",\"width\":2048,\"height\":1152,\"caption\":\"Los j\u00f3venes tendr\u00e1n la chance en los Juegos de la Juventud que Bolivia organizar\u00e1.\"},{\"@type\":\"BreadcrumbList\",\"@id\":\"https:\\\/\\\/www.eldiario.net\\\/portal\\\/2022\\\/07\\\/08\\\/en-lucha-para-no-perder-los-juegos-de-la-juventud-2023\\\/#breadcrumb\",\"itemListElement\":[{\"@type\":\"ListItem\",\"position\":1,\"name\":\"Portada\",\"item\":\"https:\\\/\\\/www.eldiario.net\\\/portal\\\/\"},{\"@type\":\"ListItem\",\"position\":2,\"name\":\"En lucha para no perder los Juegos de la Juventud 2023\"}]},{\"@type\":\"WebSite\",\"@id\":\"https:\\\/\\\/www.eldiario.net\\\/portal\\\/#website\",\"url\":\"https:\\\/\\\/www.eldiario.net\\\/portal\\\/\",\"name\":\"El Diario - Decano de la prensa nacional\",\"description\":\"El Diario - Decano de la prensa nacional\",\"publisher\":{\"@id\":\"https:\\\/\\\/www.eldiario.net\\\/portal\\\/#organization\"},\"potentialAction\":[{\"@type\":\"SearchAction\",\"target\":{\"@type\":\"EntryPoint\",\"urlTemplate\":\"https:\\\/\\\/www.eldiario.net\\\/portal\\\/?s={search_term_string}\"},\"query-input\":{\"@type\":\"PropertyValueSpecification\",\"valueRequired\":true,\"valueName\":\"search_term_string\"}}],\"inLanguage\":\"es\"},{\"@type\":\"Organization\",\"@id\":\"https:\\\/\\\/www.eldiario.net\\\/portal\\\/#organization\",\"name\":\"El Diario - Decano de la prensa nacional\",\"url\":\"https:\\\/\\\/www.eldiario.net\\\/portal\\\/\",\"logo\":{\"@type\":\"ImageObject\",\"inLanguage\":\"es\",\"@id\":\"https:\\\/\\\/www.eldiario.net\\\/portal\\\/#\\\/schema\\\/logo\\\/image\\\/\",\"url\":\"https:\\\/\\\/www.eldiario.net\\\/portal\\\/wp-content\\\/uploads\\\/2023\\\/07\\\/logo_ED.jpg\",\"contentUrl\":\"https:\\\/\\\/www.eldiario.net\\\/portal\\\/wp-content\\\/uploads\\\/2023\\\/07\\\/logo_ED.jpg\",\"width\":272,\"height\":52,\"caption\":\"El Diario - Decano de la prensa nacional\"},\"image\":{\"@id\":\"https:\\\/\\\/www.eldiario.net\\\/portal\\\/#\\\/schema\\\/logo\\\/image\\\/\"},\"sameAs\":[\"https:\\\/\\\/www.facebook.com\\\/eldiario.bolivia\\\/\",\"https:\\\/\\\/x.com\\\/eldiario_net\"]},{\"@type\":\"Person\",\"@id\":\"https:\\\/\\\/www.eldiario.net\\\/portal\\\/#\\\/schema\\\/person\\\/f46445640444750d7d753ccd04ae01b7\",\"name\":\"Jeanette\",\"image\":{\"@type\":\"ImageObject\",\"inLanguage\":\"es\",\"@id\":\"https:\\\/\\\/secure.gravatar.com\\\/avatar\\\/3ea2118a5f7dad2b7138b1187a6b7ee55f160b9968b66013c3a3ef39dd7e5798?s=96&d=mm&r=g\",\"url\":\"https:\\\/\\\/secure.gravatar.com\\\/avatar\\\/3ea2118a5f7dad2b7138b1187a6b7ee55f160b9968b66013c3a3ef39dd7e5798?s=96&d=mm&r=g\",\"contentUrl\":\"https:\\\/\\\/secure.gravatar.com\\\/avatar\\\/3ea2118a5f7dad2b7138b1187a6b7ee55f160b9968b66013c3a3ef39dd7e5798?s=96&d=mm&r=g\",\"caption\":\"Jeanette\"},\"sameAs\":[\"https:\\\/\\\/www.eldiario.net\\\/portal\"],\"url\":\"https:\\\/\\\/www.eldiario.net\\\/portal\\\/author\\\/jeanette\\\/\"}]}<\/script>\n<!-- \/ Yoast SEO plugin. -->","yoast_head_json":{"title":"En lucha para no perder los Juegos de la Juventud 2023 - El Diario - Bolivia","robots":{"index":"index","follow":"follow","max-snippet":"max-snippet:-1","max-image-preview":"max-image-preview:large","max-video-preview":"max-video-preview:-1"},"canonical":"https:\/\/www.eldiario.net\/portal\/2022\/07\/08\/en-lucha-para-no-perder-los-juegos-de-la-juventud-2023\/","og_locale":"es_ES","og_type":"article","og_title":"En lucha para no perder los Juegos de la Juventud 2023 - El Diario - Bolivia","og_description":"Los I Juegos Bolivarianos de la Juventud Sucre 2023 se llevar\u00e1n adelante dentro del plazo establecido, tras la reuni\u00f3n realizada este jueves por las autoridades del Ministerio de Econom\u00eda y Finanzas, el Ministerio de Salud y Deportes y el Alcalde de Sucre, Enrique Lea\u00f1os. \u201cDe hecho que s\u00ed se van a realizar los Juegos en [&hellip;]","og_url":"https:\/\/www.eldiario.net\/portal\/2022\/07\/08\/en-lucha-para-no-perder-los-juegos-de-la-juventud-2023\/","og_site_name":"El Diario - Bolivia","article_publisher":"https:\/\/www.facebook.com\/eldiario.bolivia\/","article_published_time":"2022-07-08T09:14:34+00:00","og_image":[{"width":1024,"height":576,"url":"https:\/\/www.eldiario.net\/portal\/wp-content\/uploads\/2022\/07\/pag-7-foto-1-4-1024x576.jpg","type":"image\/jpeg"}],"author":"Jeanette","twitter_card":"summary_large_image","twitter_creator":"@eldiario_net","twitter_site":"@eldiario_net","twitter_misc":{"Escrito por":"Jeanette","Tiempo de lectura":"3 minutos"},"schema":{"@context":"https:\/\/schema.org","@graph":[{"@type":"Article","@id":"https:\/\/www.eldiario.net\/portal\/2022\/07\/08\/en-lucha-para-no-perder-los-juegos-de-la-juventud-2023\/#article","isPartOf":{"@id":"https:\/\/www.eldiario.net\/portal\/2022\/07\/08\/en-lucha-para-no-perder-los-juegos-de-la-juventud-2023\/"},"author":{"name":"Jeanette","@id":"https:\/\/www.eldiario.net\/portal\/#\/schema\/person\/f46445640444750d7d753ccd04ae01b7"},"headline":"En lucha para no perder los Juegos de la Juventud 2023","datePublished":"2022-07-08T09:14:34+00:00","mainEntityOfPage":{"@id":"https:\/\/www.eldiario.net\/portal\/2022\/07\/08\/en-lucha-para-no-perder-los-juegos-de-la-juventud-2023\/"},"wordCount":478,"publisher":{"@id":"https:\/\/www.eldiario.net\/portal\/#organization"},"image":{"@id":"https:\/\/www.eldiario.net\/portal\/2022\/07\/08\/en-lucha-para-no-perder-los-juegos-de-la-juventud-2023\/#primaryimage"},"thumbnailUrl":"https:\/\/www.eldiario.net\/portal\/wp-content\/uploads\/2022\/07\/pag-7-foto-1-4.jpg","articleSection":["Deportes"],"inLanguage":"es"},{"@type":"WebPage","@id":"https:\/\/www.eldiario.net\/portal\/2022\/07\/08\/en-lucha-para-no-perder-los-juegos-de-la-juventud-2023\/","url":"https:\/\/www.eldiario.net\/portal\/2022\/07\/08\/en-lucha-para-no-perder-los-juegos-de-la-juventud-2023\/","name":"En lucha para no perder los Juegos de la Juventud 2023 - El Diario - Bolivia","isPartOf":{"@id":"https:\/\/www.eldiario.net\/portal\/#website"},"primaryImageOfPage":{"@id":"https:\/\/www.eldiario.net\/portal\/2022\/07\/08\/en-lucha-para-no-perder-los-juegos-de-la-juventud-2023\/#primaryimage"},"image":{"@id":"https:\/\/www.eldiario.net\/portal\/2022\/07\/08\/en-lucha-para-no-perder-los-juegos-de-la-juventud-2023\/#primaryimage"},"thumbnailUrl":"https:\/\/www.eldiario.net\/portal\/wp-content\/uploads\/2022\/07\/pag-7-foto-1-4.jpg","datePublished":"2022-07-08T09:14:34+00:00","breadcrumb":{"@id":"https:\/\/www.eldiario.net\/portal\/2022\/07\/08\/en-lucha-para-no-perder-los-juegos-de-la-juventud-2023\/#breadcrumb"},"inLanguage":"es","potentialAction":[{"@type":"ReadAction","target":["https:\/\/www.eldiario.net\/portal\/2022\/07\/08\/en-lucha-para-no-perder-los-juegos-de-la-juventud-2023\/"]}]},{"@type":"ImageObject","inLanguage":"es","@id":"https:\/\/www.eldiario.net\/portal\/2022\/07\/08\/en-lucha-para-no-perder-los-juegos-de-la-juventud-2023\/#primaryimage","url":"https:\/\/www.eldiario.net\/portal\/wp-content\/uploads\/2022\/07\/pag-7-foto-1-4.jpg","contentUrl":"https:\/\/www.eldiario.net\/portal\/wp-content\/uploads\/2022\/07\/pag-7-foto-1-4.jpg","width":2048,"height":1152,"caption":"Los j\u00f3venes tendr\u00e1n la chance en los Juegos de la Juventud que Bolivia organizar\u00e1."},{"@type":"BreadcrumbList","@id":"https:\/\/www.eldiario.net\/portal\/2022\/07\/08\/en-lucha-para-no-perder-los-juegos-de-la-juventud-2023\/#breadcrumb","itemListElement":[{"@type":"ListItem","position":1,"name":"Portada","item":"https:\/\/www.eldiario.net\/portal\/"},{"@type":"ListItem","position":2,"name":"En lucha para no perder los Juegos de la Juventud 2023"}]},{"@type":"WebSite","@id":"https:\/\/www.eldiario.net\/portal\/#website","url":"https:\/\/www.eldiario.net\/portal\/","name":"El Diario - Decano de la prensa nacional","description":"El Diario - Decano de la prensa nacional","publisher":{"@id":"https:\/\/www.eldiario.net\/portal\/#organization"},"potentialAction":[{"@type":"SearchAction","target":{"@type":"EntryPoint","urlTemplate":"https:\/\/www.eldiario.net\/portal\/?s={search_term_string}"},"query-input":{"@type":"PropertyValueSpecification","valueRequired":true,"valueName":"search_term_string"}}],"inLanguage":"es"},{"@type":"Organization","@id":"https:\/\/www.eldiario.net\/portal\/#organization","name":"El Diario - Decano de la prensa nacional","url":"https:\/\/www.eldiario.net\/portal\/","logo":{"@type":"ImageObject","inLanguage":"es","@id":"https:\/\/www.eldiario.net\/portal\/#\/schema\/logo\/image\/","url":"https:\/\/www.eldiario.net\/portal\/wp-content\/uploads\/2023\/07\/logo_ED.jpg","contentUrl":"https:\/\/www.eldiario.net\/portal\/wp-content\/uploads\/2023\/07\/logo_ED.jpg","width":272,"height":52,"caption":"El Diario - Decano de la prensa nacional"},"image":{"@id":"https:\/\/www.eldiario.net\/portal\/#\/schema\/logo\/image\/"},"sameAs":["https:\/\/www.facebook.com\/eldiario.bolivia\/","https:\/\/x.com\/eldiario_net"]},{"@type":"Person","@id":"https:\/\/www.eldiario.net\/portal\/#\/schema\/person\/f46445640444750d7d753ccd04ae01b7","name":"Jeanette","image":{"@type":"ImageObject","inLanguage":"es","@id":"https:\/\/secure.gravatar.com\/avatar\/3ea2118a5f7dad2b7138b1187a6b7ee55f160b9968b66013c3a3ef39dd7e5798?s=96&d=mm&r=g","url":"https:\/\/secure.gravatar.com\/avatar\/3ea2118a5f7dad2b7138b1187a6b7ee55f160b9968b66013c3a3ef39dd7e5798?s=96&d=mm&r=g","contentUrl":"https:\/\/secure.gravatar.com\/avatar\/3ea2118a5f7dad2b7138b1187a6b7ee55f160b9968b66013c3a3ef39dd7e5798?s=96&d=mm&r=g","caption":"Jeanette"},"sameAs":["https:\/\/www.eldiario.net\/portal"],"url":"https:\/\/www.eldiario.net\/portal\/author\/jeanette\/"}]}},"_links":{"self":[{"href":"https:\/\/www.eldiario.net\/portal\/wp-json\/wp\/v2\/posts\/95582","targetHints":{"allow":["GET"]}}],"collection":[{"href":"https:\/\/www.eldiario.net\/portal\/wp-json\/wp\/v2\/posts"}],"about":[{"href":"https:\/\/www.eldiario.net\/portal\/wp-json\/wp\/v2\/types\/post"}],"author":[{"embeddable":true,"href":"https:\/\/www.eldiario.net\/portal\/wp-json\/wp\/v2\/users\/1"}],"replies":[{"embeddable":true,"href":"https:\/\/www.eldiario.net\/portal\/wp-json\/wp\/v2\/comments?post=95582"}],"version-history":[{"count":0,"href":"https:\/\/www.eldiario.net\/portal\/wp-json\/wp\/v2\/posts\/95582\/revisions"}],"wp:featuredmedia":[{"embeddable":true,"href":"https:\/\/www.eldiario.net\/portal\/wp-json\/wp\/v2\/media\/95583"}],"wp:attachment":[{"href":"https:\/\/www.eldiario.net\/portal\/wp-json\/wp\/v2\/media?parent=95582"}],"wp:term":[{"taxonomy":"category","embeddable":true,"href":"https:\/\/www.eldiario.net\/portal\/wp-json\/wp\/v2\/categories?post=95582"},{"taxonomy":"post_tag","embeddable":true,"href":"https:\/\/www.eldiario.net\/portal\/wp-json\/wp\/v2\/tags?post=95582"}],"curies":[{"name":"wp","href":"https:\/\/api.w.org\/{rel}","templated":true}]}}