{"id":95576,"date":"2022-07-08T05:12:51","date_gmt":"2022-07-08T09:12:51","guid":{"rendered":"https:\/\/www.eldiario.net\/portal\/?p=95576"},"modified":"2022-07-08T05:12:51","modified_gmt":"2022-07-08T09:12:51","slug":"pichincha-se-aduena-de-la-cima-en-la-libobasquet","status":"publish","type":"post","link":"https:\/\/www.eldiario.net\/portal\/2022\/07\/08\/pichincha-se-aduena-de-la-cima-en-la-libobasquet\/","title":{"rendered":"Pichincha se adue\u00f1a de la cima en la Libobasquet"},"content":{"rendered":"<p>Pichincha tom\u00f3 el primer lugar de la Libob\u00e1squet por primera vez con el triunfo aplastante que logr\u00f3 sobre Unitepc por la cuenta de 84-33 en el coliseo Ciudad de Potos\u00ed, donde fue el mayor beneficiado en la novena fecha de este torneo federado.<br \/>\nEl elenco pichinche\u00f1o hizo su trabajo y aprovech\u00f3 que San Sim\u00f3n (Cochabamba) tuvo jornada de descanso y que Leones, el otro representante potosino, perdi\u00f3 su invicto ante Saracho (Oruro) por 92-94 en la ciudad de Sebasti\u00e1n Pagador.<br \/>\nEl quinteto de Pichincha, dirigido por el entrenador Giovanny Vargas, barri\u00f3 con Unitepc con Patrick Luis de Vieira como la figura del encuentro jugado la noche del mi\u00e9rcoles en Potos\u00ed, donde el refuerzo brasile\u00f1o alcanz\u00f3 las 23 anotaciones. Diego Santana con 14 y Ricardo Covarrubias con 13 tambi\u00e9n destacaron.<br \/>\nEn los dem\u00e1s encuentros de la novena fecha, se dieron estos resultados: La Salle venci\u00f3 a Universitario de Sucre como visitante por 79-74 y Tenis Club debut\u00f3 en su coliseo de La Florida con una derrota ante Calero por 54-90.<br \/>\nCon esta muestra de contundencia (20-9, 23-9, 27-7, 14-8), Pichincha paso a ser el l\u00edder con 15 puntos, dejando a San Sim\u00f3n segundo con 14 y Leones es tercero con 13. Saracho est\u00e1 cuarto con 12, Calero y La Salle igualan con 11, Unitepc est\u00e1 con diez y el fondo es compartido por Universitario de Sucre y Tenis Club, cada uno con ocho unidades.<br \/>\nLa mitad del camino ha transcurrido, restando nueve fechas con los cotejos revancha. La d\u00e9cima jornada comenzar\u00e1 este viernes con dos partidos: Tenis Club frente a Leones en La Paz (19:00) y La Salle ante San Sim\u00f3n en Tarija (20:00). Al d\u00eda siguiente se completa el rol con: Universitario vs. Unitepc en la Capital (19:00) y Pichincha ante Calero (20:00) en la Villa Imperial.<\/p>\n","protected":false},"excerpt":{"rendered":"<p>Pichincha tom\u00f3 el primer lugar de la Libob\u00e1squet por primera vez con el triunfo aplastante que logr\u00f3 sobre Unitepc por la cuenta de 84-33 en el coliseo Ciudad de Potos\u00ed, donde fue el mayor beneficiado en la novena fecha de este torneo federado. El elenco pichinche\u00f1o hizo su trabajo y aprovech\u00f3 que San Sim\u00f3n (Cochabamba) [&hellip;]<\/p>\n","protected":false},"author":1,"featured_media":95577,"comment_status":"closed","ping_status":"closed","sticky":false,"template":"","format":"standard","meta":{"_acf_changed":false,"footnotes":""},"categories":[6],"tags":[],"class_list":["post-95576","post","type-post","status-publish","format-standard","has-post-thumbnail","category-deportes"],"acf":{"antetitulo":""},"yoast_head":"<!-- This site is optimized with the Yoast SEO plugin v28.3 - https:\/\/yoast.com\/product\/yoast-seo-wordpress\/ -->\n<title>Pichincha se adue\u00f1a de la cima en la Libobasquet - El Diario - Bolivia<\/title>\n<meta name=\"robots\" content=\"index, follow, max-snippet:-1, max-image-preview:large, max-video-preview:-1\" \/>\n<link rel=\"canonical\" href=\"https:\/\/www.eldiario.net\/portal\/2022\/07\/08\/pichincha-se-aduena-de-la-cima-en-la-libobasquet\/\" \/>\n<meta property=\"og:locale\" content=\"es_ES\" \/>\n<meta property=\"og:type\" content=\"article\" \/>\n<meta property=\"og:title\" content=\"Pichincha se adue\u00f1a de la cima en la Libobasquet - El Diario - Bolivia\" \/>\n<meta property=\"og:description\" content=\"Pichincha tom\u00f3 el primer lugar de la Libob\u00e1squet por primera vez con el triunfo aplastante que logr\u00f3 sobre Unitepc por la cuenta de 84-33 en el coliseo Ciudad de Potos\u00ed, donde fue el mayor beneficiado en la novena fecha de este torneo federado. El elenco pichinche\u00f1o hizo su trabajo y aprovech\u00f3 que San Sim\u00f3n (Cochabamba) [&hellip;]\" \/>\n<meta property=\"og:url\" content=\"https:\/\/www.eldiario.net\/portal\/2022\/07\/08\/pichincha-se-aduena-de-la-cima-en-la-libobasquet\/\" \/>\n<meta property=\"og:site_name\" content=\"El Diario - Bolivia\" \/>\n<meta property=\"article:publisher\" content=\"https:\/\/www.facebook.com\/eldiario.bolivia\/\" \/>\n<meta property=\"article:published_time\" content=\"2022-07-08T09:12:51+00:00\" \/>\n<meta name=\"author\" content=\"Jeanette\" \/>\n<meta name=\"twitter:card\" content=\"summary_large_image\" \/>\n<meta name=\"twitter:creator\" content=\"@eldiario_net\" \/>\n<meta name=\"twitter:site\" content=\"@eldiario_net\" \/>\n<meta name=\"twitter:label1\" content=\"Escrito por\" \/>\n\t<meta name=\"twitter:data1\" content=\"Jeanette\" \/>\n\t<meta name=\"twitter:label2\" content=\"Tiempo de lectura\" \/>\n\t<meta name=\"twitter:data2\" content=\"2 minutos\" \/>\n<script type=\"application\/ld+json\" class=\"yoast-schema-graph\">{\"@context\":\"https:\\\/\\\/schema.org\",\"@graph\":[{\"@type\":\"Article\",\"@id\":\"https:\\\/\\\/www.eldiario.net\\\/portal\\\/2022\\\/07\\\/08\\\/pichincha-se-aduena-de-la-cima-en-la-libobasquet\\\/#article\",\"isPartOf\":{\"@id\":\"https:\\\/\\\/www.eldiario.net\\\/portal\\\/2022\\\/07\\\/08\\\/pichincha-se-aduena-de-la-cima-en-la-libobasquet\\\/\"},\"author\":{\"name\":\"Jeanette\",\"@id\":\"https:\\\/\\\/www.eldiario.net\\\/portal\\\/#\\\/schema\\\/person\\\/f46445640444750d7d753ccd04ae01b7\"},\"headline\":\"Pichincha se adue\u00f1a de la cima en la Libobasquet\",\"datePublished\":\"2022-07-08T09:12:51+00:00\",\"mainEntityOfPage\":{\"@id\":\"https:\\\/\\\/www.eldiario.net\\\/portal\\\/2022\\\/07\\\/08\\\/pichincha-se-aduena-de-la-cima-en-la-libobasquet\\\/\"},\"wordCount\":308,\"publisher\":{\"@id\":\"https:\\\/\\\/www.eldiario.net\\\/portal\\\/#organization\"},\"image\":{\"@id\":\"https:\\\/\\\/www.eldiario.net\\\/portal\\\/2022\\\/07\\\/08\\\/pichincha-se-aduena-de-la-cima-en-la-libobasquet\\\/#primaryimage\"},\"thumbnailUrl\":\"\",\"articleSection\":[\"Deportes\"],\"inLanguage\":\"es\"},{\"@type\":\"WebPage\",\"@id\":\"https:\\\/\\\/www.eldiario.net\\\/portal\\\/2022\\\/07\\\/08\\\/pichincha-se-aduena-de-la-cima-en-la-libobasquet\\\/\",\"url\":\"https:\\\/\\\/www.eldiario.net\\\/portal\\\/2022\\\/07\\\/08\\\/pichincha-se-aduena-de-la-cima-en-la-libobasquet\\\/\",\"name\":\"Pichincha se adue\u00f1a de la cima en la Libobasquet - El Diario - Bolivia\",\"isPartOf\":{\"@id\":\"https:\\\/\\\/www.eldiario.net\\\/portal\\\/#website\"},\"primaryImageOfPage\":{\"@id\":\"https:\\\/\\\/www.eldiario.net\\\/portal\\\/2022\\\/07\\\/08\\\/pichincha-se-aduena-de-la-cima-en-la-libobasquet\\\/#primaryimage\"},\"image\":{\"@id\":\"https:\\\/\\\/www.eldiario.net\\\/portal\\\/2022\\\/07\\\/08\\\/pichincha-se-aduena-de-la-cima-en-la-libobasquet\\\/#primaryimage\"},\"thumbnailUrl\":\"\",\"datePublished\":\"2022-07-08T09:12:51+00:00\",\"breadcrumb\":{\"@id\":\"https:\\\/\\\/www.eldiario.net\\\/portal\\\/2022\\\/07\\\/08\\\/pichincha-se-aduena-de-la-cima-en-la-libobasquet\\\/#breadcrumb\"},\"inLanguage\":\"es\",\"potentialAction\":[{\"@type\":\"ReadAction\",\"target\":[\"https:\\\/\\\/www.eldiario.net\\\/portal\\\/2022\\\/07\\\/08\\\/pichincha-se-aduena-de-la-cima-en-la-libobasquet\\\/\"]}]},{\"@type\":\"ImageObject\",\"inLanguage\":\"es\",\"@id\":\"https:\\\/\\\/www.eldiario.net\\\/portal\\\/2022\\\/07\\\/08\\\/pichincha-se-aduena-de-la-cima-en-la-libobasquet\\\/#primaryimage\",\"url\":\"\",\"contentUrl\":\"\"},{\"@type\":\"BreadcrumbList\",\"@id\":\"https:\\\/\\\/www.eldiario.net\\\/portal\\\/2022\\\/07\\\/08\\\/pichincha-se-aduena-de-la-cima-en-la-libobasquet\\\/#breadcrumb\",\"itemListElement\":[{\"@type\":\"ListItem\",\"position\":1,\"name\":\"Portada\",\"item\":\"https:\\\/\\\/www.eldiario.net\\\/portal\\\/\"},{\"@type\":\"ListItem\",\"position\":2,\"name\":\"Pichincha se adue\u00f1a de la cima en la Libobasquet\"}]},{\"@type\":\"WebSite\",\"@id\":\"https:\\\/\\\/www.eldiario.net\\\/portal\\\/#website\",\"url\":\"https:\\\/\\\/www.eldiario.net\\\/portal\\\/\",\"name\":\"El Diario - Decano de la prensa nacional\",\"description\":\"El Diario - Decano de la prensa nacional\",\"publisher\":{\"@id\":\"https:\\\/\\\/www.eldiario.net\\\/portal\\\/#organization\"},\"potentialAction\":[{\"@type\":\"SearchAction\",\"target\":{\"@type\":\"EntryPoint\",\"urlTemplate\":\"https:\\\/\\\/www.eldiario.net\\\/portal\\\/?s={search_term_string}\"},\"query-input\":{\"@type\":\"PropertyValueSpecification\",\"valueRequired\":true,\"valueName\":\"search_term_string\"}}],\"inLanguage\":\"es\"},{\"@type\":\"Organization\",\"@id\":\"https:\\\/\\\/www.eldiario.net\\\/portal\\\/#organization\",\"name\":\"El Diario - Decano de la prensa nacional\",\"url\":\"https:\\\/\\\/www.eldiario.net\\\/portal\\\/\",\"logo\":{\"@type\":\"ImageObject\",\"inLanguage\":\"es\",\"@id\":\"https:\\\/\\\/www.eldiario.net\\\/portal\\\/#\\\/schema\\\/logo\\\/image\\\/\",\"url\":\"https:\\\/\\\/www.eldiario.net\\\/portal\\\/wp-content\\\/uploads\\\/2023\\\/07\\\/logo_ED.jpg\",\"contentUrl\":\"https:\\\/\\\/www.eldiario.net\\\/portal\\\/wp-content\\\/uploads\\\/2023\\\/07\\\/logo_ED.jpg\",\"width\":272,\"height\":52,\"caption\":\"El Diario - Decano de la prensa nacional\"},\"image\":{\"@id\":\"https:\\\/\\\/www.eldiario.net\\\/portal\\\/#\\\/schema\\\/logo\\\/image\\\/\"},\"sameAs\":[\"https:\\\/\\\/www.facebook.com\\\/eldiario.bolivia\\\/\",\"https:\\\/\\\/x.com\\\/eldiario_net\"]},{\"@type\":\"Person\",\"@id\":\"https:\\\/\\\/www.eldiario.net\\\/portal\\\/#\\\/schema\\\/person\\\/f46445640444750d7d753ccd04ae01b7\",\"name\":\"Jeanette\",\"image\":{\"@type\":\"ImageObject\",\"inLanguage\":\"es\",\"@id\":\"https:\\\/\\\/secure.gravatar.com\\\/avatar\\\/3ea2118a5f7dad2b7138b1187a6b7ee55f160b9968b66013c3a3ef39dd7e5798?s=96&d=mm&r=g\",\"url\":\"https:\\\/\\\/secure.gravatar.com\\\/avatar\\\/3ea2118a5f7dad2b7138b1187a6b7ee55f160b9968b66013c3a3ef39dd7e5798?s=96&d=mm&r=g\",\"contentUrl\":\"https:\\\/\\\/secure.gravatar.com\\\/avatar\\\/3ea2118a5f7dad2b7138b1187a6b7ee55f160b9968b66013c3a3ef39dd7e5798?s=96&d=mm&r=g\",\"caption\":\"Jeanette\"},\"sameAs\":[\"https:\\\/\\\/www.eldiario.net\\\/portal\"],\"url\":\"https:\\\/\\\/www.eldiario.net\\\/portal\\\/author\\\/jeanette\\\/\"}]}<\/script>\n<!-- \/ Yoast SEO plugin. -->","yoast_head_json":{"title":"Pichincha se adue\u00f1a de la cima en la Libobasquet - El Diario - Bolivia","robots":{"index":"index","follow":"follow","max-snippet":"max-snippet:-1","max-image-preview":"max-image-preview:large","max-video-preview":"max-video-preview:-1"},"canonical":"https:\/\/www.eldiario.net\/portal\/2022\/07\/08\/pichincha-se-aduena-de-la-cima-en-la-libobasquet\/","og_locale":"es_ES","og_type":"article","og_title":"Pichincha se adue\u00f1a de la cima en la Libobasquet - El Diario - Bolivia","og_description":"Pichincha tom\u00f3 el primer lugar de la Libob\u00e1squet por primera vez con el triunfo aplastante que logr\u00f3 sobre Unitepc por la cuenta de 84-33 en el coliseo Ciudad de Potos\u00ed, donde fue el mayor beneficiado en la novena fecha de este torneo federado. El elenco pichinche\u00f1o hizo su trabajo y aprovech\u00f3 que San Sim\u00f3n (Cochabamba) [&hellip;]","og_url":"https:\/\/www.eldiario.net\/portal\/2022\/07\/08\/pichincha-se-aduena-de-la-cima-en-la-libobasquet\/","og_site_name":"El Diario - Bolivia","article_publisher":"https:\/\/www.facebook.com\/eldiario.bolivia\/","article_published_time":"2022-07-08T09:12:51+00:00","author":"Jeanette","twitter_card":"summary_large_image","twitter_creator":"@eldiario_net","twitter_site":"@eldiario_net","twitter_misc":{"Escrito por":"Jeanette","Tiempo de lectura":"2 minutos"},"schema":{"@context":"https:\/\/schema.org","@graph":[{"@type":"Article","@id":"https:\/\/www.eldiario.net\/portal\/2022\/07\/08\/pichincha-se-aduena-de-la-cima-en-la-libobasquet\/#article","isPartOf":{"@id":"https:\/\/www.eldiario.net\/portal\/2022\/07\/08\/pichincha-se-aduena-de-la-cima-en-la-libobasquet\/"},"author":{"name":"Jeanette","@id":"https:\/\/www.eldiario.net\/portal\/#\/schema\/person\/f46445640444750d7d753ccd04ae01b7"},"headline":"Pichincha se adue\u00f1a de la cima en la Libobasquet","datePublished":"2022-07-08T09:12:51+00:00","mainEntityOfPage":{"@id":"https:\/\/www.eldiario.net\/portal\/2022\/07\/08\/pichincha-se-aduena-de-la-cima-en-la-libobasquet\/"},"wordCount":308,"publisher":{"@id":"https:\/\/www.eldiario.net\/portal\/#organization"},"image":{"@id":"https:\/\/www.eldiario.net\/portal\/2022\/07\/08\/pichincha-se-aduena-de-la-cima-en-la-libobasquet\/#primaryimage"},"thumbnailUrl":"","articleSection":["Deportes"],"inLanguage":"es"},{"@type":"WebPage","@id":"https:\/\/www.eldiario.net\/portal\/2022\/07\/08\/pichincha-se-aduena-de-la-cima-en-la-libobasquet\/","url":"https:\/\/www.eldiario.net\/portal\/2022\/07\/08\/pichincha-se-aduena-de-la-cima-en-la-libobasquet\/","name":"Pichincha se adue\u00f1a de la cima en la Libobasquet - El Diario - Bolivia","isPartOf":{"@id":"https:\/\/www.eldiario.net\/portal\/#website"},"primaryImageOfPage":{"@id":"https:\/\/www.eldiario.net\/portal\/2022\/07\/08\/pichincha-se-aduena-de-la-cima-en-la-libobasquet\/#primaryimage"},"image":{"@id":"https:\/\/www.eldiario.net\/portal\/2022\/07\/08\/pichincha-se-aduena-de-la-cima-en-la-libobasquet\/#primaryimage"},"thumbnailUrl":"","datePublished":"2022-07-08T09:12:51+00:00","breadcrumb":{"@id":"https:\/\/www.eldiario.net\/portal\/2022\/07\/08\/pichincha-se-aduena-de-la-cima-en-la-libobasquet\/#breadcrumb"},"inLanguage":"es","potentialAction":[{"@type":"ReadAction","target":["https:\/\/www.eldiario.net\/portal\/2022\/07\/08\/pichincha-se-aduena-de-la-cima-en-la-libobasquet\/"]}]},{"@type":"ImageObject","inLanguage":"es","@id":"https:\/\/www.eldiario.net\/portal\/2022\/07\/08\/pichincha-se-aduena-de-la-cima-en-la-libobasquet\/#primaryimage","url":"","contentUrl":""},{"@type":"BreadcrumbList","@id":"https:\/\/www.eldiario.net\/portal\/2022\/07\/08\/pichincha-se-aduena-de-la-cima-en-la-libobasquet\/#breadcrumb","itemListElement":[{"@type":"ListItem","position":1,"name":"Portada","item":"https:\/\/www.eldiario.net\/portal\/"},{"@type":"ListItem","position":2,"name":"Pichincha se adue\u00f1a de la cima en la Libobasquet"}]},{"@type":"WebSite","@id":"https:\/\/www.eldiario.net\/portal\/#website","url":"https:\/\/www.eldiario.net\/portal\/","name":"El Diario - Decano de la prensa nacional","description":"El Diario - Decano de la prensa nacional","publisher":{"@id":"https:\/\/www.eldiario.net\/portal\/#organization"},"potentialAction":[{"@type":"SearchAction","target":{"@type":"EntryPoint","urlTemplate":"https:\/\/www.eldiario.net\/portal\/?s={search_term_string}"},"query-input":{"@type":"PropertyValueSpecification","valueRequired":true,"valueName":"search_term_string"}}],"inLanguage":"es"},{"@type":"Organization","@id":"https:\/\/www.eldiario.net\/portal\/#organization","name":"El Diario - Decano de la prensa nacional","url":"https:\/\/www.eldiario.net\/portal\/","logo":{"@type":"ImageObject","inLanguage":"es","@id":"https:\/\/www.eldiario.net\/portal\/#\/schema\/logo\/image\/","url":"https:\/\/www.eldiario.net\/portal\/wp-content\/uploads\/2023\/07\/logo_ED.jpg","contentUrl":"https:\/\/www.eldiario.net\/portal\/wp-content\/uploads\/2023\/07\/logo_ED.jpg","width":272,"height":52,"caption":"El Diario - Decano de la prensa nacional"},"image":{"@id":"https:\/\/www.eldiario.net\/portal\/#\/schema\/logo\/image\/"},"sameAs":["https:\/\/www.facebook.com\/eldiario.bolivia\/","https:\/\/x.com\/eldiario_net"]},{"@type":"Person","@id":"https:\/\/www.eldiario.net\/portal\/#\/schema\/person\/f46445640444750d7d753ccd04ae01b7","name":"Jeanette","image":{"@type":"ImageObject","inLanguage":"es","@id":"https:\/\/secure.gravatar.com\/avatar\/3ea2118a5f7dad2b7138b1187a6b7ee55f160b9968b66013c3a3ef39dd7e5798?s=96&d=mm&r=g","url":"https:\/\/secure.gravatar.com\/avatar\/3ea2118a5f7dad2b7138b1187a6b7ee55f160b9968b66013c3a3ef39dd7e5798?s=96&d=mm&r=g","contentUrl":"https:\/\/secure.gravatar.com\/avatar\/3ea2118a5f7dad2b7138b1187a6b7ee55f160b9968b66013c3a3ef39dd7e5798?s=96&d=mm&r=g","caption":"Jeanette"},"sameAs":["https:\/\/www.eldiario.net\/portal"],"url":"https:\/\/www.eldiario.net\/portal\/author\/jeanette\/"}]}},"_links":{"self":[{"href":"https:\/\/www.eldiario.net\/portal\/wp-json\/wp\/v2\/posts\/95576","targetHints":{"allow":["GET"]}}],"collection":[{"href":"https:\/\/www.eldiario.net\/portal\/wp-json\/wp\/v2\/posts"}],"about":[{"href":"https:\/\/www.eldiario.net\/portal\/wp-json\/wp\/v2\/types\/post"}],"author":[{"embeddable":true,"href":"https:\/\/www.eldiario.net\/portal\/wp-json\/wp\/v2\/users\/1"}],"replies":[{"embeddable":true,"href":"https:\/\/www.eldiario.net\/portal\/wp-json\/wp\/v2\/comments?post=95576"}],"version-history":[{"count":0,"href":"https:\/\/www.eldiario.net\/portal\/wp-json\/wp\/v2\/posts\/95576\/revisions"}],"wp:attachment":[{"href":"https:\/\/www.eldiario.net\/portal\/wp-json\/wp\/v2\/media?parent=95576"}],"wp:term":[{"taxonomy":"category","embeddable":true,"href":"https:\/\/www.eldiario.net\/portal\/wp-json\/wp\/v2\/categories?post=95576"},{"taxonomy":"post_tag","embeddable":true,"href":"https:\/\/www.eldiario.net\/portal\/wp-json\/wp\/v2\/tags?post=95576"}],"curies":[{"name":"wp","href":"https:\/\/api.w.org\/{rel}","templated":true}]}}