{"id":95565,"date":"2022-07-08T05:17:36","date_gmt":"2022-07-08T09:17:36","guid":{"rendered":"https:\/\/www.eldiario.net\/portal\/?p=95565"},"modified":"2022-07-08T05:17:36","modified_gmt":"2022-07-08T09:17:36","slug":"bolivar-gana-con-sabor-a-poco","status":"publish","type":"post","link":"https:\/\/www.eldiario.net\/portal\/2022\/07\/08\/bolivar-gana-con-sabor-a-poco\/","title":{"rendered":"Bol\u00edvar gana con sabor a poco"},"content":{"rendered":"<p>Fue un resultado que sabe a poco, Bol\u00edvar logr\u00f3 su primer triunfo en el Clausura por la m\u00ednima diferencia (1-0) en su visita a FC Universitario de Vinto, que fue el anfitri\u00f3n de este cotejo de la segunda fecha, en el estadio F\u00e9lix Capriles, donde el campe\u00f3n defensor tuvo sus problemas para hacer fluir su juego.<br \/>\nDe lo que fue campe\u00f3n a\u00fan no se ve en el torneo. Bol\u00edvar tuvo un partido complicado en Cochabamba y le cost\u00f3 derrotar a Universitario de Vinto.<br \/>\nLa Academia consigui\u00f3 estabilizarse en el inicio del torneo con esta victoria que fue propiciada por el gol del delantero Bruno Miranda, a los 46 minutos, luego de que la jugada pas\u00f3 a revisi\u00f3n en el Sistema de Video Arbitraje (VAR) antes de recibir la aprobaci\u00f3n del \u00e1rbitro \u00c1lvaro Campos (Oruro).<br \/>\nEl tanto de Miranda tuvo como principal art\u00edfice a Francisco Da Costa, quien se llev\u00f3 el bal\u00f3n, arrastrando a los defensores hasta enviar un centro que su compa\u00f1ero conect\u00f3 de primera. Ante una posible posici\u00f3n antirreglamentaria, Campos consult\u00f3 con la sala VOR.<br \/>\nEl plantel celeste se conform\u00f3 con esta diferencia estrecha, baj\u00f3 la velocidad a primera caja e ingres\u00f3 en un ritmo distante al que mostr\u00f3 durante los primeros 45 minutos. La sustituci\u00f3n de Patricio Rodr\u00edguez, Bruno Miranda y m\u00e1s adelante la de Da Costa, disminuyeron la marcha.<br \/>\nRodr\u00edguez asumi\u00f3 el rol del l\u00edder en el terreno, afan\u00e1ndose por encontrar los espacios y buscan el p\u00f3rtico con remates de larga distancia, pero sus intentos cayeron en un pozo, porque a nivel colectivo la Academia sigue arrastrando la carga de las dos semanas de preparaci\u00f3n y con un ajustado calendario de visitante.<br \/>\nJavier Uzeda estuvo cerca de ser el primero en convertir con un enganche para adentro y un remate abajo que fue atajado por Ra\u00fal Olivares. Diego Bejarano, por su lado, conect\u00f3 de cabeza y la pelota bes\u00f3 el palo derecho. En el complemento, Miranda qued\u00f3 delante del arquero y falt\u00f3 direcci\u00f3n a la definici\u00f3n, igual que V\u00edctor Abrego.<br \/>\nEn cuanto a FC Universitario, el rendimiento del elenco del entrenador David Perdiguero fue regular sin avasallar a la visita. Ninguno de sus intentos llevaba la fuerza suficiente para hacer caer el p\u00f3rtico contrario y dej\u00f3 ir tres puntos valiosos en el valle.<\/p>\n<p><em><strong>ZAGO: \u201cHAY QUE APROVECHAR LAS OPORTUNIDADES\u201d<\/strong><\/em><\/p>\n<p>El entrenador de Bol\u00edvar, el brasile\u00f1o Antonio Carlos Zago, destac\u00f3 el buen rendimiento de sus dirigidos, pero qued\u00f3 insatisfecho porque su equipo gener\u00f3 oportunidades de gol que no supo aprovechar al m\u00e1ximo.<br \/>\n\u201cLo vimos complicado porque hay que aprovechar las oportunidades creadas y hoy fueron muchas oportunidades, lo importante es que mantuvimos el resultado hasta el final\u201d, dijo Zago tras el partido.<br \/>\nPara el DT de los celestes, \u201clas oportunidades las creamos, hay que meter el bal\u00f3n dentro del arco para tener un poco m\u00e1s de tranquilidad en los partidos, pas\u00f3 eso en el partido contra Blooming y hoy en el primer tiempo\u201d.<br \/>\nZago tambi\u00e9n lament\u00f3 la lesi\u00f3n de Sagredo quien tuvo que salir adolorido del hombro izquierdo. \u201cSagredo vuelve hoy (por ayer) a La Paz para hacer los ex\u00e1menes ma\u00f1ana, pero creo que quedar\u00e1 fuera por un per\u00edodo\u201d.<br \/>\nEl jugador cruce\u00f1o tuvo una ca\u00edda que le afect\u00f3 el hombro y por lo que fue sustituido por Juan Sebasti\u00e1n Reyes en los minutos finales del compromiso en Cochabamba.<br \/>\nEl entrenador del club celeste tambi\u00e9n dijo que el calor fue un factor que su plantel tuvo que vencer y valor\u00f3 la resistencia que se tuvo cuando lleg\u00f3 el \u00fanico gol de la tarde.<\/p>\n<p><em><strong>APUNTES<\/strong><\/em><\/p>\n<p>P\u00daBLICO<br \/>\nLa gente asisti\u00f3 en buena cantidad al estadio cochabambino. La mayor parte fue parcial a Bol\u00edvar.<\/p>\n<p>C\u00c1NTICOS<br \/>\nHinchas de Bol\u00edvar acompa\u00f1aron a su equipo cantando. Los asistentes al estadio celebraron la victoria.<\/p>\n<p>ALGUNOS ENOJADOS<br \/>\nParte de la gente que vino a apoyar a Bol\u00edvar se fue del estadio Capriles enojada. \u201cSabor a poco, que el equipo vaya mejorando, no es el mismo del pasado torneo\u201d, dijo un hincha a FM Bol\u00edvar.<\/p>\n<p>EL AMULETO<br \/>\nFrancisco Da Costa trajo su amuleto (un mu\u00f1eco Chucky), al cual le compr\u00f3 su acompa\u00f1ante. Lo comparti\u00f3 en redes sociales.<\/p>\n<p>\u00c1RBITRO<\/p>\n<p>El \u00e1rbitro del compromiso, el juez \u00c1lvaro Campos de Oruro, tuvo un encuentro regular. Supo cobrar algunas jugadas claras con faltas, pero al mismo tiempo fue reclamado por los jugadores de ambos bandos. El VAR tambi\u00e9n particip\u00f3 en el \u00fanico gol celeste.<\/p>\n<p>LA FIGURA<\/p>\n<p>El jugador Patricio Rodr\u00edguez fue la figura del partido de ayer, al contar con una buena nota de la baja que sac\u00f3 todo el cuadro acad\u00e9mico. Miranda se destac\u00f3 con el gol, como tambi\u00e9n Da Costa, por sus asistencias. Otro destacado fue Javier Uzeda.<\/p>\n<p><strong>ERWIN QUISPE PERCA<\/strong><\/p>\n\n","protected":false},"excerpt":{"rendered":"<p>Fue un resultado que sabe a poco, Bol\u00edvar logr\u00f3 su primer triunfo en el Clausura por la m\u00ednima diferencia (1-0) en su visita a FC Universitario de Vinto, que fue el anfitri\u00f3n de este cotejo de la segunda fecha, en el estadio F\u00e9lix Capriles, donde el campe\u00f3n defensor tuvo sus problemas para hacer fluir su [&hellip;]<\/p>\n","protected":false},"author":1,"featured_media":95566,"comment_status":"closed","ping_status":"closed","sticky":false,"template":"","format":"standard","meta":{"_acf_changed":false,"footnotes":""},"categories":[6],"tags":[],"class_list":["post-95565","post","type-post","status-publish","format-standard","has-post-thumbnail","category-deportes"],"acf":{"antetitulo":""},"yoast_head":"<!-- This site is optimized with the Yoast SEO plugin v28.3 - https:\/\/yoast.com\/product\/yoast-seo-wordpress\/ -->\n<title>Bol\u00edvar gana con sabor a poco - El Diario - Bolivia<\/title>\n<meta name=\"robots\" content=\"index, follow, max-snippet:-1, max-image-preview:large, max-video-preview:-1\" \/>\n<link rel=\"canonical\" href=\"https:\/\/www.eldiario.net\/portal\/2022\/07\/08\/bolivar-gana-con-sabor-a-poco\/\" \/>\n<meta property=\"og:locale\" content=\"es_ES\" \/>\n<meta property=\"og:type\" content=\"article\" \/>\n<meta property=\"og:title\" content=\"Bol\u00edvar gana con sabor a poco - El Diario - Bolivia\" \/>\n<meta property=\"og:description\" content=\"Fue un resultado que sabe a poco, Bol\u00edvar logr\u00f3 su primer triunfo en el Clausura por la m\u00ednima diferencia (1-0) en su visita a FC Universitario de Vinto, que fue el anfitri\u00f3n de este cotejo de la segunda fecha, en el estadio F\u00e9lix Capriles, donde el campe\u00f3n defensor tuvo sus problemas para hacer fluir su [&hellip;]\" \/>\n<meta property=\"og:url\" content=\"https:\/\/www.eldiario.net\/portal\/2022\/07\/08\/bolivar-gana-con-sabor-a-poco\/\" \/>\n<meta property=\"og:site_name\" content=\"El Diario - Bolivia\" \/>\n<meta property=\"article:publisher\" content=\"https:\/\/www.facebook.com\/eldiario.bolivia\/\" \/>\n<meta property=\"article:published_time\" content=\"2022-07-08T09:17:36+00:00\" \/>\n<meta name=\"author\" content=\"Jeanette\" \/>\n<meta name=\"twitter:card\" content=\"summary_large_image\" \/>\n<meta name=\"twitter:creator\" content=\"@eldiario_net\" \/>\n<meta name=\"twitter:site\" content=\"@eldiario_net\" \/>\n<meta name=\"twitter:label1\" content=\"Escrito por\" \/>\n\t<meta name=\"twitter:data1\" content=\"Jeanette\" \/>\n\t<meta name=\"twitter:label2\" content=\"Tiempo de lectura\" \/>\n\t<meta name=\"twitter:data2\" content=\"4 minutos\" \/>\n<script type=\"application\/ld+json\" class=\"yoast-schema-graph\">{\"@context\":\"https:\\\/\\\/schema.org\",\"@graph\":[{\"@type\":\"Article\",\"@id\":\"https:\\\/\\\/www.eldiario.net\\\/portal\\\/2022\\\/07\\\/08\\\/bolivar-gana-con-sabor-a-poco\\\/#article\",\"isPartOf\":{\"@id\":\"https:\\\/\\\/www.eldiario.net\\\/portal\\\/2022\\\/07\\\/08\\\/bolivar-gana-con-sabor-a-poco\\\/\"},\"author\":{\"name\":\"Jeanette\",\"@id\":\"https:\\\/\\\/www.eldiario.net\\\/portal\\\/#\\\/schema\\\/person\\\/f46445640444750d7d753ccd04ae01b7\"},\"headline\":\"Bol\u00edvar gana con sabor a poco\",\"datePublished\":\"2022-07-08T09:17:36+00:00\",\"mainEntityOfPage\":{\"@id\":\"https:\\\/\\\/www.eldiario.net\\\/portal\\\/2022\\\/07\\\/08\\\/bolivar-gana-con-sabor-a-poco\\\/\"},\"wordCount\":834,\"publisher\":{\"@id\":\"https:\\\/\\\/www.eldiario.net\\\/portal\\\/#organization\"},\"image\":{\"@id\":\"https:\\\/\\\/www.eldiario.net\\\/portal\\\/2022\\\/07\\\/08\\\/bolivar-gana-con-sabor-a-poco\\\/#primaryimage\"},\"thumbnailUrl\":\"\",\"articleSection\":[\"Deportes\"],\"inLanguage\":\"es\"},{\"@type\":\"WebPage\",\"@id\":\"https:\\\/\\\/www.eldiario.net\\\/portal\\\/2022\\\/07\\\/08\\\/bolivar-gana-con-sabor-a-poco\\\/\",\"url\":\"https:\\\/\\\/www.eldiario.net\\\/portal\\\/2022\\\/07\\\/08\\\/bolivar-gana-con-sabor-a-poco\\\/\",\"name\":\"Bol\u00edvar gana con sabor a poco - El Diario - Bolivia\",\"isPartOf\":{\"@id\":\"https:\\\/\\\/www.eldiario.net\\\/portal\\\/#website\"},\"primaryImageOfPage\":{\"@id\":\"https:\\\/\\\/www.eldiario.net\\\/portal\\\/2022\\\/07\\\/08\\\/bolivar-gana-con-sabor-a-poco\\\/#primaryimage\"},\"image\":{\"@id\":\"https:\\\/\\\/www.eldiario.net\\\/portal\\\/2022\\\/07\\\/08\\\/bolivar-gana-con-sabor-a-poco\\\/#primaryimage\"},\"thumbnailUrl\":\"\",\"datePublished\":\"2022-07-08T09:17:36+00:00\",\"breadcrumb\":{\"@id\":\"https:\\\/\\\/www.eldiario.net\\\/portal\\\/2022\\\/07\\\/08\\\/bolivar-gana-con-sabor-a-poco\\\/#breadcrumb\"},\"inLanguage\":\"es\",\"potentialAction\":[{\"@type\":\"ReadAction\",\"target\":[\"https:\\\/\\\/www.eldiario.net\\\/portal\\\/2022\\\/07\\\/08\\\/bolivar-gana-con-sabor-a-poco\\\/\"]}]},{\"@type\":\"ImageObject\",\"inLanguage\":\"es\",\"@id\":\"https:\\\/\\\/www.eldiario.net\\\/portal\\\/2022\\\/07\\\/08\\\/bolivar-gana-con-sabor-a-poco\\\/#primaryimage\",\"url\":\"\",\"contentUrl\":\"\"},{\"@type\":\"BreadcrumbList\",\"@id\":\"https:\\\/\\\/www.eldiario.net\\\/portal\\\/2022\\\/07\\\/08\\\/bolivar-gana-con-sabor-a-poco\\\/#breadcrumb\",\"itemListElement\":[{\"@type\":\"ListItem\",\"position\":1,\"name\":\"Portada\",\"item\":\"https:\\\/\\\/www.eldiario.net\\\/portal\\\/\"},{\"@type\":\"ListItem\",\"position\":2,\"name\":\"Bol\u00edvar gana con sabor a poco\"}]},{\"@type\":\"WebSite\",\"@id\":\"https:\\\/\\\/www.eldiario.net\\\/portal\\\/#website\",\"url\":\"https:\\\/\\\/www.eldiario.net\\\/portal\\\/\",\"name\":\"El Diario - Decano de la prensa nacional\",\"description\":\"El Diario - Decano de la prensa nacional\",\"publisher\":{\"@id\":\"https:\\\/\\\/www.eldiario.net\\\/portal\\\/#organization\"},\"potentialAction\":[{\"@type\":\"SearchAction\",\"target\":{\"@type\":\"EntryPoint\",\"urlTemplate\":\"https:\\\/\\\/www.eldiario.net\\\/portal\\\/?s={search_term_string}\"},\"query-input\":{\"@type\":\"PropertyValueSpecification\",\"valueRequired\":true,\"valueName\":\"search_term_string\"}}],\"inLanguage\":\"es\"},{\"@type\":\"Organization\",\"@id\":\"https:\\\/\\\/www.eldiario.net\\\/portal\\\/#organization\",\"name\":\"El Diario - Decano de la prensa nacional\",\"url\":\"https:\\\/\\\/www.eldiario.net\\\/portal\\\/\",\"logo\":{\"@type\":\"ImageObject\",\"inLanguage\":\"es\",\"@id\":\"https:\\\/\\\/www.eldiario.net\\\/portal\\\/#\\\/schema\\\/logo\\\/image\\\/\",\"url\":\"https:\\\/\\\/www.eldiario.net\\\/portal\\\/wp-content\\\/uploads\\\/2023\\\/07\\\/logo_ED.jpg\",\"contentUrl\":\"https:\\\/\\\/www.eldiario.net\\\/portal\\\/wp-content\\\/uploads\\\/2023\\\/07\\\/logo_ED.jpg\",\"width\":272,\"height\":52,\"caption\":\"El Diario - Decano de la prensa nacional\"},\"image\":{\"@id\":\"https:\\\/\\\/www.eldiario.net\\\/portal\\\/#\\\/schema\\\/logo\\\/image\\\/\"},\"sameAs\":[\"https:\\\/\\\/www.facebook.com\\\/eldiario.bolivia\\\/\",\"https:\\\/\\\/x.com\\\/eldiario_net\"]},{\"@type\":\"Person\",\"@id\":\"https:\\\/\\\/www.eldiario.net\\\/portal\\\/#\\\/schema\\\/person\\\/f46445640444750d7d753ccd04ae01b7\",\"name\":\"Jeanette\",\"image\":{\"@type\":\"ImageObject\",\"inLanguage\":\"es\",\"@id\":\"https:\\\/\\\/secure.gravatar.com\\\/avatar\\\/3ea2118a5f7dad2b7138b1187a6b7ee55f160b9968b66013c3a3ef39dd7e5798?s=96&d=mm&r=g\",\"url\":\"https:\\\/\\\/secure.gravatar.com\\\/avatar\\\/3ea2118a5f7dad2b7138b1187a6b7ee55f160b9968b66013c3a3ef39dd7e5798?s=96&d=mm&r=g\",\"contentUrl\":\"https:\\\/\\\/secure.gravatar.com\\\/avatar\\\/3ea2118a5f7dad2b7138b1187a6b7ee55f160b9968b66013c3a3ef39dd7e5798?s=96&d=mm&r=g\",\"caption\":\"Jeanette\"},\"sameAs\":[\"https:\\\/\\\/www.eldiario.net\\\/portal\"],\"url\":\"https:\\\/\\\/www.eldiario.net\\\/portal\\\/author\\\/jeanette\\\/\"}]}<\/script>\n<!-- \/ Yoast SEO plugin. -->","yoast_head_json":{"title":"Bol\u00edvar gana con sabor a poco - El Diario - Bolivia","robots":{"index":"index","follow":"follow","max-snippet":"max-snippet:-1","max-image-preview":"max-image-preview:large","max-video-preview":"max-video-preview:-1"},"canonical":"https:\/\/www.eldiario.net\/portal\/2022\/07\/08\/bolivar-gana-con-sabor-a-poco\/","og_locale":"es_ES","og_type":"article","og_title":"Bol\u00edvar gana con sabor a poco - El Diario - Bolivia","og_description":"Fue un resultado que sabe a poco, Bol\u00edvar logr\u00f3 su primer triunfo en el Clausura por la m\u00ednima diferencia (1-0) en su visita a FC Universitario de Vinto, que fue el anfitri\u00f3n de este cotejo de la segunda fecha, en el estadio F\u00e9lix Capriles, donde el campe\u00f3n defensor tuvo sus problemas para hacer fluir su [&hellip;]","og_url":"https:\/\/www.eldiario.net\/portal\/2022\/07\/08\/bolivar-gana-con-sabor-a-poco\/","og_site_name":"El Diario - Bolivia","article_publisher":"https:\/\/www.facebook.com\/eldiario.bolivia\/","article_published_time":"2022-07-08T09:17:36+00:00","author":"Jeanette","twitter_card":"summary_large_image","twitter_creator":"@eldiario_net","twitter_site":"@eldiario_net","twitter_misc":{"Escrito por":"Jeanette","Tiempo de lectura":"4 minutos"},"schema":{"@context":"https:\/\/schema.org","@graph":[{"@type":"Article","@id":"https:\/\/www.eldiario.net\/portal\/2022\/07\/08\/bolivar-gana-con-sabor-a-poco\/#article","isPartOf":{"@id":"https:\/\/www.eldiario.net\/portal\/2022\/07\/08\/bolivar-gana-con-sabor-a-poco\/"},"author":{"name":"Jeanette","@id":"https:\/\/www.eldiario.net\/portal\/#\/schema\/person\/f46445640444750d7d753ccd04ae01b7"},"headline":"Bol\u00edvar gana con sabor a poco","datePublished":"2022-07-08T09:17:36+00:00","mainEntityOfPage":{"@id":"https:\/\/www.eldiario.net\/portal\/2022\/07\/08\/bolivar-gana-con-sabor-a-poco\/"},"wordCount":834,"publisher":{"@id":"https:\/\/www.eldiario.net\/portal\/#organization"},"image":{"@id":"https:\/\/www.eldiario.net\/portal\/2022\/07\/08\/bolivar-gana-con-sabor-a-poco\/#primaryimage"},"thumbnailUrl":"","articleSection":["Deportes"],"inLanguage":"es"},{"@type":"WebPage","@id":"https:\/\/www.eldiario.net\/portal\/2022\/07\/08\/bolivar-gana-con-sabor-a-poco\/","url":"https:\/\/www.eldiario.net\/portal\/2022\/07\/08\/bolivar-gana-con-sabor-a-poco\/","name":"Bol\u00edvar gana con sabor a poco - El Diario - Bolivia","isPartOf":{"@id":"https:\/\/www.eldiario.net\/portal\/#website"},"primaryImageOfPage":{"@id":"https:\/\/www.eldiario.net\/portal\/2022\/07\/08\/bolivar-gana-con-sabor-a-poco\/#primaryimage"},"image":{"@id":"https:\/\/www.eldiario.net\/portal\/2022\/07\/08\/bolivar-gana-con-sabor-a-poco\/#primaryimage"},"thumbnailUrl":"","datePublished":"2022-07-08T09:17:36+00:00","breadcrumb":{"@id":"https:\/\/www.eldiario.net\/portal\/2022\/07\/08\/bolivar-gana-con-sabor-a-poco\/#breadcrumb"},"inLanguage":"es","potentialAction":[{"@type":"ReadAction","target":["https:\/\/www.eldiario.net\/portal\/2022\/07\/08\/bolivar-gana-con-sabor-a-poco\/"]}]},{"@type":"ImageObject","inLanguage":"es","@id":"https:\/\/www.eldiario.net\/portal\/2022\/07\/08\/bolivar-gana-con-sabor-a-poco\/#primaryimage","url":"","contentUrl":""},{"@type":"BreadcrumbList","@id":"https:\/\/www.eldiario.net\/portal\/2022\/07\/08\/bolivar-gana-con-sabor-a-poco\/#breadcrumb","itemListElement":[{"@type":"ListItem","position":1,"name":"Portada","item":"https:\/\/www.eldiario.net\/portal\/"},{"@type":"ListItem","position":2,"name":"Bol\u00edvar gana con sabor a poco"}]},{"@type":"WebSite","@id":"https:\/\/www.eldiario.net\/portal\/#website","url":"https:\/\/www.eldiario.net\/portal\/","name":"El Diario - Decano de la prensa nacional","description":"El Diario - Decano de la prensa nacional","publisher":{"@id":"https:\/\/www.eldiario.net\/portal\/#organization"},"potentialAction":[{"@type":"SearchAction","target":{"@type":"EntryPoint","urlTemplate":"https:\/\/www.eldiario.net\/portal\/?s={search_term_string}"},"query-input":{"@type":"PropertyValueSpecification","valueRequired":true,"valueName":"search_term_string"}}],"inLanguage":"es"},{"@type":"Organization","@id":"https:\/\/www.eldiario.net\/portal\/#organization","name":"El Diario - Decano de la prensa nacional","url":"https:\/\/www.eldiario.net\/portal\/","logo":{"@type":"ImageObject","inLanguage":"es","@id":"https:\/\/www.eldiario.net\/portal\/#\/schema\/logo\/image\/","url":"https:\/\/www.eldiario.net\/portal\/wp-content\/uploads\/2023\/07\/logo_ED.jpg","contentUrl":"https:\/\/www.eldiario.net\/portal\/wp-content\/uploads\/2023\/07\/logo_ED.jpg","width":272,"height":52,"caption":"El Diario - Decano de la prensa nacional"},"image":{"@id":"https:\/\/www.eldiario.net\/portal\/#\/schema\/logo\/image\/"},"sameAs":["https:\/\/www.facebook.com\/eldiario.bolivia\/","https:\/\/x.com\/eldiario_net"]},{"@type":"Person","@id":"https:\/\/www.eldiario.net\/portal\/#\/schema\/person\/f46445640444750d7d753ccd04ae01b7","name":"Jeanette","image":{"@type":"ImageObject","inLanguage":"es","@id":"https:\/\/secure.gravatar.com\/avatar\/3ea2118a5f7dad2b7138b1187a6b7ee55f160b9968b66013c3a3ef39dd7e5798?s=96&d=mm&r=g","url":"https:\/\/secure.gravatar.com\/avatar\/3ea2118a5f7dad2b7138b1187a6b7ee55f160b9968b66013c3a3ef39dd7e5798?s=96&d=mm&r=g","contentUrl":"https:\/\/secure.gravatar.com\/avatar\/3ea2118a5f7dad2b7138b1187a6b7ee55f160b9968b66013c3a3ef39dd7e5798?s=96&d=mm&r=g","caption":"Jeanette"},"sameAs":["https:\/\/www.eldiario.net\/portal"],"url":"https:\/\/www.eldiario.net\/portal\/author\/jeanette\/"}]}},"_links":{"self":[{"href":"https:\/\/www.eldiario.net\/portal\/wp-json\/wp\/v2\/posts\/95565","targetHints":{"allow":["GET"]}}],"collection":[{"href":"https:\/\/www.eldiario.net\/portal\/wp-json\/wp\/v2\/posts"}],"about":[{"href":"https:\/\/www.eldiario.net\/portal\/wp-json\/wp\/v2\/types\/post"}],"author":[{"embeddable":true,"href":"https:\/\/www.eldiario.net\/portal\/wp-json\/wp\/v2\/users\/1"}],"replies":[{"embeddable":true,"href":"https:\/\/www.eldiario.net\/portal\/wp-json\/wp\/v2\/comments?post=95565"}],"version-history":[{"count":0,"href":"https:\/\/www.eldiario.net\/portal\/wp-json\/wp\/v2\/posts\/95565\/revisions"}],"wp:attachment":[{"href":"https:\/\/www.eldiario.net\/portal\/wp-json\/wp\/v2\/media?parent=95565"}],"wp:term":[{"taxonomy":"category","embeddable":true,"href":"https:\/\/www.eldiario.net\/portal\/wp-json\/wp\/v2\/categories?post=95565"},{"taxonomy":"post_tag","embeddable":true,"href":"https:\/\/www.eldiario.net\/portal\/wp-json\/wp\/v2\/tags?post=95565"}],"curies":[{"name":"wp","href":"https:\/\/api.w.org\/{rel}","templated":true}]}}