{"id":95260,"date":"2022-07-06T06:06:29","date_gmt":"2022-07-06T10:06:29","guid":{"rendered":"https:\/\/www.eldiario.net\/portal\/?p=95260"},"modified":"2022-07-06T06:06:29","modified_gmt":"2022-07-06T10:06:29","slug":"seguros-inclusivos-esperan-norma-para-ampliar-operaciones-a-mas-entidades","status":"publish","type":"post","link":"https:\/\/www.eldiario.net\/portal\/2022\/07\/06\/seguros-inclusivos-esperan-norma-para-ampliar-operaciones-a-mas-entidades\/","title":{"rendered":"Seguros inclusivos esperan norma para ampliar operaciones a m\u00e1s entidades"},"content":{"rendered":"<p>Los seguros inclusivos, que promueve la cooperaci\u00f3n Suiza a trav\u00e9s de Cosude, esperan normativa para que el servicio tambi\u00e9n pueda ser incluido en las entidades del seguro y alcanzar a m\u00e1s personas con un costo accesible.<br \/>\nEl oficial nacional de programas Cosude, Jos\u00e9 Luis Pereira, en la oportunidad de presentar microseguros por parte de Diacon\u00eda IFD, dijo que es importante interactuar con el Estado a trav\u00e9s de la Autoridad de Pensiones y Seguros, para que la propuesta de los seguros inclusivos sea sostenible en el tiempo.<br \/>\n\u00abEn los pr\u00f3ximos d\u00edas o semanas (ojal\u00e1 se) pueda (hacer el) lanzamiento de la normativa, (para) que pueda permitir\u00e1 (que los) seguros inclusivos o microseguros (cuenten con un) campo legal de procedimiento mucho m\u00e1s claro, y motive a las empresas aseguradoras a ingresar a este terreno, y no solo se lancen seguros a partir de instituciones financieras\u00bb, se\u00f1al\u00f3 Pereira.<br \/>\nLa Instituci\u00f3n Financiera de Desarrollo (IFD) Diacon\u00eda present\u00f3 ayer dos novedosos microseguros, con el apoyo de la Cooperaci\u00f3n Suiza, PROFIN y Consenso, con el respaldo de Nacional Seguro y Crediseguro.<br \/>\nPereira dijo que el objetivo del apoyo que se brinda apunta a motivar a los actores y al sistema para que puedan trabajar seguros inclusivos, con una mirada de sostenibilidad y perspectivas para adelante.<br \/>\nRecord\u00f3 que la propuesta presentada requiri\u00f3 de un estudio previo de mercado, para conocer las motivaciones y causas, que buscan las personas a adquirir un seguro.<br \/>\nMientras tanto, la Embajadora de Suiza en Bolivia, Edita Vokral, inform\u00f3 que a la fecha se incluyeron a m\u00e1s de 117 mil personas con ingresos limitados a los seguros inclusivos.<br \/>\nTambi\u00e9n se\u00f1al\u00f3 que se desarrollaron 18 seguros inclusivos, y se logr\u00f3 la participaci\u00f3n de cinco compa\u00f1\u00edas aseguradoras, tres corredoras de seguros y 10 entidades de intermediaci\u00f3n de financiera.<\/p>\n<p>IFD<br \/>\nPor su parte, el director Ejecutivo de la Fundaci\u00f3n PROFIN, Edwin Vargas, dijo que \u00abel objetivo es que cada vez m\u00e1s la poblaci\u00f3n boliviana conozca la importancia de contar con un seguro para tener en resguardo para la familia, en caso de que llegue a pasar una situaci\u00f3n dif\u00edcil como, una enfermedad grave o perder la vida\u00bb.<br \/>\nA su vez, el presidente del Directorio de Diacon\u00eda, Javier Ayoroa, explic\u00f3 que \u00absi se produjera el deceso, la cobertura es de un 80 % del seguro, y el Seguro As\u00eds tiene la caracter\u00edstica de ser de asistencia m\u00e9dica, cuenta una amplia red de centros m\u00e9dicos para atender a los asegurados, estamos en 8 departamentos, con 60 puntos de atenci\u00f3n y el primer paso es llegar al 20 % de nuestra poblaci\u00f3n meta\u00bb.<br \/>\nEntre tanto, el gerente general de Consenso Ltda, Carlos Rivera, explic\u00f3 que estos seguros se elaboraron bajo los par\u00e1metros de un estudi\u00f3, \u00ablos datos que destacaron y que coinciden con otros seguros masivos, es la gran demanda insatisfecha en atenci\u00f3n de salud de los bolivianos, tanto en centros p\u00fablicos como en privados, estos \u00faltimos tildados de un servicio inalcanzable. Es por ello, que se da asistencias relacionadas al servicio de salud. Asimismo, el 96 % de los estudiados, est\u00e1n preocupados por su deceso y el destino de sus allegados, siendo el seguro una soluci\u00f3n financiera\u00bb.<br \/>\nPIE DE FOTO<\/p>\n","protected":false},"excerpt":{"rendered":"<p>Los seguros inclusivos, que promueve la cooperaci\u00f3n Suiza a trav\u00e9s de Cosude, esperan normativa para que el servicio tambi\u00e9n pueda ser incluido en las entidades del seguro y alcanzar a m\u00e1s personas con un costo accesible. El oficial nacional de programas Cosude, Jos\u00e9 Luis Pereira, en la oportunidad de presentar microseguros por parte de Diacon\u00eda [&hellip;]<\/p>\n","protected":false},"author":1,"featured_media":95261,"comment_status":"closed","ping_status":"closed","sticky":false,"template":"","format":"standard","meta":{"_acf_changed":false,"footnotes":""},"categories":[7],"tags":[],"class_list":["post-95260","post","type-post","status-publish","format-standard","has-post-thumbnail","category-economia"],"acf":{"antetitulo":""},"yoast_head":"<!-- This site is optimized with the Yoast SEO plugin v28.3 - https:\/\/yoast.com\/product\/yoast-seo-wordpress\/ -->\n<title>Seguros inclusivos esperan norma para ampliar operaciones a m\u00e1s entidades - El Diario - Bolivia<\/title>\n<meta name=\"robots\" content=\"index, follow, max-snippet:-1, max-image-preview:large, max-video-preview:-1\" \/>\n<link rel=\"canonical\" href=\"https:\/\/www.eldiario.net\/portal\/2022\/07\/06\/seguros-inclusivos-esperan-norma-para-ampliar-operaciones-a-mas-entidades\/\" \/>\n<meta property=\"og:locale\" content=\"es_ES\" \/>\n<meta property=\"og:type\" content=\"article\" \/>\n<meta property=\"og:title\" content=\"Seguros inclusivos esperan norma para ampliar operaciones a m\u00e1s entidades - El Diario - Bolivia\" \/>\n<meta property=\"og:description\" content=\"Los seguros inclusivos, que promueve la cooperaci\u00f3n Suiza a trav\u00e9s de Cosude, esperan normativa para que el servicio tambi\u00e9n pueda ser incluido en las entidades del seguro y alcanzar a m\u00e1s personas con un costo accesible. El oficial nacional de programas Cosude, Jos\u00e9 Luis Pereira, en la oportunidad de presentar microseguros por parte de Diacon\u00eda [&hellip;]\" \/>\n<meta property=\"og:url\" content=\"https:\/\/www.eldiario.net\/portal\/2022\/07\/06\/seguros-inclusivos-esperan-norma-para-ampliar-operaciones-a-mas-entidades\/\" \/>\n<meta property=\"og:site_name\" content=\"El Diario - Bolivia\" \/>\n<meta property=\"article:publisher\" content=\"https:\/\/www.facebook.com\/eldiario.bolivia\/\" \/>\n<meta property=\"article:published_time\" content=\"2022-07-06T10:06:29+00:00\" \/>\n<meta name=\"author\" content=\"Jeanette\" \/>\n<meta name=\"twitter:card\" content=\"summary_large_image\" \/>\n<meta name=\"twitter:creator\" content=\"@eldiario_net\" \/>\n<meta name=\"twitter:site\" content=\"@eldiario_net\" \/>\n<meta name=\"twitter:label1\" content=\"Escrito por\" \/>\n\t<meta name=\"twitter:data1\" content=\"Jeanette\" \/>\n\t<meta name=\"twitter:label2\" content=\"Tiempo de lectura\" \/>\n\t<meta name=\"twitter:data2\" content=\"3 minutos\" \/>\n<script type=\"application\/ld+json\" class=\"yoast-schema-graph\">{\"@context\":\"https:\\\/\\\/schema.org\",\"@graph\":[{\"@type\":\"Article\",\"@id\":\"https:\\\/\\\/www.eldiario.net\\\/portal\\\/2022\\\/07\\\/06\\\/seguros-inclusivos-esperan-norma-para-ampliar-operaciones-a-mas-entidades\\\/#article\",\"isPartOf\":{\"@id\":\"https:\\\/\\\/www.eldiario.net\\\/portal\\\/2022\\\/07\\\/06\\\/seguros-inclusivos-esperan-norma-para-ampliar-operaciones-a-mas-entidades\\\/\"},\"author\":{\"name\":\"Jeanette\",\"@id\":\"https:\\\/\\\/www.eldiario.net\\\/portal\\\/#\\\/schema\\\/person\\\/f46445640444750d7d753ccd04ae01b7\"},\"headline\":\"Seguros inclusivos esperan norma para ampliar operaciones a m\u00e1s entidades\",\"datePublished\":\"2022-07-06T10:06:29+00:00\",\"mainEntityOfPage\":{\"@id\":\"https:\\\/\\\/www.eldiario.net\\\/portal\\\/2022\\\/07\\\/06\\\/seguros-inclusivos-esperan-norma-para-ampliar-operaciones-a-mas-entidades\\\/\"},\"wordCount\":558,\"publisher\":{\"@id\":\"https:\\\/\\\/www.eldiario.net\\\/portal\\\/#organization\"},\"image\":{\"@id\":\"https:\\\/\\\/www.eldiario.net\\\/portal\\\/2022\\\/07\\\/06\\\/seguros-inclusivos-esperan-norma-para-ampliar-operaciones-a-mas-entidades\\\/#primaryimage\"},\"thumbnailUrl\":\"\",\"articleSection\":[\"Econom\u00eda\"],\"inLanguage\":\"es\"},{\"@type\":\"WebPage\",\"@id\":\"https:\\\/\\\/www.eldiario.net\\\/portal\\\/2022\\\/07\\\/06\\\/seguros-inclusivos-esperan-norma-para-ampliar-operaciones-a-mas-entidades\\\/\",\"url\":\"https:\\\/\\\/www.eldiario.net\\\/portal\\\/2022\\\/07\\\/06\\\/seguros-inclusivos-esperan-norma-para-ampliar-operaciones-a-mas-entidades\\\/\",\"name\":\"Seguros inclusivos esperan norma para ampliar operaciones a m\u00e1s entidades - El Diario - Bolivia\",\"isPartOf\":{\"@id\":\"https:\\\/\\\/www.eldiario.net\\\/portal\\\/#website\"},\"primaryImageOfPage\":{\"@id\":\"https:\\\/\\\/www.eldiario.net\\\/portal\\\/2022\\\/07\\\/06\\\/seguros-inclusivos-esperan-norma-para-ampliar-operaciones-a-mas-entidades\\\/#primaryimage\"},\"image\":{\"@id\":\"https:\\\/\\\/www.eldiario.net\\\/portal\\\/2022\\\/07\\\/06\\\/seguros-inclusivos-esperan-norma-para-ampliar-operaciones-a-mas-entidades\\\/#primaryimage\"},\"thumbnailUrl\":\"\",\"datePublished\":\"2022-07-06T10:06:29+00:00\",\"breadcrumb\":{\"@id\":\"https:\\\/\\\/www.eldiario.net\\\/portal\\\/2022\\\/07\\\/06\\\/seguros-inclusivos-esperan-norma-para-ampliar-operaciones-a-mas-entidades\\\/#breadcrumb\"},\"inLanguage\":\"es\",\"potentialAction\":[{\"@type\":\"ReadAction\",\"target\":[\"https:\\\/\\\/www.eldiario.net\\\/portal\\\/2022\\\/07\\\/06\\\/seguros-inclusivos-esperan-norma-para-ampliar-operaciones-a-mas-entidades\\\/\"]}]},{\"@type\":\"ImageObject\",\"inLanguage\":\"es\",\"@id\":\"https:\\\/\\\/www.eldiario.net\\\/portal\\\/2022\\\/07\\\/06\\\/seguros-inclusivos-esperan-norma-para-ampliar-operaciones-a-mas-entidades\\\/#primaryimage\",\"url\":\"\",\"contentUrl\":\"\"},{\"@type\":\"BreadcrumbList\",\"@id\":\"https:\\\/\\\/www.eldiario.net\\\/portal\\\/2022\\\/07\\\/06\\\/seguros-inclusivos-esperan-norma-para-ampliar-operaciones-a-mas-entidades\\\/#breadcrumb\",\"itemListElement\":[{\"@type\":\"ListItem\",\"position\":1,\"name\":\"Portada\",\"item\":\"https:\\\/\\\/www.eldiario.net\\\/portal\\\/\"},{\"@type\":\"ListItem\",\"position\":2,\"name\":\"Seguros inclusivos esperan norma para ampliar operaciones a m\u00e1s entidades\"}]},{\"@type\":\"WebSite\",\"@id\":\"https:\\\/\\\/www.eldiario.net\\\/portal\\\/#website\",\"url\":\"https:\\\/\\\/www.eldiario.net\\\/portal\\\/\",\"name\":\"El Diario - Decano de la prensa nacional\",\"description\":\"El Diario - Decano de la prensa nacional\",\"publisher\":{\"@id\":\"https:\\\/\\\/www.eldiario.net\\\/portal\\\/#organization\"},\"potentialAction\":[{\"@type\":\"SearchAction\",\"target\":{\"@type\":\"EntryPoint\",\"urlTemplate\":\"https:\\\/\\\/www.eldiario.net\\\/portal\\\/?s={search_term_string}\"},\"query-input\":{\"@type\":\"PropertyValueSpecification\",\"valueRequired\":true,\"valueName\":\"search_term_string\"}}],\"inLanguage\":\"es\"},{\"@type\":\"Organization\",\"@id\":\"https:\\\/\\\/www.eldiario.net\\\/portal\\\/#organization\",\"name\":\"El Diario - Decano de la prensa nacional\",\"url\":\"https:\\\/\\\/www.eldiario.net\\\/portal\\\/\",\"logo\":{\"@type\":\"ImageObject\",\"inLanguage\":\"es\",\"@id\":\"https:\\\/\\\/www.eldiario.net\\\/portal\\\/#\\\/schema\\\/logo\\\/image\\\/\",\"url\":\"https:\\\/\\\/www.eldiario.net\\\/portal\\\/wp-content\\\/uploads\\\/2023\\\/07\\\/logo_ED.jpg\",\"contentUrl\":\"https:\\\/\\\/www.eldiario.net\\\/portal\\\/wp-content\\\/uploads\\\/2023\\\/07\\\/logo_ED.jpg\",\"width\":272,\"height\":52,\"caption\":\"El Diario - Decano de la prensa nacional\"},\"image\":{\"@id\":\"https:\\\/\\\/www.eldiario.net\\\/portal\\\/#\\\/schema\\\/logo\\\/image\\\/\"},\"sameAs\":[\"https:\\\/\\\/www.facebook.com\\\/eldiario.bolivia\\\/\",\"https:\\\/\\\/x.com\\\/eldiario_net\"]},{\"@type\":\"Person\",\"@id\":\"https:\\\/\\\/www.eldiario.net\\\/portal\\\/#\\\/schema\\\/person\\\/f46445640444750d7d753ccd04ae01b7\",\"name\":\"Jeanette\",\"image\":{\"@type\":\"ImageObject\",\"inLanguage\":\"es\",\"@id\":\"https:\\\/\\\/secure.gravatar.com\\\/avatar\\\/3ea2118a5f7dad2b7138b1187a6b7ee55f160b9968b66013c3a3ef39dd7e5798?s=96&d=mm&r=g\",\"url\":\"https:\\\/\\\/secure.gravatar.com\\\/avatar\\\/3ea2118a5f7dad2b7138b1187a6b7ee55f160b9968b66013c3a3ef39dd7e5798?s=96&d=mm&r=g\",\"contentUrl\":\"https:\\\/\\\/secure.gravatar.com\\\/avatar\\\/3ea2118a5f7dad2b7138b1187a6b7ee55f160b9968b66013c3a3ef39dd7e5798?s=96&d=mm&r=g\",\"caption\":\"Jeanette\"},\"sameAs\":[\"https:\\\/\\\/www.eldiario.net\\\/portal\"],\"url\":\"https:\\\/\\\/www.eldiario.net\\\/portal\\\/author\\\/jeanette\\\/\"}]}<\/script>\n<!-- \/ Yoast SEO plugin. -->","yoast_head_json":{"title":"Seguros inclusivos esperan norma para ampliar operaciones a m\u00e1s entidades - El Diario - Bolivia","robots":{"index":"index","follow":"follow","max-snippet":"max-snippet:-1","max-image-preview":"max-image-preview:large","max-video-preview":"max-video-preview:-1"},"canonical":"https:\/\/www.eldiario.net\/portal\/2022\/07\/06\/seguros-inclusivos-esperan-norma-para-ampliar-operaciones-a-mas-entidades\/","og_locale":"es_ES","og_type":"article","og_title":"Seguros inclusivos esperan norma para ampliar operaciones a m\u00e1s entidades - El Diario - Bolivia","og_description":"Los seguros inclusivos, que promueve la cooperaci\u00f3n Suiza a trav\u00e9s de Cosude, esperan normativa para que el servicio tambi\u00e9n pueda ser incluido en las entidades del seguro y alcanzar a m\u00e1s personas con un costo accesible. El oficial nacional de programas Cosude, Jos\u00e9 Luis Pereira, en la oportunidad de presentar microseguros por parte de Diacon\u00eda [&hellip;]","og_url":"https:\/\/www.eldiario.net\/portal\/2022\/07\/06\/seguros-inclusivos-esperan-norma-para-ampliar-operaciones-a-mas-entidades\/","og_site_name":"El Diario - Bolivia","article_publisher":"https:\/\/www.facebook.com\/eldiario.bolivia\/","article_published_time":"2022-07-06T10:06:29+00:00","author":"Jeanette","twitter_card":"summary_large_image","twitter_creator":"@eldiario_net","twitter_site":"@eldiario_net","twitter_misc":{"Escrito por":"Jeanette","Tiempo de lectura":"3 minutos"},"schema":{"@context":"https:\/\/schema.org","@graph":[{"@type":"Article","@id":"https:\/\/www.eldiario.net\/portal\/2022\/07\/06\/seguros-inclusivos-esperan-norma-para-ampliar-operaciones-a-mas-entidades\/#article","isPartOf":{"@id":"https:\/\/www.eldiario.net\/portal\/2022\/07\/06\/seguros-inclusivos-esperan-norma-para-ampliar-operaciones-a-mas-entidades\/"},"author":{"name":"Jeanette","@id":"https:\/\/www.eldiario.net\/portal\/#\/schema\/person\/f46445640444750d7d753ccd04ae01b7"},"headline":"Seguros inclusivos esperan norma para ampliar operaciones a m\u00e1s entidades","datePublished":"2022-07-06T10:06:29+00:00","mainEntityOfPage":{"@id":"https:\/\/www.eldiario.net\/portal\/2022\/07\/06\/seguros-inclusivos-esperan-norma-para-ampliar-operaciones-a-mas-entidades\/"},"wordCount":558,"publisher":{"@id":"https:\/\/www.eldiario.net\/portal\/#organization"},"image":{"@id":"https:\/\/www.eldiario.net\/portal\/2022\/07\/06\/seguros-inclusivos-esperan-norma-para-ampliar-operaciones-a-mas-entidades\/#primaryimage"},"thumbnailUrl":"","articleSection":["Econom\u00eda"],"inLanguage":"es"},{"@type":"WebPage","@id":"https:\/\/www.eldiario.net\/portal\/2022\/07\/06\/seguros-inclusivos-esperan-norma-para-ampliar-operaciones-a-mas-entidades\/","url":"https:\/\/www.eldiario.net\/portal\/2022\/07\/06\/seguros-inclusivos-esperan-norma-para-ampliar-operaciones-a-mas-entidades\/","name":"Seguros inclusivos esperan norma para ampliar operaciones a m\u00e1s entidades - El Diario - Bolivia","isPartOf":{"@id":"https:\/\/www.eldiario.net\/portal\/#website"},"primaryImageOfPage":{"@id":"https:\/\/www.eldiario.net\/portal\/2022\/07\/06\/seguros-inclusivos-esperan-norma-para-ampliar-operaciones-a-mas-entidades\/#primaryimage"},"image":{"@id":"https:\/\/www.eldiario.net\/portal\/2022\/07\/06\/seguros-inclusivos-esperan-norma-para-ampliar-operaciones-a-mas-entidades\/#primaryimage"},"thumbnailUrl":"","datePublished":"2022-07-06T10:06:29+00:00","breadcrumb":{"@id":"https:\/\/www.eldiario.net\/portal\/2022\/07\/06\/seguros-inclusivos-esperan-norma-para-ampliar-operaciones-a-mas-entidades\/#breadcrumb"},"inLanguage":"es","potentialAction":[{"@type":"ReadAction","target":["https:\/\/www.eldiario.net\/portal\/2022\/07\/06\/seguros-inclusivos-esperan-norma-para-ampliar-operaciones-a-mas-entidades\/"]}]},{"@type":"ImageObject","inLanguage":"es","@id":"https:\/\/www.eldiario.net\/portal\/2022\/07\/06\/seguros-inclusivos-esperan-norma-para-ampliar-operaciones-a-mas-entidades\/#primaryimage","url":"","contentUrl":""},{"@type":"BreadcrumbList","@id":"https:\/\/www.eldiario.net\/portal\/2022\/07\/06\/seguros-inclusivos-esperan-norma-para-ampliar-operaciones-a-mas-entidades\/#breadcrumb","itemListElement":[{"@type":"ListItem","position":1,"name":"Portada","item":"https:\/\/www.eldiario.net\/portal\/"},{"@type":"ListItem","position":2,"name":"Seguros inclusivos esperan norma para ampliar operaciones a m\u00e1s entidades"}]},{"@type":"WebSite","@id":"https:\/\/www.eldiario.net\/portal\/#website","url":"https:\/\/www.eldiario.net\/portal\/","name":"El Diario - Decano de la prensa nacional","description":"El Diario - Decano de la prensa nacional","publisher":{"@id":"https:\/\/www.eldiario.net\/portal\/#organization"},"potentialAction":[{"@type":"SearchAction","target":{"@type":"EntryPoint","urlTemplate":"https:\/\/www.eldiario.net\/portal\/?s={search_term_string}"},"query-input":{"@type":"PropertyValueSpecification","valueRequired":true,"valueName":"search_term_string"}}],"inLanguage":"es"},{"@type":"Organization","@id":"https:\/\/www.eldiario.net\/portal\/#organization","name":"El Diario - Decano de la prensa nacional","url":"https:\/\/www.eldiario.net\/portal\/","logo":{"@type":"ImageObject","inLanguage":"es","@id":"https:\/\/www.eldiario.net\/portal\/#\/schema\/logo\/image\/","url":"https:\/\/www.eldiario.net\/portal\/wp-content\/uploads\/2023\/07\/logo_ED.jpg","contentUrl":"https:\/\/www.eldiario.net\/portal\/wp-content\/uploads\/2023\/07\/logo_ED.jpg","width":272,"height":52,"caption":"El Diario - Decano de la prensa nacional"},"image":{"@id":"https:\/\/www.eldiario.net\/portal\/#\/schema\/logo\/image\/"},"sameAs":["https:\/\/www.facebook.com\/eldiario.bolivia\/","https:\/\/x.com\/eldiario_net"]},{"@type":"Person","@id":"https:\/\/www.eldiario.net\/portal\/#\/schema\/person\/f46445640444750d7d753ccd04ae01b7","name":"Jeanette","image":{"@type":"ImageObject","inLanguage":"es","@id":"https:\/\/secure.gravatar.com\/avatar\/3ea2118a5f7dad2b7138b1187a6b7ee55f160b9968b66013c3a3ef39dd7e5798?s=96&d=mm&r=g","url":"https:\/\/secure.gravatar.com\/avatar\/3ea2118a5f7dad2b7138b1187a6b7ee55f160b9968b66013c3a3ef39dd7e5798?s=96&d=mm&r=g","contentUrl":"https:\/\/secure.gravatar.com\/avatar\/3ea2118a5f7dad2b7138b1187a6b7ee55f160b9968b66013c3a3ef39dd7e5798?s=96&d=mm&r=g","caption":"Jeanette"},"sameAs":["https:\/\/www.eldiario.net\/portal"],"url":"https:\/\/www.eldiario.net\/portal\/author\/jeanette\/"}]}},"_links":{"self":[{"href":"https:\/\/www.eldiario.net\/portal\/wp-json\/wp\/v2\/posts\/95260","targetHints":{"allow":["GET"]}}],"collection":[{"href":"https:\/\/www.eldiario.net\/portal\/wp-json\/wp\/v2\/posts"}],"about":[{"href":"https:\/\/www.eldiario.net\/portal\/wp-json\/wp\/v2\/types\/post"}],"author":[{"embeddable":true,"href":"https:\/\/www.eldiario.net\/portal\/wp-json\/wp\/v2\/users\/1"}],"replies":[{"embeddable":true,"href":"https:\/\/www.eldiario.net\/portal\/wp-json\/wp\/v2\/comments?post=95260"}],"version-history":[{"count":0,"href":"https:\/\/www.eldiario.net\/portal\/wp-json\/wp\/v2\/posts\/95260\/revisions"}],"wp:attachment":[{"href":"https:\/\/www.eldiario.net\/portal\/wp-json\/wp\/v2\/media?parent=95260"}],"wp:term":[{"taxonomy":"category","embeddable":true,"href":"https:\/\/www.eldiario.net\/portal\/wp-json\/wp\/v2\/categories?post=95260"},{"taxonomy":"post_tag","embeddable":true,"href":"https:\/\/www.eldiario.net\/portal\/wp-json\/wp\/v2\/tags?post=95260"}],"curies":[{"name":"wp","href":"https:\/\/api.w.org\/{rel}","templated":true}]}}