{"id":9507,"date":"2021-06-10T06:21:01","date_gmt":"2021-06-10T10:21:01","guid":{"rendered":"https:\/\/www.eldiario.net\/portal\/?p=9507"},"modified":"2021-06-10T06:21:01","modified_gmt":"2021-06-10T10:21:01","slug":"proyectan-creacion-de-empresas-comunitarias-en-areas-rurales","status":"publish","type":"post","link":"https:\/\/www.eldiario.net\/portal\/2021\/06\/10\/proyectan-creacion-de-empresas-comunitarias-en-areas-rurales\/","title":{"rendered":"Proyectan creaci\u00f3n de empresas comunitarias en \u00e1reas rurales"},"content":{"rendered":"<p>La producci\u00f3n familiar, caracter\u00edstica del altiplano boliviano, podr\u00eda dar un giro de 180 grados de concretarse los anuncios de autoridades de promover la creaci\u00f3n de empresas comunitarias, y avanzar en la integraci\u00f3n de los productores individuales del \u00e1rea rural.<\/p>\n<p>El viceministro de Desarrollo Rural y Agropecuario, \u00c1lvaro Mollinedo, adelant\u00f3 que es necesario establecer un nuevo modelo econ\u00f3mico productivo dirigido a los productores, ver la posibilidad de crear empresas comunitarias y apoyar estos emprendimientos desde el Gobierno.<\/p>\n<p>La autoridad anunci\u00f3 esa iniciativa a los representantes de municipios de la provincia Larecaja del departamento de La Paz, sobre acciones que ejecutan las entidades dependientes del Ministerio de Desarrollo Rural y Tierras (MDRyT), para incentivar al peque\u00f1o productor agropecuario.<\/p>\n<p>Mollinedo inform\u00f3 que, en la actividad, se dio a conocer los planteamientos t\u00e9cnicos de cada entidad operativa del MDRyT, y la posibilidad de trabajar con estos municipios de acuerdo a las capacidades productivas y los pisos ecol\u00f3gicos donde se encuentran.<\/p>\n<p>El Viceministro indic\u00f3 que la provincia Larecaja cuenta con tres pisos ecol\u00f3gicos, Altiplano donde se producen granos y tub\u00e9rculos. La zona de los yungas donde se produce frutas, verduras; y una parte tropical donde se produce pl\u00e1tano, cacao y frutos amaz\u00f3nicos.<\/p>\n<p>De esta reuni\u00f3n, participaron representantes de los municipios de Tacacoma, Sorata, Guanay, Teoponte, Mapiri, Quiabaya, Combaya, adem\u00e1s de representantes de organizaciones sociales.<\/p>\n","protected":false},"excerpt":{"rendered":"<p>La producci\u00f3n familiar, caracter\u00edstica del altiplano boliviano, podr\u00eda dar un giro de 180 grados de concretarse los anuncios de autoridades de promover la creaci\u00f3n de empresas comunitarias, y avanzar en la integraci\u00f3n de los productores individuales del \u00e1rea rural. El viceministro de Desarrollo Rural y Agropecuario, \u00c1lvaro Mollinedo, adelant\u00f3 que es necesario establecer un nuevo [&hellip;]<\/p>\n","protected":false},"author":1,"featured_media":9508,"comment_status":"closed","ping_status":"closed","sticky":false,"template":"","format":"standard","meta":{"_acf_changed":false,"footnotes":""},"categories":[7],"tags":[],"class_list":["post-9507","post","type-post","status-publish","format-standard","has-post-thumbnail","category-economia"],"acf":{"antetitulo":""},"yoast_head":"<!-- This site is optimized with the Yoast SEO plugin v28.3 - https:\/\/yoast.com\/product\/yoast-seo-wordpress\/ -->\n<title>Proyectan creaci\u00f3n de empresas comunitarias en \u00e1reas rurales - El Diario - Bolivia<\/title>\n<meta name=\"robots\" content=\"index, follow, max-snippet:-1, max-image-preview:large, max-video-preview:-1\" \/>\n<link rel=\"canonical\" href=\"https:\/\/www.eldiario.net\/portal\/2021\/06\/10\/proyectan-creacion-de-empresas-comunitarias-en-areas-rurales\/\" \/>\n<meta property=\"og:locale\" content=\"es_ES\" \/>\n<meta property=\"og:type\" content=\"article\" \/>\n<meta property=\"og:title\" content=\"Proyectan creaci\u00f3n de empresas comunitarias en \u00e1reas rurales - El Diario - Bolivia\" \/>\n<meta property=\"og:description\" content=\"La producci\u00f3n familiar, caracter\u00edstica del altiplano boliviano, podr\u00eda dar un giro de 180 grados de concretarse los anuncios de autoridades de promover la creaci\u00f3n de empresas comunitarias, y avanzar en la integraci\u00f3n de los productores individuales del \u00e1rea rural. El viceministro de Desarrollo Rural y Agropecuario, \u00c1lvaro Mollinedo, adelant\u00f3 que es necesario establecer un nuevo [&hellip;]\" \/>\n<meta property=\"og:url\" content=\"https:\/\/www.eldiario.net\/portal\/2021\/06\/10\/proyectan-creacion-de-empresas-comunitarias-en-areas-rurales\/\" \/>\n<meta property=\"og:site_name\" content=\"El Diario - Bolivia\" \/>\n<meta property=\"article:publisher\" content=\"https:\/\/www.facebook.com\/eldiario.bolivia\/\" \/>\n<meta property=\"article:published_time\" content=\"2021-06-10T10:21:01+00:00\" \/>\n<meta property=\"og:image\" content=\"https:\/\/www.eldiario.net\/portal\/wp-content\/uploads\/2021\/06\/ECON-Proyectan-creacion-de-empresas.jpg\" \/>\n\t<meta property=\"og:image:width\" content=\"1280\" \/>\n\t<meta property=\"og:image:height\" content=\"695\" \/>\n\t<meta property=\"og:image:type\" content=\"image\/jpeg\" \/>\n<meta name=\"author\" content=\"Jeanette\" \/>\n<meta name=\"twitter:card\" content=\"summary_large_image\" \/>\n<meta name=\"twitter:creator\" content=\"@eldiario_net\" \/>\n<meta name=\"twitter:site\" content=\"@eldiario_net\" \/>\n<meta name=\"twitter:label1\" content=\"Escrito por\" \/>\n\t<meta name=\"twitter:data1\" content=\"Jeanette\" \/>\n\t<meta name=\"twitter:label2\" content=\"Tiempo de lectura\" \/>\n\t<meta name=\"twitter:data2\" content=\"1 minuto\" \/>\n<script type=\"application\/ld+json\" class=\"yoast-schema-graph\">{\"@context\":\"https:\\\/\\\/schema.org\",\"@graph\":[{\"@type\":\"Article\",\"@id\":\"https:\\\/\\\/www.eldiario.net\\\/portal\\\/2021\\\/06\\\/10\\\/proyectan-creacion-de-empresas-comunitarias-en-areas-rurales\\\/#article\",\"isPartOf\":{\"@id\":\"https:\\\/\\\/www.eldiario.net\\\/portal\\\/2021\\\/06\\\/10\\\/proyectan-creacion-de-empresas-comunitarias-en-areas-rurales\\\/\"},\"author\":{\"name\":\"Jeanette\",\"@id\":\"https:\\\/\\\/www.eldiario.net\\\/portal\\\/#\\\/schema\\\/person\\\/f46445640444750d7d753ccd04ae01b7\"},\"headline\":\"Proyectan creaci\u00f3n de empresas comunitarias en \u00e1reas rurales\",\"datePublished\":\"2021-06-10T10:21:01+00:00\",\"mainEntityOfPage\":{\"@id\":\"https:\\\/\\\/www.eldiario.net\\\/portal\\\/2021\\\/06\\\/10\\\/proyectan-creacion-de-empresas-comunitarias-en-areas-rurales\\\/\"},\"wordCount\":242,\"publisher\":{\"@id\":\"https:\\\/\\\/www.eldiario.net\\\/portal\\\/#organization\"},\"image\":{\"@id\":\"https:\\\/\\\/www.eldiario.net\\\/portal\\\/2021\\\/06\\\/10\\\/proyectan-creacion-de-empresas-comunitarias-en-areas-rurales\\\/#primaryimage\"},\"thumbnailUrl\":\"https:\\\/\\\/www.eldiario.net\\\/portal\\\/wp-content\\\/uploads\\\/2021\\\/06\\\/ECON-Proyectan-creacion-de-empresas.jpg\",\"articleSection\":[\"Econom\u00eda\"],\"inLanguage\":\"es\"},{\"@type\":\"WebPage\",\"@id\":\"https:\\\/\\\/www.eldiario.net\\\/portal\\\/2021\\\/06\\\/10\\\/proyectan-creacion-de-empresas-comunitarias-en-areas-rurales\\\/\",\"url\":\"https:\\\/\\\/www.eldiario.net\\\/portal\\\/2021\\\/06\\\/10\\\/proyectan-creacion-de-empresas-comunitarias-en-areas-rurales\\\/\",\"name\":\"Proyectan creaci\u00f3n de empresas comunitarias en \u00e1reas rurales - El Diario - Bolivia\",\"isPartOf\":{\"@id\":\"https:\\\/\\\/www.eldiario.net\\\/portal\\\/#website\"},\"primaryImageOfPage\":{\"@id\":\"https:\\\/\\\/www.eldiario.net\\\/portal\\\/2021\\\/06\\\/10\\\/proyectan-creacion-de-empresas-comunitarias-en-areas-rurales\\\/#primaryimage\"},\"image\":{\"@id\":\"https:\\\/\\\/www.eldiario.net\\\/portal\\\/2021\\\/06\\\/10\\\/proyectan-creacion-de-empresas-comunitarias-en-areas-rurales\\\/#primaryimage\"},\"thumbnailUrl\":\"https:\\\/\\\/www.eldiario.net\\\/portal\\\/wp-content\\\/uploads\\\/2021\\\/06\\\/ECON-Proyectan-creacion-de-empresas.jpg\",\"datePublished\":\"2021-06-10T10:21:01+00:00\",\"breadcrumb\":{\"@id\":\"https:\\\/\\\/www.eldiario.net\\\/portal\\\/2021\\\/06\\\/10\\\/proyectan-creacion-de-empresas-comunitarias-en-areas-rurales\\\/#breadcrumb\"},\"inLanguage\":\"es\",\"potentialAction\":[{\"@type\":\"ReadAction\",\"target\":[\"https:\\\/\\\/www.eldiario.net\\\/portal\\\/2021\\\/06\\\/10\\\/proyectan-creacion-de-empresas-comunitarias-en-areas-rurales\\\/\"]}]},{\"@type\":\"ImageObject\",\"inLanguage\":\"es\",\"@id\":\"https:\\\/\\\/www.eldiario.net\\\/portal\\\/2021\\\/06\\\/10\\\/proyectan-creacion-de-empresas-comunitarias-en-areas-rurales\\\/#primaryimage\",\"url\":\"https:\\\/\\\/www.eldiario.net\\\/portal\\\/wp-content\\\/uploads\\\/2021\\\/06\\\/ECON-Proyectan-creacion-de-empresas.jpg\",\"contentUrl\":\"https:\\\/\\\/www.eldiario.net\\\/portal\\\/wp-content\\\/uploads\\\/2021\\\/06\\\/ECON-Proyectan-creacion-de-empresas.jpg\",\"width\":1280,\"height\":695},{\"@type\":\"BreadcrumbList\",\"@id\":\"https:\\\/\\\/www.eldiario.net\\\/portal\\\/2021\\\/06\\\/10\\\/proyectan-creacion-de-empresas-comunitarias-en-areas-rurales\\\/#breadcrumb\",\"itemListElement\":[{\"@type\":\"ListItem\",\"position\":1,\"name\":\"Portada\",\"item\":\"https:\\\/\\\/www.eldiario.net\\\/portal\\\/\"},{\"@type\":\"ListItem\",\"position\":2,\"name\":\"Proyectan creaci\u00f3n de empresas comunitarias en \u00e1reas rurales\"}]},{\"@type\":\"WebSite\",\"@id\":\"https:\\\/\\\/www.eldiario.net\\\/portal\\\/#website\",\"url\":\"https:\\\/\\\/www.eldiario.net\\\/portal\\\/\",\"name\":\"El Diario - Decano de la prensa nacional\",\"description\":\"El Diario - Decano de la prensa nacional\",\"publisher\":{\"@id\":\"https:\\\/\\\/www.eldiario.net\\\/portal\\\/#organization\"},\"potentialAction\":[{\"@type\":\"SearchAction\",\"target\":{\"@type\":\"EntryPoint\",\"urlTemplate\":\"https:\\\/\\\/www.eldiario.net\\\/portal\\\/?s={search_term_string}\"},\"query-input\":{\"@type\":\"PropertyValueSpecification\",\"valueRequired\":true,\"valueName\":\"search_term_string\"}}],\"inLanguage\":\"es\"},{\"@type\":\"Organization\",\"@id\":\"https:\\\/\\\/www.eldiario.net\\\/portal\\\/#organization\",\"name\":\"El Diario - Decano de la prensa nacional\",\"url\":\"https:\\\/\\\/www.eldiario.net\\\/portal\\\/\",\"logo\":{\"@type\":\"ImageObject\",\"inLanguage\":\"es\",\"@id\":\"https:\\\/\\\/www.eldiario.net\\\/portal\\\/#\\\/schema\\\/logo\\\/image\\\/\",\"url\":\"https:\\\/\\\/www.eldiario.net\\\/portal\\\/wp-content\\\/uploads\\\/2023\\\/07\\\/logo_ED.jpg\",\"contentUrl\":\"https:\\\/\\\/www.eldiario.net\\\/portal\\\/wp-content\\\/uploads\\\/2023\\\/07\\\/logo_ED.jpg\",\"width\":272,\"height\":52,\"caption\":\"El Diario - Decano de la prensa nacional\"},\"image\":{\"@id\":\"https:\\\/\\\/www.eldiario.net\\\/portal\\\/#\\\/schema\\\/logo\\\/image\\\/\"},\"sameAs\":[\"https:\\\/\\\/www.facebook.com\\\/eldiario.bolivia\\\/\",\"https:\\\/\\\/x.com\\\/eldiario_net\"]},{\"@type\":\"Person\",\"@id\":\"https:\\\/\\\/www.eldiario.net\\\/portal\\\/#\\\/schema\\\/person\\\/f46445640444750d7d753ccd04ae01b7\",\"name\":\"Jeanette\",\"image\":{\"@type\":\"ImageObject\",\"inLanguage\":\"es\",\"@id\":\"https:\\\/\\\/secure.gravatar.com\\\/avatar\\\/3ea2118a5f7dad2b7138b1187a6b7ee55f160b9968b66013c3a3ef39dd7e5798?s=96&d=mm&r=g\",\"url\":\"https:\\\/\\\/secure.gravatar.com\\\/avatar\\\/3ea2118a5f7dad2b7138b1187a6b7ee55f160b9968b66013c3a3ef39dd7e5798?s=96&d=mm&r=g\",\"contentUrl\":\"https:\\\/\\\/secure.gravatar.com\\\/avatar\\\/3ea2118a5f7dad2b7138b1187a6b7ee55f160b9968b66013c3a3ef39dd7e5798?s=96&d=mm&r=g\",\"caption\":\"Jeanette\"},\"sameAs\":[\"https:\\\/\\\/www.eldiario.net\\\/portal\"],\"url\":\"https:\\\/\\\/www.eldiario.net\\\/portal\\\/author\\\/jeanette\\\/\"}]}<\/script>\n<!-- \/ Yoast SEO plugin. -->","yoast_head_json":{"title":"Proyectan creaci\u00f3n de empresas comunitarias en \u00e1reas rurales - El Diario - Bolivia","robots":{"index":"index","follow":"follow","max-snippet":"max-snippet:-1","max-image-preview":"max-image-preview:large","max-video-preview":"max-video-preview:-1"},"canonical":"https:\/\/www.eldiario.net\/portal\/2021\/06\/10\/proyectan-creacion-de-empresas-comunitarias-en-areas-rurales\/","og_locale":"es_ES","og_type":"article","og_title":"Proyectan creaci\u00f3n de empresas comunitarias en \u00e1reas rurales - El Diario - Bolivia","og_description":"La producci\u00f3n familiar, caracter\u00edstica del altiplano boliviano, podr\u00eda dar un giro de 180 grados de concretarse los anuncios de autoridades de promover la creaci\u00f3n de empresas comunitarias, y avanzar en la integraci\u00f3n de los productores individuales del \u00e1rea rural. El viceministro de Desarrollo Rural y Agropecuario, \u00c1lvaro Mollinedo, adelant\u00f3 que es necesario establecer un nuevo [&hellip;]","og_url":"https:\/\/www.eldiario.net\/portal\/2021\/06\/10\/proyectan-creacion-de-empresas-comunitarias-en-areas-rurales\/","og_site_name":"El Diario - Bolivia","article_publisher":"https:\/\/www.facebook.com\/eldiario.bolivia\/","article_published_time":"2021-06-10T10:21:01+00:00","og_image":[{"width":1280,"height":695,"url":"https:\/\/www.eldiario.net\/portal\/wp-content\/uploads\/2021\/06\/ECON-Proyectan-creacion-de-empresas.jpg","type":"image\/jpeg"}],"author":"Jeanette","twitter_card":"summary_large_image","twitter_creator":"@eldiario_net","twitter_site":"@eldiario_net","twitter_misc":{"Escrito por":"Jeanette","Tiempo de lectura":"1 minuto"},"schema":{"@context":"https:\/\/schema.org","@graph":[{"@type":"Article","@id":"https:\/\/www.eldiario.net\/portal\/2021\/06\/10\/proyectan-creacion-de-empresas-comunitarias-en-areas-rurales\/#article","isPartOf":{"@id":"https:\/\/www.eldiario.net\/portal\/2021\/06\/10\/proyectan-creacion-de-empresas-comunitarias-en-areas-rurales\/"},"author":{"name":"Jeanette","@id":"https:\/\/www.eldiario.net\/portal\/#\/schema\/person\/f46445640444750d7d753ccd04ae01b7"},"headline":"Proyectan creaci\u00f3n de empresas comunitarias en \u00e1reas rurales","datePublished":"2021-06-10T10:21:01+00:00","mainEntityOfPage":{"@id":"https:\/\/www.eldiario.net\/portal\/2021\/06\/10\/proyectan-creacion-de-empresas-comunitarias-en-areas-rurales\/"},"wordCount":242,"publisher":{"@id":"https:\/\/www.eldiario.net\/portal\/#organization"},"image":{"@id":"https:\/\/www.eldiario.net\/portal\/2021\/06\/10\/proyectan-creacion-de-empresas-comunitarias-en-areas-rurales\/#primaryimage"},"thumbnailUrl":"https:\/\/www.eldiario.net\/portal\/wp-content\/uploads\/2021\/06\/ECON-Proyectan-creacion-de-empresas.jpg","articleSection":["Econom\u00eda"],"inLanguage":"es"},{"@type":"WebPage","@id":"https:\/\/www.eldiario.net\/portal\/2021\/06\/10\/proyectan-creacion-de-empresas-comunitarias-en-areas-rurales\/","url":"https:\/\/www.eldiario.net\/portal\/2021\/06\/10\/proyectan-creacion-de-empresas-comunitarias-en-areas-rurales\/","name":"Proyectan creaci\u00f3n de empresas comunitarias en \u00e1reas rurales - El Diario - Bolivia","isPartOf":{"@id":"https:\/\/www.eldiario.net\/portal\/#website"},"primaryImageOfPage":{"@id":"https:\/\/www.eldiario.net\/portal\/2021\/06\/10\/proyectan-creacion-de-empresas-comunitarias-en-areas-rurales\/#primaryimage"},"image":{"@id":"https:\/\/www.eldiario.net\/portal\/2021\/06\/10\/proyectan-creacion-de-empresas-comunitarias-en-areas-rurales\/#primaryimage"},"thumbnailUrl":"https:\/\/www.eldiario.net\/portal\/wp-content\/uploads\/2021\/06\/ECON-Proyectan-creacion-de-empresas.jpg","datePublished":"2021-06-10T10:21:01+00:00","breadcrumb":{"@id":"https:\/\/www.eldiario.net\/portal\/2021\/06\/10\/proyectan-creacion-de-empresas-comunitarias-en-areas-rurales\/#breadcrumb"},"inLanguage":"es","potentialAction":[{"@type":"ReadAction","target":["https:\/\/www.eldiario.net\/portal\/2021\/06\/10\/proyectan-creacion-de-empresas-comunitarias-en-areas-rurales\/"]}]},{"@type":"ImageObject","inLanguage":"es","@id":"https:\/\/www.eldiario.net\/portal\/2021\/06\/10\/proyectan-creacion-de-empresas-comunitarias-en-areas-rurales\/#primaryimage","url":"https:\/\/www.eldiario.net\/portal\/wp-content\/uploads\/2021\/06\/ECON-Proyectan-creacion-de-empresas.jpg","contentUrl":"https:\/\/www.eldiario.net\/portal\/wp-content\/uploads\/2021\/06\/ECON-Proyectan-creacion-de-empresas.jpg","width":1280,"height":695},{"@type":"BreadcrumbList","@id":"https:\/\/www.eldiario.net\/portal\/2021\/06\/10\/proyectan-creacion-de-empresas-comunitarias-en-areas-rurales\/#breadcrumb","itemListElement":[{"@type":"ListItem","position":1,"name":"Portada","item":"https:\/\/www.eldiario.net\/portal\/"},{"@type":"ListItem","position":2,"name":"Proyectan creaci\u00f3n de empresas comunitarias en \u00e1reas rurales"}]},{"@type":"WebSite","@id":"https:\/\/www.eldiario.net\/portal\/#website","url":"https:\/\/www.eldiario.net\/portal\/","name":"El Diario - Decano de la prensa nacional","description":"El Diario - Decano de la prensa nacional","publisher":{"@id":"https:\/\/www.eldiario.net\/portal\/#organization"},"potentialAction":[{"@type":"SearchAction","target":{"@type":"EntryPoint","urlTemplate":"https:\/\/www.eldiario.net\/portal\/?s={search_term_string}"},"query-input":{"@type":"PropertyValueSpecification","valueRequired":true,"valueName":"search_term_string"}}],"inLanguage":"es"},{"@type":"Organization","@id":"https:\/\/www.eldiario.net\/portal\/#organization","name":"El Diario - Decano de la prensa nacional","url":"https:\/\/www.eldiario.net\/portal\/","logo":{"@type":"ImageObject","inLanguage":"es","@id":"https:\/\/www.eldiario.net\/portal\/#\/schema\/logo\/image\/","url":"https:\/\/www.eldiario.net\/portal\/wp-content\/uploads\/2023\/07\/logo_ED.jpg","contentUrl":"https:\/\/www.eldiario.net\/portal\/wp-content\/uploads\/2023\/07\/logo_ED.jpg","width":272,"height":52,"caption":"El Diario - Decano de la prensa nacional"},"image":{"@id":"https:\/\/www.eldiario.net\/portal\/#\/schema\/logo\/image\/"},"sameAs":["https:\/\/www.facebook.com\/eldiario.bolivia\/","https:\/\/x.com\/eldiario_net"]},{"@type":"Person","@id":"https:\/\/www.eldiario.net\/portal\/#\/schema\/person\/f46445640444750d7d753ccd04ae01b7","name":"Jeanette","image":{"@type":"ImageObject","inLanguage":"es","@id":"https:\/\/secure.gravatar.com\/avatar\/3ea2118a5f7dad2b7138b1187a6b7ee55f160b9968b66013c3a3ef39dd7e5798?s=96&d=mm&r=g","url":"https:\/\/secure.gravatar.com\/avatar\/3ea2118a5f7dad2b7138b1187a6b7ee55f160b9968b66013c3a3ef39dd7e5798?s=96&d=mm&r=g","contentUrl":"https:\/\/secure.gravatar.com\/avatar\/3ea2118a5f7dad2b7138b1187a6b7ee55f160b9968b66013c3a3ef39dd7e5798?s=96&d=mm&r=g","caption":"Jeanette"},"sameAs":["https:\/\/www.eldiario.net\/portal"],"url":"https:\/\/www.eldiario.net\/portal\/author\/jeanette\/"}]}},"_links":{"self":[{"href":"https:\/\/www.eldiario.net\/portal\/wp-json\/wp\/v2\/posts\/9507","targetHints":{"allow":["GET"]}}],"collection":[{"href":"https:\/\/www.eldiario.net\/portal\/wp-json\/wp\/v2\/posts"}],"about":[{"href":"https:\/\/www.eldiario.net\/portal\/wp-json\/wp\/v2\/types\/post"}],"author":[{"embeddable":true,"href":"https:\/\/www.eldiario.net\/portal\/wp-json\/wp\/v2\/users\/1"}],"replies":[{"embeddable":true,"href":"https:\/\/www.eldiario.net\/portal\/wp-json\/wp\/v2\/comments?post=9507"}],"version-history":[{"count":0,"href":"https:\/\/www.eldiario.net\/portal\/wp-json\/wp\/v2\/posts\/9507\/revisions"}],"wp:featuredmedia":[{"embeddable":true,"href":"https:\/\/www.eldiario.net\/portal\/wp-json\/wp\/v2\/media\/9508"}],"wp:attachment":[{"href":"https:\/\/www.eldiario.net\/portal\/wp-json\/wp\/v2\/media?parent=9507"}],"wp:term":[{"taxonomy":"category","embeddable":true,"href":"https:\/\/www.eldiario.net\/portal\/wp-json\/wp\/v2\/categories?post=9507"},{"taxonomy":"post_tag","embeddable":true,"href":"https:\/\/www.eldiario.net\/portal\/wp-json\/wp\/v2\/tags?post=9507"}],"curies":[{"name":"wp","href":"https:\/\/api.w.org\/{rel}","templated":true}]}}