{"id":9483,"date":"2021-06-10T06:11:19","date_gmt":"2021-06-10T10:11:19","guid":{"rendered":"https:\/\/www.eldiario.net\/portal\/?p=9483"},"modified":"2021-06-10T06:11:19","modified_gmt":"2021-06-10T10:11:19","slug":"30-anos-de-carcel-para-sujeto-que-asesino-a-sus-dos-hijos","status":"publish","type":"post","link":"https:\/\/www.eldiario.net\/portal\/2021\/06\/10\/30-anos-de-carcel-para-sujeto-que-asesino-a-sus-dos-hijos\/","title":{"rendered":"30 a\u00f1os de c\u00e1rcel para sujeto  que asesin\u00f3 a sus dos hijos"},"content":{"rendered":"<p>En audiencia de procedimiento abreviado, Ronald Choque Flores, de 33 a\u00f1os de edad, fue sentenciado a 30 a\u00f1os c\u00e1rcel sin derecho a indulto por segar la vida de su hija de un a\u00f1o y golpear a su concubina Jessica Q. C. de 22 a\u00f1os, quien perdi\u00f3 a su beb\u00e9 de ocho meses, inform\u00f3 este mi\u00e9rcoles el fiscal departamental de La Paz, William Alave, a tiempo de aclarar que la medida deber\u00e1 cumplirse en el penal de Chonchocoro.<\/p>\n<p>\u201cEn la audiencia, el Ministerio P\u00fablico ofreci\u00f3 pruebas consistentes en el acta de autopsia de la menor, acta de recolecci\u00f3n de indicios biol\u00f3gicos, acta de denuncia y declaraci\u00f3n de la madre de la menor y v\u00edctima de feminicidio en grado de tentativa, entre otros elementos que fueron valorados por el juez que emiti\u00f3 la m\u00e1xima sentencia para el autor\u201d, dijo Alave.<\/p>\n<p>De acuerdo con los antecedentes, al promediar las 15:30 horas del domingo 6 de junio del presente a\u00f1o, en la comunidad de Villa Amacari del municipio de Tiquina, Jessica Q. C. de 22 a\u00f1os, se encontraba en su domicilio junto a sus tres hijos y otro de ocho meses que llevaba en su vientre, all\u00ed lleg\u00f3 su concubino Ronald Choque e ingres\u00f3 a uno de los cuartos, sac\u00f3 unas botellas de bebida que ten\u00eda guardado y la mujer le reclam\u00f3, y el sujeto comenz\u00f3 a golpearla con pu\u00f1etes y patadas en su vientre, lo que provoc\u00f3 que muera el feto. Tambi\u00e9n golpe\u00f3 a la ni\u00f1a con pu\u00f1etes en el rostro y la lanz\u00f3 hac\u00eda la pared.<\/p>\n<p>Posteriormente, lleg\u00f3 a la vivienda una autoridad comunal para calmar al sujeto, pero vuelve agredir a su pareja brutalmente con patadas en el vientre y se ensa\u00f1a nuevamente con la ni\u00f1a hasta quitarle la vida, mientras la mujer escapa a pedir ayuda.<\/p>\n<p>El coordinador de la Fiscal\u00eda Departamental de La Paz, Sergio Bustillos, explic\u00f3 que la autopsia m\u00e9dico legal realizada por el Instituto de Investigaciones Forenses (IDIF) se\u00f1ala que la ni\u00f1a muri\u00f3 por traumatismo cr\u00e1neo encef\u00e1lico cerrado, laceraciones y traumatismo tor\u00e1cico, mientras que la concubina fue internada en el Hospital de la Mujer para practicarle una ces\u00e1rea y extraer al beb\u00e9 muerto.<\/p>\n<p>&nbsp;<\/p>\n","protected":false},"excerpt":{"rendered":"<p>En audiencia de procedimiento abreviado, Ronald Choque Flores, de 33 a\u00f1os de edad, fue sentenciado a 30 a\u00f1os c\u00e1rcel sin derecho a indulto por segar la vida de su hija de un a\u00f1o y golpear a su concubina Jessica Q. C. de 22 a\u00f1os, quien perdi\u00f3 a su beb\u00e9 de ocho meses, inform\u00f3 este mi\u00e9rcoles [&hellip;]<\/p>\n","protected":false},"author":1,"featured_media":9484,"comment_status":"closed","ping_status":"closed","sticky":false,"template":"","format":"standard","meta":{"_acf_changed":false,"footnotes":""},"categories":[39],"tags":[],"class_list":["post-9483","post","type-post","status-publish","format-standard","has-post-thumbnail","category-sociedad"],"acf":{"antetitulo":""},"yoast_head":"<!-- This site is optimized with the Yoast SEO plugin v28.3 - https:\/\/yoast.com\/product\/yoast-seo-wordpress\/ -->\n<title>30 a\u00f1os de c\u00e1rcel para sujeto que asesin\u00f3 a sus dos hijos - El Diario - Bolivia<\/title>\n<meta name=\"robots\" content=\"index, follow, max-snippet:-1, max-image-preview:large, max-video-preview:-1\" \/>\n<link rel=\"canonical\" href=\"https:\/\/www.eldiario.net\/portal\/2021\/06\/10\/30-anos-de-carcel-para-sujeto-que-asesino-a-sus-dos-hijos\/\" \/>\n<meta property=\"og:locale\" content=\"es_ES\" \/>\n<meta property=\"og:type\" content=\"article\" \/>\n<meta property=\"og:title\" content=\"30 a\u00f1os de c\u00e1rcel para sujeto que asesin\u00f3 a sus dos hijos - El Diario - Bolivia\" \/>\n<meta property=\"og:description\" content=\"En audiencia de procedimiento abreviado, Ronald Choque Flores, de 33 a\u00f1os de edad, fue sentenciado a 30 a\u00f1os c\u00e1rcel sin derecho a indulto por segar la vida de su hija de un a\u00f1o y golpear a su concubina Jessica Q. C. de 22 a\u00f1os, quien perdi\u00f3 a su beb\u00e9 de ocho meses, inform\u00f3 este mi\u00e9rcoles [&hellip;]\" \/>\n<meta property=\"og:url\" content=\"https:\/\/www.eldiario.net\/portal\/2021\/06\/10\/30-anos-de-carcel-para-sujeto-que-asesino-a-sus-dos-hijos\/\" \/>\n<meta property=\"og:site_name\" content=\"El Diario - Bolivia\" \/>\n<meta property=\"article:publisher\" content=\"https:\/\/www.facebook.com\/eldiario.bolivia\/\" \/>\n<meta property=\"article:published_time\" content=\"2021-06-10T10:11:19+00:00\" \/>\n<meta name=\"author\" content=\"Jeanette\" \/>\n<meta name=\"twitter:card\" content=\"summary_large_image\" \/>\n<meta name=\"twitter:creator\" content=\"@eldiario_net\" \/>\n<meta name=\"twitter:site\" content=\"@eldiario_net\" \/>\n<meta name=\"twitter:label1\" content=\"Escrito por\" \/>\n\t<meta name=\"twitter:data1\" content=\"Jeanette\" \/>\n\t<meta name=\"twitter:label2\" content=\"Tiempo de lectura\" \/>\n\t<meta name=\"twitter:data2\" content=\"2 minutos\" \/>\n<script type=\"application\/ld+json\" class=\"yoast-schema-graph\">{\"@context\":\"https:\\\/\\\/schema.org\",\"@graph\":[{\"@type\":\"Article\",\"@id\":\"https:\\\/\\\/www.eldiario.net\\\/portal\\\/2021\\\/06\\\/10\\\/30-anos-de-carcel-para-sujeto-que-asesino-a-sus-dos-hijos\\\/#article\",\"isPartOf\":{\"@id\":\"https:\\\/\\\/www.eldiario.net\\\/portal\\\/2021\\\/06\\\/10\\\/30-anos-de-carcel-para-sujeto-que-asesino-a-sus-dos-hijos\\\/\"},\"author\":{\"name\":\"Jeanette\",\"@id\":\"https:\\\/\\\/www.eldiario.net\\\/portal\\\/#\\\/schema\\\/person\\\/f46445640444750d7d753ccd04ae01b7\"},\"headline\":\"30 a\u00f1os de c\u00e1rcel para sujeto que asesin\u00f3 a sus dos hijos\",\"datePublished\":\"2021-06-10T10:11:19+00:00\",\"mainEntityOfPage\":{\"@id\":\"https:\\\/\\\/www.eldiario.net\\\/portal\\\/2021\\\/06\\\/10\\\/30-anos-de-carcel-para-sujeto-que-asesino-a-sus-dos-hijos\\\/\"},\"wordCount\":394,\"publisher\":{\"@id\":\"https:\\\/\\\/www.eldiario.net\\\/portal\\\/#organization\"},\"image\":{\"@id\":\"https:\\\/\\\/www.eldiario.net\\\/portal\\\/2021\\\/06\\\/10\\\/30-anos-de-carcel-para-sujeto-que-asesino-a-sus-dos-hijos\\\/#primaryimage\"},\"thumbnailUrl\":\"\",\"articleSection\":[\"Sociedad - Seguridad\"],\"inLanguage\":\"es\"},{\"@type\":\"WebPage\",\"@id\":\"https:\\\/\\\/www.eldiario.net\\\/portal\\\/2021\\\/06\\\/10\\\/30-anos-de-carcel-para-sujeto-que-asesino-a-sus-dos-hijos\\\/\",\"url\":\"https:\\\/\\\/www.eldiario.net\\\/portal\\\/2021\\\/06\\\/10\\\/30-anos-de-carcel-para-sujeto-que-asesino-a-sus-dos-hijos\\\/\",\"name\":\"30 a\u00f1os de c\u00e1rcel para sujeto que asesin\u00f3 a sus dos hijos - El Diario - Bolivia\",\"isPartOf\":{\"@id\":\"https:\\\/\\\/www.eldiario.net\\\/portal\\\/#website\"},\"primaryImageOfPage\":{\"@id\":\"https:\\\/\\\/www.eldiario.net\\\/portal\\\/2021\\\/06\\\/10\\\/30-anos-de-carcel-para-sujeto-que-asesino-a-sus-dos-hijos\\\/#primaryimage\"},\"image\":{\"@id\":\"https:\\\/\\\/www.eldiario.net\\\/portal\\\/2021\\\/06\\\/10\\\/30-anos-de-carcel-para-sujeto-que-asesino-a-sus-dos-hijos\\\/#primaryimage\"},\"thumbnailUrl\":\"\",\"datePublished\":\"2021-06-10T10:11:19+00:00\",\"breadcrumb\":{\"@id\":\"https:\\\/\\\/www.eldiario.net\\\/portal\\\/2021\\\/06\\\/10\\\/30-anos-de-carcel-para-sujeto-que-asesino-a-sus-dos-hijos\\\/#breadcrumb\"},\"inLanguage\":\"es\",\"potentialAction\":[{\"@type\":\"ReadAction\",\"target\":[\"https:\\\/\\\/www.eldiario.net\\\/portal\\\/2021\\\/06\\\/10\\\/30-anos-de-carcel-para-sujeto-que-asesino-a-sus-dos-hijos\\\/\"]}]},{\"@type\":\"ImageObject\",\"inLanguage\":\"es\",\"@id\":\"https:\\\/\\\/www.eldiario.net\\\/portal\\\/2021\\\/06\\\/10\\\/30-anos-de-carcel-para-sujeto-que-asesino-a-sus-dos-hijos\\\/#primaryimage\",\"url\":\"\",\"contentUrl\":\"\"},{\"@type\":\"BreadcrumbList\",\"@id\":\"https:\\\/\\\/www.eldiario.net\\\/portal\\\/2021\\\/06\\\/10\\\/30-anos-de-carcel-para-sujeto-que-asesino-a-sus-dos-hijos\\\/#breadcrumb\",\"itemListElement\":[{\"@type\":\"ListItem\",\"position\":1,\"name\":\"Portada\",\"item\":\"https:\\\/\\\/www.eldiario.net\\\/portal\\\/\"},{\"@type\":\"ListItem\",\"position\":2,\"name\":\"30 a\u00f1os de c\u00e1rcel para sujeto que asesin\u00f3 a sus dos hijos\"}]},{\"@type\":\"WebSite\",\"@id\":\"https:\\\/\\\/www.eldiario.net\\\/portal\\\/#website\",\"url\":\"https:\\\/\\\/www.eldiario.net\\\/portal\\\/\",\"name\":\"El Diario - Decano de la prensa nacional\",\"description\":\"El Diario - Decano de la prensa nacional\",\"publisher\":{\"@id\":\"https:\\\/\\\/www.eldiario.net\\\/portal\\\/#organization\"},\"potentialAction\":[{\"@type\":\"SearchAction\",\"target\":{\"@type\":\"EntryPoint\",\"urlTemplate\":\"https:\\\/\\\/www.eldiario.net\\\/portal\\\/?s={search_term_string}\"},\"query-input\":{\"@type\":\"PropertyValueSpecification\",\"valueRequired\":true,\"valueName\":\"search_term_string\"}}],\"inLanguage\":\"es\"},{\"@type\":\"Organization\",\"@id\":\"https:\\\/\\\/www.eldiario.net\\\/portal\\\/#organization\",\"name\":\"El Diario - Decano de la prensa nacional\",\"url\":\"https:\\\/\\\/www.eldiario.net\\\/portal\\\/\",\"logo\":{\"@type\":\"ImageObject\",\"inLanguage\":\"es\",\"@id\":\"https:\\\/\\\/www.eldiario.net\\\/portal\\\/#\\\/schema\\\/logo\\\/image\\\/\",\"url\":\"https:\\\/\\\/www.eldiario.net\\\/portal\\\/wp-content\\\/uploads\\\/2023\\\/07\\\/logo_ED.jpg\",\"contentUrl\":\"https:\\\/\\\/www.eldiario.net\\\/portal\\\/wp-content\\\/uploads\\\/2023\\\/07\\\/logo_ED.jpg\",\"width\":272,\"height\":52,\"caption\":\"El Diario - Decano de la prensa nacional\"},\"image\":{\"@id\":\"https:\\\/\\\/www.eldiario.net\\\/portal\\\/#\\\/schema\\\/logo\\\/image\\\/\"},\"sameAs\":[\"https:\\\/\\\/www.facebook.com\\\/eldiario.bolivia\\\/\",\"https:\\\/\\\/x.com\\\/eldiario_net\"]},{\"@type\":\"Person\",\"@id\":\"https:\\\/\\\/www.eldiario.net\\\/portal\\\/#\\\/schema\\\/person\\\/f46445640444750d7d753ccd04ae01b7\",\"name\":\"Jeanette\",\"image\":{\"@type\":\"ImageObject\",\"inLanguage\":\"es\",\"@id\":\"https:\\\/\\\/secure.gravatar.com\\\/avatar\\\/3ea2118a5f7dad2b7138b1187a6b7ee55f160b9968b66013c3a3ef39dd7e5798?s=96&d=mm&r=g\",\"url\":\"https:\\\/\\\/secure.gravatar.com\\\/avatar\\\/3ea2118a5f7dad2b7138b1187a6b7ee55f160b9968b66013c3a3ef39dd7e5798?s=96&d=mm&r=g\",\"contentUrl\":\"https:\\\/\\\/secure.gravatar.com\\\/avatar\\\/3ea2118a5f7dad2b7138b1187a6b7ee55f160b9968b66013c3a3ef39dd7e5798?s=96&d=mm&r=g\",\"caption\":\"Jeanette\"},\"sameAs\":[\"https:\\\/\\\/www.eldiario.net\\\/portal\"],\"url\":\"https:\\\/\\\/www.eldiario.net\\\/portal\\\/author\\\/jeanette\\\/\"}]}<\/script>\n<!-- \/ Yoast SEO plugin. -->","yoast_head_json":{"title":"30 a\u00f1os de c\u00e1rcel para sujeto que asesin\u00f3 a sus dos hijos - El Diario - Bolivia","robots":{"index":"index","follow":"follow","max-snippet":"max-snippet:-1","max-image-preview":"max-image-preview:large","max-video-preview":"max-video-preview:-1"},"canonical":"https:\/\/www.eldiario.net\/portal\/2021\/06\/10\/30-anos-de-carcel-para-sujeto-que-asesino-a-sus-dos-hijos\/","og_locale":"es_ES","og_type":"article","og_title":"30 a\u00f1os de c\u00e1rcel para sujeto que asesin\u00f3 a sus dos hijos - El Diario - Bolivia","og_description":"En audiencia de procedimiento abreviado, Ronald Choque Flores, de 33 a\u00f1os de edad, fue sentenciado a 30 a\u00f1os c\u00e1rcel sin derecho a indulto por segar la vida de su hija de un a\u00f1o y golpear a su concubina Jessica Q. C. de 22 a\u00f1os, quien perdi\u00f3 a su beb\u00e9 de ocho meses, inform\u00f3 este mi\u00e9rcoles [&hellip;]","og_url":"https:\/\/www.eldiario.net\/portal\/2021\/06\/10\/30-anos-de-carcel-para-sujeto-que-asesino-a-sus-dos-hijos\/","og_site_name":"El Diario - Bolivia","article_publisher":"https:\/\/www.facebook.com\/eldiario.bolivia\/","article_published_time":"2021-06-10T10:11:19+00:00","author":"Jeanette","twitter_card":"summary_large_image","twitter_creator":"@eldiario_net","twitter_site":"@eldiario_net","twitter_misc":{"Escrito por":"Jeanette","Tiempo de lectura":"2 minutos"},"schema":{"@context":"https:\/\/schema.org","@graph":[{"@type":"Article","@id":"https:\/\/www.eldiario.net\/portal\/2021\/06\/10\/30-anos-de-carcel-para-sujeto-que-asesino-a-sus-dos-hijos\/#article","isPartOf":{"@id":"https:\/\/www.eldiario.net\/portal\/2021\/06\/10\/30-anos-de-carcel-para-sujeto-que-asesino-a-sus-dos-hijos\/"},"author":{"name":"Jeanette","@id":"https:\/\/www.eldiario.net\/portal\/#\/schema\/person\/f46445640444750d7d753ccd04ae01b7"},"headline":"30 a\u00f1os de c\u00e1rcel para sujeto que asesin\u00f3 a sus dos hijos","datePublished":"2021-06-10T10:11:19+00:00","mainEntityOfPage":{"@id":"https:\/\/www.eldiario.net\/portal\/2021\/06\/10\/30-anos-de-carcel-para-sujeto-que-asesino-a-sus-dos-hijos\/"},"wordCount":394,"publisher":{"@id":"https:\/\/www.eldiario.net\/portal\/#organization"},"image":{"@id":"https:\/\/www.eldiario.net\/portal\/2021\/06\/10\/30-anos-de-carcel-para-sujeto-que-asesino-a-sus-dos-hijos\/#primaryimage"},"thumbnailUrl":"","articleSection":["Sociedad - Seguridad"],"inLanguage":"es"},{"@type":"WebPage","@id":"https:\/\/www.eldiario.net\/portal\/2021\/06\/10\/30-anos-de-carcel-para-sujeto-que-asesino-a-sus-dos-hijos\/","url":"https:\/\/www.eldiario.net\/portal\/2021\/06\/10\/30-anos-de-carcel-para-sujeto-que-asesino-a-sus-dos-hijos\/","name":"30 a\u00f1os de c\u00e1rcel para sujeto que asesin\u00f3 a sus dos hijos - El Diario - Bolivia","isPartOf":{"@id":"https:\/\/www.eldiario.net\/portal\/#website"},"primaryImageOfPage":{"@id":"https:\/\/www.eldiario.net\/portal\/2021\/06\/10\/30-anos-de-carcel-para-sujeto-que-asesino-a-sus-dos-hijos\/#primaryimage"},"image":{"@id":"https:\/\/www.eldiario.net\/portal\/2021\/06\/10\/30-anos-de-carcel-para-sujeto-que-asesino-a-sus-dos-hijos\/#primaryimage"},"thumbnailUrl":"","datePublished":"2021-06-10T10:11:19+00:00","breadcrumb":{"@id":"https:\/\/www.eldiario.net\/portal\/2021\/06\/10\/30-anos-de-carcel-para-sujeto-que-asesino-a-sus-dos-hijos\/#breadcrumb"},"inLanguage":"es","potentialAction":[{"@type":"ReadAction","target":["https:\/\/www.eldiario.net\/portal\/2021\/06\/10\/30-anos-de-carcel-para-sujeto-que-asesino-a-sus-dos-hijos\/"]}]},{"@type":"ImageObject","inLanguage":"es","@id":"https:\/\/www.eldiario.net\/portal\/2021\/06\/10\/30-anos-de-carcel-para-sujeto-que-asesino-a-sus-dos-hijos\/#primaryimage","url":"","contentUrl":""},{"@type":"BreadcrumbList","@id":"https:\/\/www.eldiario.net\/portal\/2021\/06\/10\/30-anos-de-carcel-para-sujeto-que-asesino-a-sus-dos-hijos\/#breadcrumb","itemListElement":[{"@type":"ListItem","position":1,"name":"Portada","item":"https:\/\/www.eldiario.net\/portal\/"},{"@type":"ListItem","position":2,"name":"30 a\u00f1os de c\u00e1rcel para sujeto que asesin\u00f3 a sus dos hijos"}]},{"@type":"WebSite","@id":"https:\/\/www.eldiario.net\/portal\/#website","url":"https:\/\/www.eldiario.net\/portal\/","name":"El Diario - Decano de la prensa nacional","description":"El Diario - Decano de la prensa nacional","publisher":{"@id":"https:\/\/www.eldiario.net\/portal\/#organization"},"potentialAction":[{"@type":"SearchAction","target":{"@type":"EntryPoint","urlTemplate":"https:\/\/www.eldiario.net\/portal\/?s={search_term_string}"},"query-input":{"@type":"PropertyValueSpecification","valueRequired":true,"valueName":"search_term_string"}}],"inLanguage":"es"},{"@type":"Organization","@id":"https:\/\/www.eldiario.net\/portal\/#organization","name":"El Diario - Decano de la prensa nacional","url":"https:\/\/www.eldiario.net\/portal\/","logo":{"@type":"ImageObject","inLanguage":"es","@id":"https:\/\/www.eldiario.net\/portal\/#\/schema\/logo\/image\/","url":"https:\/\/www.eldiario.net\/portal\/wp-content\/uploads\/2023\/07\/logo_ED.jpg","contentUrl":"https:\/\/www.eldiario.net\/portal\/wp-content\/uploads\/2023\/07\/logo_ED.jpg","width":272,"height":52,"caption":"El Diario - Decano de la prensa nacional"},"image":{"@id":"https:\/\/www.eldiario.net\/portal\/#\/schema\/logo\/image\/"},"sameAs":["https:\/\/www.facebook.com\/eldiario.bolivia\/","https:\/\/x.com\/eldiario_net"]},{"@type":"Person","@id":"https:\/\/www.eldiario.net\/portal\/#\/schema\/person\/f46445640444750d7d753ccd04ae01b7","name":"Jeanette","image":{"@type":"ImageObject","inLanguage":"es","@id":"https:\/\/secure.gravatar.com\/avatar\/3ea2118a5f7dad2b7138b1187a6b7ee55f160b9968b66013c3a3ef39dd7e5798?s=96&d=mm&r=g","url":"https:\/\/secure.gravatar.com\/avatar\/3ea2118a5f7dad2b7138b1187a6b7ee55f160b9968b66013c3a3ef39dd7e5798?s=96&d=mm&r=g","contentUrl":"https:\/\/secure.gravatar.com\/avatar\/3ea2118a5f7dad2b7138b1187a6b7ee55f160b9968b66013c3a3ef39dd7e5798?s=96&d=mm&r=g","caption":"Jeanette"},"sameAs":["https:\/\/www.eldiario.net\/portal"],"url":"https:\/\/www.eldiario.net\/portal\/author\/jeanette\/"}]}},"_links":{"self":[{"href":"https:\/\/www.eldiario.net\/portal\/wp-json\/wp\/v2\/posts\/9483","targetHints":{"allow":["GET"]}}],"collection":[{"href":"https:\/\/www.eldiario.net\/portal\/wp-json\/wp\/v2\/posts"}],"about":[{"href":"https:\/\/www.eldiario.net\/portal\/wp-json\/wp\/v2\/types\/post"}],"author":[{"embeddable":true,"href":"https:\/\/www.eldiario.net\/portal\/wp-json\/wp\/v2\/users\/1"}],"replies":[{"embeddable":true,"href":"https:\/\/www.eldiario.net\/portal\/wp-json\/wp\/v2\/comments?post=9483"}],"version-history":[{"count":0,"href":"https:\/\/www.eldiario.net\/portal\/wp-json\/wp\/v2\/posts\/9483\/revisions"}],"wp:attachment":[{"href":"https:\/\/www.eldiario.net\/portal\/wp-json\/wp\/v2\/media?parent=9483"}],"wp:term":[{"taxonomy":"category","embeddable":true,"href":"https:\/\/www.eldiario.net\/portal\/wp-json\/wp\/v2\/categories?post=9483"},{"taxonomy":"post_tag","embeddable":true,"href":"https:\/\/www.eldiario.net\/portal\/wp-json\/wp\/v2\/tags?post=9483"}],"curies":[{"name":"wp","href":"https:\/\/api.w.org\/{rel}","templated":true}]}}