{"id":9480,"date":"2021-06-10T06:10:04","date_gmt":"2021-06-10T10:10:04","guid":{"rendered":"https:\/\/www.eldiario.net\/portal\/?p=9480"},"modified":"2021-06-10T06:10:04","modified_gmt":"2021-06-10T10:10:04","slug":"arias-recuso-a-jueza-y-suspendieron-audiencia","status":"publish","type":"post","link":"https:\/\/www.eldiario.net\/portal\/2021\/06\/10\/arias-recuso-a-jueza-y-suspendieron-audiencia\/","title":{"rendered":"Arias recus\u00f3 a jueza y  suspendieron audiencia"},"content":{"rendered":"<p>El alcalde Iv\u00e1n Arias recus\u00f3 a la jueza Claudia Castro, quien lleva adelante el proceso por presunto nombramiento ilegal cuando era ministro de Obras P\u00fablicas. Ese recurso legal impidi\u00f3 que se instale la audiencia de medidas cautelares prevista para las 14:00 horas de este mi\u00e9rcoles, inform\u00f3 el fiscal del caso Johan Mu\u00f1oz.<\/p>\n<p>La audiencia del recurso legal planteado por el abogado que patrocina al mun\u00edcipe est\u00e1 programada para las 10:30 horas del jueves. Una vez que el \u00d3rgano Judicial resuelva la solicitud, se deber\u00e1 fijar una nueva fecha y hora de audiencia.<\/p>\n<p>El Ministerio P\u00fablico imput\u00f3 a Iv\u00e1n Arias porque cuando fue ministro de Obras P\u00fablicas, presuntamente design\u00f3 a una persona sin t\u00edtulo profesional en un cargo para el cual era necesario ese requisito. No obstante, la autoridad municipal asegur\u00f3 que este y otros casos responden a una persecuci\u00f3n pol\u00edtica,\u00a0 ya que todos los nombramientos los hizo de manera legal y la designaci\u00f3n por la que lo denunciaron era de libre nombramiento.<\/p>\n<p>\u201cLos nombramientos de personal, que realiz\u00f3 en su calidad de ministro, los efectu\u00f3 enmarcado en las normas vigentes y considera que no existe argumento legal para convocarlo a declaraciones ante autoridades judiciales\u201d, se lee en una nota de prensa del municipio pace\u00f1o.<\/p>\n<p>La Fiscal\u00eda solicit\u00f3 a la jueza que dicte arraigo, pago de 30 mil bolivianos de fianza, firma ante las autoridades cada 15 d\u00edas y otras medidas contra Arias.<\/p>\n<p>En diciembre de 2020, La alianza Creemos cuestion\u00f3 la labor de la jueza Claudia Castro, quien en menos de un mes dict\u00f3 fallos que favorecieron al expresidente Evo Morales, al exvicepresidente \u00c1lvaro Garc\u00eda, a los exministros Juan Ram\u00f3n Quintana, H\u00e9ctor Arce, Carlos Romero y Nemesia Achacollo, adem\u00e1s del exjefe de la DGAC Celier Arispe y al dirigente af\u00edn al Movimiento al Socialismo (MAS), Faustino Yucra.<\/p>\n<p>Las resoluciones de Castro fueron emitidas despu\u00e9s del triunfo del MAS en las elecciones generales del 18 de octubre. En al menos en tres de sus fallos, el favorecimiento a los procesados se dio por errores procedimentales en las causas, no por descartarse la comisi\u00f3n de los delitos.<\/p>\n","protected":false},"excerpt":{"rendered":"<p>El alcalde Iv\u00e1n Arias recus\u00f3 a la jueza Claudia Castro, quien lleva adelante el proceso por presunto nombramiento ilegal cuando era ministro de Obras P\u00fablicas. Ese recurso legal impidi\u00f3 que se instale la audiencia de medidas cautelares prevista para las 14:00 horas de este mi\u00e9rcoles, inform\u00f3 el fiscal del caso Johan Mu\u00f1oz. La audiencia del [&hellip;]<\/p>\n","protected":false},"author":1,"featured_media":9481,"comment_status":"closed","ping_status":"closed","sticky":false,"template":"","format":"standard","meta":{"_acf_changed":false,"footnotes":""},"categories":[39],"tags":[],"class_list":["post-9480","post","type-post","status-publish","format-standard","has-post-thumbnail","category-sociedad"],"acf":{"antetitulo":""},"yoast_head":"<!-- This site is optimized with the Yoast SEO plugin v28.3 - https:\/\/yoast.com\/product\/yoast-seo-wordpress\/ -->\n<title>Arias recus\u00f3 a jueza y suspendieron audiencia - El Diario - Bolivia<\/title>\n<meta name=\"robots\" content=\"index, follow, max-snippet:-1, max-image-preview:large, max-video-preview:-1\" \/>\n<link rel=\"canonical\" href=\"https:\/\/www.eldiario.net\/portal\/2021\/06\/10\/arias-recuso-a-jueza-y-suspendieron-audiencia\/\" \/>\n<meta property=\"og:locale\" content=\"es_ES\" \/>\n<meta property=\"og:type\" content=\"article\" \/>\n<meta property=\"og:title\" content=\"Arias recus\u00f3 a jueza y suspendieron audiencia - El Diario - Bolivia\" \/>\n<meta property=\"og:description\" content=\"El alcalde Iv\u00e1n Arias recus\u00f3 a la jueza Claudia Castro, quien lleva adelante el proceso por presunto nombramiento ilegal cuando era ministro de Obras P\u00fablicas. Ese recurso legal impidi\u00f3 que se instale la audiencia de medidas cautelares prevista para las 14:00 horas de este mi\u00e9rcoles, inform\u00f3 el fiscal del caso Johan Mu\u00f1oz. La audiencia del [&hellip;]\" \/>\n<meta property=\"og:url\" content=\"https:\/\/www.eldiario.net\/portal\/2021\/06\/10\/arias-recuso-a-jueza-y-suspendieron-audiencia\/\" \/>\n<meta property=\"og:site_name\" content=\"El Diario - Bolivia\" \/>\n<meta property=\"article:publisher\" content=\"https:\/\/www.facebook.com\/eldiario.bolivia\/\" \/>\n<meta property=\"article:published_time\" content=\"2021-06-10T10:10:04+00:00\" \/>\n<meta name=\"author\" content=\"Jeanette\" \/>\n<meta name=\"twitter:card\" content=\"summary_large_image\" \/>\n<meta name=\"twitter:creator\" content=\"@eldiario_net\" \/>\n<meta name=\"twitter:site\" content=\"@eldiario_net\" \/>\n<meta name=\"twitter:label1\" content=\"Escrito por\" \/>\n\t<meta name=\"twitter:data1\" content=\"Jeanette\" \/>\n\t<meta name=\"twitter:label2\" content=\"Tiempo de lectura\" \/>\n\t<meta name=\"twitter:data2\" content=\"2 minutos\" \/>\n<script type=\"application\/ld+json\" class=\"yoast-schema-graph\">{\"@context\":\"https:\\\/\\\/schema.org\",\"@graph\":[{\"@type\":\"Article\",\"@id\":\"https:\\\/\\\/www.eldiario.net\\\/portal\\\/2021\\\/06\\\/10\\\/arias-recuso-a-jueza-y-suspendieron-audiencia\\\/#article\",\"isPartOf\":{\"@id\":\"https:\\\/\\\/www.eldiario.net\\\/portal\\\/2021\\\/06\\\/10\\\/arias-recuso-a-jueza-y-suspendieron-audiencia\\\/\"},\"author\":{\"name\":\"Jeanette\",\"@id\":\"https:\\\/\\\/www.eldiario.net\\\/portal\\\/#\\\/schema\\\/person\\\/f46445640444750d7d753ccd04ae01b7\"},\"headline\":\"Arias recus\u00f3 a jueza y suspendieron audiencia\",\"datePublished\":\"2021-06-10T10:10:04+00:00\",\"mainEntityOfPage\":{\"@id\":\"https:\\\/\\\/www.eldiario.net\\\/portal\\\/2021\\\/06\\\/10\\\/arias-recuso-a-jueza-y-suspendieron-audiencia\\\/\"},\"wordCount\":368,\"publisher\":{\"@id\":\"https:\\\/\\\/www.eldiario.net\\\/portal\\\/#organization\"},\"image\":{\"@id\":\"https:\\\/\\\/www.eldiario.net\\\/portal\\\/2021\\\/06\\\/10\\\/arias-recuso-a-jueza-y-suspendieron-audiencia\\\/#primaryimage\"},\"thumbnailUrl\":\"\",\"articleSection\":[\"Sociedad - Seguridad\"],\"inLanguage\":\"es\"},{\"@type\":\"WebPage\",\"@id\":\"https:\\\/\\\/www.eldiario.net\\\/portal\\\/2021\\\/06\\\/10\\\/arias-recuso-a-jueza-y-suspendieron-audiencia\\\/\",\"url\":\"https:\\\/\\\/www.eldiario.net\\\/portal\\\/2021\\\/06\\\/10\\\/arias-recuso-a-jueza-y-suspendieron-audiencia\\\/\",\"name\":\"Arias recus\u00f3 a jueza y suspendieron audiencia - El Diario - Bolivia\",\"isPartOf\":{\"@id\":\"https:\\\/\\\/www.eldiario.net\\\/portal\\\/#website\"},\"primaryImageOfPage\":{\"@id\":\"https:\\\/\\\/www.eldiario.net\\\/portal\\\/2021\\\/06\\\/10\\\/arias-recuso-a-jueza-y-suspendieron-audiencia\\\/#primaryimage\"},\"image\":{\"@id\":\"https:\\\/\\\/www.eldiario.net\\\/portal\\\/2021\\\/06\\\/10\\\/arias-recuso-a-jueza-y-suspendieron-audiencia\\\/#primaryimage\"},\"thumbnailUrl\":\"\",\"datePublished\":\"2021-06-10T10:10:04+00:00\",\"breadcrumb\":{\"@id\":\"https:\\\/\\\/www.eldiario.net\\\/portal\\\/2021\\\/06\\\/10\\\/arias-recuso-a-jueza-y-suspendieron-audiencia\\\/#breadcrumb\"},\"inLanguage\":\"es\",\"potentialAction\":[{\"@type\":\"ReadAction\",\"target\":[\"https:\\\/\\\/www.eldiario.net\\\/portal\\\/2021\\\/06\\\/10\\\/arias-recuso-a-jueza-y-suspendieron-audiencia\\\/\"]}]},{\"@type\":\"ImageObject\",\"inLanguage\":\"es\",\"@id\":\"https:\\\/\\\/www.eldiario.net\\\/portal\\\/2021\\\/06\\\/10\\\/arias-recuso-a-jueza-y-suspendieron-audiencia\\\/#primaryimage\",\"url\":\"\",\"contentUrl\":\"\"},{\"@type\":\"BreadcrumbList\",\"@id\":\"https:\\\/\\\/www.eldiario.net\\\/portal\\\/2021\\\/06\\\/10\\\/arias-recuso-a-jueza-y-suspendieron-audiencia\\\/#breadcrumb\",\"itemListElement\":[{\"@type\":\"ListItem\",\"position\":1,\"name\":\"Portada\",\"item\":\"https:\\\/\\\/www.eldiario.net\\\/portal\\\/\"},{\"@type\":\"ListItem\",\"position\":2,\"name\":\"Arias recus\u00f3 a jueza y suspendieron audiencia\"}]},{\"@type\":\"WebSite\",\"@id\":\"https:\\\/\\\/www.eldiario.net\\\/portal\\\/#website\",\"url\":\"https:\\\/\\\/www.eldiario.net\\\/portal\\\/\",\"name\":\"El Diario - Decano de la prensa nacional\",\"description\":\"El Diario - Decano de la prensa nacional\",\"publisher\":{\"@id\":\"https:\\\/\\\/www.eldiario.net\\\/portal\\\/#organization\"},\"potentialAction\":[{\"@type\":\"SearchAction\",\"target\":{\"@type\":\"EntryPoint\",\"urlTemplate\":\"https:\\\/\\\/www.eldiario.net\\\/portal\\\/?s={search_term_string}\"},\"query-input\":{\"@type\":\"PropertyValueSpecification\",\"valueRequired\":true,\"valueName\":\"search_term_string\"}}],\"inLanguage\":\"es\"},{\"@type\":\"Organization\",\"@id\":\"https:\\\/\\\/www.eldiario.net\\\/portal\\\/#organization\",\"name\":\"El Diario - Decano de la prensa nacional\",\"url\":\"https:\\\/\\\/www.eldiario.net\\\/portal\\\/\",\"logo\":{\"@type\":\"ImageObject\",\"inLanguage\":\"es\",\"@id\":\"https:\\\/\\\/www.eldiario.net\\\/portal\\\/#\\\/schema\\\/logo\\\/image\\\/\",\"url\":\"https:\\\/\\\/www.eldiario.net\\\/portal\\\/wp-content\\\/uploads\\\/2023\\\/07\\\/logo_ED.jpg\",\"contentUrl\":\"https:\\\/\\\/www.eldiario.net\\\/portal\\\/wp-content\\\/uploads\\\/2023\\\/07\\\/logo_ED.jpg\",\"width\":272,\"height\":52,\"caption\":\"El Diario - Decano de la prensa nacional\"},\"image\":{\"@id\":\"https:\\\/\\\/www.eldiario.net\\\/portal\\\/#\\\/schema\\\/logo\\\/image\\\/\"},\"sameAs\":[\"https:\\\/\\\/www.facebook.com\\\/eldiario.bolivia\\\/\",\"https:\\\/\\\/x.com\\\/eldiario_net\"]},{\"@type\":\"Person\",\"@id\":\"https:\\\/\\\/www.eldiario.net\\\/portal\\\/#\\\/schema\\\/person\\\/f46445640444750d7d753ccd04ae01b7\",\"name\":\"Jeanette\",\"image\":{\"@type\":\"ImageObject\",\"inLanguage\":\"es\",\"@id\":\"https:\\\/\\\/secure.gravatar.com\\\/avatar\\\/3ea2118a5f7dad2b7138b1187a6b7ee55f160b9968b66013c3a3ef39dd7e5798?s=96&d=mm&r=g\",\"url\":\"https:\\\/\\\/secure.gravatar.com\\\/avatar\\\/3ea2118a5f7dad2b7138b1187a6b7ee55f160b9968b66013c3a3ef39dd7e5798?s=96&d=mm&r=g\",\"contentUrl\":\"https:\\\/\\\/secure.gravatar.com\\\/avatar\\\/3ea2118a5f7dad2b7138b1187a6b7ee55f160b9968b66013c3a3ef39dd7e5798?s=96&d=mm&r=g\",\"caption\":\"Jeanette\"},\"sameAs\":[\"https:\\\/\\\/www.eldiario.net\\\/portal\"],\"url\":\"https:\\\/\\\/www.eldiario.net\\\/portal\\\/author\\\/jeanette\\\/\"}]}<\/script>\n<!-- \/ Yoast SEO plugin. -->","yoast_head_json":{"title":"Arias recus\u00f3 a jueza y suspendieron audiencia - El Diario - Bolivia","robots":{"index":"index","follow":"follow","max-snippet":"max-snippet:-1","max-image-preview":"max-image-preview:large","max-video-preview":"max-video-preview:-1"},"canonical":"https:\/\/www.eldiario.net\/portal\/2021\/06\/10\/arias-recuso-a-jueza-y-suspendieron-audiencia\/","og_locale":"es_ES","og_type":"article","og_title":"Arias recus\u00f3 a jueza y suspendieron audiencia - El Diario - Bolivia","og_description":"El alcalde Iv\u00e1n Arias recus\u00f3 a la jueza Claudia Castro, quien lleva adelante el proceso por presunto nombramiento ilegal cuando era ministro de Obras P\u00fablicas. Ese recurso legal impidi\u00f3 que se instale la audiencia de medidas cautelares prevista para las 14:00 horas de este mi\u00e9rcoles, inform\u00f3 el fiscal del caso Johan Mu\u00f1oz. La audiencia del [&hellip;]","og_url":"https:\/\/www.eldiario.net\/portal\/2021\/06\/10\/arias-recuso-a-jueza-y-suspendieron-audiencia\/","og_site_name":"El Diario - Bolivia","article_publisher":"https:\/\/www.facebook.com\/eldiario.bolivia\/","article_published_time":"2021-06-10T10:10:04+00:00","author":"Jeanette","twitter_card":"summary_large_image","twitter_creator":"@eldiario_net","twitter_site":"@eldiario_net","twitter_misc":{"Escrito por":"Jeanette","Tiempo de lectura":"2 minutos"},"schema":{"@context":"https:\/\/schema.org","@graph":[{"@type":"Article","@id":"https:\/\/www.eldiario.net\/portal\/2021\/06\/10\/arias-recuso-a-jueza-y-suspendieron-audiencia\/#article","isPartOf":{"@id":"https:\/\/www.eldiario.net\/portal\/2021\/06\/10\/arias-recuso-a-jueza-y-suspendieron-audiencia\/"},"author":{"name":"Jeanette","@id":"https:\/\/www.eldiario.net\/portal\/#\/schema\/person\/f46445640444750d7d753ccd04ae01b7"},"headline":"Arias recus\u00f3 a jueza y suspendieron audiencia","datePublished":"2021-06-10T10:10:04+00:00","mainEntityOfPage":{"@id":"https:\/\/www.eldiario.net\/portal\/2021\/06\/10\/arias-recuso-a-jueza-y-suspendieron-audiencia\/"},"wordCount":368,"publisher":{"@id":"https:\/\/www.eldiario.net\/portal\/#organization"},"image":{"@id":"https:\/\/www.eldiario.net\/portal\/2021\/06\/10\/arias-recuso-a-jueza-y-suspendieron-audiencia\/#primaryimage"},"thumbnailUrl":"","articleSection":["Sociedad - Seguridad"],"inLanguage":"es"},{"@type":"WebPage","@id":"https:\/\/www.eldiario.net\/portal\/2021\/06\/10\/arias-recuso-a-jueza-y-suspendieron-audiencia\/","url":"https:\/\/www.eldiario.net\/portal\/2021\/06\/10\/arias-recuso-a-jueza-y-suspendieron-audiencia\/","name":"Arias recus\u00f3 a jueza y suspendieron audiencia - El Diario - Bolivia","isPartOf":{"@id":"https:\/\/www.eldiario.net\/portal\/#website"},"primaryImageOfPage":{"@id":"https:\/\/www.eldiario.net\/portal\/2021\/06\/10\/arias-recuso-a-jueza-y-suspendieron-audiencia\/#primaryimage"},"image":{"@id":"https:\/\/www.eldiario.net\/portal\/2021\/06\/10\/arias-recuso-a-jueza-y-suspendieron-audiencia\/#primaryimage"},"thumbnailUrl":"","datePublished":"2021-06-10T10:10:04+00:00","breadcrumb":{"@id":"https:\/\/www.eldiario.net\/portal\/2021\/06\/10\/arias-recuso-a-jueza-y-suspendieron-audiencia\/#breadcrumb"},"inLanguage":"es","potentialAction":[{"@type":"ReadAction","target":["https:\/\/www.eldiario.net\/portal\/2021\/06\/10\/arias-recuso-a-jueza-y-suspendieron-audiencia\/"]}]},{"@type":"ImageObject","inLanguage":"es","@id":"https:\/\/www.eldiario.net\/portal\/2021\/06\/10\/arias-recuso-a-jueza-y-suspendieron-audiencia\/#primaryimage","url":"","contentUrl":""},{"@type":"BreadcrumbList","@id":"https:\/\/www.eldiario.net\/portal\/2021\/06\/10\/arias-recuso-a-jueza-y-suspendieron-audiencia\/#breadcrumb","itemListElement":[{"@type":"ListItem","position":1,"name":"Portada","item":"https:\/\/www.eldiario.net\/portal\/"},{"@type":"ListItem","position":2,"name":"Arias recus\u00f3 a jueza y suspendieron audiencia"}]},{"@type":"WebSite","@id":"https:\/\/www.eldiario.net\/portal\/#website","url":"https:\/\/www.eldiario.net\/portal\/","name":"El Diario - Decano de la prensa nacional","description":"El Diario - Decano de la prensa nacional","publisher":{"@id":"https:\/\/www.eldiario.net\/portal\/#organization"},"potentialAction":[{"@type":"SearchAction","target":{"@type":"EntryPoint","urlTemplate":"https:\/\/www.eldiario.net\/portal\/?s={search_term_string}"},"query-input":{"@type":"PropertyValueSpecification","valueRequired":true,"valueName":"search_term_string"}}],"inLanguage":"es"},{"@type":"Organization","@id":"https:\/\/www.eldiario.net\/portal\/#organization","name":"El Diario - Decano de la prensa nacional","url":"https:\/\/www.eldiario.net\/portal\/","logo":{"@type":"ImageObject","inLanguage":"es","@id":"https:\/\/www.eldiario.net\/portal\/#\/schema\/logo\/image\/","url":"https:\/\/www.eldiario.net\/portal\/wp-content\/uploads\/2023\/07\/logo_ED.jpg","contentUrl":"https:\/\/www.eldiario.net\/portal\/wp-content\/uploads\/2023\/07\/logo_ED.jpg","width":272,"height":52,"caption":"El Diario - Decano de la prensa nacional"},"image":{"@id":"https:\/\/www.eldiario.net\/portal\/#\/schema\/logo\/image\/"},"sameAs":["https:\/\/www.facebook.com\/eldiario.bolivia\/","https:\/\/x.com\/eldiario_net"]},{"@type":"Person","@id":"https:\/\/www.eldiario.net\/portal\/#\/schema\/person\/f46445640444750d7d753ccd04ae01b7","name":"Jeanette","image":{"@type":"ImageObject","inLanguage":"es","@id":"https:\/\/secure.gravatar.com\/avatar\/3ea2118a5f7dad2b7138b1187a6b7ee55f160b9968b66013c3a3ef39dd7e5798?s=96&d=mm&r=g","url":"https:\/\/secure.gravatar.com\/avatar\/3ea2118a5f7dad2b7138b1187a6b7ee55f160b9968b66013c3a3ef39dd7e5798?s=96&d=mm&r=g","contentUrl":"https:\/\/secure.gravatar.com\/avatar\/3ea2118a5f7dad2b7138b1187a6b7ee55f160b9968b66013c3a3ef39dd7e5798?s=96&d=mm&r=g","caption":"Jeanette"},"sameAs":["https:\/\/www.eldiario.net\/portal"],"url":"https:\/\/www.eldiario.net\/portal\/author\/jeanette\/"}]}},"_links":{"self":[{"href":"https:\/\/www.eldiario.net\/portal\/wp-json\/wp\/v2\/posts\/9480","targetHints":{"allow":["GET"]}}],"collection":[{"href":"https:\/\/www.eldiario.net\/portal\/wp-json\/wp\/v2\/posts"}],"about":[{"href":"https:\/\/www.eldiario.net\/portal\/wp-json\/wp\/v2\/types\/post"}],"author":[{"embeddable":true,"href":"https:\/\/www.eldiario.net\/portal\/wp-json\/wp\/v2\/users\/1"}],"replies":[{"embeddable":true,"href":"https:\/\/www.eldiario.net\/portal\/wp-json\/wp\/v2\/comments?post=9480"}],"version-history":[{"count":0,"href":"https:\/\/www.eldiario.net\/portal\/wp-json\/wp\/v2\/posts\/9480\/revisions"}],"wp:attachment":[{"href":"https:\/\/www.eldiario.net\/portal\/wp-json\/wp\/v2\/media?parent=9480"}],"wp:term":[{"taxonomy":"category","embeddable":true,"href":"https:\/\/www.eldiario.net\/portal\/wp-json\/wp\/v2\/categories?post=9480"},{"taxonomy":"post_tag","embeddable":true,"href":"https:\/\/www.eldiario.net\/portal\/wp-json\/wp\/v2\/tags?post=9480"}],"curies":[{"name":"wp","href":"https:\/\/api.w.org\/{rel}","templated":true}]}}