{"id":94159,"date":"2022-07-01T05:51:12","date_gmt":"2022-07-01T09:51:12","guid":{"rendered":"https:\/\/www.eldiario.net\/portal\/?p=94159"},"modified":"2022-07-01T05:51:12","modified_gmt":"2022-07-01T09:51:12","slug":"frenan-actividad-minera-ilegal-en-milluni-y-viacha","status":"publish","type":"post","link":"https:\/\/www.eldiario.net\/portal\/2022\/07\/01\/frenan-actividad-minera-ilegal-en-milluni-y-viacha\/","title":{"rendered":"Frenan actividad minera  ilegal en Milluni y Viacha"},"content":{"rendered":"<p>La actividad minera ilegal en la localidad de Milluni del municipio El Alto y en el de Viacha fue paralizada, debido a que no estaba autorizada por las entidades establecidas por ley.<br \/>\nPero no solo se registra actividad minera ilegal en esas regiones, sino a nivel nacional, como los denunciados por los ind\u00edgenas de la Amazonia y el norte de La Paz, en donde ingres\u00f3 maquinaria pesada, y todav\u00eda no hay autoridad que pare el proceso de explotaci\u00f3n, de acuerdo con denuncias de defensores ambientalistas.<br \/>\nUna nota de prensa de la Autoridad Jurisdiccional Administrativa Minera (AJAM), informa que esta entidad en coordinaci\u00f3n con las Fuerzas Armadas y la Polic\u00eda Boliviana, frenaron las actividades de miner\u00eda ilegal en la localidad de Milluni del municipio El Alto, Provincia Murillo y el municipio de Viacha del departamento de La Paz.<br \/>\nLa directora Ejecutiva Nacional de la AJAM, Carmen Nilza Lopez Valenzuela, inform\u00f3 que por la explotaci\u00f3n il\u00edcita de minerales, fueron aprehendidas nueve personas, debido a que no contaban con licencia o derecho otorgado, los mismos fueron conducidos a la Fuerza Especial de Lucha Contra el Crimen (Felcc) de El Alto y la Felcc del municipio de Viacha del departamento de La Paz, donde ser\u00e1n sometidas a la toma de declaraciones y a una audiencia de medidas cautelares.<br \/>\nExplic\u00f3 que en el lugar del delito se evidenci\u00f3 el desarrollo de la actividad minera il\u00edcita con maquinaria pesada comprendida por dragas, palas mec\u00e1nicas, chancadoras, volquetas, entre otras.<br \/>\nL\u00f3pez advirti\u00f3 que la AJAM, dependiente del Ministerio de Miner\u00eda y Metalurgia, continuar\u00e1 efectuando operaciones de represi\u00f3n de actividades il\u00edcitas en diferentes departamentos del pa\u00eds para proteger al desarrollo legal de actividades mineras.<br \/>\n\u00abRealizaremos este tipo de operativos de manera frecuente porque tenemos datos de que en varios lugares del pa\u00eds se comete este delito. Ya tenemos antecedentes, estamos en el proceso de planificaci\u00f3n para realizar las acciones correspondientes\u00bb, anunci\u00f3.<\/p>\n","protected":false},"excerpt":{"rendered":"<p>La actividad minera ilegal en la localidad de Milluni del municipio El Alto y en el de Viacha fue paralizada, debido a que no estaba autorizada por las entidades establecidas por ley. Pero no solo se registra actividad minera ilegal en esas regiones, sino a nivel nacional, como los denunciados por los ind\u00edgenas de la [&hellip;]<\/p>\n","protected":false},"author":1,"featured_media":0,"comment_status":"closed","ping_status":"closed","sticky":false,"template":"","format":"standard","meta":{"_acf_changed":false,"footnotes":""},"categories":[7],"tags":[],"class_list":["post-94159","post","type-post","status-publish","format-standard","category-economia"],"acf":{"antetitulo":""},"yoast_head":"<!-- This site is optimized with the Yoast SEO plugin v28.3 - https:\/\/yoast.com\/product\/yoast-seo-wordpress\/ -->\n<title>Frenan actividad minera ilegal en Milluni y Viacha - El Diario - Bolivia<\/title>\n<meta name=\"robots\" content=\"index, follow, max-snippet:-1, max-image-preview:large, max-video-preview:-1\" \/>\n<link rel=\"canonical\" href=\"https:\/\/www.eldiario.net\/portal\/2022\/07\/01\/frenan-actividad-minera-ilegal-en-milluni-y-viacha\/\" \/>\n<meta property=\"og:locale\" content=\"es_ES\" \/>\n<meta property=\"og:type\" content=\"article\" \/>\n<meta property=\"og:title\" content=\"Frenan actividad minera ilegal en Milluni y Viacha - El Diario - Bolivia\" \/>\n<meta property=\"og:description\" content=\"La actividad minera ilegal en la localidad de Milluni del municipio El Alto y en el de Viacha fue paralizada, debido a que no estaba autorizada por las entidades establecidas por ley. Pero no solo se registra actividad minera ilegal en esas regiones, sino a nivel nacional, como los denunciados por los ind\u00edgenas de la [&hellip;]\" \/>\n<meta property=\"og:url\" content=\"https:\/\/www.eldiario.net\/portal\/2022\/07\/01\/frenan-actividad-minera-ilegal-en-milluni-y-viacha\/\" \/>\n<meta property=\"og:site_name\" content=\"El Diario - Bolivia\" \/>\n<meta property=\"article:publisher\" content=\"https:\/\/www.facebook.com\/eldiario.bolivia\/\" \/>\n<meta property=\"article:published_time\" content=\"2022-07-01T09:51:12+00:00\" \/>\n<meta name=\"author\" content=\"Jeanette\" \/>\n<meta name=\"twitter:card\" content=\"summary_large_image\" \/>\n<meta name=\"twitter:creator\" content=\"@eldiario_net\" \/>\n<meta name=\"twitter:site\" content=\"@eldiario_net\" \/>\n<meta name=\"twitter:label1\" content=\"Escrito por\" \/>\n\t<meta name=\"twitter:data1\" content=\"Jeanette\" \/>\n\t<meta name=\"twitter:label2\" content=\"Tiempo de lectura\" \/>\n\t<meta name=\"twitter:data2\" content=\"2 minutos\" \/>\n<script type=\"application\/ld+json\" class=\"yoast-schema-graph\">{\"@context\":\"https:\\\/\\\/schema.org\",\"@graph\":[{\"@type\":\"Article\",\"@id\":\"https:\\\/\\\/www.eldiario.net\\\/portal\\\/2022\\\/07\\\/01\\\/frenan-actividad-minera-ilegal-en-milluni-y-viacha\\\/#article\",\"isPartOf\":{\"@id\":\"https:\\\/\\\/www.eldiario.net\\\/portal\\\/2022\\\/07\\\/01\\\/frenan-actividad-minera-ilegal-en-milluni-y-viacha\\\/\"},\"author\":{\"name\":\"Jeanette\",\"@id\":\"https:\\\/\\\/www.eldiario.net\\\/portal\\\/#\\\/schema\\\/person\\\/f46445640444750d7d753ccd04ae01b7\"},\"headline\":\"Frenan actividad minera ilegal en Milluni y Viacha\",\"datePublished\":\"2022-07-01T09:51:12+00:00\",\"mainEntityOfPage\":{\"@id\":\"https:\\\/\\\/www.eldiario.net\\\/portal\\\/2022\\\/07\\\/01\\\/frenan-actividad-minera-ilegal-en-milluni-y-viacha\\\/\"},\"wordCount\":338,\"publisher\":{\"@id\":\"https:\\\/\\\/www.eldiario.net\\\/portal\\\/#organization\"},\"articleSection\":[\"Econom\u00eda\"],\"inLanguage\":\"es\"},{\"@type\":\"WebPage\",\"@id\":\"https:\\\/\\\/www.eldiario.net\\\/portal\\\/2022\\\/07\\\/01\\\/frenan-actividad-minera-ilegal-en-milluni-y-viacha\\\/\",\"url\":\"https:\\\/\\\/www.eldiario.net\\\/portal\\\/2022\\\/07\\\/01\\\/frenan-actividad-minera-ilegal-en-milluni-y-viacha\\\/\",\"name\":\"Frenan actividad minera ilegal en Milluni y Viacha - El Diario - Bolivia\",\"isPartOf\":{\"@id\":\"https:\\\/\\\/www.eldiario.net\\\/portal\\\/#website\"},\"datePublished\":\"2022-07-01T09:51:12+00:00\",\"breadcrumb\":{\"@id\":\"https:\\\/\\\/www.eldiario.net\\\/portal\\\/2022\\\/07\\\/01\\\/frenan-actividad-minera-ilegal-en-milluni-y-viacha\\\/#breadcrumb\"},\"inLanguage\":\"es\",\"potentialAction\":[{\"@type\":\"ReadAction\",\"target\":[\"https:\\\/\\\/www.eldiario.net\\\/portal\\\/2022\\\/07\\\/01\\\/frenan-actividad-minera-ilegal-en-milluni-y-viacha\\\/\"]}]},{\"@type\":\"BreadcrumbList\",\"@id\":\"https:\\\/\\\/www.eldiario.net\\\/portal\\\/2022\\\/07\\\/01\\\/frenan-actividad-minera-ilegal-en-milluni-y-viacha\\\/#breadcrumb\",\"itemListElement\":[{\"@type\":\"ListItem\",\"position\":1,\"name\":\"Portada\",\"item\":\"https:\\\/\\\/www.eldiario.net\\\/portal\\\/\"},{\"@type\":\"ListItem\",\"position\":2,\"name\":\"Frenan actividad minera ilegal en Milluni y Viacha\"}]},{\"@type\":\"WebSite\",\"@id\":\"https:\\\/\\\/www.eldiario.net\\\/portal\\\/#website\",\"url\":\"https:\\\/\\\/www.eldiario.net\\\/portal\\\/\",\"name\":\"El Diario - Decano de la prensa nacional\",\"description\":\"El Diario - Decano de la prensa nacional\",\"publisher\":{\"@id\":\"https:\\\/\\\/www.eldiario.net\\\/portal\\\/#organization\"},\"potentialAction\":[{\"@type\":\"SearchAction\",\"target\":{\"@type\":\"EntryPoint\",\"urlTemplate\":\"https:\\\/\\\/www.eldiario.net\\\/portal\\\/?s={search_term_string}\"},\"query-input\":{\"@type\":\"PropertyValueSpecification\",\"valueRequired\":true,\"valueName\":\"search_term_string\"}}],\"inLanguage\":\"es\"},{\"@type\":\"Organization\",\"@id\":\"https:\\\/\\\/www.eldiario.net\\\/portal\\\/#organization\",\"name\":\"El Diario - Decano de la prensa nacional\",\"url\":\"https:\\\/\\\/www.eldiario.net\\\/portal\\\/\",\"logo\":{\"@type\":\"ImageObject\",\"inLanguage\":\"es\",\"@id\":\"https:\\\/\\\/www.eldiario.net\\\/portal\\\/#\\\/schema\\\/logo\\\/image\\\/\",\"url\":\"https:\\\/\\\/www.eldiario.net\\\/portal\\\/wp-content\\\/uploads\\\/2023\\\/07\\\/logo_ED.jpg\",\"contentUrl\":\"https:\\\/\\\/www.eldiario.net\\\/portal\\\/wp-content\\\/uploads\\\/2023\\\/07\\\/logo_ED.jpg\",\"width\":272,\"height\":52,\"caption\":\"El Diario - Decano de la prensa nacional\"},\"image\":{\"@id\":\"https:\\\/\\\/www.eldiario.net\\\/portal\\\/#\\\/schema\\\/logo\\\/image\\\/\"},\"sameAs\":[\"https:\\\/\\\/www.facebook.com\\\/eldiario.bolivia\\\/\",\"https:\\\/\\\/x.com\\\/eldiario_net\"]},{\"@type\":\"Person\",\"@id\":\"https:\\\/\\\/www.eldiario.net\\\/portal\\\/#\\\/schema\\\/person\\\/f46445640444750d7d753ccd04ae01b7\",\"name\":\"Jeanette\",\"image\":{\"@type\":\"ImageObject\",\"inLanguage\":\"es\",\"@id\":\"https:\\\/\\\/secure.gravatar.com\\\/avatar\\\/3ea2118a5f7dad2b7138b1187a6b7ee55f160b9968b66013c3a3ef39dd7e5798?s=96&d=mm&r=g\",\"url\":\"https:\\\/\\\/secure.gravatar.com\\\/avatar\\\/3ea2118a5f7dad2b7138b1187a6b7ee55f160b9968b66013c3a3ef39dd7e5798?s=96&d=mm&r=g\",\"contentUrl\":\"https:\\\/\\\/secure.gravatar.com\\\/avatar\\\/3ea2118a5f7dad2b7138b1187a6b7ee55f160b9968b66013c3a3ef39dd7e5798?s=96&d=mm&r=g\",\"caption\":\"Jeanette\"},\"sameAs\":[\"https:\\\/\\\/www.eldiario.net\\\/portal\"],\"url\":\"https:\\\/\\\/www.eldiario.net\\\/portal\\\/author\\\/jeanette\\\/\"}]}<\/script>\n<!-- \/ Yoast SEO plugin. -->","yoast_head_json":{"title":"Frenan actividad minera ilegal en Milluni y Viacha - El Diario - Bolivia","robots":{"index":"index","follow":"follow","max-snippet":"max-snippet:-1","max-image-preview":"max-image-preview:large","max-video-preview":"max-video-preview:-1"},"canonical":"https:\/\/www.eldiario.net\/portal\/2022\/07\/01\/frenan-actividad-minera-ilegal-en-milluni-y-viacha\/","og_locale":"es_ES","og_type":"article","og_title":"Frenan actividad minera ilegal en Milluni y Viacha - El Diario - Bolivia","og_description":"La actividad minera ilegal en la localidad de Milluni del municipio El Alto y en el de Viacha fue paralizada, debido a que no estaba autorizada por las entidades establecidas por ley. Pero no solo se registra actividad minera ilegal en esas regiones, sino a nivel nacional, como los denunciados por los ind\u00edgenas de la [&hellip;]","og_url":"https:\/\/www.eldiario.net\/portal\/2022\/07\/01\/frenan-actividad-minera-ilegal-en-milluni-y-viacha\/","og_site_name":"El Diario - Bolivia","article_publisher":"https:\/\/www.facebook.com\/eldiario.bolivia\/","article_published_time":"2022-07-01T09:51:12+00:00","author":"Jeanette","twitter_card":"summary_large_image","twitter_creator":"@eldiario_net","twitter_site":"@eldiario_net","twitter_misc":{"Escrito por":"Jeanette","Tiempo de lectura":"2 minutos"},"schema":{"@context":"https:\/\/schema.org","@graph":[{"@type":"Article","@id":"https:\/\/www.eldiario.net\/portal\/2022\/07\/01\/frenan-actividad-minera-ilegal-en-milluni-y-viacha\/#article","isPartOf":{"@id":"https:\/\/www.eldiario.net\/portal\/2022\/07\/01\/frenan-actividad-minera-ilegal-en-milluni-y-viacha\/"},"author":{"name":"Jeanette","@id":"https:\/\/www.eldiario.net\/portal\/#\/schema\/person\/f46445640444750d7d753ccd04ae01b7"},"headline":"Frenan actividad minera ilegal en Milluni y Viacha","datePublished":"2022-07-01T09:51:12+00:00","mainEntityOfPage":{"@id":"https:\/\/www.eldiario.net\/portal\/2022\/07\/01\/frenan-actividad-minera-ilegal-en-milluni-y-viacha\/"},"wordCount":338,"publisher":{"@id":"https:\/\/www.eldiario.net\/portal\/#organization"},"articleSection":["Econom\u00eda"],"inLanguage":"es"},{"@type":"WebPage","@id":"https:\/\/www.eldiario.net\/portal\/2022\/07\/01\/frenan-actividad-minera-ilegal-en-milluni-y-viacha\/","url":"https:\/\/www.eldiario.net\/portal\/2022\/07\/01\/frenan-actividad-minera-ilegal-en-milluni-y-viacha\/","name":"Frenan actividad minera ilegal en Milluni y Viacha - El Diario - Bolivia","isPartOf":{"@id":"https:\/\/www.eldiario.net\/portal\/#website"},"datePublished":"2022-07-01T09:51:12+00:00","breadcrumb":{"@id":"https:\/\/www.eldiario.net\/portal\/2022\/07\/01\/frenan-actividad-minera-ilegal-en-milluni-y-viacha\/#breadcrumb"},"inLanguage":"es","potentialAction":[{"@type":"ReadAction","target":["https:\/\/www.eldiario.net\/portal\/2022\/07\/01\/frenan-actividad-minera-ilegal-en-milluni-y-viacha\/"]}]},{"@type":"BreadcrumbList","@id":"https:\/\/www.eldiario.net\/portal\/2022\/07\/01\/frenan-actividad-minera-ilegal-en-milluni-y-viacha\/#breadcrumb","itemListElement":[{"@type":"ListItem","position":1,"name":"Portada","item":"https:\/\/www.eldiario.net\/portal\/"},{"@type":"ListItem","position":2,"name":"Frenan actividad minera ilegal en Milluni y Viacha"}]},{"@type":"WebSite","@id":"https:\/\/www.eldiario.net\/portal\/#website","url":"https:\/\/www.eldiario.net\/portal\/","name":"El Diario - Decano de la prensa nacional","description":"El Diario - Decano de la prensa nacional","publisher":{"@id":"https:\/\/www.eldiario.net\/portal\/#organization"},"potentialAction":[{"@type":"SearchAction","target":{"@type":"EntryPoint","urlTemplate":"https:\/\/www.eldiario.net\/portal\/?s={search_term_string}"},"query-input":{"@type":"PropertyValueSpecification","valueRequired":true,"valueName":"search_term_string"}}],"inLanguage":"es"},{"@type":"Organization","@id":"https:\/\/www.eldiario.net\/portal\/#organization","name":"El Diario - Decano de la prensa nacional","url":"https:\/\/www.eldiario.net\/portal\/","logo":{"@type":"ImageObject","inLanguage":"es","@id":"https:\/\/www.eldiario.net\/portal\/#\/schema\/logo\/image\/","url":"https:\/\/www.eldiario.net\/portal\/wp-content\/uploads\/2023\/07\/logo_ED.jpg","contentUrl":"https:\/\/www.eldiario.net\/portal\/wp-content\/uploads\/2023\/07\/logo_ED.jpg","width":272,"height":52,"caption":"El Diario - Decano de la prensa nacional"},"image":{"@id":"https:\/\/www.eldiario.net\/portal\/#\/schema\/logo\/image\/"},"sameAs":["https:\/\/www.facebook.com\/eldiario.bolivia\/","https:\/\/x.com\/eldiario_net"]},{"@type":"Person","@id":"https:\/\/www.eldiario.net\/portal\/#\/schema\/person\/f46445640444750d7d753ccd04ae01b7","name":"Jeanette","image":{"@type":"ImageObject","inLanguage":"es","@id":"https:\/\/secure.gravatar.com\/avatar\/3ea2118a5f7dad2b7138b1187a6b7ee55f160b9968b66013c3a3ef39dd7e5798?s=96&d=mm&r=g","url":"https:\/\/secure.gravatar.com\/avatar\/3ea2118a5f7dad2b7138b1187a6b7ee55f160b9968b66013c3a3ef39dd7e5798?s=96&d=mm&r=g","contentUrl":"https:\/\/secure.gravatar.com\/avatar\/3ea2118a5f7dad2b7138b1187a6b7ee55f160b9968b66013c3a3ef39dd7e5798?s=96&d=mm&r=g","caption":"Jeanette"},"sameAs":["https:\/\/www.eldiario.net\/portal"],"url":"https:\/\/www.eldiario.net\/portal\/author\/jeanette\/"}]}},"_links":{"self":[{"href":"https:\/\/www.eldiario.net\/portal\/wp-json\/wp\/v2\/posts\/94159","targetHints":{"allow":["GET"]}}],"collection":[{"href":"https:\/\/www.eldiario.net\/portal\/wp-json\/wp\/v2\/posts"}],"about":[{"href":"https:\/\/www.eldiario.net\/portal\/wp-json\/wp\/v2\/types\/post"}],"author":[{"embeddable":true,"href":"https:\/\/www.eldiario.net\/portal\/wp-json\/wp\/v2\/users\/1"}],"replies":[{"embeddable":true,"href":"https:\/\/www.eldiario.net\/portal\/wp-json\/wp\/v2\/comments?post=94159"}],"version-history":[{"count":0,"href":"https:\/\/www.eldiario.net\/portal\/wp-json\/wp\/v2\/posts\/94159\/revisions"}],"wp:attachment":[{"href":"https:\/\/www.eldiario.net\/portal\/wp-json\/wp\/v2\/media?parent=94159"}],"wp:term":[{"taxonomy":"category","embeddable":true,"href":"https:\/\/www.eldiario.net\/portal\/wp-json\/wp\/v2\/categories?post=94159"},{"taxonomy":"post_tag","embeddable":true,"href":"https:\/\/www.eldiario.net\/portal\/wp-json\/wp\/v2\/tags?post=94159"}],"curies":[{"name":"wp","href":"https:\/\/api.w.org\/{rel}","templated":true}]}}