{"id":94147,"date":"2022-07-01T05:44:14","date_gmt":"2022-07-01T09:44:14","guid":{"rendered":"https:\/\/www.eldiario.net\/portal\/?p=94147"},"modified":"2022-07-01T05:44:14","modified_gmt":"2022-07-01T09:44:14","slug":"controlan-desdoblamiento-de-puestos-de-venta-en-mercados-de-cochabamba","status":"publish","type":"post","link":"https:\/\/www.eldiario.net\/portal\/2022\/07\/01\/controlan-desdoblamiento-de-puestos-de-venta-en-mercados-de-cochabamba\/","title":{"rendered":"Controlan desdoblamiento de puestos  de venta en mercados de Cochabamba"},"content":{"rendered":"<p>Con el objetivo de ordenar el trabajo de comerciantes de los diferentes mercados de la ciudad de Cochabamba, la Intendencia Municipal est\u00e1 realizando un estricto control para evitar que un comerciante pueda acceder a dos puestos de venta en un mismo lugar.<\/p>\n<p>El director de la Intendencia, Enrique Navia, inform\u00f3 que trabajan junto a las Direcciones de Movilidad Urbana y Seguridad Ciudadana controlando los distintos mercados del municipio.<\/p>\n<p>\u201cEstamos con la Guardia, trabajando en el Mercado 10 de Febrero de Sebasti\u00e1n Pagador, Cruce Taqui\u00f1a, La Pampa, Calatayud; sin embargo, intensificamos los controles los d\u00edas mi\u00e9rcoles y s\u00e1bados o llamados d\u00edas de cancha\u201d, se\u00f1al\u00f3 Navia.<\/p>\n<p>A partir de las 8:00 horas los guardias municipales retiran a los llamados \u201cma\u00f1aneros\u201d para dar mayor fluidez al tr\u00e1fico vehicular, despu\u00e9s de ese horario inician con los comerciantes ambulantes.<\/p>\n<p>\u201cLos vendedores ambulantes, por lo general, tienes sus puestos y hacen desdobles, contratan personas para que salgan a vender en las calles,\u00a0 pero no solo\u00a0 estamos abocados en mercados estamos en la avenida San Mart\u00edn, controlando las patentes\u00a0 estamos entrando a todos los sectores\u201d, afirm\u00f3 el Intendente.<\/p>\n<p>SEGURIDAD<\/p>\n<p>La Direcci\u00f3n de Seguridad Ciudadana del Gobierno Aut\u00f3nomo Municipal de Cochabamba (GAMC) desplaz\u00f3 guardias municipales en tres puntos de la populosa zona de la cancha, para precautelar la seguridad de los comerciantes y la ciudadan\u00eda en general.<\/p>\n<p>\u201cSe designaron para este trabajo guardias que patrullar\u00e1n de forma diaria, pero los d\u00edas mi\u00e9rcoles y s\u00e1bados vamos a intensificar los controles\u00a0\u00a0 para dar mayor seguridad en los mercados del centro de la ciudad\u201d, asever\u00f3 Pantoja.<\/p>\n<p>Se tienen tres puntos de intervenci\u00f3n: la avenida San Mart\u00edn y Punata, Rep\u00fablica y Punata,\u00a0 adem\u00e1s de la 25 de Mayo y Punata. Seguridad Ciudadana despleg\u00f3 guardias a lo largo de estos mercados junto a veh\u00edculos municipales.<\/p>\n<p>\u201cNuestro objetivo es dar seguridad a los visitantes y comerciantes (\u2026) Hemos identificado a personas inhaladoras de clefa que amedrentaban dentro el mercado\u201d, se\u00f1al\u00f3 Pantoja.<\/p>\n<p>Los controles se realizan en distintos puntos de la ciudad, para ello, se desplaz\u00f3 personal de seguridad ciudadana en el Cristo de la Concordia, la ciclov\u00eda y pr\u00f3ximamente en el pasaje del Boulevard. (Cochabamba, EL DIARIO y agencias)<\/p>\n","protected":false},"excerpt":{"rendered":"<p>Con el objetivo de ordenar el trabajo de comerciantes de los diferentes mercados de la ciudad de Cochabamba, la Intendencia Municipal est\u00e1 realizando un estricto control para evitar que un comerciante pueda acceder a dos puestos de venta en un mismo lugar. El director de la Intendencia, Enrique Navia, inform\u00f3 que trabajan junto a las [&hellip;]<\/p>\n","protected":false},"author":1,"featured_media":94148,"comment_status":"closed","ping_status":"closed","sticky":false,"template":"","format":"standard","meta":{"_acf_changed":false,"footnotes":""},"categories":[12],"tags":[],"class_list":["post-94147","post","type-post","status-publish","format-standard","has-post-thumbnail","category-nacional"],"acf":{"antetitulo":""},"yoast_head":"<!-- This site is optimized with the Yoast SEO plugin v28.3 - https:\/\/yoast.com\/product\/yoast-seo-wordpress\/ -->\n<title>Controlan desdoblamiento de puestos de venta en mercados de Cochabamba - El Diario - Bolivia<\/title>\n<meta name=\"robots\" content=\"index, follow, max-snippet:-1, max-image-preview:large, max-video-preview:-1\" \/>\n<link rel=\"canonical\" href=\"https:\/\/www.eldiario.net\/portal\/2022\/07\/01\/controlan-desdoblamiento-de-puestos-de-venta-en-mercados-de-cochabamba\/\" \/>\n<meta property=\"og:locale\" content=\"es_ES\" \/>\n<meta property=\"og:type\" content=\"article\" \/>\n<meta property=\"og:title\" content=\"Controlan desdoblamiento de puestos de venta en mercados de Cochabamba - El Diario - Bolivia\" \/>\n<meta property=\"og:description\" content=\"Con el objetivo de ordenar el trabajo de comerciantes de los diferentes mercados de la ciudad de Cochabamba, la Intendencia Municipal est\u00e1 realizando un estricto control para evitar que un comerciante pueda acceder a dos puestos de venta en un mismo lugar. El director de la Intendencia, Enrique Navia, inform\u00f3 que trabajan junto a las [&hellip;]\" \/>\n<meta property=\"og:url\" content=\"https:\/\/www.eldiario.net\/portal\/2022\/07\/01\/controlan-desdoblamiento-de-puestos-de-venta-en-mercados-de-cochabamba\/\" \/>\n<meta property=\"og:site_name\" content=\"El Diario - Bolivia\" \/>\n<meta property=\"article:publisher\" content=\"https:\/\/www.facebook.com\/eldiario.bolivia\/\" \/>\n<meta property=\"article:published_time\" content=\"2022-07-01T09:44:14+00:00\" \/>\n<meta name=\"author\" content=\"Jeanette\" \/>\n<meta name=\"twitter:card\" content=\"summary_large_image\" \/>\n<meta name=\"twitter:creator\" content=\"@eldiario_net\" \/>\n<meta name=\"twitter:site\" content=\"@eldiario_net\" \/>\n<meta name=\"twitter:label1\" content=\"Escrito por\" \/>\n\t<meta name=\"twitter:data1\" content=\"Jeanette\" \/>\n\t<meta name=\"twitter:label2\" content=\"Tiempo de lectura\" \/>\n\t<meta name=\"twitter:data2\" content=\"2 minutos\" \/>\n<script type=\"application\/ld+json\" class=\"yoast-schema-graph\">{\"@context\":\"https:\\\/\\\/schema.org\",\"@graph\":[{\"@type\":\"Article\",\"@id\":\"https:\\\/\\\/www.eldiario.net\\\/portal\\\/2022\\\/07\\\/01\\\/controlan-desdoblamiento-de-puestos-de-venta-en-mercados-de-cochabamba\\\/#article\",\"isPartOf\":{\"@id\":\"https:\\\/\\\/www.eldiario.net\\\/portal\\\/2022\\\/07\\\/01\\\/controlan-desdoblamiento-de-puestos-de-venta-en-mercados-de-cochabamba\\\/\"},\"author\":{\"name\":\"Jeanette\",\"@id\":\"https:\\\/\\\/www.eldiario.net\\\/portal\\\/#\\\/schema\\\/person\\\/f46445640444750d7d753ccd04ae01b7\"},\"headline\":\"Controlan desdoblamiento de puestos de venta en mercados de Cochabamba\",\"datePublished\":\"2022-07-01T09:44:14+00:00\",\"mainEntityOfPage\":{\"@id\":\"https:\\\/\\\/www.eldiario.net\\\/portal\\\/2022\\\/07\\\/01\\\/controlan-desdoblamiento-de-puestos-de-venta-en-mercados-de-cochabamba\\\/\"},\"wordCount\":387,\"publisher\":{\"@id\":\"https:\\\/\\\/www.eldiario.net\\\/portal\\\/#organization\"},\"image\":{\"@id\":\"https:\\\/\\\/www.eldiario.net\\\/portal\\\/2022\\\/07\\\/01\\\/controlan-desdoblamiento-de-puestos-de-venta-en-mercados-de-cochabamba\\\/#primaryimage\"},\"thumbnailUrl\":\"\",\"articleSection\":[\"Nacional\"],\"inLanguage\":\"es\"},{\"@type\":\"WebPage\",\"@id\":\"https:\\\/\\\/www.eldiario.net\\\/portal\\\/2022\\\/07\\\/01\\\/controlan-desdoblamiento-de-puestos-de-venta-en-mercados-de-cochabamba\\\/\",\"url\":\"https:\\\/\\\/www.eldiario.net\\\/portal\\\/2022\\\/07\\\/01\\\/controlan-desdoblamiento-de-puestos-de-venta-en-mercados-de-cochabamba\\\/\",\"name\":\"Controlan desdoblamiento de puestos de venta en mercados de Cochabamba - El Diario - Bolivia\",\"isPartOf\":{\"@id\":\"https:\\\/\\\/www.eldiario.net\\\/portal\\\/#website\"},\"primaryImageOfPage\":{\"@id\":\"https:\\\/\\\/www.eldiario.net\\\/portal\\\/2022\\\/07\\\/01\\\/controlan-desdoblamiento-de-puestos-de-venta-en-mercados-de-cochabamba\\\/#primaryimage\"},\"image\":{\"@id\":\"https:\\\/\\\/www.eldiario.net\\\/portal\\\/2022\\\/07\\\/01\\\/controlan-desdoblamiento-de-puestos-de-venta-en-mercados-de-cochabamba\\\/#primaryimage\"},\"thumbnailUrl\":\"\",\"datePublished\":\"2022-07-01T09:44:14+00:00\",\"breadcrumb\":{\"@id\":\"https:\\\/\\\/www.eldiario.net\\\/portal\\\/2022\\\/07\\\/01\\\/controlan-desdoblamiento-de-puestos-de-venta-en-mercados-de-cochabamba\\\/#breadcrumb\"},\"inLanguage\":\"es\",\"potentialAction\":[{\"@type\":\"ReadAction\",\"target\":[\"https:\\\/\\\/www.eldiario.net\\\/portal\\\/2022\\\/07\\\/01\\\/controlan-desdoblamiento-de-puestos-de-venta-en-mercados-de-cochabamba\\\/\"]}]},{\"@type\":\"ImageObject\",\"inLanguage\":\"es\",\"@id\":\"https:\\\/\\\/www.eldiario.net\\\/portal\\\/2022\\\/07\\\/01\\\/controlan-desdoblamiento-de-puestos-de-venta-en-mercados-de-cochabamba\\\/#primaryimage\",\"url\":\"\",\"contentUrl\":\"\"},{\"@type\":\"BreadcrumbList\",\"@id\":\"https:\\\/\\\/www.eldiario.net\\\/portal\\\/2022\\\/07\\\/01\\\/controlan-desdoblamiento-de-puestos-de-venta-en-mercados-de-cochabamba\\\/#breadcrumb\",\"itemListElement\":[{\"@type\":\"ListItem\",\"position\":1,\"name\":\"Portada\",\"item\":\"https:\\\/\\\/www.eldiario.net\\\/portal\\\/\"},{\"@type\":\"ListItem\",\"position\":2,\"name\":\"Controlan desdoblamiento de puestos de venta en mercados de Cochabamba\"}]},{\"@type\":\"WebSite\",\"@id\":\"https:\\\/\\\/www.eldiario.net\\\/portal\\\/#website\",\"url\":\"https:\\\/\\\/www.eldiario.net\\\/portal\\\/\",\"name\":\"El Diario - Decano de la prensa nacional\",\"description\":\"El Diario - Decano de la prensa nacional\",\"publisher\":{\"@id\":\"https:\\\/\\\/www.eldiario.net\\\/portal\\\/#organization\"},\"potentialAction\":[{\"@type\":\"SearchAction\",\"target\":{\"@type\":\"EntryPoint\",\"urlTemplate\":\"https:\\\/\\\/www.eldiario.net\\\/portal\\\/?s={search_term_string}\"},\"query-input\":{\"@type\":\"PropertyValueSpecification\",\"valueRequired\":true,\"valueName\":\"search_term_string\"}}],\"inLanguage\":\"es\"},{\"@type\":\"Organization\",\"@id\":\"https:\\\/\\\/www.eldiario.net\\\/portal\\\/#organization\",\"name\":\"El Diario - Decano de la prensa nacional\",\"url\":\"https:\\\/\\\/www.eldiario.net\\\/portal\\\/\",\"logo\":{\"@type\":\"ImageObject\",\"inLanguage\":\"es\",\"@id\":\"https:\\\/\\\/www.eldiario.net\\\/portal\\\/#\\\/schema\\\/logo\\\/image\\\/\",\"url\":\"https:\\\/\\\/www.eldiario.net\\\/portal\\\/wp-content\\\/uploads\\\/2023\\\/07\\\/logo_ED.jpg\",\"contentUrl\":\"https:\\\/\\\/www.eldiario.net\\\/portal\\\/wp-content\\\/uploads\\\/2023\\\/07\\\/logo_ED.jpg\",\"width\":272,\"height\":52,\"caption\":\"El Diario - Decano de la prensa nacional\"},\"image\":{\"@id\":\"https:\\\/\\\/www.eldiario.net\\\/portal\\\/#\\\/schema\\\/logo\\\/image\\\/\"},\"sameAs\":[\"https:\\\/\\\/www.facebook.com\\\/eldiario.bolivia\\\/\",\"https:\\\/\\\/x.com\\\/eldiario_net\"]},{\"@type\":\"Person\",\"@id\":\"https:\\\/\\\/www.eldiario.net\\\/portal\\\/#\\\/schema\\\/person\\\/f46445640444750d7d753ccd04ae01b7\",\"name\":\"Jeanette\",\"image\":{\"@type\":\"ImageObject\",\"inLanguage\":\"es\",\"@id\":\"https:\\\/\\\/secure.gravatar.com\\\/avatar\\\/3ea2118a5f7dad2b7138b1187a6b7ee55f160b9968b66013c3a3ef39dd7e5798?s=96&d=mm&r=g\",\"url\":\"https:\\\/\\\/secure.gravatar.com\\\/avatar\\\/3ea2118a5f7dad2b7138b1187a6b7ee55f160b9968b66013c3a3ef39dd7e5798?s=96&d=mm&r=g\",\"contentUrl\":\"https:\\\/\\\/secure.gravatar.com\\\/avatar\\\/3ea2118a5f7dad2b7138b1187a6b7ee55f160b9968b66013c3a3ef39dd7e5798?s=96&d=mm&r=g\",\"caption\":\"Jeanette\"},\"sameAs\":[\"https:\\\/\\\/www.eldiario.net\\\/portal\"],\"url\":\"https:\\\/\\\/www.eldiario.net\\\/portal\\\/author\\\/jeanette\\\/\"}]}<\/script>\n<!-- \/ Yoast SEO plugin. -->","yoast_head_json":{"title":"Controlan desdoblamiento de puestos de venta en mercados de Cochabamba - El Diario - Bolivia","robots":{"index":"index","follow":"follow","max-snippet":"max-snippet:-1","max-image-preview":"max-image-preview:large","max-video-preview":"max-video-preview:-1"},"canonical":"https:\/\/www.eldiario.net\/portal\/2022\/07\/01\/controlan-desdoblamiento-de-puestos-de-venta-en-mercados-de-cochabamba\/","og_locale":"es_ES","og_type":"article","og_title":"Controlan desdoblamiento de puestos de venta en mercados de Cochabamba - El Diario - Bolivia","og_description":"Con el objetivo de ordenar el trabajo de comerciantes de los diferentes mercados de la ciudad de Cochabamba, la Intendencia Municipal est\u00e1 realizando un estricto control para evitar que un comerciante pueda acceder a dos puestos de venta en un mismo lugar. El director de la Intendencia, Enrique Navia, inform\u00f3 que trabajan junto a las [&hellip;]","og_url":"https:\/\/www.eldiario.net\/portal\/2022\/07\/01\/controlan-desdoblamiento-de-puestos-de-venta-en-mercados-de-cochabamba\/","og_site_name":"El Diario - Bolivia","article_publisher":"https:\/\/www.facebook.com\/eldiario.bolivia\/","article_published_time":"2022-07-01T09:44:14+00:00","author":"Jeanette","twitter_card":"summary_large_image","twitter_creator":"@eldiario_net","twitter_site":"@eldiario_net","twitter_misc":{"Escrito por":"Jeanette","Tiempo de lectura":"2 minutos"},"schema":{"@context":"https:\/\/schema.org","@graph":[{"@type":"Article","@id":"https:\/\/www.eldiario.net\/portal\/2022\/07\/01\/controlan-desdoblamiento-de-puestos-de-venta-en-mercados-de-cochabamba\/#article","isPartOf":{"@id":"https:\/\/www.eldiario.net\/portal\/2022\/07\/01\/controlan-desdoblamiento-de-puestos-de-venta-en-mercados-de-cochabamba\/"},"author":{"name":"Jeanette","@id":"https:\/\/www.eldiario.net\/portal\/#\/schema\/person\/f46445640444750d7d753ccd04ae01b7"},"headline":"Controlan desdoblamiento de puestos de venta en mercados de Cochabamba","datePublished":"2022-07-01T09:44:14+00:00","mainEntityOfPage":{"@id":"https:\/\/www.eldiario.net\/portal\/2022\/07\/01\/controlan-desdoblamiento-de-puestos-de-venta-en-mercados-de-cochabamba\/"},"wordCount":387,"publisher":{"@id":"https:\/\/www.eldiario.net\/portal\/#organization"},"image":{"@id":"https:\/\/www.eldiario.net\/portal\/2022\/07\/01\/controlan-desdoblamiento-de-puestos-de-venta-en-mercados-de-cochabamba\/#primaryimage"},"thumbnailUrl":"","articleSection":["Nacional"],"inLanguage":"es"},{"@type":"WebPage","@id":"https:\/\/www.eldiario.net\/portal\/2022\/07\/01\/controlan-desdoblamiento-de-puestos-de-venta-en-mercados-de-cochabamba\/","url":"https:\/\/www.eldiario.net\/portal\/2022\/07\/01\/controlan-desdoblamiento-de-puestos-de-venta-en-mercados-de-cochabamba\/","name":"Controlan desdoblamiento de puestos de venta en mercados de Cochabamba - El Diario - Bolivia","isPartOf":{"@id":"https:\/\/www.eldiario.net\/portal\/#website"},"primaryImageOfPage":{"@id":"https:\/\/www.eldiario.net\/portal\/2022\/07\/01\/controlan-desdoblamiento-de-puestos-de-venta-en-mercados-de-cochabamba\/#primaryimage"},"image":{"@id":"https:\/\/www.eldiario.net\/portal\/2022\/07\/01\/controlan-desdoblamiento-de-puestos-de-venta-en-mercados-de-cochabamba\/#primaryimage"},"thumbnailUrl":"","datePublished":"2022-07-01T09:44:14+00:00","breadcrumb":{"@id":"https:\/\/www.eldiario.net\/portal\/2022\/07\/01\/controlan-desdoblamiento-de-puestos-de-venta-en-mercados-de-cochabamba\/#breadcrumb"},"inLanguage":"es","potentialAction":[{"@type":"ReadAction","target":["https:\/\/www.eldiario.net\/portal\/2022\/07\/01\/controlan-desdoblamiento-de-puestos-de-venta-en-mercados-de-cochabamba\/"]}]},{"@type":"ImageObject","inLanguage":"es","@id":"https:\/\/www.eldiario.net\/portal\/2022\/07\/01\/controlan-desdoblamiento-de-puestos-de-venta-en-mercados-de-cochabamba\/#primaryimage","url":"","contentUrl":""},{"@type":"BreadcrumbList","@id":"https:\/\/www.eldiario.net\/portal\/2022\/07\/01\/controlan-desdoblamiento-de-puestos-de-venta-en-mercados-de-cochabamba\/#breadcrumb","itemListElement":[{"@type":"ListItem","position":1,"name":"Portada","item":"https:\/\/www.eldiario.net\/portal\/"},{"@type":"ListItem","position":2,"name":"Controlan desdoblamiento de puestos de venta en mercados de Cochabamba"}]},{"@type":"WebSite","@id":"https:\/\/www.eldiario.net\/portal\/#website","url":"https:\/\/www.eldiario.net\/portal\/","name":"El Diario - Decano de la prensa nacional","description":"El Diario - Decano de la prensa nacional","publisher":{"@id":"https:\/\/www.eldiario.net\/portal\/#organization"},"potentialAction":[{"@type":"SearchAction","target":{"@type":"EntryPoint","urlTemplate":"https:\/\/www.eldiario.net\/portal\/?s={search_term_string}"},"query-input":{"@type":"PropertyValueSpecification","valueRequired":true,"valueName":"search_term_string"}}],"inLanguage":"es"},{"@type":"Organization","@id":"https:\/\/www.eldiario.net\/portal\/#organization","name":"El Diario - Decano de la prensa nacional","url":"https:\/\/www.eldiario.net\/portal\/","logo":{"@type":"ImageObject","inLanguage":"es","@id":"https:\/\/www.eldiario.net\/portal\/#\/schema\/logo\/image\/","url":"https:\/\/www.eldiario.net\/portal\/wp-content\/uploads\/2023\/07\/logo_ED.jpg","contentUrl":"https:\/\/www.eldiario.net\/portal\/wp-content\/uploads\/2023\/07\/logo_ED.jpg","width":272,"height":52,"caption":"El Diario - Decano de la prensa nacional"},"image":{"@id":"https:\/\/www.eldiario.net\/portal\/#\/schema\/logo\/image\/"},"sameAs":["https:\/\/www.facebook.com\/eldiario.bolivia\/","https:\/\/x.com\/eldiario_net"]},{"@type":"Person","@id":"https:\/\/www.eldiario.net\/portal\/#\/schema\/person\/f46445640444750d7d753ccd04ae01b7","name":"Jeanette","image":{"@type":"ImageObject","inLanguage":"es","@id":"https:\/\/secure.gravatar.com\/avatar\/3ea2118a5f7dad2b7138b1187a6b7ee55f160b9968b66013c3a3ef39dd7e5798?s=96&d=mm&r=g","url":"https:\/\/secure.gravatar.com\/avatar\/3ea2118a5f7dad2b7138b1187a6b7ee55f160b9968b66013c3a3ef39dd7e5798?s=96&d=mm&r=g","contentUrl":"https:\/\/secure.gravatar.com\/avatar\/3ea2118a5f7dad2b7138b1187a6b7ee55f160b9968b66013c3a3ef39dd7e5798?s=96&d=mm&r=g","caption":"Jeanette"},"sameAs":["https:\/\/www.eldiario.net\/portal"],"url":"https:\/\/www.eldiario.net\/portal\/author\/jeanette\/"}]}},"_links":{"self":[{"href":"https:\/\/www.eldiario.net\/portal\/wp-json\/wp\/v2\/posts\/94147","targetHints":{"allow":["GET"]}}],"collection":[{"href":"https:\/\/www.eldiario.net\/portal\/wp-json\/wp\/v2\/posts"}],"about":[{"href":"https:\/\/www.eldiario.net\/portal\/wp-json\/wp\/v2\/types\/post"}],"author":[{"embeddable":true,"href":"https:\/\/www.eldiario.net\/portal\/wp-json\/wp\/v2\/users\/1"}],"replies":[{"embeddable":true,"href":"https:\/\/www.eldiario.net\/portal\/wp-json\/wp\/v2\/comments?post=94147"}],"version-history":[{"count":0,"href":"https:\/\/www.eldiario.net\/portal\/wp-json\/wp\/v2\/posts\/94147\/revisions"}],"wp:attachment":[{"href":"https:\/\/www.eldiario.net\/portal\/wp-json\/wp\/v2\/media?parent=94147"}],"wp:term":[{"taxonomy":"category","embeddable":true,"href":"https:\/\/www.eldiario.net\/portal\/wp-json\/wp\/v2\/categories?post=94147"},{"taxonomy":"post_tag","embeddable":true,"href":"https:\/\/www.eldiario.net\/portal\/wp-json\/wp\/v2\/tags?post=94147"}],"curies":[{"name":"wp","href":"https:\/\/api.w.org\/{rel}","templated":true}]}}