{"id":93968,"date":"2022-06-30T06:10:52","date_gmt":"2022-06-30T10:10:52","guid":{"rendered":"https:\/\/www.eldiario.net\/portal\/?p=93968"},"modified":"2022-06-30T06:10:52","modified_gmt":"2022-06-30T10:10:52","slug":"apdhb-rechaza-y-condena-continuidad-de-politica-extractivista-gubernamental","status":"publish","type":"post","link":"https:\/\/www.eldiario.net\/portal\/2022\/06\/30\/apdhb-rechaza-y-condena-continuidad-de-politica-extractivista-gubernamental\/","title":{"rendered":"APDHB rechaza y condena continuidad  de pol\u00edtica extractivista gubernamental"},"content":{"rendered":"<p>La Asamblea Permanente de Derechos Humanos de Bolivia (APDHB) manifest\u00f3 su rechazo a la continuidad en la aplicaci\u00f3n de pol\u00edticas \u201cextractivistas\u201d por parte del gobierno del Movimiento al Socialismo (MAS), se\u00f1alando que bajo el argumento de aplicar el socialismo del Siglo XXI aplica un modelo depredador y confiscador, adem\u00e1s de perseguir y amedrentar a quienes denuncian estos abusos.<\/p>\n<p>Mediante un pronunciamiento emitido por esta instancia tras una reuni\u00f3n de su Comit\u00e9 Ejecutivo Nacional Ampliado, se conden\u00f3 las pol\u00edticas aplicadas por el actual gobierno sobre todo en los referido a la afectaci\u00f3n de la naturaleza en \u00e1reas protegidas, adem\u00e1s de rechazar las represalias aplicadas contra ciudadanos que denuncian abusos.<\/p>\n<p>\u201cCondenamos la continuidad en la pol\u00edtica extractivista del actual Gobierno, que no duda en invadir parques naturales, atropellar pueblos ind\u00edgenas, \u00e1reas protegidas como la reserva de flora y fauna de Tariqu\u00eda en Tarija, el Madidi con la extracci\u00f3n de oro en La Paz, el TIPNIS en Beni que persiste en la apertura de la carretera, la explotaci\u00f3n irracional y entregusita del Salar de Uyuni, entre otros, contrario al art\u00edculo 33 de la CPE\u201d, se\u00f1ala parte del documento.<\/p>\n<p>De la misma forma, se cuestiona el proceder de la actual justicia boliviana, denunciando una manipulaci\u00f3n dirigida desde el partido en funci\u00f3n de gobierno para amedrentar a sus oponentes pol\u00edticos como ocurre en el caso de la expresidenta transitoria.<\/p>\n<p>\u201cDenunciamos al pueblo boliviano el accionar de una administraci\u00f3n de justicia instrumentalizada dependiente del gobierno y del MAS, que en su pol\u00edtica represiva no duda en encarcelar a personas que considera opositoras. Legando al extremo de dictar una sentencia de 10 a\u00f1os a la expresidenta Jeanine A\u00f1ez, sin respetar el debido proceso y un juicio justo\u201d.<\/p>\n<p>La nota adem\u00e1s se exige a los operadores de justicia nacionales actuar con transparencia, independencia y profesionalismo en la resoluci\u00f3n de denuncias por muertes en extra\u00f1as circunstancias suscitadas en las \u00faltimas semanas.<\/p>\n<p>Esta instancia, constituida en tiempos de dictadura, reafirma el liderazgo de Amparo Carvajal al frente de la APDHB, quien cuenta con el respaldo pleno de las Asambleas Departamentales.<\/p>\n","protected":false},"excerpt":{"rendered":"<p>La Asamblea Permanente de Derechos Humanos de Bolivia (APDHB) manifest\u00f3 su rechazo a la continuidad en la aplicaci\u00f3n de pol\u00edticas \u201cextractivistas\u201d por parte del gobierno del Movimiento al Socialismo (MAS), se\u00f1alando que bajo el argumento de aplicar el socialismo del Siglo XXI aplica un modelo depredador y confiscador, adem\u00e1s de perseguir y amedrentar a quienes [&hellip;]<\/p>\n","protected":false},"author":1,"featured_media":93969,"comment_status":"closed","ping_status":"closed","sticky":false,"template":"","format":"standard","meta":{"_acf_changed":false,"footnotes":""},"categories":[14],"tags":[],"class_list":["post-93968","post","type-post","status-publish","format-standard","has-post-thumbnail","category-politica"],"acf":{"antetitulo":""},"yoast_head":"<!-- This site is optimized with the Yoast SEO plugin v28.3 - https:\/\/yoast.com\/product\/yoast-seo-wordpress\/ -->\n<title>APDHB rechaza y condena continuidad de pol\u00edtica extractivista gubernamental - El Diario - Bolivia<\/title>\n<meta name=\"robots\" content=\"index, follow, max-snippet:-1, max-image-preview:large, max-video-preview:-1\" \/>\n<link rel=\"canonical\" href=\"https:\/\/www.eldiario.net\/portal\/2022\/06\/30\/apdhb-rechaza-y-condena-continuidad-de-politica-extractivista-gubernamental\/\" \/>\n<meta property=\"og:locale\" content=\"es_ES\" \/>\n<meta property=\"og:type\" content=\"article\" \/>\n<meta property=\"og:title\" content=\"APDHB rechaza y condena continuidad de pol\u00edtica extractivista gubernamental - El Diario - Bolivia\" \/>\n<meta property=\"og:description\" content=\"La Asamblea Permanente de Derechos Humanos de Bolivia (APDHB) manifest\u00f3 su rechazo a la continuidad en la aplicaci\u00f3n de pol\u00edticas \u201cextractivistas\u201d por parte del gobierno del Movimiento al Socialismo (MAS), se\u00f1alando que bajo el argumento de aplicar el socialismo del Siglo XXI aplica un modelo depredador y confiscador, adem\u00e1s de perseguir y amedrentar a quienes [&hellip;]\" \/>\n<meta property=\"og:url\" content=\"https:\/\/www.eldiario.net\/portal\/2022\/06\/30\/apdhb-rechaza-y-condena-continuidad-de-politica-extractivista-gubernamental\/\" \/>\n<meta property=\"og:site_name\" content=\"El Diario - Bolivia\" \/>\n<meta property=\"article:publisher\" content=\"https:\/\/www.facebook.com\/eldiario.bolivia\/\" \/>\n<meta property=\"article:published_time\" content=\"2022-06-30T10:10:52+00:00\" \/>\n<meta name=\"author\" content=\"Jeanette\" \/>\n<meta name=\"twitter:card\" content=\"summary_large_image\" \/>\n<meta name=\"twitter:creator\" content=\"@eldiario_net\" \/>\n<meta name=\"twitter:site\" content=\"@eldiario_net\" \/>\n<meta name=\"twitter:label1\" content=\"Escrito por\" \/>\n\t<meta name=\"twitter:data1\" content=\"Jeanette\" \/>\n\t<meta name=\"twitter:label2\" content=\"Tiempo de lectura\" \/>\n\t<meta name=\"twitter:data2\" content=\"2 minutos\" \/>\n<script type=\"application\/ld+json\" class=\"yoast-schema-graph\">{\"@context\":\"https:\\\/\\\/schema.org\",\"@graph\":[{\"@type\":\"Article\",\"@id\":\"https:\\\/\\\/www.eldiario.net\\\/portal\\\/2022\\\/06\\\/30\\\/apdhb-rechaza-y-condena-continuidad-de-politica-extractivista-gubernamental\\\/#article\",\"isPartOf\":{\"@id\":\"https:\\\/\\\/www.eldiario.net\\\/portal\\\/2022\\\/06\\\/30\\\/apdhb-rechaza-y-condena-continuidad-de-politica-extractivista-gubernamental\\\/\"},\"author\":{\"name\":\"Jeanette\",\"@id\":\"https:\\\/\\\/www.eldiario.net\\\/portal\\\/#\\\/schema\\\/person\\\/f46445640444750d7d753ccd04ae01b7\"},\"headline\":\"APDHB rechaza y condena continuidad de pol\u00edtica extractivista gubernamental\",\"datePublished\":\"2022-06-30T10:10:52+00:00\",\"mainEntityOfPage\":{\"@id\":\"https:\\\/\\\/www.eldiario.net\\\/portal\\\/2022\\\/06\\\/30\\\/apdhb-rechaza-y-condena-continuidad-de-politica-extractivista-gubernamental\\\/\"},\"wordCount\":373,\"publisher\":{\"@id\":\"https:\\\/\\\/www.eldiario.net\\\/portal\\\/#organization\"},\"image\":{\"@id\":\"https:\\\/\\\/www.eldiario.net\\\/portal\\\/2022\\\/06\\\/30\\\/apdhb-rechaza-y-condena-continuidad-de-politica-extractivista-gubernamental\\\/#primaryimage\"},\"thumbnailUrl\":\"\",\"articleSection\":[\"Pol\u00edtica\"],\"inLanguage\":\"es\"},{\"@type\":\"WebPage\",\"@id\":\"https:\\\/\\\/www.eldiario.net\\\/portal\\\/2022\\\/06\\\/30\\\/apdhb-rechaza-y-condena-continuidad-de-politica-extractivista-gubernamental\\\/\",\"url\":\"https:\\\/\\\/www.eldiario.net\\\/portal\\\/2022\\\/06\\\/30\\\/apdhb-rechaza-y-condena-continuidad-de-politica-extractivista-gubernamental\\\/\",\"name\":\"APDHB rechaza y condena continuidad de pol\u00edtica extractivista gubernamental - El Diario - Bolivia\",\"isPartOf\":{\"@id\":\"https:\\\/\\\/www.eldiario.net\\\/portal\\\/#website\"},\"primaryImageOfPage\":{\"@id\":\"https:\\\/\\\/www.eldiario.net\\\/portal\\\/2022\\\/06\\\/30\\\/apdhb-rechaza-y-condena-continuidad-de-politica-extractivista-gubernamental\\\/#primaryimage\"},\"image\":{\"@id\":\"https:\\\/\\\/www.eldiario.net\\\/portal\\\/2022\\\/06\\\/30\\\/apdhb-rechaza-y-condena-continuidad-de-politica-extractivista-gubernamental\\\/#primaryimage\"},\"thumbnailUrl\":\"\",\"datePublished\":\"2022-06-30T10:10:52+00:00\",\"breadcrumb\":{\"@id\":\"https:\\\/\\\/www.eldiario.net\\\/portal\\\/2022\\\/06\\\/30\\\/apdhb-rechaza-y-condena-continuidad-de-politica-extractivista-gubernamental\\\/#breadcrumb\"},\"inLanguage\":\"es\",\"potentialAction\":[{\"@type\":\"ReadAction\",\"target\":[\"https:\\\/\\\/www.eldiario.net\\\/portal\\\/2022\\\/06\\\/30\\\/apdhb-rechaza-y-condena-continuidad-de-politica-extractivista-gubernamental\\\/\"]}]},{\"@type\":\"ImageObject\",\"inLanguage\":\"es\",\"@id\":\"https:\\\/\\\/www.eldiario.net\\\/portal\\\/2022\\\/06\\\/30\\\/apdhb-rechaza-y-condena-continuidad-de-politica-extractivista-gubernamental\\\/#primaryimage\",\"url\":\"\",\"contentUrl\":\"\"},{\"@type\":\"BreadcrumbList\",\"@id\":\"https:\\\/\\\/www.eldiario.net\\\/portal\\\/2022\\\/06\\\/30\\\/apdhb-rechaza-y-condena-continuidad-de-politica-extractivista-gubernamental\\\/#breadcrumb\",\"itemListElement\":[{\"@type\":\"ListItem\",\"position\":1,\"name\":\"Portada\",\"item\":\"https:\\\/\\\/www.eldiario.net\\\/portal\\\/\"},{\"@type\":\"ListItem\",\"position\":2,\"name\":\"APDHB rechaza y condena continuidad de pol\u00edtica extractivista gubernamental\"}]},{\"@type\":\"WebSite\",\"@id\":\"https:\\\/\\\/www.eldiario.net\\\/portal\\\/#website\",\"url\":\"https:\\\/\\\/www.eldiario.net\\\/portal\\\/\",\"name\":\"El Diario - Decano de la prensa nacional\",\"description\":\"El Diario - Decano de la prensa nacional\",\"publisher\":{\"@id\":\"https:\\\/\\\/www.eldiario.net\\\/portal\\\/#organization\"},\"potentialAction\":[{\"@type\":\"SearchAction\",\"target\":{\"@type\":\"EntryPoint\",\"urlTemplate\":\"https:\\\/\\\/www.eldiario.net\\\/portal\\\/?s={search_term_string}\"},\"query-input\":{\"@type\":\"PropertyValueSpecification\",\"valueRequired\":true,\"valueName\":\"search_term_string\"}}],\"inLanguage\":\"es\"},{\"@type\":\"Organization\",\"@id\":\"https:\\\/\\\/www.eldiario.net\\\/portal\\\/#organization\",\"name\":\"El Diario - Decano de la prensa nacional\",\"url\":\"https:\\\/\\\/www.eldiario.net\\\/portal\\\/\",\"logo\":{\"@type\":\"ImageObject\",\"inLanguage\":\"es\",\"@id\":\"https:\\\/\\\/www.eldiario.net\\\/portal\\\/#\\\/schema\\\/logo\\\/image\\\/\",\"url\":\"https:\\\/\\\/www.eldiario.net\\\/portal\\\/wp-content\\\/uploads\\\/2023\\\/07\\\/logo_ED.jpg\",\"contentUrl\":\"https:\\\/\\\/www.eldiario.net\\\/portal\\\/wp-content\\\/uploads\\\/2023\\\/07\\\/logo_ED.jpg\",\"width\":272,\"height\":52,\"caption\":\"El Diario - Decano de la prensa nacional\"},\"image\":{\"@id\":\"https:\\\/\\\/www.eldiario.net\\\/portal\\\/#\\\/schema\\\/logo\\\/image\\\/\"},\"sameAs\":[\"https:\\\/\\\/www.facebook.com\\\/eldiario.bolivia\\\/\",\"https:\\\/\\\/x.com\\\/eldiario_net\"]},{\"@type\":\"Person\",\"@id\":\"https:\\\/\\\/www.eldiario.net\\\/portal\\\/#\\\/schema\\\/person\\\/f46445640444750d7d753ccd04ae01b7\",\"name\":\"Jeanette\",\"image\":{\"@type\":\"ImageObject\",\"inLanguage\":\"es\",\"@id\":\"https:\\\/\\\/secure.gravatar.com\\\/avatar\\\/3ea2118a5f7dad2b7138b1187a6b7ee55f160b9968b66013c3a3ef39dd7e5798?s=96&d=mm&r=g\",\"url\":\"https:\\\/\\\/secure.gravatar.com\\\/avatar\\\/3ea2118a5f7dad2b7138b1187a6b7ee55f160b9968b66013c3a3ef39dd7e5798?s=96&d=mm&r=g\",\"contentUrl\":\"https:\\\/\\\/secure.gravatar.com\\\/avatar\\\/3ea2118a5f7dad2b7138b1187a6b7ee55f160b9968b66013c3a3ef39dd7e5798?s=96&d=mm&r=g\",\"caption\":\"Jeanette\"},\"sameAs\":[\"https:\\\/\\\/www.eldiario.net\\\/portal\"],\"url\":\"https:\\\/\\\/www.eldiario.net\\\/portal\\\/author\\\/jeanette\\\/\"}]}<\/script>\n<!-- \/ Yoast SEO plugin. -->","yoast_head_json":{"title":"APDHB rechaza y condena continuidad de pol\u00edtica extractivista gubernamental - El Diario - Bolivia","robots":{"index":"index","follow":"follow","max-snippet":"max-snippet:-1","max-image-preview":"max-image-preview:large","max-video-preview":"max-video-preview:-1"},"canonical":"https:\/\/www.eldiario.net\/portal\/2022\/06\/30\/apdhb-rechaza-y-condena-continuidad-de-politica-extractivista-gubernamental\/","og_locale":"es_ES","og_type":"article","og_title":"APDHB rechaza y condena continuidad de pol\u00edtica extractivista gubernamental - El Diario - Bolivia","og_description":"La Asamblea Permanente de Derechos Humanos de Bolivia (APDHB) manifest\u00f3 su rechazo a la continuidad en la aplicaci\u00f3n de pol\u00edticas \u201cextractivistas\u201d por parte del gobierno del Movimiento al Socialismo (MAS), se\u00f1alando que bajo el argumento de aplicar el socialismo del Siglo XXI aplica un modelo depredador y confiscador, adem\u00e1s de perseguir y amedrentar a quienes [&hellip;]","og_url":"https:\/\/www.eldiario.net\/portal\/2022\/06\/30\/apdhb-rechaza-y-condena-continuidad-de-politica-extractivista-gubernamental\/","og_site_name":"El Diario - Bolivia","article_publisher":"https:\/\/www.facebook.com\/eldiario.bolivia\/","article_published_time":"2022-06-30T10:10:52+00:00","author":"Jeanette","twitter_card":"summary_large_image","twitter_creator":"@eldiario_net","twitter_site":"@eldiario_net","twitter_misc":{"Escrito por":"Jeanette","Tiempo de lectura":"2 minutos"},"schema":{"@context":"https:\/\/schema.org","@graph":[{"@type":"Article","@id":"https:\/\/www.eldiario.net\/portal\/2022\/06\/30\/apdhb-rechaza-y-condena-continuidad-de-politica-extractivista-gubernamental\/#article","isPartOf":{"@id":"https:\/\/www.eldiario.net\/portal\/2022\/06\/30\/apdhb-rechaza-y-condena-continuidad-de-politica-extractivista-gubernamental\/"},"author":{"name":"Jeanette","@id":"https:\/\/www.eldiario.net\/portal\/#\/schema\/person\/f46445640444750d7d753ccd04ae01b7"},"headline":"APDHB rechaza y condena continuidad de pol\u00edtica extractivista gubernamental","datePublished":"2022-06-30T10:10:52+00:00","mainEntityOfPage":{"@id":"https:\/\/www.eldiario.net\/portal\/2022\/06\/30\/apdhb-rechaza-y-condena-continuidad-de-politica-extractivista-gubernamental\/"},"wordCount":373,"publisher":{"@id":"https:\/\/www.eldiario.net\/portal\/#organization"},"image":{"@id":"https:\/\/www.eldiario.net\/portal\/2022\/06\/30\/apdhb-rechaza-y-condena-continuidad-de-politica-extractivista-gubernamental\/#primaryimage"},"thumbnailUrl":"","articleSection":["Pol\u00edtica"],"inLanguage":"es"},{"@type":"WebPage","@id":"https:\/\/www.eldiario.net\/portal\/2022\/06\/30\/apdhb-rechaza-y-condena-continuidad-de-politica-extractivista-gubernamental\/","url":"https:\/\/www.eldiario.net\/portal\/2022\/06\/30\/apdhb-rechaza-y-condena-continuidad-de-politica-extractivista-gubernamental\/","name":"APDHB rechaza y condena continuidad de pol\u00edtica extractivista gubernamental - El Diario - Bolivia","isPartOf":{"@id":"https:\/\/www.eldiario.net\/portal\/#website"},"primaryImageOfPage":{"@id":"https:\/\/www.eldiario.net\/portal\/2022\/06\/30\/apdhb-rechaza-y-condena-continuidad-de-politica-extractivista-gubernamental\/#primaryimage"},"image":{"@id":"https:\/\/www.eldiario.net\/portal\/2022\/06\/30\/apdhb-rechaza-y-condena-continuidad-de-politica-extractivista-gubernamental\/#primaryimage"},"thumbnailUrl":"","datePublished":"2022-06-30T10:10:52+00:00","breadcrumb":{"@id":"https:\/\/www.eldiario.net\/portal\/2022\/06\/30\/apdhb-rechaza-y-condena-continuidad-de-politica-extractivista-gubernamental\/#breadcrumb"},"inLanguage":"es","potentialAction":[{"@type":"ReadAction","target":["https:\/\/www.eldiario.net\/portal\/2022\/06\/30\/apdhb-rechaza-y-condena-continuidad-de-politica-extractivista-gubernamental\/"]}]},{"@type":"ImageObject","inLanguage":"es","@id":"https:\/\/www.eldiario.net\/portal\/2022\/06\/30\/apdhb-rechaza-y-condena-continuidad-de-politica-extractivista-gubernamental\/#primaryimage","url":"","contentUrl":""},{"@type":"BreadcrumbList","@id":"https:\/\/www.eldiario.net\/portal\/2022\/06\/30\/apdhb-rechaza-y-condena-continuidad-de-politica-extractivista-gubernamental\/#breadcrumb","itemListElement":[{"@type":"ListItem","position":1,"name":"Portada","item":"https:\/\/www.eldiario.net\/portal\/"},{"@type":"ListItem","position":2,"name":"APDHB rechaza y condena continuidad de pol\u00edtica extractivista gubernamental"}]},{"@type":"WebSite","@id":"https:\/\/www.eldiario.net\/portal\/#website","url":"https:\/\/www.eldiario.net\/portal\/","name":"El Diario - Decano de la prensa nacional","description":"El Diario - Decano de la prensa nacional","publisher":{"@id":"https:\/\/www.eldiario.net\/portal\/#organization"},"potentialAction":[{"@type":"SearchAction","target":{"@type":"EntryPoint","urlTemplate":"https:\/\/www.eldiario.net\/portal\/?s={search_term_string}"},"query-input":{"@type":"PropertyValueSpecification","valueRequired":true,"valueName":"search_term_string"}}],"inLanguage":"es"},{"@type":"Organization","@id":"https:\/\/www.eldiario.net\/portal\/#organization","name":"El Diario - Decano de la prensa nacional","url":"https:\/\/www.eldiario.net\/portal\/","logo":{"@type":"ImageObject","inLanguage":"es","@id":"https:\/\/www.eldiario.net\/portal\/#\/schema\/logo\/image\/","url":"https:\/\/www.eldiario.net\/portal\/wp-content\/uploads\/2023\/07\/logo_ED.jpg","contentUrl":"https:\/\/www.eldiario.net\/portal\/wp-content\/uploads\/2023\/07\/logo_ED.jpg","width":272,"height":52,"caption":"El Diario - Decano de la prensa nacional"},"image":{"@id":"https:\/\/www.eldiario.net\/portal\/#\/schema\/logo\/image\/"},"sameAs":["https:\/\/www.facebook.com\/eldiario.bolivia\/","https:\/\/x.com\/eldiario_net"]},{"@type":"Person","@id":"https:\/\/www.eldiario.net\/portal\/#\/schema\/person\/f46445640444750d7d753ccd04ae01b7","name":"Jeanette","image":{"@type":"ImageObject","inLanguage":"es","@id":"https:\/\/secure.gravatar.com\/avatar\/3ea2118a5f7dad2b7138b1187a6b7ee55f160b9968b66013c3a3ef39dd7e5798?s=96&d=mm&r=g","url":"https:\/\/secure.gravatar.com\/avatar\/3ea2118a5f7dad2b7138b1187a6b7ee55f160b9968b66013c3a3ef39dd7e5798?s=96&d=mm&r=g","contentUrl":"https:\/\/secure.gravatar.com\/avatar\/3ea2118a5f7dad2b7138b1187a6b7ee55f160b9968b66013c3a3ef39dd7e5798?s=96&d=mm&r=g","caption":"Jeanette"},"sameAs":["https:\/\/www.eldiario.net\/portal"],"url":"https:\/\/www.eldiario.net\/portal\/author\/jeanette\/"}]}},"_links":{"self":[{"href":"https:\/\/www.eldiario.net\/portal\/wp-json\/wp\/v2\/posts\/93968","targetHints":{"allow":["GET"]}}],"collection":[{"href":"https:\/\/www.eldiario.net\/portal\/wp-json\/wp\/v2\/posts"}],"about":[{"href":"https:\/\/www.eldiario.net\/portal\/wp-json\/wp\/v2\/types\/post"}],"author":[{"embeddable":true,"href":"https:\/\/www.eldiario.net\/portal\/wp-json\/wp\/v2\/users\/1"}],"replies":[{"embeddable":true,"href":"https:\/\/www.eldiario.net\/portal\/wp-json\/wp\/v2\/comments?post=93968"}],"version-history":[{"count":0,"href":"https:\/\/www.eldiario.net\/portal\/wp-json\/wp\/v2\/posts\/93968\/revisions"}],"wp:attachment":[{"href":"https:\/\/www.eldiario.net\/portal\/wp-json\/wp\/v2\/media?parent=93968"}],"wp:term":[{"taxonomy":"category","embeddable":true,"href":"https:\/\/www.eldiario.net\/portal\/wp-json\/wp\/v2\/categories?post=93968"},{"taxonomy":"post_tag","embeddable":true,"href":"https:\/\/www.eldiario.net\/portal\/wp-json\/wp\/v2\/tags?post=93968"}],"curies":[{"name":"wp","href":"https:\/\/api.w.org\/{rel}","templated":true}]}}