{"id":93964,"date":"2022-06-30T06:08:57","date_gmt":"2022-06-30T10:08:57","guid":{"rendered":"https:\/\/www.eldiario.net\/portal\/?p=93964"},"modified":"2022-06-30T06:08:57","modified_gmt":"2022-06-30T10:08:57","slug":"marcelino-quispe-nuevamente-asume-presidencia-de-comibol","status":"publish","type":"post","link":"https:\/\/www.eldiario.net\/portal\/2022\/06\/30\/marcelino-quispe-nuevamente-asume-presidencia-de-comibol\/","title":{"rendered":"Marcelino Quispe nuevamente asume presidencia de Comibol"},"content":{"rendered":"<p>Marcelino Quispe asumi\u00f3 nuevamente la presidencia ejecutiva de la Corporaci\u00f3n Minera de Bolivia (Comibol), cargo que fue ocupado durante la anterior administraci\u00f3n de Evo Morales. Tom\u00f3 juramento el presidente del Estado, Luis Arce Catacora.<\/p>\n<p>Al asumir funciones dijo que continuar\u00e1 con los proyectos que la Corporaci\u00f3n tiene en marcha en Oruro, Potos\u00ed, el oriente boliviano y el norte de La Paz.<\/p>\n<p>Adelant\u00f3 que trabajar\u00e1 con la Empresa Minera Huanuni para hacerla m\u00e1s productiva y que encarar\u00e1 esfuerzos para la \u201cremediaci\u00f3n ambiental\u201d del r\u00edo que atraviesa el centro minero orure\u00f1o.<\/p>\n<p>\u201cContinuar con la prospecci\u00f3n y exploraci\u00f3n de Negrillos, apoyar a la Empresa Nacional de Fundici\u00f3n de Esta\u00f1o, coordinar trabajos con los operadores mineros de Oruro\u201d, dijo que ser\u00e1n sus tareas inmediatas en el acto de posesi\u00f3n, que se cumpli\u00f3 en Casa Grande del Pueblo.<\/p>\n<p>En el departamento de Potos\u00ed, el nuevo titular de Comibol indic\u00f3 que continuar\u00e1 con la evaluaci\u00f3n del yacimiento Mesa de Plata, reactivar\u00e1 las operaciones de la metal\u00fargica Karachipampa y coordinar\u00e1 acciones con los operadores mineros locales para generar fuentes de empleo y reactivar la econom\u00eda.<\/p>\n<p>\u201cEn el oriente boliviano y el norte de La Paz continuar con las exploraciones de yacimientos de minerales estrat\u00e9gicos y aur\u00edferos principalmente\u201d, precis\u00f3.<\/p>\n<p>La miner\u00eda pasa por un buen momento debido a los altos precios de los minerales en el mercado internacional, pero que Bolivia no aprovecha al m\u00e1ximo por la falta de oferta, pero aun as\u00ed este sector lideriza las ventas nacionales al mercado externo.<\/p>\n<p>Anuncios<\/p>\n<p>El Presidente Luis Arce anunci\u00f3 el ingreso del pa\u00eds a la extracci\u00f3n de minerales estrat\u00e9gicos como el litio, grafito, cobalto, cobre, aluminio y n\u00edquel, as\u00ed como trabajar en las denominadas \u201ctierras raras\u201d, pero no dio fecha, de cuando se ejecutar\u00e1n las acciones para esta tarea.<\/p>\n<p>Orden\u00f3 al ministro de Miner\u00eda, Ramiro Villavicencio, acelerar los tiempos para tratar presentar una normativa para encarar los futuros proyectos de exploraci\u00f3n de minerales. el diario y abi<\/p>\n","protected":false},"excerpt":{"rendered":"<p>Marcelino Quispe asumi\u00f3 nuevamente la presidencia ejecutiva de la Corporaci\u00f3n Minera de Bolivia (Comibol), cargo que fue ocupado durante la anterior administraci\u00f3n de Evo Morales. Tom\u00f3 juramento el presidente del Estado, Luis Arce Catacora. Al asumir funciones dijo que continuar\u00e1 con los proyectos que la Corporaci\u00f3n tiene en marcha en Oruro, Potos\u00ed, el oriente boliviano [&hellip;]<\/p>\n","protected":false},"author":1,"featured_media":93965,"comment_status":"closed","ping_status":"closed","sticky":false,"template":"","format":"standard","meta":{"_acf_changed":false,"footnotes":""},"categories":[7],"tags":[],"class_list":["post-93964","post","type-post","status-publish","format-standard","has-post-thumbnail","category-economia"],"acf":{"antetitulo":""},"yoast_head":"<!-- This site is optimized with the Yoast SEO plugin v28.3 - https:\/\/yoast.com\/product\/yoast-seo-wordpress\/ -->\n<title>Marcelino Quispe nuevamente asume presidencia de Comibol - El Diario - Bolivia<\/title>\n<meta name=\"robots\" content=\"index, follow, max-snippet:-1, max-image-preview:large, max-video-preview:-1\" \/>\n<link rel=\"canonical\" href=\"https:\/\/www.eldiario.net\/portal\/2022\/06\/30\/marcelino-quispe-nuevamente-asume-presidencia-de-comibol\/\" \/>\n<meta property=\"og:locale\" content=\"es_ES\" \/>\n<meta property=\"og:type\" content=\"article\" \/>\n<meta property=\"og:title\" content=\"Marcelino Quispe nuevamente asume presidencia de Comibol - El Diario - Bolivia\" \/>\n<meta property=\"og:description\" content=\"Marcelino Quispe asumi\u00f3 nuevamente la presidencia ejecutiva de la Corporaci\u00f3n Minera de Bolivia (Comibol), cargo que fue ocupado durante la anterior administraci\u00f3n de Evo Morales. Tom\u00f3 juramento el presidente del Estado, Luis Arce Catacora. Al asumir funciones dijo que continuar\u00e1 con los proyectos que la Corporaci\u00f3n tiene en marcha en Oruro, Potos\u00ed, el oriente boliviano [&hellip;]\" \/>\n<meta property=\"og:url\" content=\"https:\/\/www.eldiario.net\/portal\/2022\/06\/30\/marcelino-quispe-nuevamente-asume-presidencia-de-comibol\/\" \/>\n<meta property=\"og:site_name\" content=\"El Diario - Bolivia\" \/>\n<meta property=\"article:publisher\" content=\"https:\/\/www.facebook.com\/eldiario.bolivia\/\" \/>\n<meta property=\"article:published_time\" content=\"2022-06-30T10:08:57+00:00\" \/>\n<meta name=\"author\" content=\"Jeanette\" \/>\n<meta name=\"twitter:card\" content=\"summary_large_image\" \/>\n<meta name=\"twitter:creator\" content=\"@eldiario_net\" \/>\n<meta name=\"twitter:site\" content=\"@eldiario_net\" \/>\n<meta name=\"twitter:label1\" content=\"Escrito por\" \/>\n\t<meta name=\"twitter:data1\" content=\"Jeanette\" \/>\n\t<meta name=\"twitter:label2\" content=\"Tiempo de lectura\" \/>\n\t<meta name=\"twitter:data2\" content=\"2 minutos\" \/>\n<script type=\"application\/ld+json\" class=\"yoast-schema-graph\">{\"@context\":\"https:\\\/\\\/schema.org\",\"@graph\":[{\"@type\":\"Article\",\"@id\":\"https:\\\/\\\/www.eldiario.net\\\/portal\\\/2022\\\/06\\\/30\\\/marcelino-quispe-nuevamente-asume-presidencia-de-comibol\\\/#article\",\"isPartOf\":{\"@id\":\"https:\\\/\\\/www.eldiario.net\\\/portal\\\/2022\\\/06\\\/30\\\/marcelino-quispe-nuevamente-asume-presidencia-de-comibol\\\/\"},\"author\":{\"name\":\"Jeanette\",\"@id\":\"https:\\\/\\\/www.eldiario.net\\\/portal\\\/#\\\/schema\\\/person\\\/f46445640444750d7d753ccd04ae01b7\"},\"headline\":\"Marcelino Quispe nuevamente asume presidencia de Comibol\",\"datePublished\":\"2022-06-30T10:08:57+00:00\",\"mainEntityOfPage\":{\"@id\":\"https:\\\/\\\/www.eldiario.net\\\/portal\\\/2022\\\/06\\\/30\\\/marcelino-quispe-nuevamente-asume-presidencia-de-comibol\\\/\"},\"wordCount\":352,\"publisher\":{\"@id\":\"https:\\\/\\\/www.eldiario.net\\\/portal\\\/#organization\"},\"image\":{\"@id\":\"https:\\\/\\\/www.eldiario.net\\\/portal\\\/2022\\\/06\\\/30\\\/marcelino-quispe-nuevamente-asume-presidencia-de-comibol\\\/#primaryimage\"},\"thumbnailUrl\":\"\",\"articleSection\":[\"Econom\u00eda\"],\"inLanguage\":\"es\"},{\"@type\":\"WebPage\",\"@id\":\"https:\\\/\\\/www.eldiario.net\\\/portal\\\/2022\\\/06\\\/30\\\/marcelino-quispe-nuevamente-asume-presidencia-de-comibol\\\/\",\"url\":\"https:\\\/\\\/www.eldiario.net\\\/portal\\\/2022\\\/06\\\/30\\\/marcelino-quispe-nuevamente-asume-presidencia-de-comibol\\\/\",\"name\":\"Marcelino Quispe nuevamente asume presidencia de Comibol - El Diario - Bolivia\",\"isPartOf\":{\"@id\":\"https:\\\/\\\/www.eldiario.net\\\/portal\\\/#website\"},\"primaryImageOfPage\":{\"@id\":\"https:\\\/\\\/www.eldiario.net\\\/portal\\\/2022\\\/06\\\/30\\\/marcelino-quispe-nuevamente-asume-presidencia-de-comibol\\\/#primaryimage\"},\"image\":{\"@id\":\"https:\\\/\\\/www.eldiario.net\\\/portal\\\/2022\\\/06\\\/30\\\/marcelino-quispe-nuevamente-asume-presidencia-de-comibol\\\/#primaryimage\"},\"thumbnailUrl\":\"\",\"datePublished\":\"2022-06-30T10:08:57+00:00\",\"breadcrumb\":{\"@id\":\"https:\\\/\\\/www.eldiario.net\\\/portal\\\/2022\\\/06\\\/30\\\/marcelino-quispe-nuevamente-asume-presidencia-de-comibol\\\/#breadcrumb\"},\"inLanguage\":\"es\",\"potentialAction\":[{\"@type\":\"ReadAction\",\"target\":[\"https:\\\/\\\/www.eldiario.net\\\/portal\\\/2022\\\/06\\\/30\\\/marcelino-quispe-nuevamente-asume-presidencia-de-comibol\\\/\"]}]},{\"@type\":\"ImageObject\",\"inLanguage\":\"es\",\"@id\":\"https:\\\/\\\/www.eldiario.net\\\/portal\\\/2022\\\/06\\\/30\\\/marcelino-quispe-nuevamente-asume-presidencia-de-comibol\\\/#primaryimage\",\"url\":\"\",\"contentUrl\":\"\"},{\"@type\":\"BreadcrumbList\",\"@id\":\"https:\\\/\\\/www.eldiario.net\\\/portal\\\/2022\\\/06\\\/30\\\/marcelino-quispe-nuevamente-asume-presidencia-de-comibol\\\/#breadcrumb\",\"itemListElement\":[{\"@type\":\"ListItem\",\"position\":1,\"name\":\"Portada\",\"item\":\"https:\\\/\\\/www.eldiario.net\\\/portal\\\/\"},{\"@type\":\"ListItem\",\"position\":2,\"name\":\"Marcelino Quispe nuevamente asume presidencia de Comibol\"}]},{\"@type\":\"WebSite\",\"@id\":\"https:\\\/\\\/www.eldiario.net\\\/portal\\\/#website\",\"url\":\"https:\\\/\\\/www.eldiario.net\\\/portal\\\/\",\"name\":\"El Diario - Decano de la prensa nacional\",\"description\":\"El Diario - Decano de la prensa nacional\",\"publisher\":{\"@id\":\"https:\\\/\\\/www.eldiario.net\\\/portal\\\/#organization\"},\"potentialAction\":[{\"@type\":\"SearchAction\",\"target\":{\"@type\":\"EntryPoint\",\"urlTemplate\":\"https:\\\/\\\/www.eldiario.net\\\/portal\\\/?s={search_term_string}\"},\"query-input\":{\"@type\":\"PropertyValueSpecification\",\"valueRequired\":true,\"valueName\":\"search_term_string\"}}],\"inLanguage\":\"es\"},{\"@type\":\"Organization\",\"@id\":\"https:\\\/\\\/www.eldiario.net\\\/portal\\\/#organization\",\"name\":\"El Diario - Decano de la prensa nacional\",\"url\":\"https:\\\/\\\/www.eldiario.net\\\/portal\\\/\",\"logo\":{\"@type\":\"ImageObject\",\"inLanguage\":\"es\",\"@id\":\"https:\\\/\\\/www.eldiario.net\\\/portal\\\/#\\\/schema\\\/logo\\\/image\\\/\",\"url\":\"https:\\\/\\\/www.eldiario.net\\\/portal\\\/wp-content\\\/uploads\\\/2023\\\/07\\\/logo_ED.jpg\",\"contentUrl\":\"https:\\\/\\\/www.eldiario.net\\\/portal\\\/wp-content\\\/uploads\\\/2023\\\/07\\\/logo_ED.jpg\",\"width\":272,\"height\":52,\"caption\":\"El Diario - Decano de la prensa nacional\"},\"image\":{\"@id\":\"https:\\\/\\\/www.eldiario.net\\\/portal\\\/#\\\/schema\\\/logo\\\/image\\\/\"},\"sameAs\":[\"https:\\\/\\\/www.facebook.com\\\/eldiario.bolivia\\\/\",\"https:\\\/\\\/x.com\\\/eldiario_net\"]},{\"@type\":\"Person\",\"@id\":\"https:\\\/\\\/www.eldiario.net\\\/portal\\\/#\\\/schema\\\/person\\\/f46445640444750d7d753ccd04ae01b7\",\"name\":\"Jeanette\",\"image\":{\"@type\":\"ImageObject\",\"inLanguage\":\"es\",\"@id\":\"https:\\\/\\\/secure.gravatar.com\\\/avatar\\\/3ea2118a5f7dad2b7138b1187a6b7ee55f160b9968b66013c3a3ef39dd7e5798?s=96&d=mm&r=g\",\"url\":\"https:\\\/\\\/secure.gravatar.com\\\/avatar\\\/3ea2118a5f7dad2b7138b1187a6b7ee55f160b9968b66013c3a3ef39dd7e5798?s=96&d=mm&r=g\",\"contentUrl\":\"https:\\\/\\\/secure.gravatar.com\\\/avatar\\\/3ea2118a5f7dad2b7138b1187a6b7ee55f160b9968b66013c3a3ef39dd7e5798?s=96&d=mm&r=g\",\"caption\":\"Jeanette\"},\"sameAs\":[\"https:\\\/\\\/www.eldiario.net\\\/portal\"],\"url\":\"https:\\\/\\\/www.eldiario.net\\\/portal\\\/author\\\/jeanette\\\/\"}]}<\/script>\n<!-- \/ Yoast SEO plugin. -->","yoast_head_json":{"title":"Marcelino Quispe nuevamente asume presidencia de Comibol - El Diario - Bolivia","robots":{"index":"index","follow":"follow","max-snippet":"max-snippet:-1","max-image-preview":"max-image-preview:large","max-video-preview":"max-video-preview:-1"},"canonical":"https:\/\/www.eldiario.net\/portal\/2022\/06\/30\/marcelino-quispe-nuevamente-asume-presidencia-de-comibol\/","og_locale":"es_ES","og_type":"article","og_title":"Marcelino Quispe nuevamente asume presidencia de Comibol - El Diario - Bolivia","og_description":"Marcelino Quispe asumi\u00f3 nuevamente la presidencia ejecutiva de la Corporaci\u00f3n Minera de Bolivia (Comibol), cargo que fue ocupado durante la anterior administraci\u00f3n de Evo Morales. Tom\u00f3 juramento el presidente del Estado, Luis Arce Catacora. Al asumir funciones dijo que continuar\u00e1 con los proyectos que la Corporaci\u00f3n tiene en marcha en Oruro, Potos\u00ed, el oriente boliviano [&hellip;]","og_url":"https:\/\/www.eldiario.net\/portal\/2022\/06\/30\/marcelino-quispe-nuevamente-asume-presidencia-de-comibol\/","og_site_name":"El Diario - Bolivia","article_publisher":"https:\/\/www.facebook.com\/eldiario.bolivia\/","article_published_time":"2022-06-30T10:08:57+00:00","author":"Jeanette","twitter_card":"summary_large_image","twitter_creator":"@eldiario_net","twitter_site":"@eldiario_net","twitter_misc":{"Escrito por":"Jeanette","Tiempo de lectura":"2 minutos"},"schema":{"@context":"https:\/\/schema.org","@graph":[{"@type":"Article","@id":"https:\/\/www.eldiario.net\/portal\/2022\/06\/30\/marcelino-quispe-nuevamente-asume-presidencia-de-comibol\/#article","isPartOf":{"@id":"https:\/\/www.eldiario.net\/portal\/2022\/06\/30\/marcelino-quispe-nuevamente-asume-presidencia-de-comibol\/"},"author":{"name":"Jeanette","@id":"https:\/\/www.eldiario.net\/portal\/#\/schema\/person\/f46445640444750d7d753ccd04ae01b7"},"headline":"Marcelino Quispe nuevamente asume presidencia de Comibol","datePublished":"2022-06-30T10:08:57+00:00","mainEntityOfPage":{"@id":"https:\/\/www.eldiario.net\/portal\/2022\/06\/30\/marcelino-quispe-nuevamente-asume-presidencia-de-comibol\/"},"wordCount":352,"publisher":{"@id":"https:\/\/www.eldiario.net\/portal\/#organization"},"image":{"@id":"https:\/\/www.eldiario.net\/portal\/2022\/06\/30\/marcelino-quispe-nuevamente-asume-presidencia-de-comibol\/#primaryimage"},"thumbnailUrl":"","articleSection":["Econom\u00eda"],"inLanguage":"es"},{"@type":"WebPage","@id":"https:\/\/www.eldiario.net\/portal\/2022\/06\/30\/marcelino-quispe-nuevamente-asume-presidencia-de-comibol\/","url":"https:\/\/www.eldiario.net\/portal\/2022\/06\/30\/marcelino-quispe-nuevamente-asume-presidencia-de-comibol\/","name":"Marcelino Quispe nuevamente asume presidencia de Comibol - El Diario - Bolivia","isPartOf":{"@id":"https:\/\/www.eldiario.net\/portal\/#website"},"primaryImageOfPage":{"@id":"https:\/\/www.eldiario.net\/portal\/2022\/06\/30\/marcelino-quispe-nuevamente-asume-presidencia-de-comibol\/#primaryimage"},"image":{"@id":"https:\/\/www.eldiario.net\/portal\/2022\/06\/30\/marcelino-quispe-nuevamente-asume-presidencia-de-comibol\/#primaryimage"},"thumbnailUrl":"","datePublished":"2022-06-30T10:08:57+00:00","breadcrumb":{"@id":"https:\/\/www.eldiario.net\/portal\/2022\/06\/30\/marcelino-quispe-nuevamente-asume-presidencia-de-comibol\/#breadcrumb"},"inLanguage":"es","potentialAction":[{"@type":"ReadAction","target":["https:\/\/www.eldiario.net\/portal\/2022\/06\/30\/marcelino-quispe-nuevamente-asume-presidencia-de-comibol\/"]}]},{"@type":"ImageObject","inLanguage":"es","@id":"https:\/\/www.eldiario.net\/portal\/2022\/06\/30\/marcelino-quispe-nuevamente-asume-presidencia-de-comibol\/#primaryimage","url":"","contentUrl":""},{"@type":"BreadcrumbList","@id":"https:\/\/www.eldiario.net\/portal\/2022\/06\/30\/marcelino-quispe-nuevamente-asume-presidencia-de-comibol\/#breadcrumb","itemListElement":[{"@type":"ListItem","position":1,"name":"Portada","item":"https:\/\/www.eldiario.net\/portal\/"},{"@type":"ListItem","position":2,"name":"Marcelino Quispe nuevamente asume presidencia de Comibol"}]},{"@type":"WebSite","@id":"https:\/\/www.eldiario.net\/portal\/#website","url":"https:\/\/www.eldiario.net\/portal\/","name":"El Diario - Decano de la prensa nacional","description":"El Diario - Decano de la prensa nacional","publisher":{"@id":"https:\/\/www.eldiario.net\/portal\/#organization"},"potentialAction":[{"@type":"SearchAction","target":{"@type":"EntryPoint","urlTemplate":"https:\/\/www.eldiario.net\/portal\/?s={search_term_string}"},"query-input":{"@type":"PropertyValueSpecification","valueRequired":true,"valueName":"search_term_string"}}],"inLanguage":"es"},{"@type":"Organization","@id":"https:\/\/www.eldiario.net\/portal\/#organization","name":"El Diario - Decano de la prensa nacional","url":"https:\/\/www.eldiario.net\/portal\/","logo":{"@type":"ImageObject","inLanguage":"es","@id":"https:\/\/www.eldiario.net\/portal\/#\/schema\/logo\/image\/","url":"https:\/\/www.eldiario.net\/portal\/wp-content\/uploads\/2023\/07\/logo_ED.jpg","contentUrl":"https:\/\/www.eldiario.net\/portal\/wp-content\/uploads\/2023\/07\/logo_ED.jpg","width":272,"height":52,"caption":"El Diario - Decano de la prensa nacional"},"image":{"@id":"https:\/\/www.eldiario.net\/portal\/#\/schema\/logo\/image\/"},"sameAs":["https:\/\/www.facebook.com\/eldiario.bolivia\/","https:\/\/x.com\/eldiario_net"]},{"@type":"Person","@id":"https:\/\/www.eldiario.net\/portal\/#\/schema\/person\/f46445640444750d7d753ccd04ae01b7","name":"Jeanette","image":{"@type":"ImageObject","inLanguage":"es","@id":"https:\/\/secure.gravatar.com\/avatar\/3ea2118a5f7dad2b7138b1187a6b7ee55f160b9968b66013c3a3ef39dd7e5798?s=96&d=mm&r=g","url":"https:\/\/secure.gravatar.com\/avatar\/3ea2118a5f7dad2b7138b1187a6b7ee55f160b9968b66013c3a3ef39dd7e5798?s=96&d=mm&r=g","contentUrl":"https:\/\/secure.gravatar.com\/avatar\/3ea2118a5f7dad2b7138b1187a6b7ee55f160b9968b66013c3a3ef39dd7e5798?s=96&d=mm&r=g","caption":"Jeanette"},"sameAs":["https:\/\/www.eldiario.net\/portal"],"url":"https:\/\/www.eldiario.net\/portal\/author\/jeanette\/"}]}},"_links":{"self":[{"href":"https:\/\/www.eldiario.net\/portal\/wp-json\/wp\/v2\/posts\/93964","targetHints":{"allow":["GET"]}}],"collection":[{"href":"https:\/\/www.eldiario.net\/portal\/wp-json\/wp\/v2\/posts"}],"about":[{"href":"https:\/\/www.eldiario.net\/portal\/wp-json\/wp\/v2\/types\/post"}],"author":[{"embeddable":true,"href":"https:\/\/www.eldiario.net\/portal\/wp-json\/wp\/v2\/users\/1"}],"replies":[{"embeddable":true,"href":"https:\/\/www.eldiario.net\/portal\/wp-json\/wp\/v2\/comments?post=93964"}],"version-history":[{"count":0,"href":"https:\/\/www.eldiario.net\/portal\/wp-json\/wp\/v2\/posts\/93964\/revisions"}],"wp:attachment":[{"href":"https:\/\/www.eldiario.net\/portal\/wp-json\/wp\/v2\/media?parent=93964"}],"wp:term":[{"taxonomy":"category","embeddable":true,"href":"https:\/\/www.eldiario.net\/portal\/wp-json\/wp\/v2\/categories?post=93964"},{"taxonomy":"post_tag","embeddable":true,"href":"https:\/\/www.eldiario.net\/portal\/wp-json\/wp\/v2\/tags?post=93964"}],"curies":[{"name":"wp","href":"https:\/\/api.w.org\/{rel}","templated":true}]}}