{"id":93958,"date":"2022-06-30T06:06:56","date_gmt":"2022-06-30T10:06:56","guid":{"rendered":"https:\/\/www.eldiario.net\/portal\/?p=93958"},"modified":"2022-06-30T06:06:56","modified_gmt":"2022-06-30T10:06:56","slug":"corredor-bioceanico-ahorrara-tiempo-y-reducira-costos","status":"publish","type":"post","link":"https:\/\/www.eldiario.net\/portal\/2022\/06\/30\/corredor-bioceanico-ahorrara-tiempo-y-reducira-costos\/","title":{"rendered":"Corredor Bioce\u00e1nico ahorrar\u00e1 tiempo y reducir\u00e1 costos"},"content":{"rendered":"<p>El Corredor Bioce\u00e1nico de Integraci\u00f3n permitir\u00e1 reducir costos y tiempo en el transporte de carga de internacional, ya que a trav\u00e9s de \u00e9ste Bolivia acceder\u00e1 a puertos del Pac\u00edfico y Atl\u00e1ntico de manera directa, mencion\u00f3 el viceministro de Comercio Exterior e Integraci\u00f3n, Benjam\u00edn Blanco.<\/p>\n<p>En entrevista con Bolivia Tv, la autoridad resalt\u00f3 que la importancia de este corredor, del cual son parte Brasil, Per\u00fa, Paragua y Bolivia, radica (b\u00e1sicamente) en la posibilidad de acceder a mercados de ultramar tanto asi\u00e1ticos como europeos, que en este momento no es posible por tener costos elevados en la exportaci\u00f3n de productos.<\/p>\n<p>\u201cTener un corredor nos permitir\u00e1 alcanzar puertos del Pac\u00edfico y del Atl\u00e1ntico con costos reducidos. En este momento, Bolivia paga un 33% m\u00e1s de lo que paga cualquier otro pa\u00eds de la regi\u00f3n por costos de transporte internacional o de exportaci\u00f3n, eso nos quita competitividad, no nos permite acceder a mercados\u201d, dijo Blanco.<\/p>\n<p>De acuerdo con el viceministro, el disminuir los costos de transporte, as\u00ed como los tiempos por una l\u00ednea f\u00e9rrea, permitir\u00e1 al pa\u00eds transportar miles de toneladas de carga en un solo viaje.<\/p>\n<p>Mientras tanto, el gerente de Relaciones Institucionales Cervecer\u00eda Boliviana Nacional (CBN), Ibo Blazicevic, ante la consulta sobre su opini\u00f3n del corredor bioce\u00e1nico ferroviario, dijo que no s\u00f3lo deber\u00eda ser uno, sino todos los corredores deber\u00edan pasar por el pa\u00eds, pero se deben resolver varios temas, como el tren Arica La Paz, que no opera. El diario y abi<\/p>\n","protected":false},"excerpt":{"rendered":"<p>El Corredor Bioce\u00e1nico de Integraci\u00f3n permitir\u00e1 reducir costos y tiempo en el transporte de carga de internacional, ya que a trav\u00e9s de \u00e9ste Bolivia acceder\u00e1 a puertos del Pac\u00edfico y Atl\u00e1ntico de manera directa, mencion\u00f3 el viceministro de Comercio Exterior e Integraci\u00f3n, Benjam\u00edn Blanco. En entrevista con Bolivia Tv, la autoridad resalt\u00f3 que la importancia [&hellip;]<\/p>\n","protected":false},"author":1,"featured_media":93959,"comment_status":"closed","ping_status":"closed","sticky":false,"template":"","format":"standard","meta":{"_acf_changed":false,"footnotes":""},"categories":[7],"tags":[],"class_list":["post-93958","post","type-post","status-publish","format-standard","has-post-thumbnail","category-economia"],"acf":{"antetitulo":""},"yoast_head":"<!-- This site is optimized with the Yoast SEO plugin v28.3 - https:\/\/yoast.com\/product\/yoast-seo-wordpress\/ -->\n<title>Corredor Bioce\u00e1nico ahorrar\u00e1 tiempo y reducir\u00e1 costos - El Diario - Bolivia<\/title>\n<meta name=\"robots\" content=\"index, follow, max-snippet:-1, max-image-preview:large, max-video-preview:-1\" \/>\n<link rel=\"canonical\" href=\"https:\/\/www.eldiario.net\/portal\/2022\/06\/30\/corredor-bioceanico-ahorrara-tiempo-y-reducira-costos\/\" \/>\n<meta property=\"og:locale\" content=\"es_ES\" \/>\n<meta property=\"og:type\" content=\"article\" \/>\n<meta property=\"og:title\" content=\"Corredor Bioce\u00e1nico ahorrar\u00e1 tiempo y reducir\u00e1 costos - El Diario - Bolivia\" \/>\n<meta property=\"og:description\" content=\"El Corredor Bioce\u00e1nico de Integraci\u00f3n permitir\u00e1 reducir costos y tiempo en el transporte de carga de internacional, ya que a trav\u00e9s de \u00e9ste Bolivia acceder\u00e1 a puertos del Pac\u00edfico y Atl\u00e1ntico de manera directa, mencion\u00f3 el viceministro de Comercio Exterior e Integraci\u00f3n, Benjam\u00edn Blanco. En entrevista con Bolivia Tv, la autoridad resalt\u00f3 que la importancia [&hellip;]\" \/>\n<meta property=\"og:url\" content=\"https:\/\/www.eldiario.net\/portal\/2022\/06\/30\/corredor-bioceanico-ahorrara-tiempo-y-reducira-costos\/\" \/>\n<meta property=\"og:site_name\" content=\"El Diario - Bolivia\" \/>\n<meta property=\"article:publisher\" content=\"https:\/\/www.facebook.com\/eldiario.bolivia\/\" \/>\n<meta property=\"article:published_time\" content=\"2022-06-30T10:06:56+00:00\" \/>\n<meta name=\"author\" content=\"Jeanette\" \/>\n<meta name=\"twitter:card\" content=\"summary_large_image\" \/>\n<meta name=\"twitter:creator\" content=\"@eldiario_net\" \/>\n<meta name=\"twitter:site\" content=\"@eldiario_net\" \/>\n<meta name=\"twitter:label1\" content=\"Escrito por\" \/>\n\t<meta name=\"twitter:data1\" content=\"Jeanette\" \/>\n\t<meta name=\"twitter:label2\" content=\"Tiempo de lectura\" \/>\n\t<meta name=\"twitter:data2\" content=\"2 minutos\" \/>\n<script type=\"application\/ld+json\" class=\"yoast-schema-graph\">{\"@context\":\"https:\\\/\\\/schema.org\",\"@graph\":[{\"@type\":\"Article\",\"@id\":\"https:\\\/\\\/www.eldiario.net\\\/portal\\\/2022\\\/06\\\/30\\\/corredor-bioceanico-ahorrara-tiempo-y-reducira-costos\\\/#article\",\"isPartOf\":{\"@id\":\"https:\\\/\\\/www.eldiario.net\\\/portal\\\/2022\\\/06\\\/30\\\/corredor-bioceanico-ahorrara-tiempo-y-reducira-costos\\\/\"},\"author\":{\"name\":\"Jeanette\",\"@id\":\"https:\\\/\\\/www.eldiario.net\\\/portal\\\/#\\\/schema\\\/person\\\/f46445640444750d7d753ccd04ae01b7\"},\"headline\":\"Corredor Bioce\u00e1nico ahorrar\u00e1 tiempo y reducir\u00e1 costos\",\"datePublished\":\"2022-06-30T10:06:56+00:00\",\"mainEntityOfPage\":{\"@id\":\"https:\\\/\\\/www.eldiario.net\\\/portal\\\/2022\\\/06\\\/30\\\/corredor-bioceanico-ahorrara-tiempo-y-reducira-costos\\\/\"},\"wordCount\":274,\"publisher\":{\"@id\":\"https:\\\/\\\/www.eldiario.net\\\/portal\\\/#organization\"},\"image\":{\"@id\":\"https:\\\/\\\/www.eldiario.net\\\/portal\\\/2022\\\/06\\\/30\\\/corredor-bioceanico-ahorrara-tiempo-y-reducira-costos\\\/#primaryimage\"},\"thumbnailUrl\":\"\",\"articleSection\":[\"Econom\u00eda\"],\"inLanguage\":\"es\"},{\"@type\":\"WebPage\",\"@id\":\"https:\\\/\\\/www.eldiario.net\\\/portal\\\/2022\\\/06\\\/30\\\/corredor-bioceanico-ahorrara-tiempo-y-reducira-costos\\\/\",\"url\":\"https:\\\/\\\/www.eldiario.net\\\/portal\\\/2022\\\/06\\\/30\\\/corredor-bioceanico-ahorrara-tiempo-y-reducira-costos\\\/\",\"name\":\"Corredor Bioce\u00e1nico ahorrar\u00e1 tiempo y reducir\u00e1 costos - El Diario - Bolivia\",\"isPartOf\":{\"@id\":\"https:\\\/\\\/www.eldiario.net\\\/portal\\\/#website\"},\"primaryImageOfPage\":{\"@id\":\"https:\\\/\\\/www.eldiario.net\\\/portal\\\/2022\\\/06\\\/30\\\/corredor-bioceanico-ahorrara-tiempo-y-reducira-costos\\\/#primaryimage\"},\"image\":{\"@id\":\"https:\\\/\\\/www.eldiario.net\\\/portal\\\/2022\\\/06\\\/30\\\/corredor-bioceanico-ahorrara-tiempo-y-reducira-costos\\\/#primaryimage\"},\"thumbnailUrl\":\"\",\"datePublished\":\"2022-06-30T10:06:56+00:00\",\"breadcrumb\":{\"@id\":\"https:\\\/\\\/www.eldiario.net\\\/portal\\\/2022\\\/06\\\/30\\\/corredor-bioceanico-ahorrara-tiempo-y-reducira-costos\\\/#breadcrumb\"},\"inLanguage\":\"es\",\"potentialAction\":[{\"@type\":\"ReadAction\",\"target\":[\"https:\\\/\\\/www.eldiario.net\\\/portal\\\/2022\\\/06\\\/30\\\/corredor-bioceanico-ahorrara-tiempo-y-reducira-costos\\\/\"]}]},{\"@type\":\"ImageObject\",\"inLanguage\":\"es\",\"@id\":\"https:\\\/\\\/www.eldiario.net\\\/portal\\\/2022\\\/06\\\/30\\\/corredor-bioceanico-ahorrara-tiempo-y-reducira-costos\\\/#primaryimage\",\"url\":\"\",\"contentUrl\":\"\"},{\"@type\":\"BreadcrumbList\",\"@id\":\"https:\\\/\\\/www.eldiario.net\\\/portal\\\/2022\\\/06\\\/30\\\/corredor-bioceanico-ahorrara-tiempo-y-reducira-costos\\\/#breadcrumb\",\"itemListElement\":[{\"@type\":\"ListItem\",\"position\":1,\"name\":\"Portada\",\"item\":\"https:\\\/\\\/www.eldiario.net\\\/portal\\\/\"},{\"@type\":\"ListItem\",\"position\":2,\"name\":\"Corredor Bioce\u00e1nico ahorrar\u00e1 tiempo y reducir\u00e1 costos\"}]},{\"@type\":\"WebSite\",\"@id\":\"https:\\\/\\\/www.eldiario.net\\\/portal\\\/#website\",\"url\":\"https:\\\/\\\/www.eldiario.net\\\/portal\\\/\",\"name\":\"El Diario - Decano de la prensa nacional\",\"description\":\"El Diario - Decano de la prensa nacional\",\"publisher\":{\"@id\":\"https:\\\/\\\/www.eldiario.net\\\/portal\\\/#organization\"},\"potentialAction\":[{\"@type\":\"SearchAction\",\"target\":{\"@type\":\"EntryPoint\",\"urlTemplate\":\"https:\\\/\\\/www.eldiario.net\\\/portal\\\/?s={search_term_string}\"},\"query-input\":{\"@type\":\"PropertyValueSpecification\",\"valueRequired\":true,\"valueName\":\"search_term_string\"}}],\"inLanguage\":\"es\"},{\"@type\":\"Organization\",\"@id\":\"https:\\\/\\\/www.eldiario.net\\\/portal\\\/#organization\",\"name\":\"El Diario - Decano de la prensa nacional\",\"url\":\"https:\\\/\\\/www.eldiario.net\\\/portal\\\/\",\"logo\":{\"@type\":\"ImageObject\",\"inLanguage\":\"es\",\"@id\":\"https:\\\/\\\/www.eldiario.net\\\/portal\\\/#\\\/schema\\\/logo\\\/image\\\/\",\"url\":\"https:\\\/\\\/www.eldiario.net\\\/portal\\\/wp-content\\\/uploads\\\/2023\\\/07\\\/logo_ED.jpg\",\"contentUrl\":\"https:\\\/\\\/www.eldiario.net\\\/portal\\\/wp-content\\\/uploads\\\/2023\\\/07\\\/logo_ED.jpg\",\"width\":272,\"height\":52,\"caption\":\"El Diario - Decano de la prensa nacional\"},\"image\":{\"@id\":\"https:\\\/\\\/www.eldiario.net\\\/portal\\\/#\\\/schema\\\/logo\\\/image\\\/\"},\"sameAs\":[\"https:\\\/\\\/www.facebook.com\\\/eldiario.bolivia\\\/\",\"https:\\\/\\\/x.com\\\/eldiario_net\"]},{\"@type\":\"Person\",\"@id\":\"https:\\\/\\\/www.eldiario.net\\\/portal\\\/#\\\/schema\\\/person\\\/f46445640444750d7d753ccd04ae01b7\",\"name\":\"Jeanette\",\"image\":{\"@type\":\"ImageObject\",\"inLanguage\":\"es\",\"@id\":\"https:\\\/\\\/secure.gravatar.com\\\/avatar\\\/3ea2118a5f7dad2b7138b1187a6b7ee55f160b9968b66013c3a3ef39dd7e5798?s=96&d=mm&r=g\",\"url\":\"https:\\\/\\\/secure.gravatar.com\\\/avatar\\\/3ea2118a5f7dad2b7138b1187a6b7ee55f160b9968b66013c3a3ef39dd7e5798?s=96&d=mm&r=g\",\"contentUrl\":\"https:\\\/\\\/secure.gravatar.com\\\/avatar\\\/3ea2118a5f7dad2b7138b1187a6b7ee55f160b9968b66013c3a3ef39dd7e5798?s=96&d=mm&r=g\",\"caption\":\"Jeanette\"},\"sameAs\":[\"https:\\\/\\\/www.eldiario.net\\\/portal\"],\"url\":\"https:\\\/\\\/www.eldiario.net\\\/portal\\\/author\\\/jeanette\\\/\"}]}<\/script>\n<!-- \/ Yoast SEO plugin. -->","yoast_head_json":{"title":"Corredor Bioce\u00e1nico ahorrar\u00e1 tiempo y reducir\u00e1 costos - El Diario - Bolivia","robots":{"index":"index","follow":"follow","max-snippet":"max-snippet:-1","max-image-preview":"max-image-preview:large","max-video-preview":"max-video-preview:-1"},"canonical":"https:\/\/www.eldiario.net\/portal\/2022\/06\/30\/corredor-bioceanico-ahorrara-tiempo-y-reducira-costos\/","og_locale":"es_ES","og_type":"article","og_title":"Corredor Bioce\u00e1nico ahorrar\u00e1 tiempo y reducir\u00e1 costos - El Diario - Bolivia","og_description":"El Corredor Bioce\u00e1nico de Integraci\u00f3n permitir\u00e1 reducir costos y tiempo en el transporte de carga de internacional, ya que a trav\u00e9s de \u00e9ste Bolivia acceder\u00e1 a puertos del Pac\u00edfico y Atl\u00e1ntico de manera directa, mencion\u00f3 el viceministro de Comercio Exterior e Integraci\u00f3n, Benjam\u00edn Blanco. En entrevista con Bolivia Tv, la autoridad resalt\u00f3 que la importancia [&hellip;]","og_url":"https:\/\/www.eldiario.net\/portal\/2022\/06\/30\/corredor-bioceanico-ahorrara-tiempo-y-reducira-costos\/","og_site_name":"El Diario - Bolivia","article_publisher":"https:\/\/www.facebook.com\/eldiario.bolivia\/","article_published_time":"2022-06-30T10:06:56+00:00","author":"Jeanette","twitter_card":"summary_large_image","twitter_creator":"@eldiario_net","twitter_site":"@eldiario_net","twitter_misc":{"Escrito por":"Jeanette","Tiempo de lectura":"2 minutos"},"schema":{"@context":"https:\/\/schema.org","@graph":[{"@type":"Article","@id":"https:\/\/www.eldiario.net\/portal\/2022\/06\/30\/corredor-bioceanico-ahorrara-tiempo-y-reducira-costos\/#article","isPartOf":{"@id":"https:\/\/www.eldiario.net\/portal\/2022\/06\/30\/corredor-bioceanico-ahorrara-tiempo-y-reducira-costos\/"},"author":{"name":"Jeanette","@id":"https:\/\/www.eldiario.net\/portal\/#\/schema\/person\/f46445640444750d7d753ccd04ae01b7"},"headline":"Corredor Bioce\u00e1nico ahorrar\u00e1 tiempo y reducir\u00e1 costos","datePublished":"2022-06-30T10:06:56+00:00","mainEntityOfPage":{"@id":"https:\/\/www.eldiario.net\/portal\/2022\/06\/30\/corredor-bioceanico-ahorrara-tiempo-y-reducira-costos\/"},"wordCount":274,"publisher":{"@id":"https:\/\/www.eldiario.net\/portal\/#organization"},"image":{"@id":"https:\/\/www.eldiario.net\/portal\/2022\/06\/30\/corredor-bioceanico-ahorrara-tiempo-y-reducira-costos\/#primaryimage"},"thumbnailUrl":"","articleSection":["Econom\u00eda"],"inLanguage":"es"},{"@type":"WebPage","@id":"https:\/\/www.eldiario.net\/portal\/2022\/06\/30\/corredor-bioceanico-ahorrara-tiempo-y-reducira-costos\/","url":"https:\/\/www.eldiario.net\/portal\/2022\/06\/30\/corredor-bioceanico-ahorrara-tiempo-y-reducira-costos\/","name":"Corredor Bioce\u00e1nico ahorrar\u00e1 tiempo y reducir\u00e1 costos - El Diario - Bolivia","isPartOf":{"@id":"https:\/\/www.eldiario.net\/portal\/#website"},"primaryImageOfPage":{"@id":"https:\/\/www.eldiario.net\/portal\/2022\/06\/30\/corredor-bioceanico-ahorrara-tiempo-y-reducira-costos\/#primaryimage"},"image":{"@id":"https:\/\/www.eldiario.net\/portal\/2022\/06\/30\/corredor-bioceanico-ahorrara-tiempo-y-reducira-costos\/#primaryimage"},"thumbnailUrl":"","datePublished":"2022-06-30T10:06:56+00:00","breadcrumb":{"@id":"https:\/\/www.eldiario.net\/portal\/2022\/06\/30\/corredor-bioceanico-ahorrara-tiempo-y-reducira-costos\/#breadcrumb"},"inLanguage":"es","potentialAction":[{"@type":"ReadAction","target":["https:\/\/www.eldiario.net\/portal\/2022\/06\/30\/corredor-bioceanico-ahorrara-tiempo-y-reducira-costos\/"]}]},{"@type":"ImageObject","inLanguage":"es","@id":"https:\/\/www.eldiario.net\/portal\/2022\/06\/30\/corredor-bioceanico-ahorrara-tiempo-y-reducira-costos\/#primaryimage","url":"","contentUrl":""},{"@type":"BreadcrumbList","@id":"https:\/\/www.eldiario.net\/portal\/2022\/06\/30\/corredor-bioceanico-ahorrara-tiempo-y-reducira-costos\/#breadcrumb","itemListElement":[{"@type":"ListItem","position":1,"name":"Portada","item":"https:\/\/www.eldiario.net\/portal\/"},{"@type":"ListItem","position":2,"name":"Corredor Bioce\u00e1nico ahorrar\u00e1 tiempo y reducir\u00e1 costos"}]},{"@type":"WebSite","@id":"https:\/\/www.eldiario.net\/portal\/#website","url":"https:\/\/www.eldiario.net\/portal\/","name":"El Diario - Decano de la prensa nacional","description":"El Diario - Decano de la prensa nacional","publisher":{"@id":"https:\/\/www.eldiario.net\/portal\/#organization"},"potentialAction":[{"@type":"SearchAction","target":{"@type":"EntryPoint","urlTemplate":"https:\/\/www.eldiario.net\/portal\/?s={search_term_string}"},"query-input":{"@type":"PropertyValueSpecification","valueRequired":true,"valueName":"search_term_string"}}],"inLanguage":"es"},{"@type":"Organization","@id":"https:\/\/www.eldiario.net\/portal\/#organization","name":"El Diario - Decano de la prensa nacional","url":"https:\/\/www.eldiario.net\/portal\/","logo":{"@type":"ImageObject","inLanguage":"es","@id":"https:\/\/www.eldiario.net\/portal\/#\/schema\/logo\/image\/","url":"https:\/\/www.eldiario.net\/portal\/wp-content\/uploads\/2023\/07\/logo_ED.jpg","contentUrl":"https:\/\/www.eldiario.net\/portal\/wp-content\/uploads\/2023\/07\/logo_ED.jpg","width":272,"height":52,"caption":"El Diario - Decano de la prensa nacional"},"image":{"@id":"https:\/\/www.eldiario.net\/portal\/#\/schema\/logo\/image\/"},"sameAs":["https:\/\/www.facebook.com\/eldiario.bolivia\/","https:\/\/x.com\/eldiario_net"]},{"@type":"Person","@id":"https:\/\/www.eldiario.net\/portal\/#\/schema\/person\/f46445640444750d7d753ccd04ae01b7","name":"Jeanette","image":{"@type":"ImageObject","inLanguage":"es","@id":"https:\/\/secure.gravatar.com\/avatar\/3ea2118a5f7dad2b7138b1187a6b7ee55f160b9968b66013c3a3ef39dd7e5798?s=96&d=mm&r=g","url":"https:\/\/secure.gravatar.com\/avatar\/3ea2118a5f7dad2b7138b1187a6b7ee55f160b9968b66013c3a3ef39dd7e5798?s=96&d=mm&r=g","contentUrl":"https:\/\/secure.gravatar.com\/avatar\/3ea2118a5f7dad2b7138b1187a6b7ee55f160b9968b66013c3a3ef39dd7e5798?s=96&d=mm&r=g","caption":"Jeanette"},"sameAs":["https:\/\/www.eldiario.net\/portal"],"url":"https:\/\/www.eldiario.net\/portal\/author\/jeanette\/"}]}},"_links":{"self":[{"href":"https:\/\/www.eldiario.net\/portal\/wp-json\/wp\/v2\/posts\/93958","targetHints":{"allow":["GET"]}}],"collection":[{"href":"https:\/\/www.eldiario.net\/portal\/wp-json\/wp\/v2\/posts"}],"about":[{"href":"https:\/\/www.eldiario.net\/portal\/wp-json\/wp\/v2\/types\/post"}],"author":[{"embeddable":true,"href":"https:\/\/www.eldiario.net\/portal\/wp-json\/wp\/v2\/users\/1"}],"replies":[{"embeddable":true,"href":"https:\/\/www.eldiario.net\/portal\/wp-json\/wp\/v2\/comments?post=93958"}],"version-history":[{"count":0,"href":"https:\/\/www.eldiario.net\/portal\/wp-json\/wp\/v2\/posts\/93958\/revisions"}],"wp:attachment":[{"href":"https:\/\/www.eldiario.net\/portal\/wp-json\/wp\/v2\/media?parent=93958"}],"wp:term":[{"taxonomy":"category","embeddable":true,"href":"https:\/\/www.eldiario.net\/portal\/wp-json\/wp\/v2\/categories?post=93958"},{"taxonomy":"post_tag","embeddable":true,"href":"https:\/\/www.eldiario.net\/portal\/wp-json\/wp\/v2\/tags?post=93958"}],"curies":[{"name":"wp","href":"https:\/\/api.w.org\/{rel}","templated":true}]}}