{"id":93955,"date":"2022-06-30T06:05:51","date_gmt":"2022-06-30T10:05:51","guid":{"rendered":"https:\/\/www.eldiario.net\/portal\/?p=93955"},"modified":"2022-06-30T06:05:51","modified_gmt":"2022-06-30T10:05:51","slug":"dan-visto-bueno-a-desarrollo-del-proyecto-bermejo-x46d","status":"publish","type":"post","link":"https:\/\/www.eldiario.net\/portal\/2022\/06\/30\/dan-visto-bueno-a-desarrollo-del-proyecto-bermejo-x46d\/","title":{"rendered":"Dan visto bueno a desarrollo del proyecto Bermejo X46D"},"content":{"rendered":"<p>La \u201cComunidad el 9\u201d y organizaciones sociales de Bermejo dieron su visto bueno para que la estatal Yacimientos Petrol\u00edferos Fiscales Bolivianos (YPFB) desarrolle el proyecto exploratorio Bermejo-X46D.<\/p>\n<p>El proyecto Bermejo-X46D est\u00e1 ubicado en la provincia Aniceto Arce del departamento de Tarija, fue aprobado por el Directorio de YPFB y est\u00e1 previsto el inicio de actividades exploratorias a fines de la presente gesti\u00f3n. El objetivo es comprobar el potencial hidrocabur\u00edfero existente en el reservorio de la formaci\u00f3n Santa Rosa a 4.600 metros de profundidad.<\/p>\n<p>Se estima un potencial de 177 billones de pies c\u00fabicos (BCF) de gas y una inversi\u00f3n de 62 millones de d\u00f3lares.<\/p>\n<p>Consultas<\/p>\n<p>\u201cEntre el lunes y martes se desarrollaron dos consultas p\u00fablicas previas al tr\u00e1mite de la licencia ambiental del proyecto. La gente est\u00e1 muy de acuerdo con el desarrollo del proyecto, han expresado su apoyo, quieren que el proyecto se desarrolle en el marco de la reactivaci\u00f3n econ\u00f3mica y del sector hidrocarburos en Bermejo, estamos en esa l\u00ednea de trabajo\u201d, inform\u00f3 el relacionador comunitario de YPFB Casa Matriz, Nelson Garc\u00eda, seg\u00fan un bolet\u00edn institucional.<\/p>\n<p>La consulta se realiz\u00f3 con pobladores de la Comunidad el 9, autoridades del municipio y organizaciones sociales en cumplimiento a la normativa ambiental 1333 y sus reglamentos conexos.<\/p>\n<p>Esa actividad es un requisito para la elaboraci\u00f3n del estudio de evaluaci\u00f3n de impacto ambiental en la perspectiva de obtener la licencia ambiental.<\/p>\n<p>Seg\u00fan inform\u00f3 YPFB, la primera consulta p\u00fablica se desarroll\u00f3 el lunes con los habitantes de la Comunidad el 9, distante a 35 minutos de viaje de la ciudad fronteriza de Bermejo.<\/p>\n<p>La actividad se cumpli\u00f3 con los propietarios de predios privados comprendidos en el \u00e1rea de influencia de la construcci\u00f3n del camino de acceso y la planchada. \u201cTenemos el apoyo de este sector de la poblaci\u00f3n\u201d, puntualiz\u00f3 Garc\u00eda.<\/p>\n<p>La segunda consulta p\u00fablica se cumpli\u00f3 este martes en instalaciones de la Casa de la Cultura de Bermejo, participaron autoridades municipales, dirigentes del Comit\u00e9 C\u00edvico y las organizaciones sociales afiliadas a dicha instituci\u00f3n.<\/p>\n<p>\u201cEn conclusi\u00f3n, la reuni\u00f3n del lunes y de este martes fue muy favorable a nosotros, aceptaron y apoyaron el proyecto Bermejo-X46D. Lo importante es que con estas reuniones recogemos las sugerencias, observaciones, recomendaciones que la sociedad y que la gente tiene para el desarrollo del proyecto. Sistematizaremos esa informaci\u00f3n e incluiremos en la evaluaci\u00f3n del impacto ambiental\u201d, dijo el relacionador comunitario.<\/p>\n","protected":false},"excerpt":{"rendered":"<p>La \u201cComunidad el 9\u201d y organizaciones sociales de Bermejo dieron su visto bueno para que la estatal Yacimientos Petrol\u00edferos Fiscales Bolivianos (YPFB) desarrolle el proyecto exploratorio Bermejo-X46D. El proyecto Bermejo-X46D est\u00e1 ubicado en la provincia Aniceto Arce del departamento de Tarija, fue aprobado por el Directorio de YPFB y est\u00e1 previsto el inicio de actividades [&hellip;]<\/p>\n","protected":false},"author":1,"featured_media":93956,"comment_status":"closed","ping_status":"closed","sticky":false,"template":"","format":"standard","meta":{"_acf_changed":false,"footnotes":""},"categories":[7],"tags":[],"class_list":["post-93955","post","type-post","status-publish","format-standard","has-post-thumbnail","category-economia"],"acf":{"antetitulo":""},"yoast_head":"<!-- This site is optimized with the Yoast SEO plugin v28.3 - https:\/\/yoast.com\/product\/yoast-seo-wordpress\/ -->\n<title>Dan visto bueno a desarrollo del proyecto Bermejo X46D - El Diario - Bolivia<\/title>\n<meta name=\"robots\" content=\"index, follow, max-snippet:-1, max-image-preview:large, max-video-preview:-1\" \/>\n<link rel=\"canonical\" href=\"https:\/\/www.eldiario.net\/portal\/2022\/06\/30\/dan-visto-bueno-a-desarrollo-del-proyecto-bermejo-x46d\/\" \/>\n<meta property=\"og:locale\" content=\"es_ES\" \/>\n<meta property=\"og:type\" content=\"article\" \/>\n<meta property=\"og:title\" content=\"Dan visto bueno a desarrollo del proyecto Bermejo X46D - El Diario - Bolivia\" \/>\n<meta property=\"og:description\" content=\"La \u201cComunidad el 9\u201d y organizaciones sociales de Bermejo dieron su visto bueno para que la estatal Yacimientos Petrol\u00edferos Fiscales Bolivianos (YPFB) desarrolle el proyecto exploratorio Bermejo-X46D. El proyecto Bermejo-X46D est\u00e1 ubicado en la provincia Aniceto Arce del departamento de Tarija, fue aprobado por el Directorio de YPFB y est\u00e1 previsto el inicio de actividades [&hellip;]\" \/>\n<meta property=\"og:url\" content=\"https:\/\/www.eldiario.net\/portal\/2022\/06\/30\/dan-visto-bueno-a-desarrollo-del-proyecto-bermejo-x46d\/\" \/>\n<meta property=\"og:site_name\" content=\"El Diario - Bolivia\" \/>\n<meta property=\"article:publisher\" content=\"https:\/\/www.facebook.com\/eldiario.bolivia\/\" \/>\n<meta property=\"article:published_time\" content=\"2022-06-30T10:05:51+00:00\" \/>\n<meta name=\"author\" content=\"Jeanette\" \/>\n<meta name=\"twitter:card\" content=\"summary_large_image\" \/>\n<meta name=\"twitter:creator\" content=\"@eldiario_net\" \/>\n<meta name=\"twitter:site\" content=\"@eldiario_net\" \/>\n<meta name=\"twitter:label1\" content=\"Escrito por\" \/>\n\t<meta name=\"twitter:data1\" content=\"Jeanette\" \/>\n\t<meta name=\"twitter:label2\" content=\"Tiempo de lectura\" \/>\n\t<meta name=\"twitter:data2\" content=\"2 minutos\" \/>\n<script type=\"application\/ld+json\" class=\"yoast-schema-graph\">{\"@context\":\"https:\\\/\\\/schema.org\",\"@graph\":[{\"@type\":\"Article\",\"@id\":\"https:\\\/\\\/www.eldiario.net\\\/portal\\\/2022\\\/06\\\/30\\\/dan-visto-bueno-a-desarrollo-del-proyecto-bermejo-x46d\\\/#article\",\"isPartOf\":{\"@id\":\"https:\\\/\\\/www.eldiario.net\\\/portal\\\/2022\\\/06\\\/30\\\/dan-visto-bueno-a-desarrollo-del-proyecto-bermejo-x46d\\\/\"},\"author\":{\"name\":\"Jeanette\",\"@id\":\"https:\\\/\\\/www.eldiario.net\\\/portal\\\/#\\\/schema\\\/person\\\/f46445640444750d7d753ccd04ae01b7\"},\"headline\":\"Dan visto bueno a desarrollo del proyecto Bermejo X46D\",\"datePublished\":\"2022-06-30T10:05:51+00:00\",\"mainEntityOfPage\":{\"@id\":\"https:\\\/\\\/www.eldiario.net\\\/portal\\\/2022\\\/06\\\/30\\\/dan-visto-bueno-a-desarrollo-del-proyecto-bermejo-x46d\\\/\"},\"wordCount\":425,\"publisher\":{\"@id\":\"https:\\\/\\\/www.eldiario.net\\\/portal\\\/#organization\"},\"image\":{\"@id\":\"https:\\\/\\\/www.eldiario.net\\\/portal\\\/2022\\\/06\\\/30\\\/dan-visto-bueno-a-desarrollo-del-proyecto-bermejo-x46d\\\/#primaryimage\"},\"thumbnailUrl\":\"\",\"articleSection\":[\"Econom\u00eda\"],\"inLanguage\":\"es\"},{\"@type\":\"WebPage\",\"@id\":\"https:\\\/\\\/www.eldiario.net\\\/portal\\\/2022\\\/06\\\/30\\\/dan-visto-bueno-a-desarrollo-del-proyecto-bermejo-x46d\\\/\",\"url\":\"https:\\\/\\\/www.eldiario.net\\\/portal\\\/2022\\\/06\\\/30\\\/dan-visto-bueno-a-desarrollo-del-proyecto-bermejo-x46d\\\/\",\"name\":\"Dan visto bueno a desarrollo del proyecto Bermejo X46D - El Diario - Bolivia\",\"isPartOf\":{\"@id\":\"https:\\\/\\\/www.eldiario.net\\\/portal\\\/#website\"},\"primaryImageOfPage\":{\"@id\":\"https:\\\/\\\/www.eldiario.net\\\/portal\\\/2022\\\/06\\\/30\\\/dan-visto-bueno-a-desarrollo-del-proyecto-bermejo-x46d\\\/#primaryimage\"},\"image\":{\"@id\":\"https:\\\/\\\/www.eldiario.net\\\/portal\\\/2022\\\/06\\\/30\\\/dan-visto-bueno-a-desarrollo-del-proyecto-bermejo-x46d\\\/#primaryimage\"},\"thumbnailUrl\":\"\",\"datePublished\":\"2022-06-30T10:05:51+00:00\",\"breadcrumb\":{\"@id\":\"https:\\\/\\\/www.eldiario.net\\\/portal\\\/2022\\\/06\\\/30\\\/dan-visto-bueno-a-desarrollo-del-proyecto-bermejo-x46d\\\/#breadcrumb\"},\"inLanguage\":\"es\",\"potentialAction\":[{\"@type\":\"ReadAction\",\"target\":[\"https:\\\/\\\/www.eldiario.net\\\/portal\\\/2022\\\/06\\\/30\\\/dan-visto-bueno-a-desarrollo-del-proyecto-bermejo-x46d\\\/\"]}]},{\"@type\":\"ImageObject\",\"inLanguage\":\"es\",\"@id\":\"https:\\\/\\\/www.eldiario.net\\\/portal\\\/2022\\\/06\\\/30\\\/dan-visto-bueno-a-desarrollo-del-proyecto-bermejo-x46d\\\/#primaryimage\",\"url\":\"\",\"contentUrl\":\"\"},{\"@type\":\"BreadcrumbList\",\"@id\":\"https:\\\/\\\/www.eldiario.net\\\/portal\\\/2022\\\/06\\\/30\\\/dan-visto-bueno-a-desarrollo-del-proyecto-bermejo-x46d\\\/#breadcrumb\",\"itemListElement\":[{\"@type\":\"ListItem\",\"position\":1,\"name\":\"Portada\",\"item\":\"https:\\\/\\\/www.eldiario.net\\\/portal\\\/\"},{\"@type\":\"ListItem\",\"position\":2,\"name\":\"Dan visto bueno a desarrollo del proyecto Bermejo X46D\"}]},{\"@type\":\"WebSite\",\"@id\":\"https:\\\/\\\/www.eldiario.net\\\/portal\\\/#website\",\"url\":\"https:\\\/\\\/www.eldiario.net\\\/portal\\\/\",\"name\":\"El Diario - Decano de la prensa nacional\",\"description\":\"El Diario - Decano de la prensa nacional\",\"publisher\":{\"@id\":\"https:\\\/\\\/www.eldiario.net\\\/portal\\\/#organization\"},\"potentialAction\":[{\"@type\":\"SearchAction\",\"target\":{\"@type\":\"EntryPoint\",\"urlTemplate\":\"https:\\\/\\\/www.eldiario.net\\\/portal\\\/?s={search_term_string}\"},\"query-input\":{\"@type\":\"PropertyValueSpecification\",\"valueRequired\":true,\"valueName\":\"search_term_string\"}}],\"inLanguage\":\"es\"},{\"@type\":\"Organization\",\"@id\":\"https:\\\/\\\/www.eldiario.net\\\/portal\\\/#organization\",\"name\":\"El Diario - Decano de la prensa nacional\",\"url\":\"https:\\\/\\\/www.eldiario.net\\\/portal\\\/\",\"logo\":{\"@type\":\"ImageObject\",\"inLanguage\":\"es\",\"@id\":\"https:\\\/\\\/www.eldiario.net\\\/portal\\\/#\\\/schema\\\/logo\\\/image\\\/\",\"url\":\"https:\\\/\\\/www.eldiario.net\\\/portal\\\/wp-content\\\/uploads\\\/2023\\\/07\\\/logo_ED.jpg\",\"contentUrl\":\"https:\\\/\\\/www.eldiario.net\\\/portal\\\/wp-content\\\/uploads\\\/2023\\\/07\\\/logo_ED.jpg\",\"width\":272,\"height\":52,\"caption\":\"El Diario - Decano de la prensa nacional\"},\"image\":{\"@id\":\"https:\\\/\\\/www.eldiario.net\\\/portal\\\/#\\\/schema\\\/logo\\\/image\\\/\"},\"sameAs\":[\"https:\\\/\\\/www.facebook.com\\\/eldiario.bolivia\\\/\",\"https:\\\/\\\/x.com\\\/eldiario_net\"]},{\"@type\":\"Person\",\"@id\":\"https:\\\/\\\/www.eldiario.net\\\/portal\\\/#\\\/schema\\\/person\\\/f46445640444750d7d753ccd04ae01b7\",\"name\":\"Jeanette\",\"image\":{\"@type\":\"ImageObject\",\"inLanguage\":\"es\",\"@id\":\"https:\\\/\\\/secure.gravatar.com\\\/avatar\\\/3ea2118a5f7dad2b7138b1187a6b7ee55f160b9968b66013c3a3ef39dd7e5798?s=96&d=mm&r=g\",\"url\":\"https:\\\/\\\/secure.gravatar.com\\\/avatar\\\/3ea2118a5f7dad2b7138b1187a6b7ee55f160b9968b66013c3a3ef39dd7e5798?s=96&d=mm&r=g\",\"contentUrl\":\"https:\\\/\\\/secure.gravatar.com\\\/avatar\\\/3ea2118a5f7dad2b7138b1187a6b7ee55f160b9968b66013c3a3ef39dd7e5798?s=96&d=mm&r=g\",\"caption\":\"Jeanette\"},\"sameAs\":[\"https:\\\/\\\/www.eldiario.net\\\/portal\"],\"url\":\"https:\\\/\\\/www.eldiario.net\\\/portal\\\/author\\\/jeanette\\\/\"}]}<\/script>\n<!-- \/ Yoast SEO plugin. -->","yoast_head_json":{"title":"Dan visto bueno a desarrollo del proyecto Bermejo X46D - El Diario - Bolivia","robots":{"index":"index","follow":"follow","max-snippet":"max-snippet:-1","max-image-preview":"max-image-preview:large","max-video-preview":"max-video-preview:-1"},"canonical":"https:\/\/www.eldiario.net\/portal\/2022\/06\/30\/dan-visto-bueno-a-desarrollo-del-proyecto-bermejo-x46d\/","og_locale":"es_ES","og_type":"article","og_title":"Dan visto bueno a desarrollo del proyecto Bermejo X46D - El Diario - Bolivia","og_description":"La \u201cComunidad el 9\u201d y organizaciones sociales de Bermejo dieron su visto bueno para que la estatal Yacimientos Petrol\u00edferos Fiscales Bolivianos (YPFB) desarrolle el proyecto exploratorio Bermejo-X46D. El proyecto Bermejo-X46D est\u00e1 ubicado en la provincia Aniceto Arce del departamento de Tarija, fue aprobado por el Directorio de YPFB y est\u00e1 previsto el inicio de actividades [&hellip;]","og_url":"https:\/\/www.eldiario.net\/portal\/2022\/06\/30\/dan-visto-bueno-a-desarrollo-del-proyecto-bermejo-x46d\/","og_site_name":"El Diario - Bolivia","article_publisher":"https:\/\/www.facebook.com\/eldiario.bolivia\/","article_published_time":"2022-06-30T10:05:51+00:00","author":"Jeanette","twitter_card":"summary_large_image","twitter_creator":"@eldiario_net","twitter_site":"@eldiario_net","twitter_misc":{"Escrito por":"Jeanette","Tiempo de lectura":"2 minutos"},"schema":{"@context":"https:\/\/schema.org","@graph":[{"@type":"Article","@id":"https:\/\/www.eldiario.net\/portal\/2022\/06\/30\/dan-visto-bueno-a-desarrollo-del-proyecto-bermejo-x46d\/#article","isPartOf":{"@id":"https:\/\/www.eldiario.net\/portal\/2022\/06\/30\/dan-visto-bueno-a-desarrollo-del-proyecto-bermejo-x46d\/"},"author":{"name":"Jeanette","@id":"https:\/\/www.eldiario.net\/portal\/#\/schema\/person\/f46445640444750d7d753ccd04ae01b7"},"headline":"Dan visto bueno a desarrollo del proyecto Bermejo X46D","datePublished":"2022-06-30T10:05:51+00:00","mainEntityOfPage":{"@id":"https:\/\/www.eldiario.net\/portal\/2022\/06\/30\/dan-visto-bueno-a-desarrollo-del-proyecto-bermejo-x46d\/"},"wordCount":425,"publisher":{"@id":"https:\/\/www.eldiario.net\/portal\/#organization"},"image":{"@id":"https:\/\/www.eldiario.net\/portal\/2022\/06\/30\/dan-visto-bueno-a-desarrollo-del-proyecto-bermejo-x46d\/#primaryimage"},"thumbnailUrl":"","articleSection":["Econom\u00eda"],"inLanguage":"es"},{"@type":"WebPage","@id":"https:\/\/www.eldiario.net\/portal\/2022\/06\/30\/dan-visto-bueno-a-desarrollo-del-proyecto-bermejo-x46d\/","url":"https:\/\/www.eldiario.net\/portal\/2022\/06\/30\/dan-visto-bueno-a-desarrollo-del-proyecto-bermejo-x46d\/","name":"Dan visto bueno a desarrollo del proyecto Bermejo X46D - El Diario - Bolivia","isPartOf":{"@id":"https:\/\/www.eldiario.net\/portal\/#website"},"primaryImageOfPage":{"@id":"https:\/\/www.eldiario.net\/portal\/2022\/06\/30\/dan-visto-bueno-a-desarrollo-del-proyecto-bermejo-x46d\/#primaryimage"},"image":{"@id":"https:\/\/www.eldiario.net\/portal\/2022\/06\/30\/dan-visto-bueno-a-desarrollo-del-proyecto-bermejo-x46d\/#primaryimage"},"thumbnailUrl":"","datePublished":"2022-06-30T10:05:51+00:00","breadcrumb":{"@id":"https:\/\/www.eldiario.net\/portal\/2022\/06\/30\/dan-visto-bueno-a-desarrollo-del-proyecto-bermejo-x46d\/#breadcrumb"},"inLanguage":"es","potentialAction":[{"@type":"ReadAction","target":["https:\/\/www.eldiario.net\/portal\/2022\/06\/30\/dan-visto-bueno-a-desarrollo-del-proyecto-bermejo-x46d\/"]}]},{"@type":"ImageObject","inLanguage":"es","@id":"https:\/\/www.eldiario.net\/portal\/2022\/06\/30\/dan-visto-bueno-a-desarrollo-del-proyecto-bermejo-x46d\/#primaryimage","url":"","contentUrl":""},{"@type":"BreadcrumbList","@id":"https:\/\/www.eldiario.net\/portal\/2022\/06\/30\/dan-visto-bueno-a-desarrollo-del-proyecto-bermejo-x46d\/#breadcrumb","itemListElement":[{"@type":"ListItem","position":1,"name":"Portada","item":"https:\/\/www.eldiario.net\/portal\/"},{"@type":"ListItem","position":2,"name":"Dan visto bueno a desarrollo del proyecto Bermejo X46D"}]},{"@type":"WebSite","@id":"https:\/\/www.eldiario.net\/portal\/#website","url":"https:\/\/www.eldiario.net\/portal\/","name":"El Diario - Decano de la prensa nacional","description":"El Diario - Decano de la prensa nacional","publisher":{"@id":"https:\/\/www.eldiario.net\/portal\/#organization"},"potentialAction":[{"@type":"SearchAction","target":{"@type":"EntryPoint","urlTemplate":"https:\/\/www.eldiario.net\/portal\/?s={search_term_string}"},"query-input":{"@type":"PropertyValueSpecification","valueRequired":true,"valueName":"search_term_string"}}],"inLanguage":"es"},{"@type":"Organization","@id":"https:\/\/www.eldiario.net\/portal\/#organization","name":"El Diario - Decano de la prensa nacional","url":"https:\/\/www.eldiario.net\/portal\/","logo":{"@type":"ImageObject","inLanguage":"es","@id":"https:\/\/www.eldiario.net\/portal\/#\/schema\/logo\/image\/","url":"https:\/\/www.eldiario.net\/portal\/wp-content\/uploads\/2023\/07\/logo_ED.jpg","contentUrl":"https:\/\/www.eldiario.net\/portal\/wp-content\/uploads\/2023\/07\/logo_ED.jpg","width":272,"height":52,"caption":"El Diario - Decano de la prensa nacional"},"image":{"@id":"https:\/\/www.eldiario.net\/portal\/#\/schema\/logo\/image\/"},"sameAs":["https:\/\/www.facebook.com\/eldiario.bolivia\/","https:\/\/x.com\/eldiario_net"]},{"@type":"Person","@id":"https:\/\/www.eldiario.net\/portal\/#\/schema\/person\/f46445640444750d7d753ccd04ae01b7","name":"Jeanette","image":{"@type":"ImageObject","inLanguage":"es","@id":"https:\/\/secure.gravatar.com\/avatar\/3ea2118a5f7dad2b7138b1187a6b7ee55f160b9968b66013c3a3ef39dd7e5798?s=96&d=mm&r=g","url":"https:\/\/secure.gravatar.com\/avatar\/3ea2118a5f7dad2b7138b1187a6b7ee55f160b9968b66013c3a3ef39dd7e5798?s=96&d=mm&r=g","contentUrl":"https:\/\/secure.gravatar.com\/avatar\/3ea2118a5f7dad2b7138b1187a6b7ee55f160b9968b66013c3a3ef39dd7e5798?s=96&d=mm&r=g","caption":"Jeanette"},"sameAs":["https:\/\/www.eldiario.net\/portal"],"url":"https:\/\/www.eldiario.net\/portal\/author\/jeanette\/"}]}},"_links":{"self":[{"href":"https:\/\/www.eldiario.net\/portal\/wp-json\/wp\/v2\/posts\/93955","targetHints":{"allow":["GET"]}}],"collection":[{"href":"https:\/\/www.eldiario.net\/portal\/wp-json\/wp\/v2\/posts"}],"about":[{"href":"https:\/\/www.eldiario.net\/portal\/wp-json\/wp\/v2\/types\/post"}],"author":[{"embeddable":true,"href":"https:\/\/www.eldiario.net\/portal\/wp-json\/wp\/v2\/users\/1"}],"replies":[{"embeddable":true,"href":"https:\/\/www.eldiario.net\/portal\/wp-json\/wp\/v2\/comments?post=93955"}],"version-history":[{"count":0,"href":"https:\/\/www.eldiario.net\/portal\/wp-json\/wp\/v2\/posts\/93955\/revisions"}],"wp:attachment":[{"href":"https:\/\/www.eldiario.net\/portal\/wp-json\/wp\/v2\/media?parent=93955"}],"wp:term":[{"taxonomy":"category","embeddable":true,"href":"https:\/\/www.eldiario.net\/portal\/wp-json\/wp\/v2\/categories?post=93955"},{"taxonomy":"post_tag","embeddable":true,"href":"https:\/\/www.eldiario.net\/portal\/wp-json\/wp\/v2\/tags?post=93955"}],"curies":[{"name":"wp","href":"https:\/\/api.w.org\/{rel}","templated":true}]}}