{"id":93951,"date":"2022-06-30T06:04:22","date_gmt":"2022-06-30T10:04:22","guid":{"rendered":"https:\/\/www.eldiario.net\/portal\/?p=93951"},"modified":"2022-06-30T06:04:22","modified_gmt":"2022-06-30T10:04:22","slug":"no-hay-informes-sobre-vinculos-de-nallar-con-el-narcotrafico","status":"publish","type":"post","link":"https:\/\/www.eldiario.net\/portal\/2022\/06\/30\/no-hay-informes-sobre-vinculos-de-nallar-con-el-narcotrafico\/","title":{"rendered":"No hay informes sobre v\u00ednculos  de Nallar con el narcotr\u00e1fico"},"content":{"rendered":"<p>El fiscal departamental de Santa Cruz, Roger Mariaca, manifest\u00f3 ayer que no tienen ning\u00fan informe ni documentos objetivos que hubieran sido proporcionados por la Polic\u00eda para investigar a Misael Nallar sobre posibles v\u00ednculos con el narcotr\u00e1fico. En tanto funcionarios de la Fuerza Especial de Lucha Contra el Narcotr\u00e1fico (Felcn) fueron prohibidos de hablar con la prensa.<\/p>\n<p>Mariaca precis\u00f3 que de momento existen dos investigaciones, la primera por el asesinato de dos efectivos policiales y un voluntario del Grupo de Apoyo Civil a la Polic\u00eda (Gacip), el pasado 21 de junio en la comunidad de Cuchis en el municipio de Porongo en Santa Cruz.<\/p>\n<p>La segunda investigaci\u00f3n es por el delito de legitimaci\u00f3n de ganancias il\u00edcitas luego que se detect\u00f3 que Nallar posee un ostentoso patrimonio, traducido en una hacienda lujosa, veh\u00edculos, departamentos, entre otros, que hasta ahora no acredit\u00f3 c\u00f3mo gener\u00f3 sus bienes.<\/p>\n<p>&nbsp;<\/p>\n<p>INSTRUCCI\u00d3N<\/p>\n<p>Por otro lado, a trav\u00e9s de un memor\u00e1ndum firmado por el director de la Felcn,\u00a0 Gregorio Illanes, se instruye a funcionarios del Ministerio de Gobierno debe ser coordinado con la unidad de comunicaci\u00f3n.<\/p>\n<p>\u201cSe instruye a todo el personal del Ministerio de Gobierno que toda exposici\u00f3n en medios de comunicaci\u00f3n y prensa debe coordinarse previamente con la Unidad de Comunicaci\u00f3n Social, dependiente de este despacho, sin excepci\u00f3n\u201d, se lee en el memor\u00e1ndum.<\/p>\n<p>El memor\u00e1ndum se dio a d\u00edas del asesinato de tres uniformados de la Polic\u00eda Boliviana.<\/p>\n<p>Pol\u00edticos y analistas consideran que la instrucci\u00f3n tiene que ver con las inconsistencias y contradicciones en las declaraciones de los polic\u00edas sobre los hechos ocurridos en Porongo.<\/p>\n","protected":false},"excerpt":{"rendered":"<p>El fiscal departamental de Santa Cruz, Roger Mariaca, manifest\u00f3 ayer que no tienen ning\u00fan informe ni documentos objetivos que hubieran sido proporcionados por la Polic\u00eda para investigar a Misael Nallar sobre posibles v\u00ednculos con el narcotr\u00e1fico. En tanto funcionarios de la Fuerza Especial de Lucha Contra el Narcotr\u00e1fico (Felcn) fueron prohibidos de hablar con la [&hellip;]<\/p>\n","protected":false},"author":1,"featured_media":93952,"comment_status":"closed","ping_status":"closed","sticky":false,"template":"","format":"standard","meta":{"_acf_changed":false,"footnotes":""},"categories":[39],"tags":[],"class_list":["post-93951","post","type-post","status-publish","format-standard","has-post-thumbnail","category-sociedad"],"acf":{"antetitulo":""},"yoast_head":"<!-- This site is optimized with the Yoast SEO plugin v28.3 - https:\/\/yoast.com\/product\/yoast-seo-wordpress\/ -->\n<title>No hay informes sobre v\u00ednculos de Nallar con el narcotr\u00e1fico - El Diario - Bolivia<\/title>\n<meta name=\"robots\" content=\"index, follow, max-snippet:-1, max-image-preview:large, max-video-preview:-1\" \/>\n<link rel=\"canonical\" href=\"https:\/\/www.eldiario.net\/portal\/2022\/06\/30\/no-hay-informes-sobre-vinculos-de-nallar-con-el-narcotrafico\/\" \/>\n<meta property=\"og:locale\" content=\"es_ES\" \/>\n<meta property=\"og:type\" content=\"article\" \/>\n<meta property=\"og:title\" content=\"No hay informes sobre v\u00ednculos de Nallar con el narcotr\u00e1fico - El Diario - Bolivia\" \/>\n<meta property=\"og:description\" content=\"El fiscal departamental de Santa Cruz, Roger Mariaca, manifest\u00f3 ayer que no tienen ning\u00fan informe ni documentos objetivos que hubieran sido proporcionados por la Polic\u00eda para investigar a Misael Nallar sobre posibles v\u00ednculos con el narcotr\u00e1fico. En tanto funcionarios de la Fuerza Especial de Lucha Contra el Narcotr\u00e1fico (Felcn) fueron prohibidos de hablar con la [&hellip;]\" \/>\n<meta property=\"og:url\" content=\"https:\/\/www.eldiario.net\/portal\/2022\/06\/30\/no-hay-informes-sobre-vinculos-de-nallar-con-el-narcotrafico\/\" \/>\n<meta property=\"og:site_name\" content=\"El Diario - Bolivia\" \/>\n<meta property=\"article:publisher\" content=\"https:\/\/www.facebook.com\/eldiario.bolivia\/\" \/>\n<meta property=\"article:published_time\" content=\"2022-06-30T10:04:22+00:00\" \/>\n<meta name=\"author\" content=\"Jeanette\" \/>\n<meta name=\"twitter:card\" content=\"summary_large_image\" \/>\n<meta name=\"twitter:creator\" content=\"@eldiario_net\" \/>\n<meta name=\"twitter:site\" content=\"@eldiario_net\" \/>\n<meta name=\"twitter:label1\" content=\"Escrito por\" \/>\n\t<meta name=\"twitter:data1\" content=\"Jeanette\" \/>\n\t<meta name=\"twitter:label2\" content=\"Tiempo de lectura\" \/>\n\t<meta name=\"twitter:data2\" content=\"2 minutos\" \/>\n<script type=\"application\/ld+json\" class=\"yoast-schema-graph\">{\"@context\":\"https:\\\/\\\/schema.org\",\"@graph\":[{\"@type\":\"Article\",\"@id\":\"https:\\\/\\\/www.eldiario.net\\\/portal\\\/2022\\\/06\\\/30\\\/no-hay-informes-sobre-vinculos-de-nallar-con-el-narcotrafico\\\/#article\",\"isPartOf\":{\"@id\":\"https:\\\/\\\/www.eldiario.net\\\/portal\\\/2022\\\/06\\\/30\\\/no-hay-informes-sobre-vinculos-de-nallar-con-el-narcotrafico\\\/\"},\"author\":{\"name\":\"Jeanette\",\"@id\":\"https:\\\/\\\/www.eldiario.net\\\/portal\\\/#\\\/schema\\\/person\\\/f46445640444750d7d753ccd04ae01b7\"},\"headline\":\"No hay informes sobre v\u00ednculos de Nallar con el narcotr\u00e1fico\",\"datePublished\":\"2022-06-30T10:04:22+00:00\",\"mainEntityOfPage\":{\"@id\":\"https:\\\/\\\/www.eldiario.net\\\/portal\\\/2022\\\/06\\\/30\\\/no-hay-informes-sobre-vinculos-de-nallar-con-el-narcotrafico\\\/\"},\"wordCount\":296,\"publisher\":{\"@id\":\"https:\\\/\\\/www.eldiario.net\\\/portal\\\/#organization\"},\"image\":{\"@id\":\"https:\\\/\\\/www.eldiario.net\\\/portal\\\/2022\\\/06\\\/30\\\/no-hay-informes-sobre-vinculos-de-nallar-con-el-narcotrafico\\\/#primaryimage\"},\"thumbnailUrl\":\"\",\"articleSection\":[\"Sociedad - Seguridad\"],\"inLanguage\":\"es\"},{\"@type\":\"WebPage\",\"@id\":\"https:\\\/\\\/www.eldiario.net\\\/portal\\\/2022\\\/06\\\/30\\\/no-hay-informes-sobre-vinculos-de-nallar-con-el-narcotrafico\\\/\",\"url\":\"https:\\\/\\\/www.eldiario.net\\\/portal\\\/2022\\\/06\\\/30\\\/no-hay-informes-sobre-vinculos-de-nallar-con-el-narcotrafico\\\/\",\"name\":\"No hay informes sobre v\u00ednculos de Nallar con el narcotr\u00e1fico - El Diario - Bolivia\",\"isPartOf\":{\"@id\":\"https:\\\/\\\/www.eldiario.net\\\/portal\\\/#website\"},\"primaryImageOfPage\":{\"@id\":\"https:\\\/\\\/www.eldiario.net\\\/portal\\\/2022\\\/06\\\/30\\\/no-hay-informes-sobre-vinculos-de-nallar-con-el-narcotrafico\\\/#primaryimage\"},\"image\":{\"@id\":\"https:\\\/\\\/www.eldiario.net\\\/portal\\\/2022\\\/06\\\/30\\\/no-hay-informes-sobre-vinculos-de-nallar-con-el-narcotrafico\\\/#primaryimage\"},\"thumbnailUrl\":\"\",\"datePublished\":\"2022-06-30T10:04:22+00:00\",\"breadcrumb\":{\"@id\":\"https:\\\/\\\/www.eldiario.net\\\/portal\\\/2022\\\/06\\\/30\\\/no-hay-informes-sobre-vinculos-de-nallar-con-el-narcotrafico\\\/#breadcrumb\"},\"inLanguage\":\"es\",\"potentialAction\":[{\"@type\":\"ReadAction\",\"target\":[\"https:\\\/\\\/www.eldiario.net\\\/portal\\\/2022\\\/06\\\/30\\\/no-hay-informes-sobre-vinculos-de-nallar-con-el-narcotrafico\\\/\"]}]},{\"@type\":\"ImageObject\",\"inLanguage\":\"es\",\"@id\":\"https:\\\/\\\/www.eldiario.net\\\/portal\\\/2022\\\/06\\\/30\\\/no-hay-informes-sobre-vinculos-de-nallar-con-el-narcotrafico\\\/#primaryimage\",\"url\":\"\",\"contentUrl\":\"\"},{\"@type\":\"BreadcrumbList\",\"@id\":\"https:\\\/\\\/www.eldiario.net\\\/portal\\\/2022\\\/06\\\/30\\\/no-hay-informes-sobre-vinculos-de-nallar-con-el-narcotrafico\\\/#breadcrumb\",\"itemListElement\":[{\"@type\":\"ListItem\",\"position\":1,\"name\":\"Portada\",\"item\":\"https:\\\/\\\/www.eldiario.net\\\/portal\\\/\"},{\"@type\":\"ListItem\",\"position\":2,\"name\":\"No hay informes sobre v\u00ednculos de Nallar con el narcotr\u00e1fico\"}]},{\"@type\":\"WebSite\",\"@id\":\"https:\\\/\\\/www.eldiario.net\\\/portal\\\/#website\",\"url\":\"https:\\\/\\\/www.eldiario.net\\\/portal\\\/\",\"name\":\"El Diario - Decano de la prensa nacional\",\"description\":\"El Diario - Decano de la prensa nacional\",\"publisher\":{\"@id\":\"https:\\\/\\\/www.eldiario.net\\\/portal\\\/#organization\"},\"potentialAction\":[{\"@type\":\"SearchAction\",\"target\":{\"@type\":\"EntryPoint\",\"urlTemplate\":\"https:\\\/\\\/www.eldiario.net\\\/portal\\\/?s={search_term_string}\"},\"query-input\":{\"@type\":\"PropertyValueSpecification\",\"valueRequired\":true,\"valueName\":\"search_term_string\"}}],\"inLanguage\":\"es\"},{\"@type\":\"Organization\",\"@id\":\"https:\\\/\\\/www.eldiario.net\\\/portal\\\/#organization\",\"name\":\"El Diario - Decano de la prensa nacional\",\"url\":\"https:\\\/\\\/www.eldiario.net\\\/portal\\\/\",\"logo\":{\"@type\":\"ImageObject\",\"inLanguage\":\"es\",\"@id\":\"https:\\\/\\\/www.eldiario.net\\\/portal\\\/#\\\/schema\\\/logo\\\/image\\\/\",\"url\":\"https:\\\/\\\/www.eldiario.net\\\/portal\\\/wp-content\\\/uploads\\\/2023\\\/07\\\/logo_ED.jpg\",\"contentUrl\":\"https:\\\/\\\/www.eldiario.net\\\/portal\\\/wp-content\\\/uploads\\\/2023\\\/07\\\/logo_ED.jpg\",\"width\":272,\"height\":52,\"caption\":\"El Diario - Decano de la prensa nacional\"},\"image\":{\"@id\":\"https:\\\/\\\/www.eldiario.net\\\/portal\\\/#\\\/schema\\\/logo\\\/image\\\/\"},\"sameAs\":[\"https:\\\/\\\/www.facebook.com\\\/eldiario.bolivia\\\/\",\"https:\\\/\\\/x.com\\\/eldiario_net\"]},{\"@type\":\"Person\",\"@id\":\"https:\\\/\\\/www.eldiario.net\\\/portal\\\/#\\\/schema\\\/person\\\/f46445640444750d7d753ccd04ae01b7\",\"name\":\"Jeanette\",\"image\":{\"@type\":\"ImageObject\",\"inLanguage\":\"es\",\"@id\":\"https:\\\/\\\/secure.gravatar.com\\\/avatar\\\/3ea2118a5f7dad2b7138b1187a6b7ee55f160b9968b66013c3a3ef39dd7e5798?s=96&d=mm&r=g\",\"url\":\"https:\\\/\\\/secure.gravatar.com\\\/avatar\\\/3ea2118a5f7dad2b7138b1187a6b7ee55f160b9968b66013c3a3ef39dd7e5798?s=96&d=mm&r=g\",\"contentUrl\":\"https:\\\/\\\/secure.gravatar.com\\\/avatar\\\/3ea2118a5f7dad2b7138b1187a6b7ee55f160b9968b66013c3a3ef39dd7e5798?s=96&d=mm&r=g\",\"caption\":\"Jeanette\"},\"sameAs\":[\"https:\\\/\\\/www.eldiario.net\\\/portal\"],\"url\":\"https:\\\/\\\/www.eldiario.net\\\/portal\\\/author\\\/jeanette\\\/\"}]}<\/script>\n<!-- \/ Yoast SEO plugin. -->","yoast_head_json":{"title":"No hay informes sobre v\u00ednculos de Nallar con el narcotr\u00e1fico - El Diario - Bolivia","robots":{"index":"index","follow":"follow","max-snippet":"max-snippet:-1","max-image-preview":"max-image-preview:large","max-video-preview":"max-video-preview:-1"},"canonical":"https:\/\/www.eldiario.net\/portal\/2022\/06\/30\/no-hay-informes-sobre-vinculos-de-nallar-con-el-narcotrafico\/","og_locale":"es_ES","og_type":"article","og_title":"No hay informes sobre v\u00ednculos de Nallar con el narcotr\u00e1fico - El Diario - Bolivia","og_description":"El fiscal departamental de Santa Cruz, Roger Mariaca, manifest\u00f3 ayer que no tienen ning\u00fan informe ni documentos objetivos que hubieran sido proporcionados por la Polic\u00eda para investigar a Misael Nallar sobre posibles v\u00ednculos con el narcotr\u00e1fico. En tanto funcionarios de la Fuerza Especial de Lucha Contra el Narcotr\u00e1fico (Felcn) fueron prohibidos de hablar con la [&hellip;]","og_url":"https:\/\/www.eldiario.net\/portal\/2022\/06\/30\/no-hay-informes-sobre-vinculos-de-nallar-con-el-narcotrafico\/","og_site_name":"El Diario - Bolivia","article_publisher":"https:\/\/www.facebook.com\/eldiario.bolivia\/","article_published_time":"2022-06-30T10:04:22+00:00","author":"Jeanette","twitter_card":"summary_large_image","twitter_creator":"@eldiario_net","twitter_site":"@eldiario_net","twitter_misc":{"Escrito por":"Jeanette","Tiempo de lectura":"2 minutos"},"schema":{"@context":"https:\/\/schema.org","@graph":[{"@type":"Article","@id":"https:\/\/www.eldiario.net\/portal\/2022\/06\/30\/no-hay-informes-sobre-vinculos-de-nallar-con-el-narcotrafico\/#article","isPartOf":{"@id":"https:\/\/www.eldiario.net\/portal\/2022\/06\/30\/no-hay-informes-sobre-vinculos-de-nallar-con-el-narcotrafico\/"},"author":{"name":"Jeanette","@id":"https:\/\/www.eldiario.net\/portal\/#\/schema\/person\/f46445640444750d7d753ccd04ae01b7"},"headline":"No hay informes sobre v\u00ednculos de Nallar con el narcotr\u00e1fico","datePublished":"2022-06-30T10:04:22+00:00","mainEntityOfPage":{"@id":"https:\/\/www.eldiario.net\/portal\/2022\/06\/30\/no-hay-informes-sobre-vinculos-de-nallar-con-el-narcotrafico\/"},"wordCount":296,"publisher":{"@id":"https:\/\/www.eldiario.net\/portal\/#organization"},"image":{"@id":"https:\/\/www.eldiario.net\/portal\/2022\/06\/30\/no-hay-informes-sobre-vinculos-de-nallar-con-el-narcotrafico\/#primaryimage"},"thumbnailUrl":"","articleSection":["Sociedad - Seguridad"],"inLanguage":"es"},{"@type":"WebPage","@id":"https:\/\/www.eldiario.net\/portal\/2022\/06\/30\/no-hay-informes-sobre-vinculos-de-nallar-con-el-narcotrafico\/","url":"https:\/\/www.eldiario.net\/portal\/2022\/06\/30\/no-hay-informes-sobre-vinculos-de-nallar-con-el-narcotrafico\/","name":"No hay informes sobre v\u00ednculos de Nallar con el narcotr\u00e1fico - El Diario - Bolivia","isPartOf":{"@id":"https:\/\/www.eldiario.net\/portal\/#website"},"primaryImageOfPage":{"@id":"https:\/\/www.eldiario.net\/portal\/2022\/06\/30\/no-hay-informes-sobre-vinculos-de-nallar-con-el-narcotrafico\/#primaryimage"},"image":{"@id":"https:\/\/www.eldiario.net\/portal\/2022\/06\/30\/no-hay-informes-sobre-vinculos-de-nallar-con-el-narcotrafico\/#primaryimage"},"thumbnailUrl":"","datePublished":"2022-06-30T10:04:22+00:00","breadcrumb":{"@id":"https:\/\/www.eldiario.net\/portal\/2022\/06\/30\/no-hay-informes-sobre-vinculos-de-nallar-con-el-narcotrafico\/#breadcrumb"},"inLanguage":"es","potentialAction":[{"@type":"ReadAction","target":["https:\/\/www.eldiario.net\/portal\/2022\/06\/30\/no-hay-informes-sobre-vinculos-de-nallar-con-el-narcotrafico\/"]}]},{"@type":"ImageObject","inLanguage":"es","@id":"https:\/\/www.eldiario.net\/portal\/2022\/06\/30\/no-hay-informes-sobre-vinculos-de-nallar-con-el-narcotrafico\/#primaryimage","url":"","contentUrl":""},{"@type":"BreadcrumbList","@id":"https:\/\/www.eldiario.net\/portal\/2022\/06\/30\/no-hay-informes-sobre-vinculos-de-nallar-con-el-narcotrafico\/#breadcrumb","itemListElement":[{"@type":"ListItem","position":1,"name":"Portada","item":"https:\/\/www.eldiario.net\/portal\/"},{"@type":"ListItem","position":2,"name":"No hay informes sobre v\u00ednculos de Nallar con el narcotr\u00e1fico"}]},{"@type":"WebSite","@id":"https:\/\/www.eldiario.net\/portal\/#website","url":"https:\/\/www.eldiario.net\/portal\/","name":"El Diario - Decano de la prensa nacional","description":"El Diario - Decano de la prensa nacional","publisher":{"@id":"https:\/\/www.eldiario.net\/portal\/#organization"},"potentialAction":[{"@type":"SearchAction","target":{"@type":"EntryPoint","urlTemplate":"https:\/\/www.eldiario.net\/portal\/?s={search_term_string}"},"query-input":{"@type":"PropertyValueSpecification","valueRequired":true,"valueName":"search_term_string"}}],"inLanguage":"es"},{"@type":"Organization","@id":"https:\/\/www.eldiario.net\/portal\/#organization","name":"El Diario - Decano de la prensa nacional","url":"https:\/\/www.eldiario.net\/portal\/","logo":{"@type":"ImageObject","inLanguage":"es","@id":"https:\/\/www.eldiario.net\/portal\/#\/schema\/logo\/image\/","url":"https:\/\/www.eldiario.net\/portal\/wp-content\/uploads\/2023\/07\/logo_ED.jpg","contentUrl":"https:\/\/www.eldiario.net\/portal\/wp-content\/uploads\/2023\/07\/logo_ED.jpg","width":272,"height":52,"caption":"El Diario - Decano de la prensa nacional"},"image":{"@id":"https:\/\/www.eldiario.net\/portal\/#\/schema\/logo\/image\/"},"sameAs":["https:\/\/www.facebook.com\/eldiario.bolivia\/","https:\/\/x.com\/eldiario_net"]},{"@type":"Person","@id":"https:\/\/www.eldiario.net\/portal\/#\/schema\/person\/f46445640444750d7d753ccd04ae01b7","name":"Jeanette","image":{"@type":"ImageObject","inLanguage":"es","@id":"https:\/\/secure.gravatar.com\/avatar\/3ea2118a5f7dad2b7138b1187a6b7ee55f160b9968b66013c3a3ef39dd7e5798?s=96&d=mm&r=g","url":"https:\/\/secure.gravatar.com\/avatar\/3ea2118a5f7dad2b7138b1187a6b7ee55f160b9968b66013c3a3ef39dd7e5798?s=96&d=mm&r=g","contentUrl":"https:\/\/secure.gravatar.com\/avatar\/3ea2118a5f7dad2b7138b1187a6b7ee55f160b9968b66013c3a3ef39dd7e5798?s=96&d=mm&r=g","caption":"Jeanette"},"sameAs":["https:\/\/www.eldiario.net\/portal"],"url":"https:\/\/www.eldiario.net\/portal\/author\/jeanette\/"}]}},"_links":{"self":[{"href":"https:\/\/www.eldiario.net\/portal\/wp-json\/wp\/v2\/posts\/93951","targetHints":{"allow":["GET"]}}],"collection":[{"href":"https:\/\/www.eldiario.net\/portal\/wp-json\/wp\/v2\/posts"}],"about":[{"href":"https:\/\/www.eldiario.net\/portal\/wp-json\/wp\/v2\/types\/post"}],"author":[{"embeddable":true,"href":"https:\/\/www.eldiario.net\/portal\/wp-json\/wp\/v2\/users\/1"}],"replies":[{"embeddable":true,"href":"https:\/\/www.eldiario.net\/portal\/wp-json\/wp\/v2\/comments?post=93951"}],"version-history":[{"count":0,"href":"https:\/\/www.eldiario.net\/portal\/wp-json\/wp\/v2\/posts\/93951\/revisions"}],"wp:attachment":[{"href":"https:\/\/www.eldiario.net\/portal\/wp-json\/wp\/v2\/media?parent=93951"}],"wp:term":[{"taxonomy":"category","embeddable":true,"href":"https:\/\/www.eldiario.net\/portal\/wp-json\/wp\/v2\/categories?post=93951"},{"taxonomy":"post_tag","embeddable":true,"href":"https:\/\/www.eldiario.net\/portal\/wp-json\/wp\/v2\/tags?post=93951"}],"curies":[{"name":"wp","href":"https:\/\/api.w.org\/{rel}","templated":true}]}}