{"id":93948,"date":"2022-06-30T06:03:16","date_gmt":"2022-06-30T10:03:16","guid":{"rendered":"https:\/\/www.eldiario.net\/portal\/?p=93948"},"modified":"2022-06-30T06:03:16","modified_gmt":"2022-06-30T10:03:16","slug":"muere-nina-por-beber-herbicida","status":"publish","type":"post","link":"https:\/\/www.eldiario.net\/portal\/2022\/06\/30\/muere-nina-por-beber-herbicida\/","title":{"rendered":"Muere ni\u00f1a por  beber herbicida"},"content":{"rendered":"<p>El subdirector de la Fuerza Especial de Lucha Contra el Crimen (Felcc) de La Paz, coronel Juan Jos\u00e9 Donaire, inform\u00f3 ayer que una ni\u00f1a de dos a\u00f1os falleci\u00f3 tras haber consumido herbicida. El caso est\u00e1 en conocimiento del Ministerio P\u00fablico y no se descarta que la abuela sea convocada a declarar.<\/p>\n<p>Donaire precis\u00f3 que el herbicida estaba en una botella de refresco, por lo que la menor ingiri\u00f3 el l\u00edquido que le provoc\u00f3 su muerte. La La ni\u00f1a estaba a cargo de su abuela que se dedica a la actividad agropecuaria, mientras su madre trabajaba en La Paz.<\/p>\n<p>\u201cSe ha evidenciado el cad\u00e1ver de una menor de dos a\u00f1os, proveniente de un \u00e1rea periurbana. De acuerdo a los antecedentes, la madre estar\u00eda realizando sus actividades laborales en la ciudad de La Paz y por esas circunstancias estaba con su abuela. Por el clima, que es c\u00e1lido en ese sector, lamentablemente la imprecisi\u00f3n de esta menor ha asumido conocimiento de que el envase de una bebida analcoh\u00f3lica ser\u00eda una bebida refrescante, pero lo alarmante es que este envase estaba siendo reciclado, por eso estaba con herbicida\u201d, precis\u00f3.<\/p>\n<p>La abuela y la menor se encontraban en su domicilio ubicado en El Palomar, lugar donde el centro de salud carec\u00eda de elementos para atender a la ni\u00f1a, por lo que fue transferida a la zona Sur de La Paz.<\/p>\n<p>El jefe policial indic\u00f3 que en la valoraci\u00f3n teratol\u00f3gica, se confirm\u00f3 que la muerte de la menor fue por la ingesta de la sustancia t\u00f3xica.<\/p>\n","protected":false},"excerpt":{"rendered":"<p>El subdirector de la Fuerza Especial de Lucha Contra el Crimen (Felcc) de La Paz, coronel Juan Jos\u00e9 Donaire, inform\u00f3 ayer que una ni\u00f1a de dos a\u00f1os falleci\u00f3 tras haber consumido herbicida. El caso est\u00e1 en conocimiento del Ministerio P\u00fablico y no se descarta que la abuela sea convocada a declarar. Donaire precis\u00f3 que el [&hellip;]<\/p>\n","protected":false},"author":1,"featured_media":93949,"comment_status":"closed","ping_status":"closed","sticky":false,"template":"","format":"standard","meta":{"_acf_changed":false,"footnotes":""},"categories":[39],"tags":[],"class_list":["post-93948","post","type-post","status-publish","format-standard","has-post-thumbnail","category-sociedad"],"acf":{"antetitulo":""},"yoast_head":"<!-- This site is optimized with the Yoast SEO plugin v28.3 - https:\/\/yoast.com\/product\/yoast-seo-wordpress\/ -->\n<title>Muere ni\u00f1a por beber herbicida - El Diario - Bolivia<\/title>\n<meta name=\"robots\" content=\"index, follow, max-snippet:-1, max-image-preview:large, max-video-preview:-1\" \/>\n<link rel=\"canonical\" href=\"https:\/\/www.eldiario.net\/portal\/2022\/06\/30\/muere-nina-por-beber-herbicida\/\" \/>\n<meta property=\"og:locale\" content=\"es_ES\" \/>\n<meta property=\"og:type\" content=\"article\" \/>\n<meta property=\"og:title\" content=\"Muere ni\u00f1a por beber herbicida - El Diario - Bolivia\" \/>\n<meta property=\"og:description\" content=\"El subdirector de la Fuerza Especial de Lucha Contra el Crimen (Felcc) de La Paz, coronel Juan Jos\u00e9 Donaire, inform\u00f3 ayer que una ni\u00f1a de dos a\u00f1os falleci\u00f3 tras haber consumido herbicida. El caso est\u00e1 en conocimiento del Ministerio P\u00fablico y no se descarta que la abuela sea convocada a declarar. Donaire precis\u00f3 que el [&hellip;]\" \/>\n<meta property=\"og:url\" content=\"https:\/\/www.eldiario.net\/portal\/2022\/06\/30\/muere-nina-por-beber-herbicida\/\" \/>\n<meta property=\"og:site_name\" content=\"El Diario - Bolivia\" \/>\n<meta property=\"article:publisher\" content=\"https:\/\/www.facebook.com\/eldiario.bolivia\/\" \/>\n<meta property=\"article:published_time\" content=\"2022-06-30T10:03:16+00:00\" \/>\n<meta name=\"author\" content=\"Jeanette\" \/>\n<meta name=\"twitter:card\" content=\"summary_large_image\" \/>\n<meta name=\"twitter:creator\" content=\"@eldiario_net\" \/>\n<meta name=\"twitter:site\" content=\"@eldiario_net\" \/>\n<meta name=\"twitter:label1\" content=\"Escrito por\" \/>\n\t<meta name=\"twitter:data1\" content=\"Jeanette\" \/>\n\t<meta name=\"twitter:label2\" content=\"Tiempo de lectura\" \/>\n\t<meta name=\"twitter:data2\" content=\"2 minutos\" \/>\n<script type=\"application\/ld+json\" class=\"yoast-schema-graph\">{\"@context\":\"https:\\\/\\\/schema.org\",\"@graph\":[{\"@type\":\"Article\",\"@id\":\"https:\\\/\\\/www.eldiario.net\\\/portal\\\/2022\\\/06\\\/30\\\/muere-nina-por-beber-herbicida\\\/#article\",\"isPartOf\":{\"@id\":\"https:\\\/\\\/www.eldiario.net\\\/portal\\\/2022\\\/06\\\/30\\\/muere-nina-por-beber-herbicida\\\/\"},\"author\":{\"name\":\"Jeanette\",\"@id\":\"https:\\\/\\\/www.eldiario.net\\\/portal\\\/#\\\/schema\\\/person\\\/f46445640444750d7d753ccd04ae01b7\"},\"headline\":\"Muere ni\u00f1a por beber herbicida\",\"datePublished\":\"2022-06-30T10:03:16+00:00\",\"mainEntityOfPage\":{\"@id\":\"https:\\\/\\\/www.eldiario.net\\\/portal\\\/2022\\\/06\\\/30\\\/muere-nina-por-beber-herbicida\\\/\"},\"wordCount\":274,\"publisher\":{\"@id\":\"https:\\\/\\\/www.eldiario.net\\\/portal\\\/#organization\"},\"image\":{\"@id\":\"https:\\\/\\\/www.eldiario.net\\\/portal\\\/2022\\\/06\\\/30\\\/muere-nina-por-beber-herbicida\\\/#primaryimage\"},\"thumbnailUrl\":\"\",\"articleSection\":[\"Sociedad - Seguridad\"],\"inLanguage\":\"es\"},{\"@type\":\"WebPage\",\"@id\":\"https:\\\/\\\/www.eldiario.net\\\/portal\\\/2022\\\/06\\\/30\\\/muere-nina-por-beber-herbicida\\\/\",\"url\":\"https:\\\/\\\/www.eldiario.net\\\/portal\\\/2022\\\/06\\\/30\\\/muere-nina-por-beber-herbicida\\\/\",\"name\":\"Muere ni\u00f1a por beber herbicida - El Diario - Bolivia\",\"isPartOf\":{\"@id\":\"https:\\\/\\\/www.eldiario.net\\\/portal\\\/#website\"},\"primaryImageOfPage\":{\"@id\":\"https:\\\/\\\/www.eldiario.net\\\/portal\\\/2022\\\/06\\\/30\\\/muere-nina-por-beber-herbicida\\\/#primaryimage\"},\"image\":{\"@id\":\"https:\\\/\\\/www.eldiario.net\\\/portal\\\/2022\\\/06\\\/30\\\/muere-nina-por-beber-herbicida\\\/#primaryimage\"},\"thumbnailUrl\":\"\",\"datePublished\":\"2022-06-30T10:03:16+00:00\",\"breadcrumb\":{\"@id\":\"https:\\\/\\\/www.eldiario.net\\\/portal\\\/2022\\\/06\\\/30\\\/muere-nina-por-beber-herbicida\\\/#breadcrumb\"},\"inLanguage\":\"es\",\"potentialAction\":[{\"@type\":\"ReadAction\",\"target\":[\"https:\\\/\\\/www.eldiario.net\\\/portal\\\/2022\\\/06\\\/30\\\/muere-nina-por-beber-herbicida\\\/\"]}]},{\"@type\":\"ImageObject\",\"inLanguage\":\"es\",\"@id\":\"https:\\\/\\\/www.eldiario.net\\\/portal\\\/2022\\\/06\\\/30\\\/muere-nina-por-beber-herbicida\\\/#primaryimage\",\"url\":\"\",\"contentUrl\":\"\"},{\"@type\":\"BreadcrumbList\",\"@id\":\"https:\\\/\\\/www.eldiario.net\\\/portal\\\/2022\\\/06\\\/30\\\/muere-nina-por-beber-herbicida\\\/#breadcrumb\",\"itemListElement\":[{\"@type\":\"ListItem\",\"position\":1,\"name\":\"Portada\",\"item\":\"https:\\\/\\\/www.eldiario.net\\\/portal\\\/\"},{\"@type\":\"ListItem\",\"position\":2,\"name\":\"Muere ni\u00f1a por beber herbicida\"}]},{\"@type\":\"WebSite\",\"@id\":\"https:\\\/\\\/www.eldiario.net\\\/portal\\\/#website\",\"url\":\"https:\\\/\\\/www.eldiario.net\\\/portal\\\/\",\"name\":\"El Diario - Decano de la prensa nacional\",\"description\":\"El Diario - Decano de la prensa nacional\",\"publisher\":{\"@id\":\"https:\\\/\\\/www.eldiario.net\\\/portal\\\/#organization\"},\"potentialAction\":[{\"@type\":\"SearchAction\",\"target\":{\"@type\":\"EntryPoint\",\"urlTemplate\":\"https:\\\/\\\/www.eldiario.net\\\/portal\\\/?s={search_term_string}\"},\"query-input\":{\"@type\":\"PropertyValueSpecification\",\"valueRequired\":true,\"valueName\":\"search_term_string\"}}],\"inLanguage\":\"es\"},{\"@type\":\"Organization\",\"@id\":\"https:\\\/\\\/www.eldiario.net\\\/portal\\\/#organization\",\"name\":\"El Diario - Decano de la prensa nacional\",\"url\":\"https:\\\/\\\/www.eldiario.net\\\/portal\\\/\",\"logo\":{\"@type\":\"ImageObject\",\"inLanguage\":\"es\",\"@id\":\"https:\\\/\\\/www.eldiario.net\\\/portal\\\/#\\\/schema\\\/logo\\\/image\\\/\",\"url\":\"https:\\\/\\\/www.eldiario.net\\\/portal\\\/wp-content\\\/uploads\\\/2023\\\/07\\\/logo_ED.jpg\",\"contentUrl\":\"https:\\\/\\\/www.eldiario.net\\\/portal\\\/wp-content\\\/uploads\\\/2023\\\/07\\\/logo_ED.jpg\",\"width\":272,\"height\":52,\"caption\":\"El Diario - Decano de la prensa nacional\"},\"image\":{\"@id\":\"https:\\\/\\\/www.eldiario.net\\\/portal\\\/#\\\/schema\\\/logo\\\/image\\\/\"},\"sameAs\":[\"https:\\\/\\\/www.facebook.com\\\/eldiario.bolivia\\\/\",\"https:\\\/\\\/x.com\\\/eldiario_net\"]},{\"@type\":\"Person\",\"@id\":\"https:\\\/\\\/www.eldiario.net\\\/portal\\\/#\\\/schema\\\/person\\\/f46445640444750d7d753ccd04ae01b7\",\"name\":\"Jeanette\",\"image\":{\"@type\":\"ImageObject\",\"inLanguage\":\"es\",\"@id\":\"https:\\\/\\\/secure.gravatar.com\\\/avatar\\\/3ea2118a5f7dad2b7138b1187a6b7ee55f160b9968b66013c3a3ef39dd7e5798?s=96&d=mm&r=g\",\"url\":\"https:\\\/\\\/secure.gravatar.com\\\/avatar\\\/3ea2118a5f7dad2b7138b1187a6b7ee55f160b9968b66013c3a3ef39dd7e5798?s=96&d=mm&r=g\",\"contentUrl\":\"https:\\\/\\\/secure.gravatar.com\\\/avatar\\\/3ea2118a5f7dad2b7138b1187a6b7ee55f160b9968b66013c3a3ef39dd7e5798?s=96&d=mm&r=g\",\"caption\":\"Jeanette\"},\"sameAs\":[\"https:\\\/\\\/www.eldiario.net\\\/portal\"],\"url\":\"https:\\\/\\\/www.eldiario.net\\\/portal\\\/author\\\/jeanette\\\/\"}]}<\/script>\n<!-- \/ Yoast SEO plugin. -->","yoast_head_json":{"title":"Muere ni\u00f1a por beber herbicida - El Diario - Bolivia","robots":{"index":"index","follow":"follow","max-snippet":"max-snippet:-1","max-image-preview":"max-image-preview:large","max-video-preview":"max-video-preview:-1"},"canonical":"https:\/\/www.eldiario.net\/portal\/2022\/06\/30\/muere-nina-por-beber-herbicida\/","og_locale":"es_ES","og_type":"article","og_title":"Muere ni\u00f1a por beber herbicida - El Diario - Bolivia","og_description":"El subdirector de la Fuerza Especial de Lucha Contra el Crimen (Felcc) de La Paz, coronel Juan Jos\u00e9 Donaire, inform\u00f3 ayer que una ni\u00f1a de dos a\u00f1os falleci\u00f3 tras haber consumido herbicida. El caso est\u00e1 en conocimiento del Ministerio P\u00fablico y no se descarta que la abuela sea convocada a declarar. Donaire precis\u00f3 que el [&hellip;]","og_url":"https:\/\/www.eldiario.net\/portal\/2022\/06\/30\/muere-nina-por-beber-herbicida\/","og_site_name":"El Diario - Bolivia","article_publisher":"https:\/\/www.facebook.com\/eldiario.bolivia\/","article_published_time":"2022-06-30T10:03:16+00:00","author":"Jeanette","twitter_card":"summary_large_image","twitter_creator":"@eldiario_net","twitter_site":"@eldiario_net","twitter_misc":{"Escrito por":"Jeanette","Tiempo de lectura":"2 minutos"},"schema":{"@context":"https:\/\/schema.org","@graph":[{"@type":"Article","@id":"https:\/\/www.eldiario.net\/portal\/2022\/06\/30\/muere-nina-por-beber-herbicida\/#article","isPartOf":{"@id":"https:\/\/www.eldiario.net\/portal\/2022\/06\/30\/muere-nina-por-beber-herbicida\/"},"author":{"name":"Jeanette","@id":"https:\/\/www.eldiario.net\/portal\/#\/schema\/person\/f46445640444750d7d753ccd04ae01b7"},"headline":"Muere ni\u00f1a por beber herbicida","datePublished":"2022-06-30T10:03:16+00:00","mainEntityOfPage":{"@id":"https:\/\/www.eldiario.net\/portal\/2022\/06\/30\/muere-nina-por-beber-herbicida\/"},"wordCount":274,"publisher":{"@id":"https:\/\/www.eldiario.net\/portal\/#organization"},"image":{"@id":"https:\/\/www.eldiario.net\/portal\/2022\/06\/30\/muere-nina-por-beber-herbicida\/#primaryimage"},"thumbnailUrl":"","articleSection":["Sociedad - Seguridad"],"inLanguage":"es"},{"@type":"WebPage","@id":"https:\/\/www.eldiario.net\/portal\/2022\/06\/30\/muere-nina-por-beber-herbicida\/","url":"https:\/\/www.eldiario.net\/portal\/2022\/06\/30\/muere-nina-por-beber-herbicida\/","name":"Muere ni\u00f1a por beber herbicida - El Diario - Bolivia","isPartOf":{"@id":"https:\/\/www.eldiario.net\/portal\/#website"},"primaryImageOfPage":{"@id":"https:\/\/www.eldiario.net\/portal\/2022\/06\/30\/muere-nina-por-beber-herbicida\/#primaryimage"},"image":{"@id":"https:\/\/www.eldiario.net\/portal\/2022\/06\/30\/muere-nina-por-beber-herbicida\/#primaryimage"},"thumbnailUrl":"","datePublished":"2022-06-30T10:03:16+00:00","breadcrumb":{"@id":"https:\/\/www.eldiario.net\/portal\/2022\/06\/30\/muere-nina-por-beber-herbicida\/#breadcrumb"},"inLanguage":"es","potentialAction":[{"@type":"ReadAction","target":["https:\/\/www.eldiario.net\/portal\/2022\/06\/30\/muere-nina-por-beber-herbicida\/"]}]},{"@type":"ImageObject","inLanguage":"es","@id":"https:\/\/www.eldiario.net\/portal\/2022\/06\/30\/muere-nina-por-beber-herbicida\/#primaryimage","url":"","contentUrl":""},{"@type":"BreadcrumbList","@id":"https:\/\/www.eldiario.net\/portal\/2022\/06\/30\/muere-nina-por-beber-herbicida\/#breadcrumb","itemListElement":[{"@type":"ListItem","position":1,"name":"Portada","item":"https:\/\/www.eldiario.net\/portal\/"},{"@type":"ListItem","position":2,"name":"Muere ni\u00f1a por beber herbicida"}]},{"@type":"WebSite","@id":"https:\/\/www.eldiario.net\/portal\/#website","url":"https:\/\/www.eldiario.net\/portal\/","name":"El Diario - Decano de la prensa nacional","description":"El Diario - Decano de la prensa nacional","publisher":{"@id":"https:\/\/www.eldiario.net\/portal\/#organization"},"potentialAction":[{"@type":"SearchAction","target":{"@type":"EntryPoint","urlTemplate":"https:\/\/www.eldiario.net\/portal\/?s={search_term_string}"},"query-input":{"@type":"PropertyValueSpecification","valueRequired":true,"valueName":"search_term_string"}}],"inLanguage":"es"},{"@type":"Organization","@id":"https:\/\/www.eldiario.net\/portal\/#organization","name":"El Diario - Decano de la prensa nacional","url":"https:\/\/www.eldiario.net\/portal\/","logo":{"@type":"ImageObject","inLanguage":"es","@id":"https:\/\/www.eldiario.net\/portal\/#\/schema\/logo\/image\/","url":"https:\/\/www.eldiario.net\/portal\/wp-content\/uploads\/2023\/07\/logo_ED.jpg","contentUrl":"https:\/\/www.eldiario.net\/portal\/wp-content\/uploads\/2023\/07\/logo_ED.jpg","width":272,"height":52,"caption":"El Diario - Decano de la prensa nacional"},"image":{"@id":"https:\/\/www.eldiario.net\/portal\/#\/schema\/logo\/image\/"},"sameAs":["https:\/\/www.facebook.com\/eldiario.bolivia\/","https:\/\/x.com\/eldiario_net"]},{"@type":"Person","@id":"https:\/\/www.eldiario.net\/portal\/#\/schema\/person\/f46445640444750d7d753ccd04ae01b7","name":"Jeanette","image":{"@type":"ImageObject","inLanguage":"es","@id":"https:\/\/secure.gravatar.com\/avatar\/3ea2118a5f7dad2b7138b1187a6b7ee55f160b9968b66013c3a3ef39dd7e5798?s=96&d=mm&r=g","url":"https:\/\/secure.gravatar.com\/avatar\/3ea2118a5f7dad2b7138b1187a6b7ee55f160b9968b66013c3a3ef39dd7e5798?s=96&d=mm&r=g","contentUrl":"https:\/\/secure.gravatar.com\/avatar\/3ea2118a5f7dad2b7138b1187a6b7ee55f160b9968b66013c3a3ef39dd7e5798?s=96&d=mm&r=g","caption":"Jeanette"},"sameAs":["https:\/\/www.eldiario.net\/portal"],"url":"https:\/\/www.eldiario.net\/portal\/author\/jeanette\/"}]}},"_links":{"self":[{"href":"https:\/\/www.eldiario.net\/portal\/wp-json\/wp\/v2\/posts\/93948","targetHints":{"allow":["GET"]}}],"collection":[{"href":"https:\/\/www.eldiario.net\/portal\/wp-json\/wp\/v2\/posts"}],"about":[{"href":"https:\/\/www.eldiario.net\/portal\/wp-json\/wp\/v2\/types\/post"}],"author":[{"embeddable":true,"href":"https:\/\/www.eldiario.net\/portal\/wp-json\/wp\/v2\/users\/1"}],"replies":[{"embeddable":true,"href":"https:\/\/www.eldiario.net\/portal\/wp-json\/wp\/v2\/comments?post=93948"}],"version-history":[{"count":0,"href":"https:\/\/www.eldiario.net\/portal\/wp-json\/wp\/v2\/posts\/93948\/revisions"}],"wp:attachment":[{"href":"https:\/\/www.eldiario.net\/portal\/wp-json\/wp\/v2\/media?parent=93948"}],"wp:term":[{"taxonomy":"category","embeddable":true,"href":"https:\/\/www.eldiario.net\/portal\/wp-json\/wp\/v2\/categories?post=93948"},{"taxonomy":"post_tag","embeddable":true,"href":"https:\/\/www.eldiario.net\/portal\/wp-json\/wp\/v2\/tags?post=93948"}],"curies":[{"name":"wp","href":"https:\/\/api.w.org\/{rel}","templated":true}]}}