{"id":93945,"date":"2022-06-30T06:02:26","date_gmt":"2022-06-30T10:02:26","guid":{"rendered":"https:\/\/www.eldiario.net\/portal\/?p=93945"},"modified":"2022-06-30T06:02:26","modified_gmt":"2022-06-30T10:02:26","slug":"denuncian-extorsion-de-policias-por-norma-que-aun-no-tiene-reglamento","status":"publish","type":"post","link":"https:\/\/www.eldiario.net\/portal\/2022\/06\/30\/denuncian-extorsion-de-policias-por-norma-que-aun-no-tiene-reglamento\/","title":{"rendered":"Denuncian extorsi\u00f3n de polic\u00edas por  norma que a\u00fan no tiene reglamento"},"content":{"rendered":"<p>Denuncias de ciudadanos dan cuenta que efectivos policiales piden dinero a cambio de hacerse de la \u201cvista gorda\u201d y dejar pasar un veh\u00edculo con vidrios polarizados, pese a que el Decreto Supremo (DS) 4740, promulgado en d\u00edas pasados, no tiene reglamentaci\u00f3n y existe un plazo de 90 d\u00edas para tramitar la autorizaci\u00f3n de los mismos.<\/p>\n<p>El DS firmado el 15 de junio de 2022 establece en su disposici\u00f3n transitoria \u00fanica que: \u201cI. En un plazo de 30 d\u00edas calendario, computables a partir de la publicaci\u00f3n del presente Decreto Supremo, el Ministerio de Gobierno, mediante Resoluci\u00f3n Ministerial, aprobar\u00e1 la reglamentaci\u00f3n espec\u00edfica.<\/p>\n<p>\u201cII. La infracci\u00f3n se\u00f1alada en el art\u00edculo 5 del presente Decreto Supremo entrar\u00e1 en vigencia a los noventa (90) d\u00edas calendario computables a partir de la aprobaci\u00f3n del Reglamento se\u00f1alado en el par\u00e1grafo precedente, periodo en el cual las y los poseedores y\/o propietarios de veh\u00edculos que cuenten con vidrios oscurecidos o polarizados, deben tramitar la respectiva autorizaci\u00f3n\u201d.<\/p>\n<p>&nbsp;<\/p>\n<p><strong>DENUNCIAS<\/strong><\/p>\n<p>Pese a que no existe reglamentaci\u00f3n y que est\u00e1n en plazo para tramitar su autorizaci\u00f3n, vecinos de la zona Sur de la ciudad de La Paz, denunciaron que efectivos de la Unidad T\u00e1ctica de Operaciones Policiales (Utop) y Tr\u00e1nsito, empezaron a revisar y extorsionarlos con montos que van desde Bs 50.<\/p>\n<p>\u201cLos vidrios de mi veh\u00edculo son polarizados de f\u00e1brica, obvio que no tengo a\u00fan la autorizaci\u00f3n, pero ya varias veces me amonestaron, debo pagarles a los polic\u00edas para que me dejen continuar con mi ruta y lamentablemente no hay donde ir a quejarse\u201d, manifest\u00f3 una propietaria que pidi\u00f3 mantener su nombre en reserva.<\/p>\n<p>Otro ciudadano lament\u00f3 que por no pagar la \u201ccoima\u201d al efectivo policial, \u00e9ste ray\u00f3 sus vidrios. Intent\u00f3 hacer la denuncia pero se cans\u00f3 porque lo derivaron de una ofician a otra, sin hallar respuesta.<\/p>\n<p>&nbsp;<\/p>\n<p><strong>DATOS <\/strong><\/p>\n<p>En 2005 se determin\u00f3 la prohibici\u00f3n del uso de vidrios polarizados, obscurecidos y ahumados para veh\u00edculos particulares y de servicio p\u00fablico; sin embargo, durante el gobierno de Jeanine A\u00f1ez, esa norma se dej\u00f3 sin efecto.<\/p>\n<p>El gobierno inform\u00f3 que en el marco del DS 4740 los due\u00f1os de motorizados en el pa\u00eds, incluidas las misiones diplom\u00e1ticas, tienen 90 d\u00edas para tramitar la autorizaci\u00f3n del uso de vidrios polarizados.<\/p>\n<p>El ministro de Gobierno, Eduardo Del Castillo, explic\u00f3 que a quienes completen el tr\u00e1mite se les entregar\u00e1 una roseta de autorizaci\u00f3n con vigencia de dos a\u00f1os, aunque aclar\u00f3 que estaba pendiente la aprobaci\u00f3n del reglamento del decreto.<\/p>\n<p>&nbsp;<\/p>\n<p><strong>AUTORIZACI\u00d3N<\/strong><\/p>\n<p>Entre los motorizados que podr\u00edan usar vidrios oscuros est\u00e1n: Ambulancias, veh\u00edculos de organismos internacionales y todo aquel que cuente con placa diplom\u00e1tica legalmente acreditada.<\/p>\n<p>Tambi\u00e9n est\u00e1n incluidos en ese grupo los veh\u00edculos oficiales y particulares del presidente y vicepresidente del Estado, ministros, autoridades legislativas y regionales. Los veh\u00edculos que tengan vidrios oscuros de f\u00e1brica y los que tengan orden judicial que investiguen casos de violencia, entre otros.<\/p>\n","protected":false},"excerpt":{"rendered":"<p>Denuncias de ciudadanos dan cuenta que efectivos policiales piden dinero a cambio de hacerse de la \u201cvista gorda\u201d y dejar pasar un veh\u00edculo con vidrios polarizados, pese a que el Decreto Supremo (DS) 4740, promulgado en d\u00edas pasados, no tiene reglamentaci\u00f3n y existe un plazo de 90 d\u00edas para tramitar la autorizaci\u00f3n de los mismos. [&hellip;]<\/p>\n","protected":false},"author":1,"featured_media":93946,"comment_status":"closed","ping_status":"closed","sticky":false,"template":"","format":"standard","meta":{"_acf_changed":false,"footnotes":""},"categories":[39],"tags":[],"class_list":["post-93945","post","type-post","status-publish","format-standard","has-post-thumbnail","category-sociedad"],"acf":{"antetitulo":""},"yoast_head":"<!-- This site is optimized with the Yoast SEO plugin v28.3 - https:\/\/yoast.com\/product\/yoast-seo-wordpress\/ -->\n<title>Denuncian extorsi\u00f3n de polic\u00edas por norma que a\u00fan no tiene reglamento - El Diario - Bolivia<\/title>\n<meta name=\"robots\" content=\"index, follow, max-snippet:-1, max-image-preview:large, max-video-preview:-1\" \/>\n<link rel=\"canonical\" href=\"https:\/\/www.eldiario.net\/portal\/2022\/06\/30\/denuncian-extorsion-de-policias-por-norma-que-aun-no-tiene-reglamento\/\" \/>\n<meta property=\"og:locale\" content=\"es_ES\" \/>\n<meta property=\"og:type\" content=\"article\" \/>\n<meta property=\"og:title\" content=\"Denuncian extorsi\u00f3n de polic\u00edas por norma que a\u00fan no tiene reglamento - El Diario - Bolivia\" \/>\n<meta property=\"og:description\" content=\"Denuncias de ciudadanos dan cuenta que efectivos policiales piden dinero a cambio de hacerse de la \u201cvista gorda\u201d y dejar pasar un veh\u00edculo con vidrios polarizados, pese a que el Decreto Supremo (DS) 4740, promulgado en d\u00edas pasados, no tiene reglamentaci\u00f3n y existe un plazo de 90 d\u00edas para tramitar la autorizaci\u00f3n de los mismos. [&hellip;]\" \/>\n<meta property=\"og:url\" content=\"https:\/\/www.eldiario.net\/portal\/2022\/06\/30\/denuncian-extorsion-de-policias-por-norma-que-aun-no-tiene-reglamento\/\" \/>\n<meta property=\"og:site_name\" content=\"El Diario - Bolivia\" \/>\n<meta property=\"article:publisher\" content=\"https:\/\/www.facebook.com\/eldiario.bolivia\/\" \/>\n<meta property=\"article:published_time\" content=\"2022-06-30T10:02:26+00:00\" \/>\n<meta name=\"author\" content=\"Jeanette\" \/>\n<meta name=\"twitter:card\" content=\"summary_large_image\" \/>\n<meta name=\"twitter:creator\" content=\"@eldiario_net\" \/>\n<meta name=\"twitter:site\" content=\"@eldiario_net\" \/>\n<meta name=\"twitter:label1\" content=\"Escrito por\" \/>\n\t<meta name=\"twitter:data1\" content=\"Jeanette\" \/>\n\t<meta name=\"twitter:label2\" content=\"Tiempo de lectura\" \/>\n\t<meta name=\"twitter:data2\" content=\"3 minutos\" \/>\n<script type=\"application\/ld+json\" class=\"yoast-schema-graph\">{\"@context\":\"https:\\\/\\\/schema.org\",\"@graph\":[{\"@type\":\"Article\",\"@id\":\"https:\\\/\\\/www.eldiario.net\\\/portal\\\/2022\\\/06\\\/30\\\/denuncian-extorsion-de-policias-por-norma-que-aun-no-tiene-reglamento\\\/#article\",\"isPartOf\":{\"@id\":\"https:\\\/\\\/www.eldiario.net\\\/portal\\\/2022\\\/06\\\/30\\\/denuncian-extorsion-de-policias-por-norma-que-aun-no-tiene-reglamento\\\/\"},\"author\":{\"name\":\"Jeanette\",\"@id\":\"https:\\\/\\\/www.eldiario.net\\\/portal\\\/#\\\/schema\\\/person\\\/f46445640444750d7d753ccd04ae01b7\"},\"headline\":\"Denuncian extorsi\u00f3n de polic\u00edas por norma que a\u00fan no tiene reglamento\",\"datePublished\":\"2022-06-30T10:02:26+00:00\",\"mainEntityOfPage\":{\"@id\":\"https:\\\/\\\/www.eldiario.net\\\/portal\\\/2022\\\/06\\\/30\\\/denuncian-extorsion-de-policias-por-norma-que-aun-no-tiene-reglamento\\\/\"},\"wordCount\":531,\"publisher\":{\"@id\":\"https:\\\/\\\/www.eldiario.net\\\/portal\\\/#organization\"},\"image\":{\"@id\":\"https:\\\/\\\/www.eldiario.net\\\/portal\\\/2022\\\/06\\\/30\\\/denuncian-extorsion-de-policias-por-norma-que-aun-no-tiene-reglamento\\\/#primaryimage\"},\"thumbnailUrl\":\"\",\"articleSection\":[\"Sociedad - Seguridad\"],\"inLanguage\":\"es\"},{\"@type\":\"WebPage\",\"@id\":\"https:\\\/\\\/www.eldiario.net\\\/portal\\\/2022\\\/06\\\/30\\\/denuncian-extorsion-de-policias-por-norma-que-aun-no-tiene-reglamento\\\/\",\"url\":\"https:\\\/\\\/www.eldiario.net\\\/portal\\\/2022\\\/06\\\/30\\\/denuncian-extorsion-de-policias-por-norma-que-aun-no-tiene-reglamento\\\/\",\"name\":\"Denuncian extorsi\u00f3n de polic\u00edas por norma que a\u00fan no tiene reglamento - El Diario - Bolivia\",\"isPartOf\":{\"@id\":\"https:\\\/\\\/www.eldiario.net\\\/portal\\\/#website\"},\"primaryImageOfPage\":{\"@id\":\"https:\\\/\\\/www.eldiario.net\\\/portal\\\/2022\\\/06\\\/30\\\/denuncian-extorsion-de-policias-por-norma-que-aun-no-tiene-reglamento\\\/#primaryimage\"},\"image\":{\"@id\":\"https:\\\/\\\/www.eldiario.net\\\/portal\\\/2022\\\/06\\\/30\\\/denuncian-extorsion-de-policias-por-norma-que-aun-no-tiene-reglamento\\\/#primaryimage\"},\"thumbnailUrl\":\"\",\"datePublished\":\"2022-06-30T10:02:26+00:00\",\"breadcrumb\":{\"@id\":\"https:\\\/\\\/www.eldiario.net\\\/portal\\\/2022\\\/06\\\/30\\\/denuncian-extorsion-de-policias-por-norma-que-aun-no-tiene-reglamento\\\/#breadcrumb\"},\"inLanguage\":\"es\",\"potentialAction\":[{\"@type\":\"ReadAction\",\"target\":[\"https:\\\/\\\/www.eldiario.net\\\/portal\\\/2022\\\/06\\\/30\\\/denuncian-extorsion-de-policias-por-norma-que-aun-no-tiene-reglamento\\\/\"]}]},{\"@type\":\"ImageObject\",\"inLanguage\":\"es\",\"@id\":\"https:\\\/\\\/www.eldiario.net\\\/portal\\\/2022\\\/06\\\/30\\\/denuncian-extorsion-de-policias-por-norma-que-aun-no-tiene-reglamento\\\/#primaryimage\",\"url\":\"\",\"contentUrl\":\"\"},{\"@type\":\"BreadcrumbList\",\"@id\":\"https:\\\/\\\/www.eldiario.net\\\/portal\\\/2022\\\/06\\\/30\\\/denuncian-extorsion-de-policias-por-norma-que-aun-no-tiene-reglamento\\\/#breadcrumb\",\"itemListElement\":[{\"@type\":\"ListItem\",\"position\":1,\"name\":\"Portada\",\"item\":\"https:\\\/\\\/www.eldiario.net\\\/portal\\\/\"},{\"@type\":\"ListItem\",\"position\":2,\"name\":\"Denuncian extorsi\u00f3n de polic\u00edas por norma que a\u00fan no tiene reglamento\"}]},{\"@type\":\"WebSite\",\"@id\":\"https:\\\/\\\/www.eldiario.net\\\/portal\\\/#website\",\"url\":\"https:\\\/\\\/www.eldiario.net\\\/portal\\\/\",\"name\":\"El Diario - Decano de la prensa nacional\",\"description\":\"El Diario - Decano de la prensa nacional\",\"publisher\":{\"@id\":\"https:\\\/\\\/www.eldiario.net\\\/portal\\\/#organization\"},\"potentialAction\":[{\"@type\":\"SearchAction\",\"target\":{\"@type\":\"EntryPoint\",\"urlTemplate\":\"https:\\\/\\\/www.eldiario.net\\\/portal\\\/?s={search_term_string}\"},\"query-input\":{\"@type\":\"PropertyValueSpecification\",\"valueRequired\":true,\"valueName\":\"search_term_string\"}}],\"inLanguage\":\"es\"},{\"@type\":\"Organization\",\"@id\":\"https:\\\/\\\/www.eldiario.net\\\/portal\\\/#organization\",\"name\":\"El Diario - Decano de la prensa nacional\",\"url\":\"https:\\\/\\\/www.eldiario.net\\\/portal\\\/\",\"logo\":{\"@type\":\"ImageObject\",\"inLanguage\":\"es\",\"@id\":\"https:\\\/\\\/www.eldiario.net\\\/portal\\\/#\\\/schema\\\/logo\\\/image\\\/\",\"url\":\"https:\\\/\\\/www.eldiario.net\\\/portal\\\/wp-content\\\/uploads\\\/2023\\\/07\\\/logo_ED.jpg\",\"contentUrl\":\"https:\\\/\\\/www.eldiario.net\\\/portal\\\/wp-content\\\/uploads\\\/2023\\\/07\\\/logo_ED.jpg\",\"width\":272,\"height\":52,\"caption\":\"El Diario - Decano de la prensa nacional\"},\"image\":{\"@id\":\"https:\\\/\\\/www.eldiario.net\\\/portal\\\/#\\\/schema\\\/logo\\\/image\\\/\"},\"sameAs\":[\"https:\\\/\\\/www.facebook.com\\\/eldiario.bolivia\\\/\",\"https:\\\/\\\/x.com\\\/eldiario_net\"]},{\"@type\":\"Person\",\"@id\":\"https:\\\/\\\/www.eldiario.net\\\/portal\\\/#\\\/schema\\\/person\\\/f46445640444750d7d753ccd04ae01b7\",\"name\":\"Jeanette\",\"image\":{\"@type\":\"ImageObject\",\"inLanguage\":\"es\",\"@id\":\"https:\\\/\\\/secure.gravatar.com\\\/avatar\\\/3ea2118a5f7dad2b7138b1187a6b7ee55f160b9968b66013c3a3ef39dd7e5798?s=96&d=mm&r=g\",\"url\":\"https:\\\/\\\/secure.gravatar.com\\\/avatar\\\/3ea2118a5f7dad2b7138b1187a6b7ee55f160b9968b66013c3a3ef39dd7e5798?s=96&d=mm&r=g\",\"contentUrl\":\"https:\\\/\\\/secure.gravatar.com\\\/avatar\\\/3ea2118a5f7dad2b7138b1187a6b7ee55f160b9968b66013c3a3ef39dd7e5798?s=96&d=mm&r=g\",\"caption\":\"Jeanette\"},\"sameAs\":[\"https:\\\/\\\/www.eldiario.net\\\/portal\"],\"url\":\"https:\\\/\\\/www.eldiario.net\\\/portal\\\/author\\\/jeanette\\\/\"}]}<\/script>\n<!-- \/ Yoast SEO plugin. -->","yoast_head_json":{"title":"Denuncian extorsi\u00f3n de polic\u00edas por norma que a\u00fan no tiene reglamento - El Diario - Bolivia","robots":{"index":"index","follow":"follow","max-snippet":"max-snippet:-1","max-image-preview":"max-image-preview:large","max-video-preview":"max-video-preview:-1"},"canonical":"https:\/\/www.eldiario.net\/portal\/2022\/06\/30\/denuncian-extorsion-de-policias-por-norma-que-aun-no-tiene-reglamento\/","og_locale":"es_ES","og_type":"article","og_title":"Denuncian extorsi\u00f3n de polic\u00edas por norma que a\u00fan no tiene reglamento - El Diario - Bolivia","og_description":"Denuncias de ciudadanos dan cuenta que efectivos policiales piden dinero a cambio de hacerse de la \u201cvista gorda\u201d y dejar pasar un veh\u00edculo con vidrios polarizados, pese a que el Decreto Supremo (DS) 4740, promulgado en d\u00edas pasados, no tiene reglamentaci\u00f3n y existe un plazo de 90 d\u00edas para tramitar la autorizaci\u00f3n de los mismos. [&hellip;]","og_url":"https:\/\/www.eldiario.net\/portal\/2022\/06\/30\/denuncian-extorsion-de-policias-por-norma-que-aun-no-tiene-reglamento\/","og_site_name":"El Diario - Bolivia","article_publisher":"https:\/\/www.facebook.com\/eldiario.bolivia\/","article_published_time":"2022-06-30T10:02:26+00:00","author":"Jeanette","twitter_card":"summary_large_image","twitter_creator":"@eldiario_net","twitter_site":"@eldiario_net","twitter_misc":{"Escrito por":"Jeanette","Tiempo de lectura":"3 minutos"},"schema":{"@context":"https:\/\/schema.org","@graph":[{"@type":"Article","@id":"https:\/\/www.eldiario.net\/portal\/2022\/06\/30\/denuncian-extorsion-de-policias-por-norma-que-aun-no-tiene-reglamento\/#article","isPartOf":{"@id":"https:\/\/www.eldiario.net\/portal\/2022\/06\/30\/denuncian-extorsion-de-policias-por-norma-que-aun-no-tiene-reglamento\/"},"author":{"name":"Jeanette","@id":"https:\/\/www.eldiario.net\/portal\/#\/schema\/person\/f46445640444750d7d753ccd04ae01b7"},"headline":"Denuncian extorsi\u00f3n de polic\u00edas por norma que a\u00fan no tiene reglamento","datePublished":"2022-06-30T10:02:26+00:00","mainEntityOfPage":{"@id":"https:\/\/www.eldiario.net\/portal\/2022\/06\/30\/denuncian-extorsion-de-policias-por-norma-que-aun-no-tiene-reglamento\/"},"wordCount":531,"publisher":{"@id":"https:\/\/www.eldiario.net\/portal\/#organization"},"image":{"@id":"https:\/\/www.eldiario.net\/portal\/2022\/06\/30\/denuncian-extorsion-de-policias-por-norma-que-aun-no-tiene-reglamento\/#primaryimage"},"thumbnailUrl":"","articleSection":["Sociedad - Seguridad"],"inLanguage":"es"},{"@type":"WebPage","@id":"https:\/\/www.eldiario.net\/portal\/2022\/06\/30\/denuncian-extorsion-de-policias-por-norma-que-aun-no-tiene-reglamento\/","url":"https:\/\/www.eldiario.net\/portal\/2022\/06\/30\/denuncian-extorsion-de-policias-por-norma-que-aun-no-tiene-reglamento\/","name":"Denuncian extorsi\u00f3n de polic\u00edas por norma que a\u00fan no tiene reglamento - El Diario - Bolivia","isPartOf":{"@id":"https:\/\/www.eldiario.net\/portal\/#website"},"primaryImageOfPage":{"@id":"https:\/\/www.eldiario.net\/portal\/2022\/06\/30\/denuncian-extorsion-de-policias-por-norma-que-aun-no-tiene-reglamento\/#primaryimage"},"image":{"@id":"https:\/\/www.eldiario.net\/portal\/2022\/06\/30\/denuncian-extorsion-de-policias-por-norma-que-aun-no-tiene-reglamento\/#primaryimage"},"thumbnailUrl":"","datePublished":"2022-06-30T10:02:26+00:00","breadcrumb":{"@id":"https:\/\/www.eldiario.net\/portal\/2022\/06\/30\/denuncian-extorsion-de-policias-por-norma-que-aun-no-tiene-reglamento\/#breadcrumb"},"inLanguage":"es","potentialAction":[{"@type":"ReadAction","target":["https:\/\/www.eldiario.net\/portal\/2022\/06\/30\/denuncian-extorsion-de-policias-por-norma-que-aun-no-tiene-reglamento\/"]}]},{"@type":"ImageObject","inLanguage":"es","@id":"https:\/\/www.eldiario.net\/portal\/2022\/06\/30\/denuncian-extorsion-de-policias-por-norma-que-aun-no-tiene-reglamento\/#primaryimage","url":"","contentUrl":""},{"@type":"BreadcrumbList","@id":"https:\/\/www.eldiario.net\/portal\/2022\/06\/30\/denuncian-extorsion-de-policias-por-norma-que-aun-no-tiene-reglamento\/#breadcrumb","itemListElement":[{"@type":"ListItem","position":1,"name":"Portada","item":"https:\/\/www.eldiario.net\/portal\/"},{"@type":"ListItem","position":2,"name":"Denuncian extorsi\u00f3n de polic\u00edas por norma que a\u00fan no tiene reglamento"}]},{"@type":"WebSite","@id":"https:\/\/www.eldiario.net\/portal\/#website","url":"https:\/\/www.eldiario.net\/portal\/","name":"El Diario - Decano de la prensa nacional","description":"El Diario - Decano de la prensa nacional","publisher":{"@id":"https:\/\/www.eldiario.net\/portal\/#organization"},"potentialAction":[{"@type":"SearchAction","target":{"@type":"EntryPoint","urlTemplate":"https:\/\/www.eldiario.net\/portal\/?s={search_term_string}"},"query-input":{"@type":"PropertyValueSpecification","valueRequired":true,"valueName":"search_term_string"}}],"inLanguage":"es"},{"@type":"Organization","@id":"https:\/\/www.eldiario.net\/portal\/#organization","name":"El Diario - Decano de la prensa nacional","url":"https:\/\/www.eldiario.net\/portal\/","logo":{"@type":"ImageObject","inLanguage":"es","@id":"https:\/\/www.eldiario.net\/portal\/#\/schema\/logo\/image\/","url":"https:\/\/www.eldiario.net\/portal\/wp-content\/uploads\/2023\/07\/logo_ED.jpg","contentUrl":"https:\/\/www.eldiario.net\/portal\/wp-content\/uploads\/2023\/07\/logo_ED.jpg","width":272,"height":52,"caption":"El Diario - Decano de la prensa nacional"},"image":{"@id":"https:\/\/www.eldiario.net\/portal\/#\/schema\/logo\/image\/"},"sameAs":["https:\/\/www.facebook.com\/eldiario.bolivia\/","https:\/\/x.com\/eldiario_net"]},{"@type":"Person","@id":"https:\/\/www.eldiario.net\/portal\/#\/schema\/person\/f46445640444750d7d753ccd04ae01b7","name":"Jeanette","image":{"@type":"ImageObject","inLanguage":"es","@id":"https:\/\/secure.gravatar.com\/avatar\/3ea2118a5f7dad2b7138b1187a6b7ee55f160b9968b66013c3a3ef39dd7e5798?s=96&d=mm&r=g","url":"https:\/\/secure.gravatar.com\/avatar\/3ea2118a5f7dad2b7138b1187a6b7ee55f160b9968b66013c3a3ef39dd7e5798?s=96&d=mm&r=g","contentUrl":"https:\/\/secure.gravatar.com\/avatar\/3ea2118a5f7dad2b7138b1187a6b7ee55f160b9968b66013c3a3ef39dd7e5798?s=96&d=mm&r=g","caption":"Jeanette"},"sameAs":["https:\/\/www.eldiario.net\/portal"],"url":"https:\/\/www.eldiario.net\/portal\/author\/jeanette\/"}]}},"_links":{"self":[{"href":"https:\/\/www.eldiario.net\/portal\/wp-json\/wp\/v2\/posts\/93945","targetHints":{"allow":["GET"]}}],"collection":[{"href":"https:\/\/www.eldiario.net\/portal\/wp-json\/wp\/v2\/posts"}],"about":[{"href":"https:\/\/www.eldiario.net\/portal\/wp-json\/wp\/v2\/types\/post"}],"author":[{"embeddable":true,"href":"https:\/\/www.eldiario.net\/portal\/wp-json\/wp\/v2\/users\/1"}],"replies":[{"embeddable":true,"href":"https:\/\/www.eldiario.net\/portal\/wp-json\/wp\/v2\/comments?post=93945"}],"version-history":[{"count":0,"href":"https:\/\/www.eldiario.net\/portal\/wp-json\/wp\/v2\/posts\/93945\/revisions"}],"wp:attachment":[{"href":"https:\/\/www.eldiario.net\/portal\/wp-json\/wp\/v2\/media?parent=93945"}],"wp:term":[{"taxonomy":"category","embeddable":true,"href":"https:\/\/www.eldiario.net\/portal\/wp-json\/wp\/v2\/categories?post=93945"},{"taxonomy":"post_tag","embeddable":true,"href":"https:\/\/www.eldiario.net\/portal\/wp-json\/wp\/v2\/tags?post=93945"}],"curies":[{"name":"wp","href":"https:\/\/api.w.org\/{rel}","templated":true}]}}