{"id":93942,"date":"2022-06-30T06:01:30","date_gmt":"2022-06-30T10:01:30","guid":{"rendered":"https:\/\/www.eldiario.net\/portal\/?p=93942"},"modified":"2022-06-30T06:01:30","modified_gmt":"2022-06-30T10:01:30","slug":"gobernador-no-fue-imputado-por-la-compra-irregular-de-ambulancias","status":"publish","type":"post","link":"https:\/\/www.eldiario.net\/portal\/2022\/06\/30\/gobernador-no-fue-imputado-por-la-compra-irregular-de-ambulancias\/","title":{"rendered":"Gobernador no fue imputado por la compra \u201cirregular\u201d de ambulancias"},"content":{"rendered":"<p>El gobernador de Potos\u00ed, Jhonny Mamani, fue excluido del proceso por la adquisici\u00f3n irregular de las 41 ambulancias, pese a que la Procuradur\u00eda General del Estado (PGE) encontr\u00f3 indicios de responsabilidad. La Fiscal\u00eda imput\u00f3 a tres funcionarios por el delito de falsedad ideol\u00f3gica.<\/p>\n<p>\u201cEl Ministerio P\u00fablico cuenta con los indicios suficientes para imputar a los ciudadanos Jorge Pablo V. T., Carlos Alberto A. M. y David Favio P. M. (\u2026). Se llega a concluir que existen suficientes elementos que hacen presumir la existencia de un hecho con entidad penal y la participaci\u00f3n efectiva de los ahora imputados\u201d, se\u00f1ala una parte del documento al que tuvo acceso la ANF.<\/p>\n<p>En enero pasado se revel\u00f3 que la Gobernaci\u00f3n de Potos\u00ed adquiri\u00f3, mediante compra directa, un lote de 41 ambulancias que a\u00fan no hab\u00edan llegado. Luego se conoci\u00f3 que llegaron al puerto de Iquique y que los veh\u00edculos eran reacondicionados. Por ese hecho, la Fiscal\u00eda recibi\u00f3 cuatro denuncias en contra del Gobernador y una decena de funcionarios.<\/p>\n<p>De acuerdo a un reporte de El Potos\u00ed, el Informe Procuradurial N\u00b0 004\/2022, de fecha del 11 de marzo, firmada por el procurador, Wilfredo Ch\u00e1vez, se\u00f1ala: \u201cExisten indicios evidentes de que pudiese existir responsabilidad de la MAE, el RPC, los miembros de la comisi\u00f3n de evaluaci\u00f3n de propuestas y de la comisi\u00f3n de recepci\u00f3n que suscribe como satisfactorio el proceso de invitaci\u00f3n, evaluaci\u00f3n y recepci\u00f3n conforme se evidencia en el presente informe\u201d.<\/p>\n<p>Seg\u00fan la imputaci\u00f3n\u00a0 formal, los ciudadanos Jorge Pablo V. T., Carlos Alberto A. M. y David Favio P. M. fueron parte de la comisi\u00f3n de recepci\u00f3n del proceso de contrataci\u00f3n de la gobernaci\u00f3n, de acuerdo a las especificaciones t\u00e9cnicas registradas en el formulario 500 (recepci\u00f3n de bienes y obras y servicios), documento que figura en el Sistema de Contrataciones Estatales (Sicoes).<\/p>\n<p>\u201cSin embargo, se pudo advertir que en los hechos no se lleg\u00f3 a recepcionar dichos bienes. Adem\u00e1s, enfatizan que los documentos adjuntos al formulario 500 publicados en el Sicoes se constituyen en declaraciones juradas, por ende, dan fe al cumplimiento de contrato\u201d, argumenta la Fiscal\u00eda en el documento.<\/p>\n<p>&nbsp;<\/p>\n<p><strong>DATOS <\/strong><\/p>\n<p>En enero de 2022, sectores c\u00edvicos y autoridades denunciaron que la Gobernaci\u00f3n de Potos\u00ed y la empresa Estefals Logistics firmaron, el 31 de diciembre de 2021, un acta de entrega para la adquisici\u00f3n de las ambulancias, sin embargo, los motorizados no estaban en el departamento.<\/p>\n<p>Se conoci\u00f3 que 44 veh\u00edculos, y no 41 como estaba en el contrato con la empresa, llegaron al puerto de Iquique (Chile) con los logotipos oficiales del gobierno departamental. Los motorizados se encuentran en una playa del puerto a la espera de que sean recogidas por su comprador: Jhonny Mamani, gobernador de Potos\u00ed.<\/p>\n<p>\u201cNo tenemos ning\u00fan contrato o convenio vigente con la empresa (Estefals Logistics, proveedora de las ambulancias), la empresa sabr\u00e1 qu\u00e9 hacer con esos veh\u00edculos\u201d, indic\u00f3 Mamani.<\/p>\n<p>Al respecto, la diputada de oposici\u00f3n, Marina Morales, dijo que existe cierto \u201cproteccionismo\u201d hacia el gobernador Jhonny Mamani e inform\u00f3 que el art\u00edculo 69 del Decreto Supremo 0181 establece que los procesos y condiciones de la contrataci\u00f3n por desastres y\/o emergencias, como la adquisici\u00f3n de las ambulancias, deber\u00e1n ser reglamentados por la M\u00e1xima Autoridad Ejecutiva de cada entidad. La Gobernaci\u00f3n de Potos\u00ed est\u00e1 al mando del gobernador. (EL DIARIO y ANF)<\/p>\n<p><strong>\u00a0<\/strong><\/p>\n","protected":false},"excerpt":{"rendered":"<p>El gobernador de Potos\u00ed, Jhonny Mamani, fue excluido del proceso por la adquisici\u00f3n irregular de las 41 ambulancias, pese a que la Procuradur\u00eda General del Estado (PGE) encontr\u00f3 indicios de responsabilidad. La Fiscal\u00eda imput\u00f3 a tres funcionarios por el delito de falsedad ideol\u00f3gica. \u201cEl Ministerio P\u00fablico cuenta con los indicios suficientes para imputar a los [&hellip;]<\/p>\n","protected":false},"author":1,"featured_media":93943,"comment_status":"closed","ping_status":"closed","sticky":false,"template":"","format":"standard","meta":{"_acf_changed":false,"footnotes":""},"categories":[39],"tags":[],"class_list":["post-93942","post","type-post","status-publish","format-standard","has-post-thumbnail","category-sociedad"],"acf":{"antetitulo":""},"yoast_head":"<!-- This site is optimized with the Yoast SEO plugin v28.3 - https:\/\/yoast.com\/product\/yoast-seo-wordpress\/ -->\n<title>Gobernador no fue imputado por la compra \u201cirregular\u201d de ambulancias - El Diario - Bolivia<\/title>\n<meta name=\"robots\" content=\"index, follow, max-snippet:-1, max-image-preview:large, max-video-preview:-1\" \/>\n<link rel=\"canonical\" href=\"https:\/\/www.eldiario.net\/portal\/2022\/06\/30\/gobernador-no-fue-imputado-por-la-compra-irregular-de-ambulancias\/\" \/>\n<meta property=\"og:locale\" content=\"es_ES\" \/>\n<meta property=\"og:type\" content=\"article\" \/>\n<meta property=\"og:title\" content=\"Gobernador no fue imputado por la compra \u201cirregular\u201d de ambulancias - El Diario - Bolivia\" \/>\n<meta property=\"og:description\" content=\"El gobernador de Potos\u00ed, Jhonny Mamani, fue excluido del proceso por la adquisici\u00f3n irregular de las 41 ambulancias, pese a que la Procuradur\u00eda General del Estado (PGE) encontr\u00f3 indicios de responsabilidad. La Fiscal\u00eda imput\u00f3 a tres funcionarios por el delito de falsedad ideol\u00f3gica. \u201cEl Ministerio P\u00fablico cuenta con los indicios suficientes para imputar a los [&hellip;]\" \/>\n<meta property=\"og:url\" content=\"https:\/\/www.eldiario.net\/portal\/2022\/06\/30\/gobernador-no-fue-imputado-por-la-compra-irregular-de-ambulancias\/\" \/>\n<meta property=\"og:site_name\" content=\"El Diario - Bolivia\" \/>\n<meta property=\"article:publisher\" content=\"https:\/\/www.facebook.com\/eldiario.bolivia\/\" \/>\n<meta property=\"article:published_time\" content=\"2022-06-30T10:01:30+00:00\" \/>\n<meta property=\"og:image\" content=\"https:\/\/www.eldiario.net\/portal\/wp-content\/uploads\/2022\/06\/POTOSI-FOTO-1.jpg\" \/>\n\t<meta property=\"og:image:width\" content=\"301\" \/>\n\t<meta property=\"og:image:height\" content=\"168\" \/>\n\t<meta property=\"og:image:type\" content=\"image\/jpeg\" \/>\n<meta name=\"author\" content=\"Jeanette\" \/>\n<meta name=\"twitter:card\" content=\"summary_large_image\" \/>\n<meta name=\"twitter:creator\" content=\"@eldiario_net\" \/>\n<meta name=\"twitter:site\" content=\"@eldiario_net\" \/>\n<meta name=\"twitter:label1\" content=\"Escrito por\" \/>\n\t<meta name=\"twitter:data1\" content=\"Jeanette\" \/>\n\t<meta name=\"twitter:label2\" content=\"Tiempo de lectura\" \/>\n\t<meta name=\"twitter:data2\" content=\"3 minutos\" \/>\n<script type=\"application\/ld+json\" class=\"yoast-schema-graph\">{\"@context\":\"https:\\\/\\\/schema.org\",\"@graph\":[{\"@type\":\"Article\",\"@id\":\"https:\\\/\\\/www.eldiario.net\\\/portal\\\/2022\\\/06\\\/30\\\/gobernador-no-fue-imputado-por-la-compra-irregular-de-ambulancias\\\/#article\",\"isPartOf\":{\"@id\":\"https:\\\/\\\/www.eldiario.net\\\/portal\\\/2022\\\/06\\\/30\\\/gobernador-no-fue-imputado-por-la-compra-irregular-de-ambulancias\\\/\"},\"author\":{\"name\":\"Jeanette\",\"@id\":\"https:\\\/\\\/www.eldiario.net\\\/portal\\\/#\\\/schema\\\/person\\\/f46445640444750d7d753ccd04ae01b7\"},\"headline\":\"Gobernador no fue imputado por la compra \u201cirregular\u201d de ambulancias\",\"datePublished\":\"2022-06-30T10:01:30+00:00\",\"mainEntityOfPage\":{\"@id\":\"https:\\\/\\\/www.eldiario.net\\\/portal\\\/2022\\\/06\\\/30\\\/gobernador-no-fue-imputado-por-la-compra-irregular-de-ambulancias\\\/\"},\"wordCount\":583,\"publisher\":{\"@id\":\"https:\\\/\\\/www.eldiario.net\\\/portal\\\/#organization\"},\"image\":{\"@id\":\"https:\\\/\\\/www.eldiario.net\\\/portal\\\/2022\\\/06\\\/30\\\/gobernador-no-fue-imputado-por-la-compra-irregular-de-ambulancias\\\/#primaryimage\"},\"thumbnailUrl\":\"https:\\\/\\\/www.eldiario.net\\\/portal\\\/wp-content\\\/uploads\\\/2022\\\/06\\\/POTOSI-FOTO-1.jpg\",\"articleSection\":[\"Sociedad - Seguridad\"],\"inLanguage\":\"es\"},{\"@type\":\"WebPage\",\"@id\":\"https:\\\/\\\/www.eldiario.net\\\/portal\\\/2022\\\/06\\\/30\\\/gobernador-no-fue-imputado-por-la-compra-irregular-de-ambulancias\\\/\",\"url\":\"https:\\\/\\\/www.eldiario.net\\\/portal\\\/2022\\\/06\\\/30\\\/gobernador-no-fue-imputado-por-la-compra-irregular-de-ambulancias\\\/\",\"name\":\"Gobernador no fue imputado por la compra \u201cirregular\u201d de ambulancias - El Diario - Bolivia\",\"isPartOf\":{\"@id\":\"https:\\\/\\\/www.eldiario.net\\\/portal\\\/#website\"},\"primaryImageOfPage\":{\"@id\":\"https:\\\/\\\/www.eldiario.net\\\/portal\\\/2022\\\/06\\\/30\\\/gobernador-no-fue-imputado-por-la-compra-irregular-de-ambulancias\\\/#primaryimage\"},\"image\":{\"@id\":\"https:\\\/\\\/www.eldiario.net\\\/portal\\\/2022\\\/06\\\/30\\\/gobernador-no-fue-imputado-por-la-compra-irregular-de-ambulancias\\\/#primaryimage\"},\"thumbnailUrl\":\"https:\\\/\\\/www.eldiario.net\\\/portal\\\/wp-content\\\/uploads\\\/2022\\\/06\\\/POTOSI-FOTO-1.jpg\",\"datePublished\":\"2022-06-30T10:01:30+00:00\",\"breadcrumb\":{\"@id\":\"https:\\\/\\\/www.eldiario.net\\\/portal\\\/2022\\\/06\\\/30\\\/gobernador-no-fue-imputado-por-la-compra-irregular-de-ambulancias\\\/#breadcrumb\"},\"inLanguage\":\"es\",\"potentialAction\":[{\"@type\":\"ReadAction\",\"target\":[\"https:\\\/\\\/www.eldiario.net\\\/portal\\\/2022\\\/06\\\/30\\\/gobernador-no-fue-imputado-por-la-compra-irregular-de-ambulancias\\\/\"]}]},{\"@type\":\"ImageObject\",\"inLanguage\":\"es\",\"@id\":\"https:\\\/\\\/www.eldiario.net\\\/portal\\\/2022\\\/06\\\/30\\\/gobernador-no-fue-imputado-por-la-compra-irregular-de-ambulancias\\\/#primaryimage\",\"url\":\"https:\\\/\\\/www.eldiario.net\\\/portal\\\/wp-content\\\/uploads\\\/2022\\\/06\\\/POTOSI-FOTO-1.jpg\",\"contentUrl\":\"https:\\\/\\\/www.eldiario.net\\\/portal\\\/wp-content\\\/uploads\\\/2022\\\/06\\\/POTOSI-FOTO-1.jpg\",\"width\":301,\"height\":168,\"caption\":\"JHONNY MAMANI, GOBERNADOR DE POTOS\u00cd FOTO: LOS TIEMPOS\"},{\"@type\":\"BreadcrumbList\",\"@id\":\"https:\\\/\\\/www.eldiario.net\\\/portal\\\/2022\\\/06\\\/30\\\/gobernador-no-fue-imputado-por-la-compra-irregular-de-ambulancias\\\/#breadcrumb\",\"itemListElement\":[{\"@type\":\"ListItem\",\"position\":1,\"name\":\"Portada\",\"item\":\"https:\\\/\\\/www.eldiario.net\\\/portal\\\/\"},{\"@type\":\"ListItem\",\"position\":2,\"name\":\"Gobernador no fue imputado por la compra \u201cirregular\u201d de ambulancias\"}]},{\"@type\":\"WebSite\",\"@id\":\"https:\\\/\\\/www.eldiario.net\\\/portal\\\/#website\",\"url\":\"https:\\\/\\\/www.eldiario.net\\\/portal\\\/\",\"name\":\"El Diario - Decano de la prensa nacional\",\"description\":\"El Diario - Decano de la prensa nacional\",\"publisher\":{\"@id\":\"https:\\\/\\\/www.eldiario.net\\\/portal\\\/#organization\"},\"potentialAction\":[{\"@type\":\"SearchAction\",\"target\":{\"@type\":\"EntryPoint\",\"urlTemplate\":\"https:\\\/\\\/www.eldiario.net\\\/portal\\\/?s={search_term_string}\"},\"query-input\":{\"@type\":\"PropertyValueSpecification\",\"valueRequired\":true,\"valueName\":\"search_term_string\"}}],\"inLanguage\":\"es\"},{\"@type\":\"Organization\",\"@id\":\"https:\\\/\\\/www.eldiario.net\\\/portal\\\/#organization\",\"name\":\"El Diario - Decano de la prensa nacional\",\"url\":\"https:\\\/\\\/www.eldiario.net\\\/portal\\\/\",\"logo\":{\"@type\":\"ImageObject\",\"inLanguage\":\"es\",\"@id\":\"https:\\\/\\\/www.eldiario.net\\\/portal\\\/#\\\/schema\\\/logo\\\/image\\\/\",\"url\":\"https:\\\/\\\/www.eldiario.net\\\/portal\\\/wp-content\\\/uploads\\\/2023\\\/07\\\/logo_ED.jpg\",\"contentUrl\":\"https:\\\/\\\/www.eldiario.net\\\/portal\\\/wp-content\\\/uploads\\\/2023\\\/07\\\/logo_ED.jpg\",\"width\":272,\"height\":52,\"caption\":\"El Diario - Decano de la prensa nacional\"},\"image\":{\"@id\":\"https:\\\/\\\/www.eldiario.net\\\/portal\\\/#\\\/schema\\\/logo\\\/image\\\/\"},\"sameAs\":[\"https:\\\/\\\/www.facebook.com\\\/eldiario.bolivia\\\/\",\"https:\\\/\\\/x.com\\\/eldiario_net\"]},{\"@type\":\"Person\",\"@id\":\"https:\\\/\\\/www.eldiario.net\\\/portal\\\/#\\\/schema\\\/person\\\/f46445640444750d7d753ccd04ae01b7\",\"name\":\"Jeanette\",\"image\":{\"@type\":\"ImageObject\",\"inLanguage\":\"es\",\"@id\":\"https:\\\/\\\/secure.gravatar.com\\\/avatar\\\/3ea2118a5f7dad2b7138b1187a6b7ee55f160b9968b66013c3a3ef39dd7e5798?s=96&d=mm&r=g\",\"url\":\"https:\\\/\\\/secure.gravatar.com\\\/avatar\\\/3ea2118a5f7dad2b7138b1187a6b7ee55f160b9968b66013c3a3ef39dd7e5798?s=96&d=mm&r=g\",\"contentUrl\":\"https:\\\/\\\/secure.gravatar.com\\\/avatar\\\/3ea2118a5f7dad2b7138b1187a6b7ee55f160b9968b66013c3a3ef39dd7e5798?s=96&d=mm&r=g\",\"caption\":\"Jeanette\"},\"sameAs\":[\"https:\\\/\\\/www.eldiario.net\\\/portal\"],\"url\":\"https:\\\/\\\/www.eldiario.net\\\/portal\\\/author\\\/jeanette\\\/\"}]}<\/script>\n<!-- \/ Yoast SEO plugin. -->","yoast_head_json":{"title":"Gobernador no fue imputado por la compra \u201cirregular\u201d de ambulancias - El Diario - Bolivia","robots":{"index":"index","follow":"follow","max-snippet":"max-snippet:-1","max-image-preview":"max-image-preview:large","max-video-preview":"max-video-preview:-1"},"canonical":"https:\/\/www.eldiario.net\/portal\/2022\/06\/30\/gobernador-no-fue-imputado-por-la-compra-irregular-de-ambulancias\/","og_locale":"es_ES","og_type":"article","og_title":"Gobernador no fue imputado por la compra \u201cirregular\u201d de ambulancias - El Diario - Bolivia","og_description":"El gobernador de Potos\u00ed, Jhonny Mamani, fue excluido del proceso por la adquisici\u00f3n irregular de las 41 ambulancias, pese a que la Procuradur\u00eda General del Estado (PGE) encontr\u00f3 indicios de responsabilidad. La Fiscal\u00eda imput\u00f3 a tres funcionarios por el delito de falsedad ideol\u00f3gica. \u201cEl Ministerio P\u00fablico cuenta con los indicios suficientes para imputar a los [&hellip;]","og_url":"https:\/\/www.eldiario.net\/portal\/2022\/06\/30\/gobernador-no-fue-imputado-por-la-compra-irregular-de-ambulancias\/","og_site_name":"El Diario - Bolivia","article_publisher":"https:\/\/www.facebook.com\/eldiario.bolivia\/","article_published_time":"2022-06-30T10:01:30+00:00","og_image":[{"width":301,"height":168,"url":"https:\/\/www.eldiario.net\/portal\/wp-content\/uploads\/2022\/06\/POTOSI-FOTO-1.jpg","type":"image\/jpeg"}],"author":"Jeanette","twitter_card":"summary_large_image","twitter_creator":"@eldiario_net","twitter_site":"@eldiario_net","twitter_misc":{"Escrito por":"Jeanette","Tiempo de lectura":"3 minutos"},"schema":{"@context":"https:\/\/schema.org","@graph":[{"@type":"Article","@id":"https:\/\/www.eldiario.net\/portal\/2022\/06\/30\/gobernador-no-fue-imputado-por-la-compra-irregular-de-ambulancias\/#article","isPartOf":{"@id":"https:\/\/www.eldiario.net\/portal\/2022\/06\/30\/gobernador-no-fue-imputado-por-la-compra-irregular-de-ambulancias\/"},"author":{"name":"Jeanette","@id":"https:\/\/www.eldiario.net\/portal\/#\/schema\/person\/f46445640444750d7d753ccd04ae01b7"},"headline":"Gobernador no fue imputado por la compra \u201cirregular\u201d de ambulancias","datePublished":"2022-06-30T10:01:30+00:00","mainEntityOfPage":{"@id":"https:\/\/www.eldiario.net\/portal\/2022\/06\/30\/gobernador-no-fue-imputado-por-la-compra-irregular-de-ambulancias\/"},"wordCount":583,"publisher":{"@id":"https:\/\/www.eldiario.net\/portal\/#organization"},"image":{"@id":"https:\/\/www.eldiario.net\/portal\/2022\/06\/30\/gobernador-no-fue-imputado-por-la-compra-irregular-de-ambulancias\/#primaryimage"},"thumbnailUrl":"https:\/\/www.eldiario.net\/portal\/wp-content\/uploads\/2022\/06\/POTOSI-FOTO-1.jpg","articleSection":["Sociedad - Seguridad"],"inLanguage":"es"},{"@type":"WebPage","@id":"https:\/\/www.eldiario.net\/portal\/2022\/06\/30\/gobernador-no-fue-imputado-por-la-compra-irregular-de-ambulancias\/","url":"https:\/\/www.eldiario.net\/portal\/2022\/06\/30\/gobernador-no-fue-imputado-por-la-compra-irregular-de-ambulancias\/","name":"Gobernador no fue imputado por la compra \u201cirregular\u201d de ambulancias - El Diario - Bolivia","isPartOf":{"@id":"https:\/\/www.eldiario.net\/portal\/#website"},"primaryImageOfPage":{"@id":"https:\/\/www.eldiario.net\/portal\/2022\/06\/30\/gobernador-no-fue-imputado-por-la-compra-irregular-de-ambulancias\/#primaryimage"},"image":{"@id":"https:\/\/www.eldiario.net\/portal\/2022\/06\/30\/gobernador-no-fue-imputado-por-la-compra-irregular-de-ambulancias\/#primaryimage"},"thumbnailUrl":"https:\/\/www.eldiario.net\/portal\/wp-content\/uploads\/2022\/06\/POTOSI-FOTO-1.jpg","datePublished":"2022-06-30T10:01:30+00:00","breadcrumb":{"@id":"https:\/\/www.eldiario.net\/portal\/2022\/06\/30\/gobernador-no-fue-imputado-por-la-compra-irregular-de-ambulancias\/#breadcrumb"},"inLanguage":"es","potentialAction":[{"@type":"ReadAction","target":["https:\/\/www.eldiario.net\/portal\/2022\/06\/30\/gobernador-no-fue-imputado-por-la-compra-irregular-de-ambulancias\/"]}]},{"@type":"ImageObject","inLanguage":"es","@id":"https:\/\/www.eldiario.net\/portal\/2022\/06\/30\/gobernador-no-fue-imputado-por-la-compra-irregular-de-ambulancias\/#primaryimage","url":"https:\/\/www.eldiario.net\/portal\/wp-content\/uploads\/2022\/06\/POTOSI-FOTO-1.jpg","contentUrl":"https:\/\/www.eldiario.net\/portal\/wp-content\/uploads\/2022\/06\/POTOSI-FOTO-1.jpg","width":301,"height":168,"caption":"JHONNY MAMANI, GOBERNADOR DE POTOS\u00cd FOTO: LOS TIEMPOS"},{"@type":"BreadcrumbList","@id":"https:\/\/www.eldiario.net\/portal\/2022\/06\/30\/gobernador-no-fue-imputado-por-la-compra-irregular-de-ambulancias\/#breadcrumb","itemListElement":[{"@type":"ListItem","position":1,"name":"Portada","item":"https:\/\/www.eldiario.net\/portal\/"},{"@type":"ListItem","position":2,"name":"Gobernador no fue imputado por la compra \u201cirregular\u201d de ambulancias"}]},{"@type":"WebSite","@id":"https:\/\/www.eldiario.net\/portal\/#website","url":"https:\/\/www.eldiario.net\/portal\/","name":"El Diario - Decano de la prensa nacional","description":"El Diario - Decano de la prensa nacional","publisher":{"@id":"https:\/\/www.eldiario.net\/portal\/#organization"},"potentialAction":[{"@type":"SearchAction","target":{"@type":"EntryPoint","urlTemplate":"https:\/\/www.eldiario.net\/portal\/?s={search_term_string}"},"query-input":{"@type":"PropertyValueSpecification","valueRequired":true,"valueName":"search_term_string"}}],"inLanguage":"es"},{"@type":"Organization","@id":"https:\/\/www.eldiario.net\/portal\/#organization","name":"El Diario - Decano de la prensa nacional","url":"https:\/\/www.eldiario.net\/portal\/","logo":{"@type":"ImageObject","inLanguage":"es","@id":"https:\/\/www.eldiario.net\/portal\/#\/schema\/logo\/image\/","url":"https:\/\/www.eldiario.net\/portal\/wp-content\/uploads\/2023\/07\/logo_ED.jpg","contentUrl":"https:\/\/www.eldiario.net\/portal\/wp-content\/uploads\/2023\/07\/logo_ED.jpg","width":272,"height":52,"caption":"El Diario - Decano de la prensa nacional"},"image":{"@id":"https:\/\/www.eldiario.net\/portal\/#\/schema\/logo\/image\/"},"sameAs":["https:\/\/www.facebook.com\/eldiario.bolivia\/","https:\/\/x.com\/eldiario_net"]},{"@type":"Person","@id":"https:\/\/www.eldiario.net\/portal\/#\/schema\/person\/f46445640444750d7d753ccd04ae01b7","name":"Jeanette","image":{"@type":"ImageObject","inLanguage":"es","@id":"https:\/\/secure.gravatar.com\/avatar\/3ea2118a5f7dad2b7138b1187a6b7ee55f160b9968b66013c3a3ef39dd7e5798?s=96&d=mm&r=g","url":"https:\/\/secure.gravatar.com\/avatar\/3ea2118a5f7dad2b7138b1187a6b7ee55f160b9968b66013c3a3ef39dd7e5798?s=96&d=mm&r=g","contentUrl":"https:\/\/secure.gravatar.com\/avatar\/3ea2118a5f7dad2b7138b1187a6b7ee55f160b9968b66013c3a3ef39dd7e5798?s=96&d=mm&r=g","caption":"Jeanette"},"sameAs":["https:\/\/www.eldiario.net\/portal"],"url":"https:\/\/www.eldiario.net\/portal\/author\/jeanette\/"}]}},"_links":{"self":[{"href":"https:\/\/www.eldiario.net\/portal\/wp-json\/wp\/v2\/posts\/93942","targetHints":{"allow":["GET"]}}],"collection":[{"href":"https:\/\/www.eldiario.net\/portal\/wp-json\/wp\/v2\/posts"}],"about":[{"href":"https:\/\/www.eldiario.net\/portal\/wp-json\/wp\/v2\/types\/post"}],"author":[{"embeddable":true,"href":"https:\/\/www.eldiario.net\/portal\/wp-json\/wp\/v2\/users\/1"}],"replies":[{"embeddable":true,"href":"https:\/\/www.eldiario.net\/portal\/wp-json\/wp\/v2\/comments?post=93942"}],"version-history":[{"count":0,"href":"https:\/\/www.eldiario.net\/portal\/wp-json\/wp\/v2\/posts\/93942\/revisions"}],"wp:featuredmedia":[{"embeddable":true,"href":"https:\/\/www.eldiario.net\/portal\/wp-json\/wp\/v2\/media\/93943"}],"wp:attachment":[{"href":"https:\/\/www.eldiario.net\/portal\/wp-json\/wp\/v2\/media?parent=93942"}],"wp:term":[{"taxonomy":"category","embeddable":true,"href":"https:\/\/www.eldiario.net\/portal\/wp-json\/wp\/v2\/categories?post=93942"},{"taxonomy":"post_tag","embeddable":true,"href":"https:\/\/www.eldiario.net\/portal\/wp-json\/wp\/v2\/tags?post=93942"}],"curies":[{"name":"wp","href":"https:\/\/api.w.org\/{rel}","templated":true}]}}