{"id":93936,"date":"2022-06-30T05:58:49","date_gmt":"2022-06-30T09:58:49","guid":{"rendered":"https:\/\/www.eldiario.net\/portal\/?p=93936"},"modified":"2022-06-30T05:58:49","modified_gmt":"2022-06-30T09:58:49","slug":"sedes-descarta-que-intoxicacion-en-estudiantes-sea-por-alimentos","status":"publish","type":"post","link":"https:\/\/www.eldiario.net\/portal\/2022\/06\/30\/sedes-descarta-que-intoxicacion-en-estudiantes-sea-por-alimentos\/","title":{"rendered":"Sedes descarta que intoxicaci\u00f3n  en estudiantes sea por alimentos"},"content":{"rendered":"<p>Los resultados de los an\u00e1lisis de inocuidad realizados a los alimentos del desayuno escolar, tras conocerse de 30 estudiantes con s\u00edntomas de intoxicaci\u00f3n, revelan un reporte negativo, inform\u00f3 ayer el gerente de Epidemiolog\u00eda del Servicio Departamental de Salud (Sedes), Carlos Hurtado.<\/p>\n<p>Adem\u00e1s de someter a un an\u00e1lisis al jugo de frutas y a la mandarina que fueron entregados a los menores, tambi\u00e9n se tom\u00f3 muestras a los grifos y bidones de agua que hay en la unidad educativa en donde ocurri\u00f3 el hecho.<\/p>\n<p>\u201cTodos hasta ahora no han desarrollado bacterias, no han desarrollado virus, par\u00e1sitos, o la textura del agua, es decir el PH, la dureza y el cloro han estado dentro de par\u00e1metros normales\u201d, dijo Hurtado a tiempo de resaltar que hicieron todas la investigaci\u00f3n del brote, pero que no se encontr\u00f3 un agente causal que pueda decir que fue el que produjo este evento adverso en la Unidad Educativa.<\/p>\n<p>\u201cHicimos la atenci\u00f3n adecuada y oportuna para evitar complicaciones. Le pedimos tranquilidad y certidumbre a la poblaci\u00f3n, estamos trabajando en pro de la salud del departamento\u201d, expres\u00f3.<\/p>\n<p>La pasada semana m\u00e1s de 30 escolares fueron internados en un centro de salud tras presentar s\u00edntomas de intoxicaci\u00f3n. Los menores eran todos de una unidad educativa de la capital cruce\u00f1a. (Santa Cruz, Unitel)<\/p>\n","protected":false},"excerpt":{"rendered":"<p>Los resultados de los an\u00e1lisis de inocuidad realizados a los alimentos del desayuno escolar, tras conocerse de 30 estudiantes con s\u00edntomas de intoxicaci\u00f3n, revelan un reporte negativo, inform\u00f3 ayer el gerente de Epidemiolog\u00eda del Servicio Departamental de Salud (Sedes), Carlos Hurtado. Adem\u00e1s de someter a un an\u00e1lisis al jugo de frutas y a la mandarina [&hellip;]<\/p>\n","protected":false},"author":1,"featured_media":93937,"comment_status":"closed","ping_status":"closed","sticky":false,"template":"","format":"standard","meta":{"_acf_changed":false,"footnotes":""},"categories":[12],"tags":[],"class_list":["post-93936","post","type-post","status-publish","format-standard","has-post-thumbnail","category-nacional"],"acf":{"antetitulo":""},"yoast_head":"<!-- This site is optimized with the Yoast SEO plugin v28.3 - https:\/\/yoast.com\/product\/yoast-seo-wordpress\/ -->\n<title>Sedes descarta que intoxicaci\u00f3n en estudiantes sea por alimentos - El Diario - Bolivia<\/title>\n<meta name=\"robots\" content=\"index, follow, max-snippet:-1, max-image-preview:large, max-video-preview:-1\" \/>\n<link rel=\"canonical\" href=\"https:\/\/www.eldiario.net\/portal\/2022\/06\/30\/sedes-descarta-que-intoxicacion-en-estudiantes-sea-por-alimentos\/\" \/>\n<meta property=\"og:locale\" content=\"es_ES\" \/>\n<meta property=\"og:type\" content=\"article\" \/>\n<meta property=\"og:title\" content=\"Sedes descarta que intoxicaci\u00f3n en estudiantes sea por alimentos - El Diario - Bolivia\" \/>\n<meta property=\"og:description\" content=\"Los resultados de los an\u00e1lisis de inocuidad realizados a los alimentos del desayuno escolar, tras conocerse de 30 estudiantes con s\u00edntomas de intoxicaci\u00f3n, revelan un reporte negativo, inform\u00f3 ayer el gerente de Epidemiolog\u00eda del Servicio Departamental de Salud (Sedes), Carlos Hurtado. Adem\u00e1s de someter a un an\u00e1lisis al jugo de frutas y a la mandarina [&hellip;]\" \/>\n<meta property=\"og:url\" content=\"https:\/\/www.eldiario.net\/portal\/2022\/06\/30\/sedes-descarta-que-intoxicacion-en-estudiantes-sea-por-alimentos\/\" \/>\n<meta property=\"og:site_name\" content=\"El Diario - Bolivia\" \/>\n<meta property=\"article:publisher\" content=\"https:\/\/www.facebook.com\/eldiario.bolivia\/\" \/>\n<meta property=\"article:published_time\" content=\"2022-06-30T09:58:49+00:00\" \/>\n<meta name=\"author\" content=\"Jeanette\" \/>\n<meta name=\"twitter:card\" content=\"summary_large_image\" \/>\n<meta name=\"twitter:creator\" content=\"@eldiario_net\" \/>\n<meta name=\"twitter:site\" content=\"@eldiario_net\" \/>\n<meta name=\"twitter:label1\" content=\"Escrito por\" \/>\n\t<meta name=\"twitter:data1\" content=\"Jeanette\" \/>\n\t<meta name=\"twitter:label2\" content=\"Tiempo de lectura\" \/>\n\t<meta name=\"twitter:data2\" content=\"1 minuto\" \/>\n<script type=\"application\/ld+json\" class=\"yoast-schema-graph\">{\"@context\":\"https:\\\/\\\/schema.org\",\"@graph\":[{\"@type\":\"Article\",\"@id\":\"https:\\\/\\\/www.eldiario.net\\\/portal\\\/2022\\\/06\\\/30\\\/sedes-descarta-que-intoxicacion-en-estudiantes-sea-por-alimentos\\\/#article\",\"isPartOf\":{\"@id\":\"https:\\\/\\\/www.eldiario.net\\\/portal\\\/2022\\\/06\\\/30\\\/sedes-descarta-que-intoxicacion-en-estudiantes-sea-por-alimentos\\\/\"},\"author\":{\"name\":\"Jeanette\",\"@id\":\"https:\\\/\\\/www.eldiario.net\\\/portal\\\/#\\\/schema\\\/person\\\/f46445640444750d7d753ccd04ae01b7\"},\"headline\":\"Sedes descarta que intoxicaci\u00f3n en estudiantes sea por alimentos\",\"datePublished\":\"2022-06-30T09:58:49+00:00\",\"mainEntityOfPage\":{\"@id\":\"https:\\\/\\\/www.eldiario.net\\\/portal\\\/2022\\\/06\\\/30\\\/sedes-descarta-que-intoxicacion-en-estudiantes-sea-por-alimentos\\\/\"},\"wordCount\":236,\"publisher\":{\"@id\":\"https:\\\/\\\/www.eldiario.net\\\/portal\\\/#organization\"},\"image\":{\"@id\":\"https:\\\/\\\/www.eldiario.net\\\/portal\\\/2022\\\/06\\\/30\\\/sedes-descarta-que-intoxicacion-en-estudiantes-sea-por-alimentos\\\/#primaryimage\"},\"thumbnailUrl\":\"\",\"articleSection\":[\"Nacional\"],\"inLanguage\":\"es\"},{\"@type\":\"WebPage\",\"@id\":\"https:\\\/\\\/www.eldiario.net\\\/portal\\\/2022\\\/06\\\/30\\\/sedes-descarta-que-intoxicacion-en-estudiantes-sea-por-alimentos\\\/\",\"url\":\"https:\\\/\\\/www.eldiario.net\\\/portal\\\/2022\\\/06\\\/30\\\/sedes-descarta-que-intoxicacion-en-estudiantes-sea-por-alimentos\\\/\",\"name\":\"Sedes descarta que intoxicaci\u00f3n en estudiantes sea por alimentos - El Diario - Bolivia\",\"isPartOf\":{\"@id\":\"https:\\\/\\\/www.eldiario.net\\\/portal\\\/#website\"},\"primaryImageOfPage\":{\"@id\":\"https:\\\/\\\/www.eldiario.net\\\/portal\\\/2022\\\/06\\\/30\\\/sedes-descarta-que-intoxicacion-en-estudiantes-sea-por-alimentos\\\/#primaryimage\"},\"image\":{\"@id\":\"https:\\\/\\\/www.eldiario.net\\\/portal\\\/2022\\\/06\\\/30\\\/sedes-descarta-que-intoxicacion-en-estudiantes-sea-por-alimentos\\\/#primaryimage\"},\"thumbnailUrl\":\"\",\"datePublished\":\"2022-06-30T09:58:49+00:00\",\"breadcrumb\":{\"@id\":\"https:\\\/\\\/www.eldiario.net\\\/portal\\\/2022\\\/06\\\/30\\\/sedes-descarta-que-intoxicacion-en-estudiantes-sea-por-alimentos\\\/#breadcrumb\"},\"inLanguage\":\"es\",\"potentialAction\":[{\"@type\":\"ReadAction\",\"target\":[\"https:\\\/\\\/www.eldiario.net\\\/portal\\\/2022\\\/06\\\/30\\\/sedes-descarta-que-intoxicacion-en-estudiantes-sea-por-alimentos\\\/\"]}]},{\"@type\":\"ImageObject\",\"inLanguage\":\"es\",\"@id\":\"https:\\\/\\\/www.eldiario.net\\\/portal\\\/2022\\\/06\\\/30\\\/sedes-descarta-que-intoxicacion-en-estudiantes-sea-por-alimentos\\\/#primaryimage\",\"url\":\"\",\"contentUrl\":\"\"},{\"@type\":\"BreadcrumbList\",\"@id\":\"https:\\\/\\\/www.eldiario.net\\\/portal\\\/2022\\\/06\\\/30\\\/sedes-descarta-que-intoxicacion-en-estudiantes-sea-por-alimentos\\\/#breadcrumb\",\"itemListElement\":[{\"@type\":\"ListItem\",\"position\":1,\"name\":\"Portada\",\"item\":\"https:\\\/\\\/www.eldiario.net\\\/portal\\\/\"},{\"@type\":\"ListItem\",\"position\":2,\"name\":\"Sedes descarta que intoxicaci\u00f3n en estudiantes sea por alimentos\"}]},{\"@type\":\"WebSite\",\"@id\":\"https:\\\/\\\/www.eldiario.net\\\/portal\\\/#website\",\"url\":\"https:\\\/\\\/www.eldiario.net\\\/portal\\\/\",\"name\":\"El Diario - Decano de la prensa nacional\",\"description\":\"El Diario - Decano de la prensa nacional\",\"publisher\":{\"@id\":\"https:\\\/\\\/www.eldiario.net\\\/portal\\\/#organization\"},\"potentialAction\":[{\"@type\":\"SearchAction\",\"target\":{\"@type\":\"EntryPoint\",\"urlTemplate\":\"https:\\\/\\\/www.eldiario.net\\\/portal\\\/?s={search_term_string}\"},\"query-input\":{\"@type\":\"PropertyValueSpecification\",\"valueRequired\":true,\"valueName\":\"search_term_string\"}}],\"inLanguage\":\"es\"},{\"@type\":\"Organization\",\"@id\":\"https:\\\/\\\/www.eldiario.net\\\/portal\\\/#organization\",\"name\":\"El Diario - Decano de la prensa nacional\",\"url\":\"https:\\\/\\\/www.eldiario.net\\\/portal\\\/\",\"logo\":{\"@type\":\"ImageObject\",\"inLanguage\":\"es\",\"@id\":\"https:\\\/\\\/www.eldiario.net\\\/portal\\\/#\\\/schema\\\/logo\\\/image\\\/\",\"url\":\"https:\\\/\\\/www.eldiario.net\\\/portal\\\/wp-content\\\/uploads\\\/2023\\\/07\\\/logo_ED.jpg\",\"contentUrl\":\"https:\\\/\\\/www.eldiario.net\\\/portal\\\/wp-content\\\/uploads\\\/2023\\\/07\\\/logo_ED.jpg\",\"width\":272,\"height\":52,\"caption\":\"El Diario - Decano de la prensa nacional\"},\"image\":{\"@id\":\"https:\\\/\\\/www.eldiario.net\\\/portal\\\/#\\\/schema\\\/logo\\\/image\\\/\"},\"sameAs\":[\"https:\\\/\\\/www.facebook.com\\\/eldiario.bolivia\\\/\",\"https:\\\/\\\/x.com\\\/eldiario_net\"]},{\"@type\":\"Person\",\"@id\":\"https:\\\/\\\/www.eldiario.net\\\/portal\\\/#\\\/schema\\\/person\\\/f46445640444750d7d753ccd04ae01b7\",\"name\":\"Jeanette\",\"image\":{\"@type\":\"ImageObject\",\"inLanguage\":\"es\",\"@id\":\"https:\\\/\\\/secure.gravatar.com\\\/avatar\\\/3ea2118a5f7dad2b7138b1187a6b7ee55f160b9968b66013c3a3ef39dd7e5798?s=96&d=mm&r=g\",\"url\":\"https:\\\/\\\/secure.gravatar.com\\\/avatar\\\/3ea2118a5f7dad2b7138b1187a6b7ee55f160b9968b66013c3a3ef39dd7e5798?s=96&d=mm&r=g\",\"contentUrl\":\"https:\\\/\\\/secure.gravatar.com\\\/avatar\\\/3ea2118a5f7dad2b7138b1187a6b7ee55f160b9968b66013c3a3ef39dd7e5798?s=96&d=mm&r=g\",\"caption\":\"Jeanette\"},\"sameAs\":[\"https:\\\/\\\/www.eldiario.net\\\/portal\"],\"url\":\"https:\\\/\\\/www.eldiario.net\\\/portal\\\/author\\\/jeanette\\\/\"}]}<\/script>\n<!-- \/ Yoast SEO plugin. -->","yoast_head_json":{"title":"Sedes descarta que intoxicaci\u00f3n en estudiantes sea por alimentos - El Diario - Bolivia","robots":{"index":"index","follow":"follow","max-snippet":"max-snippet:-1","max-image-preview":"max-image-preview:large","max-video-preview":"max-video-preview:-1"},"canonical":"https:\/\/www.eldiario.net\/portal\/2022\/06\/30\/sedes-descarta-que-intoxicacion-en-estudiantes-sea-por-alimentos\/","og_locale":"es_ES","og_type":"article","og_title":"Sedes descarta que intoxicaci\u00f3n en estudiantes sea por alimentos - El Diario - Bolivia","og_description":"Los resultados de los an\u00e1lisis de inocuidad realizados a los alimentos del desayuno escolar, tras conocerse de 30 estudiantes con s\u00edntomas de intoxicaci\u00f3n, revelan un reporte negativo, inform\u00f3 ayer el gerente de Epidemiolog\u00eda del Servicio Departamental de Salud (Sedes), Carlos Hurtado. Adem\u00e1s de someter a un an\u00e1lisis al jugo de frutas y a la mandarina [&hellip;]","og_url":"https:\/\/www.eldiario.net\/portal\/2022\/06\/30\/sedes-descarta-que-intoxicacion-en-estudiantes-sea-por-alimentos\/","og_site_name":"El Diario - Bolivia","article_publisher":"https:\/\/www.facebook.com\/eldiario.bolivia\/","article_published_time":"2022-06-30T09:58:49+00:00","author":"Jeanette","twitter_card":"summary_large_image","twitter_creator":"@eldiario_net","twitter_site":"@eldiario_net","twitter_misc":{"Escrito por":"Jeanette","Tiempo de lectura":"1 minuto"},"schema":{"@context":"https:\/\/schema.org","@graph":[{"@type":"Article","@id":"https:\/\/www.eldiario.net\/portal\/2022\/06\/30\/sedes-descarta-que-intoxicacion-en-estudiantes-sea-por-alimentos\/#article","isPartOf":{"@id":"https:\/\/www.eldiario.net\/portal\/2022\/06\/30\/sedes-descarta-que-intoxicacion-en-estudiantes-sea-por-alimentos\/"},"author":{"name":"Jeanette","@id":"https:\/\/www.eldiario.net\/portal\/#\/schema\/person\/f46445640444750d7d753ccd04ae01b7"},"headline":"Sedes descarta que intoxicaci\u00f3n en estudiantes sea por alimentos","datePublished":"2022-06-30T09:58:49+00:00","mainEntityOfPage":{"@id":"https:\/\/www.eldiario.net\/portal\/2022\/06\/30\/sedes-descarta-que-intoxicacion-en-estudiantes-sea-por-alimentos\/"},"wordCount":236,"publisher":{"@id":"https:\/\/www.eldiario.net\/portal\/#organization"},"image":{"@id":"https:\/\/www.eldiario.net\/portal\/2022\/06\/30\/sedes-descarta-que-intoxicacion-en-estudiantes-sea-por-alimentos\/#primaryimage"},"thumbnailUrl":"","articleSection":["Nacional"],"inLanguage":"es"},{"@type":"WebPage","@id":"https:\/\/www.eldiario.net\/portal\/2022\/06\/30\/sedes-descarta-que-intoxicacion-en-estudiantes-sea-por-alimentos\/","url":"https:\/\/www.eldiario.net\/portal\/2022\/06\/30\/sedes-descarta-que-intoxicacion-en-estudiantes-sea-por-alimentos\/","name":"Sedes descarta que intoxicaci\u00f3n en estudiantes sea por alimentos - El Diario - Bolivia","isPartOf":{"@id":"https:\/\/www.eldiario.net\/portal\/#website"},"primaryImageOfPage":{"@id":"https:\/\/www.eldiario.net\/portal\/2022\/06\/30\/sedes-descarta-que-intoxicacion-en-estudiantes-sea-por-alimentos\/#primaryimage"},"image":{"@id":"https:\/\/www.eldiario.net\/portal\/2022\/06\/30\/sedes-descarta-que-intoxicacion-en-estudiantes-sea-por-alimentos\/#primaryimage"},"thumbnailUrl":"","datePublished":"2022-06-30T09:58:49+00:00","breadcrumb":{"@id":"https:\/\/www.eldiario.net\/portal\/2022\/06\/30\/sedes-descarta-que-intoxicacion-en-estudiantes-sea-por-alimentos\/#breadcrumb"},"inLanguage":"es","potentialAction":[{"@type":"ReadAction","target":["https:\/\/www.eldiario.net\/portal\/2022\/06\/30\/sedes-descarta-que-intoxicacion-en-estudiantes-sea-por-alimentos\/"]}]},{"@type":"ImageObject","inLanguage":"es","@id":"https:\/\/www.eldiario.net\/portal\/2022\/06\/30\/sedes-descarta-que-intoxicacion-en-estudiantes-sea-por-alimentos\/#primaryimage","url":"","contentUrl":""},{"@type":"BreadcrumbList","@id":"https:\/\/www.eldiario.net\/portal\/2022\/06\/30\/sedes-descarta-que-intoxicacion-en-estudiantes-sea-por-alimentos\/#breadcrumb","itemListElement":[{"@type":"ListItem","position":1,"name":"Portada","item":"https:\/\/www.eldiario.net\/portal\/"},{"@type":"ListItem","position":2,"name":"Sedes descarta que intoxicaci\u00f3n en estudiantes sea por alimentos"}]},{"@type":"WebSite","@id":"https:\/\/www.eldiario.net\/portal\/#website","url":"https:\/\/www.eldiario.net\/portal\/","name":"El Diario - Decano de la prensa nacional","description":"El Diario - Decano de la prensa nacional","publisher":{"@id":"https:\/\/www.eldiario.net\/portal\/#organization"},"potentialAction":[{"@type":"SearchAction","target":{"@type":"EntryPoint","urlTemplate":"https:\/\/www.eldiario.net\/portal\/?s={search_term_string}"},"query-input":{"@type":"PropertyValueSpecification","valueRequired":true,"valueName":"search_term_string"}}],"inLanguage":"es"},{"@type":"Organization","@id":"https:\/\/www.eldiario.net\/portal\/#organization","name":"El Diario - Decano de la prensa nacional","url":"https:\/\/www.eldiario.net\/portal\/","logo":{"@type":"ImageObject","inLanguage":"es","@id":"https:\/\/www.eldiario.net\/portal\/#\/schema\/logo\/image\/","url":"https:\/\/www.eldiario.net\/portal\/wp-content\/uploads\/2023\/07\/logo_ED.jpg","contentUrl":"https:\/\/www.eldiario.net\/portal\/wp-content\/uploads\/2023\/07\/logo_ED.jpg","width":272,"height":52,"caption":"El Diario - Decano de la prensa nacional"},"image":{"@id":"https:\/\/www.eldiario.net\/portal\/#\/schema\/logo\/image\/"},"sameAs":["https:\/\/www.facebook.com\/eldiario.bolivia\/","https:\/\/x.com\/eldiario_net"]},{"@type":"Person","@id":"https:\/\/www.eldiario.net\/portal\/#\/schema\/person\/f46445640444750d7d753ccd04ae01b7","name":"Jeanette","image":{"@type":"ImageObject","inLanguage":"es","@id":"https:\/\/secure.gravatar.com\/avatar\/3ea2118a5f7dad2b7138b1187a6b7ee55f160b9968b66013c3a3ef39dd7e5798?s=96&d=mm&r=g","url":"https:\/\/secure.gravatar.com\/avatar\/3ea2118a5f7dad2b7138b1187a6b7ee55f160b9968b66013c3a3ef39dd7e5798?s=96&d=mm&r=g","contentUrl":"https:\/\/secure.gravatar.com\/avatar\/3ea2118a5f7dad2b7138b1187a6b7ee55f160b9968b66013c3a3ef39dd7e5798?s=96&d=mm&r=g","caption":"Jeanette"},"sameAs":["https:\/\/www.eldiario.net\/portal"],"url":"https:\/\/www.eldiario.net\/portal\/author\/jeanette\/"}]}},"_links":{"self":[{"href":"https:\/\/www.eldiario.net\/portal\/wp-json\/wp\/v2\/posts\/93936","targetHints":{"allow":["GET"]}}],"collection":[{"href":"https:\/\/www.eldiario.net\/portal\/wp-json\/wp\/v2\/posts"}],"about":[{"href":"https:\/\/www.eldiario.net\/portal\/wp-json\/wp\/v2\/types\/post"}],"author":[{"embeddable":true,"href":"https:\/\/www.eldiario.net\/portal\/wp-json\/wp\/v2\/users\/1"}],"replies":[{"embeddable":true,"href":"https:\/\/www.eldiario.net\/portal\/wp-json\/wp\/v2\/comments?post=93936"}],"version-history":[{"count":0,"href":"https:\/\/www.eldiario.net\/portal\/wp-json\/wp\/v2\/posts\/93936\/revisions"}],"wp:attachment":[{"href":"https:\/\/www.eldiario.net\/portal\/wp-json\/wp\/v2\/media?parent=93936"}],"wp:term":[{"taxonomy":"category","embeddable":true,"href":"https:\/\/www.eldiario.net\/portal\/wp-json\/wp\/v2\/categories?post=93936"},{"taxonomy":"post_tag","embeddable":true,"href":"https:\/\/www.eldiario.net\/portal\/wp-json\/wp\/v2\/tags?post=93936"}],"curies":[{"name":"wp","href":"https:\/\/api.w.org\/{rel}","templated":true}]}}