{"id":93933,"date":"2022-06-30T05:57:44","date_gmt":"2022-06-30T09:57:44","guid":{"rendered":"https:\/\/www.eldiario.net\/portal\/?p=93933"},"modified":"2022-06-30T05:57:44","modified_gmt":"2022-06-30T09:57:44","slug":"amplian-trabajo-de-comision-de-tierras-del-legislativo-cruceno","status":"publish","type":"post","link":"https:\/\/www.eldiario.net\/portal\/2022\/06\/30\/amplian-trabajo-de-comision-de-tierras-del-legislativo-cruceno\/","title":{"rendered":"Ampl\u00edan trabajo de Comisi\u00f3n de Tierras del legislativo cruce\u00f1o"},"content":{"rendered":"<p>La Asamblea Legislativa Departamental ampli\u00f3 por un a\u00f1o el trabajo de la Comisi\u00f3n Especial de Tierra, Territorio y Recursos Naturales, a ra\u00edz de numerosas denuncias de avasallamiento y toma ilegal de tierras en el departamento de Santa Cruz.<\/p>\n<p>En cumplimiento a esta ampliaci\u00f3n se realiz\u00f3 la verificaci\u00f3n de una denuncia realizada por la Comunidad Ind\u00edgena Chiquitana \u201cGuadalupana\u201d del municipio de Pail\u00f3n.<\/p>\n<p>La asamble\u00edsta departamental y miembro de la Comisi\u00f3n, Yelly Baldivieso, se\u00a0 traslad\u00f3 con su colega del pueblo ind\u00edgena chiquitano, Aida Gil junto con Iv\u00e1n Quezada al lugar, e inform\u00f3 que luego de ingresar a unos 40 km. de la comunidad El Tinto, se pudo evidenciar la existencia de algunas carpas y casas hechas por originarios.<\/p>\n<p>\u201cEllos nos han comunicado de que en d\u00edas feriados vinieron gente de los interculturales y polic\u00edas a sacarlos de ese lugar, con una resoluci\u00f3n de asentamiento\u201d, indic\u00f3.<\/p>\n<p>Como asamble\u00edstas departamentales estamos realizando la inspecci\u00f3n y fiscalizaci\u00f3n de todos los lugares y pudimos evidenciar que estas personas no se encuentran en esos predios, puesto que nos informaron que vinieron con resoluci\u00f3n de desalojo emitida por el INRA, con polic\u00edas a sacar a nuestra gente originaria. Nosotros vamos a ver este tema y siempre apegados a las normas, apegados a la ley, para ayudar tambi\u00e9n a nuestra gente chiquitana\u201d, indic\u00f3.<\/p>\n<p>Al respecto, el secretario de Tierra y Territorio de la Central Ind\u00edgena Chiquitana de Pail\u00f3n, Cel\u00edn Fernando Urquiza Mesa, expres\u00f3 que ellos ya fueron desalojados del lugar por orden del INRA.<\/p>\n<p>\u201cNosotros estamos en todo nuestro derecho de tener como la ley manda un pedazo de tierra como originarios y oriundos de nuestra comunidad como chiquitanos, del Gobierno nos han mandado gente ajena a nuestro municipio para ser desalojados de nuestra propia casa. Han utilizado los dos feriados, ingresando el d\u00eda de Corpus Cristi en micro, gran cantidad de gente y posteriormente el pr\u00f3ximo feriado 21 de junio, hemos sido desalojados por 15 camionetas con 100 polic\u00edas\u201d, afirm\u00f3.<\/p>\n<p>\u201cHan venido, nos han sacado y se han ido, no han permanecido en el lugar, lo que nosotros vamos hacer es ejercer nuestro derecho y volver a tomar posesi\u00f3n. Esta gente viene de Potos\u00ed, Oruro y de Argentina, ellos mismos lo han dicho, esto no es legal, no es constitucional que venga gente ajena y que el Presidente del Estado est\u00e9 permitiendo esto mediante el INRA, utilizar esta instituci\u00f3n para cometer estos atropellos a los ind\u00edgenas originarios\u201d. (Santa Cruz, ALD)<\/p>\n","protected":false},"excerpt":{"rendered":"<p>La Asamblea Legislativa Departamental ampli\u00f3 por un a\u00f1o el trabajo de la Comisi\u00f3n Especial de Tierra, Territorio y Recursos Naturales, a ra\u00edz de numerosas denuncias de avasallamiento y toma ilegal de tierras en el departamento de Santa Cruz. En cumplimiento a esta ampliaci\u00f3n se realiz\u00f3 la verificaci\u00f3n de una denuncia realizada por la Comunidad Ind\u00edgena [&hellip;]<\/p>\n","protected":false},"author":1,"featured_media":93934,"comment_status":"closed","ping_status":"closed","sticky":false,"template":"","format":"standard","meta":{"_acf_changed":false,"footnotes":""},"categories":[12],"tags":[],"class_list":["post-93933","post","type-post","status-publish","format-standard","has-post-thumbnail","category-nacional"],"acf":{"antetitulo":""},"yoast_head":"<!-- This site is optimized with the Yoast SEO plugin v28.3 - https:\/\/yoast.com\/product\/yoast-seo-wordpress\/ -->\n<title>Ampl\u00edan trabajo de Comisi\u00f3n de Tierras del legislativo cruce\u00f1o - El Diario - Bolivia<\/title>\n<meta name=\"robots\" content=\"index, follow, max-snippet:-1, max-image-preview:large, max-video-preview:-1\" \/>\n<link rel=\"canonical\" href=\"https:\/\/www.eldiario.net\/portal\/2022\/06\/30\/amplian-trabajo-de-comision-de-tierras-del-legislativo-cruceno\/\" \/>\n<meta property=\"og:locale\" content=\"es_ES\" \/>\n<meta property=\"og:type\" content=\"article\" \/>\n<meta property=\"og:title\" content=\"Ampl\u00edan trabajo de Comisi\u00f3n de Tierras del legislativo cruce\u00f1o - El Diario - Bolivia\" \/>\n<meta property=\"og:description\" content=\"La Asamblea Legislativa Departamental ampli\u00f3 por un a\u00f1o el trabajo de la Comisi\u00f3n Especial de Tierra, Territorio y Recursos Naturales, a ra\u00edz de numerosas denuncias de avasallamiento y toma ilegal de tierras en el departamento de Santa Cruz. En cumplimiento a esta ampliaci\u00f3n se realiz\u00f3 la verificaci\u00f3n de una denuncia realizada por la Comunidad Ind\u00edgena [&hellip;]\" \/>\n<meta property=\"og:url\" content=\"https:\/\/www.eldiario.net\/portal\/2022\/06\/30\/amplian-trabajo-de-comision-de-tierras-del-legislativo-cruceno\/\" \/>\n<meta property=\"og:site_name\" content=\"El Diario - Bolivia\" \/>\n<meta property=\"article:publisher\" content=\"https:\/\/www.facebook.com\/eldiario.bolivia\/\" \/>\n<meta property=\"article:published_time\" content=\"2022-06-30T09:57:44+00:00\" \/>\n<meta name=\"author\" content=\"Jeanette\" \/>\n<meta name=\"twitter:card\" content=\"summary_large_image\" \/>\n<meta name=\"twitter:creator\" content=\"@eldiario_net\" \/>\n<meta name=\"twitter:site\" content=\"@eldiario_net\" \/>\n<meta name=\"twitter:label1\" content=\"Escrito por\" \/>\n\t<meta name=\"twitter:data1\" content=\"Jeanette\" \/>\n\t<meta name=\"twitter:label2\" content=\"Tiempo de lectura\" \/>\n\t<meta name=\"twitter:data2\" content=\"2 minutos\" \/>\n<script type=\"application\/ld+json\" class=\"yoast-schema-graph\">{\"@context\":\"https:\\\/\\\/schema.org\",\"@graph\":[{\"@type\":\"Article\",\"@id\":\"https:\\\/\\\/www.eldiario.net\\\/portal\\\/2022\\\/06\\\/30\\\/amplian-trabajo-de-comision-de-tierras-del-legislativo-cruceno\\\/#article\",\"isPartOf\":{\"@id\":\"https:\\\/\\\/www.eldiario.net\\\/portal\\\/2022\\\/06\\\/30\\\/amplian-trabajo-de-comision-de-tierras-del-legislativo-cruceno\\\/\"},\"author\":{\"name\":\"Jeanette\",\"@id\":\"https:\\\/\\\/www.eldiario.net\\\/portal\\\/#\\\/schema\\\/person\\\/f46445640444750d7d753ccd04ae01b7\"},\"headline\":\"Ampl\u00edan trabajo de Comisi\u00f3n de Tierras del legislativo cruce\u00f1o\",\"datePublished\":\"2022-06-30T09:57:44+00:00\",\"mainEntityOfPage\":{\"@id\":\"https:\\\/\\\/www.eldiario.net\\\/portal\\\/2022\\\/06\\\/30\\\/amplian-trabajo-de-comision-de-tierras-del-legislativo-cruceno\\\/\"},\"wordCount\":439,\"publisher\":{\"@id\":\"https:\\\/\\\/www.eldiario.net\\\/portal\\\/#organization\"},\"image\":{\"@id\":\"https:\\\/\\\/www.eldiario.net\\\/portal\\\/2022\\\/06\\\/30\\\/amplian-trabajo-de-comision-de-tierras-del-legislativo-cruceno\\\/#primaryimage\"},\"thumbnailUrl\":\"\",\"articleSection\":[\"Nacional\"],\"inLanguage\":\"es\"},{\"@type\":\"WebPage\",\"@id\":\"https:\\\/\\\/www.eldiario.net\\\/portal\\\/2022\\\/06\\\/30\\\/amplian-trabajo-de-comision-de-tierras-del-legislativo-cruceno\\\/\",\"url\":\"https:\\\/\\\/www.eldiario.net\\\/portal\\\/2022\\\/06\\\/30\\\/amplian-trabajo-de-comision-de-tierras-del-legislativo-cruceno\\\/\",\"name\":\"Ampl\u00edan trabajo de Comisi\u00f3n de Tierras del legislativo cruce\u00f1o - El Diario - Bolivia\",\"isPartOf\":{\"@id\":\"https:\\\/\\\/www.eldiario.net\\\/portal\\\/#website\"},\"primaryImageOfPage\":{\"@id\":\"https:\\\/\\\/www.eldiario.net\\\/portal\\\/2022\\\/06\\\/30\\\/amplian-trabajo-de-comision-de-tierras-del-legislativo-cruceno\\\/#primaryimage\"},\"image\":{\"@id\":\"https:\\\/\\\/www.eldiario.net\\\/portal\\\/2022\\\/06\\\/30\\\/amplian-trabajo-de-comision-de-tierras-del-legislativo-cruceno\\\/#primaryimage\"},\"thumbnailUrl\":\"\",\"datePublished\":\"2022-06-30T09:57:44+00:00\",\"breadcrumb\":{\"@id\":\"https:\\\/\\\/www.eldiario.net\\\/portal\\\/2022\\\/06\\\/30\\\/amplian-trabajo-de-comision-de-tierras-del-legislativo-cruceno\\\/#breadcrumb\"},\"inLanguage\":\"es\",\"potentialAction\":[{\"@type\":\"ReadAction\",\"target\":[\"https:\\\/\\\/www.eldiario.net\\\/portal\\\/2022\\\/06\\\/30\\\/amplian-trabajo-de-comision-de-tierras-del-legislativo-cruceno\\\/\"]}]},{\"@type\":\"ImageObject\",\"inLanguage\":\"es\",\"@id\":\"https:\\\/\\\/www.eldiario.net\\\/portal\\\/2022\\\/06\\\/30\\\/amplian-trabajo-de-comision-de-tierras-del-legislativo-cruceno\\\/#primaryimage\",\"url\":\"\",\"contentUrl\":\"\"},{\"@type\":\"BreadcrumbList\",\"@id\":\"https:\\\/\\\/www.eldiario.net\\\/portal\\\/2022\\\/06\\\/30\\\/amplian-trabajo-de-comision-de-tierras-del-legislativo-cruceno\\\/#breadcrumb\",\"itemListElement\":[{\"@type\":\"ListItem\",\"position\":1,\"name\":\"Portada\",\"item\":\"https:\\\/\\\/www.eldiario.net\\\/portal\\\/\"},{\"@type\":\"ListItem\",\"position\":2,\"name\":\"Ampl\u00edan trabajo de Comisi\u00f3n de Tierras del legislativo cruce\u00f1o\"}]},{\"@type\":\"WebSite\",\"@id\":\"https:\\\/\\\/www.eldiario.net\\\/portal\\\/#website\",\"url\":\"https:\\\/\\\/www.eldiario.net\\\/portal\\\/\",\"name\":\"El Diario - Decano de la prensa nacional\",\"description\":\"El Diario - Decano de la prensa nacional\",\"publisher\":{\"@id\":\"https:\\\/\\\/www.eldiario.net\\\/portal\\\/#organization\"},\"potentialAction\":[{\"@type\":\"SearchAction\",\"target\":{\"@type\":\"EntryPoint\",\"urlTemplate\":\"https:\\\/\\\/www.eldiario.net\\\/portal\\\/?s={search_term_string}\"},\"query-input\":{\"@type\":\"PropertyValueSpecification\",\"valueRequired\":true,\"valueName\":\"search_term_string\"}}],\"inLanguage\":\"es\"},{\"@type\":\"Organization\",\"@id\":\"https:\\\/\\\/www.eldiario.net\\\/portal\\\/#organization\",\"name\":\"El Diario - Decano de la prensa nacional\",\"url\":\"https:\\\/\\\/www.eldiario.net\\\/portal\\\/\",\"logo\":{\"@type\":\"ImageObject\",\"inLanguage\":\"es\",\"@id\":\"https:\\\/\\\/www.eldiario.net\\\/portal\\\/#\\\/schema\\\/logo\\\/image\\\/\",\"url\":\"https:\\\/\\\/www.eldiario.net\\\/portal\\\/wp-content\\\/uploads\\\/2023\\\/07\\\/logo_ED.jpg\",\"contentUrl\":\"https:\\\/\\\/www.eldiario.net\\\/portal\\\/wp-content\\\/uploads\\\/2023\\\/07\\\/logo_ED.jpg\",\"width\":272,\"height\":52,\"caption\":\"El Diario - Decano de la prensa nacional\"},\"image\":{\"@id\":\"https:\\\/\\\/www.eldiario.net\\\/portal\\\/#\\\/schema\\\/logo\\\/image\\\/\"},\"sameAs\":[\"https:\\\/\\\/www.facebook.com\\\/eldiario.bolivia\\\/\",\"https:\\\/\\\/x.com\\\/eldiario_net\"]},{\"@type\":\"Person\",\"@id\":\"https:\\\/\\\/www.eldiario.net\\\/portal\\\/#\\\/schema\\\/person\\\/f46445640444750d7d753ccd04ae01b7\",\"name\":\"Jeanette\",\"image\":{\"@type\":\"ImageObject\",\"inLanguage\":\"es\",\"@id\":\"https:\\\/\\\/secure.gravatar.com\\\/avatar\\\/3ea2118a5f7dad2b7138b1187a6b7ee55f160b9968b66013c3a3ef39dd7e5798?s=96&d=mm&r=g\",\"url\":\"https:\\\/\\\/secure.gravatar.com\\\/avatar\\\/3ea2118a5f7dad2b7138b1187a6b7ee55f160b9968b66013c3a3ef39dd7e5798?s=96&d=mm&r=g\",\"contentUrl\":\"https:\\\/\\\/secure.gravatar.com\\\/avatar\\\/3ea2118a5f7dad2b7138b1187a6b7ee55f160b9968b66013c3a3ef39dd7e5798?s=96&d=mm&r=g\",\"caption\":\"Jeanette\"},\"sameAs\":[\"https:\\\/\\\/www.eldiario.net\\\/portal\"],\"url\":\"https:\\\/\\\/www.eldiario.net\\\/portal\\\/author\\\/jeanette\\\/\"}]}<\/script>\n<!-- \/ Yoast SEO plugin. -->","yoast_head_json":{"title":"Ampl\u00edan trabajo de Comisi\u00f3n de Tierras del legislativo cruce\u00f1o - El Diario - Bolivia","robots":{"index":"index","follow":"follow","max-snippet":"max-snippet:-1","max-image-preview":"max-image-preview:large","max-video-preview":"max-video-preview:-1"},"canonical":"https:\/\/www.eldiario.net\/portal\/2022\/06\/30\/amplian-trabajo-de-comision-de-tierras-del-legislativo-cruceno\/","og_locale":"es_ES","og_type":"article","og_title":"Ampl\u00edan trabajo de Comisi\u00f3n de Tierras del legislativo cruce\u00f1o - El Diario - Bolivia","og_description":"La Asamblea Legislativa Departamental ampli\u00f3 por un a\u00f1o el trabajo de la Comisi\u00f3n Especial de Tierra, Territorio y Recursos Naturales, a ra\u00edz de numerosas denuncias de avasallamiento y toma ilegal de tierras en el departamento de Santa Cruz. En cumplimiento a esta ampliaci\u00f3n se realiz\u00f3 la verificaci\u00f3n de una denuncia realizada por la Comunidad Ind\u00edgena [&hellip;]","og_url":"https:\/\/www.eldiario.net\/portal\/2022\/06\/30\/amplian-trabajo-de-comision-de-tierras-del-legislativo-cruceno\/","og_site_name":"El Diario - Bolivia","article_publisher":"https:\/\/www.facebook.com\/eldiario.bolivia\/","article_published_time":"2022-06-30T09:57:44+00:00","author":"Jeanette","twitter_card":"summary_large_image","twitter_creator":"@eldiario_net","twitter_site":"@eldiario_net","twitter_misc":{"Escrito por":"Jeanette","Tiempo de lectura":"2 minutos"},"schema":{"@context":"https:\/\/schema.org","@graph":[{"@type":"Article","@id":"https:\/\/www.eldiario.net\/portal\/2022\/06\/30\/amplian-trabajo-de-comision-de-tierras-del-legislativo-cruceno\/#article","isPartOf":{"@id":"https:\/\/www.eldiario.net\/portal\/2022\/06\/30\/amplian-trabajo-de-comision-de-tierras-del-legislativo-cruceno\/"},"author":{"name":"Jeanette","@id":"https:\/\/www.eldiario.net\/portal\/#\/schema\/person\/f46445640444750d7d753ccd04ae01b7"},"headline":"Ampl\u00edan trabajo de Comisi\u00f3n de Tierras del legislativo cruce\u00f1o","datePublished":"2022-06-30T09:57:44+00:00","mainEntityOfPage":{"@id":"https:\/\/www.eldiario.net\/portal\/2022\/06\/30\/amplian-trabajo-de-comision-de-tierras-del-legislativo-cruceno\/"},"wordCount":439,"publisher":{"@id":"https:\/\/www.eldiario.net\/portal\/#organization"},"image":{"@id":"https:\/\/www.eldiario.net\/portal\/2022\/06\/30\/amplian-trabajo-de-comision-de-tierras-del-legislativo-cruceno\/#primaryimage"},"thumbnailUrl":"","articleSection":["Nacional"],"inLanguage":"es"},{"@type":"WebPage","@id":"https:\/\/www.eldiario.net\/portal\/2022\/06\/30\/amplian-trabajo-de-comision-de-tierras-del-legislativo-cruceno\/","url":"https:\/\/www.eldiario.net\/portal\/2022\/06\/30\/amplian-trabajo-de-comision-de-tierras-del-legislativo-cruceno\/","name":"Ampl\u00edan trabajo de Comisi\u00f3n de Tierras del legislativo cruce\u00f1o - El Diario - Bolivia","isPartOf":{"@id":"https:\/\/www.eldiario.net\/portal\/#website"},"primaryImageOfPage":{"@id":"https:\/\/www.eldiario.net\/portal\/2022\/06\/30\/amplian-trabajo-de-comision-de-tierras-del-legislativo-cruceno\/#primaryimage"},"image":{"@id":"https:\/\/www.eldiario.net\/portal\/2022\/06\/30\/amplian-trabajo-de-comision-de-tierras-del-legislativo-cruceno\/#primaryimage"},"thumbnailUrl":"","datePublished":"2022-06-30T09:57:44+00:00","breadcrumb":{"@id":"https:\/\/www.eldiario.net\/portal\/2022\/06\/30\/amplian-trabajo-de-comision-de-tierras-del-legislativo-cruceno\/#breadcrumb"},"inLanguage":"es","potentialAction":[{"@type":"ReadAction","target":["https:\/\/www.eldiario.net\/portal\/2022\/06\/30\/amplian-trabajo-de-comision-de-tierras-del-legislativo-cruceno\/"]}]},{"@type":"ImageObject","inLanguage":"es","@id":"https:\/\/www.eldiario.net\/portal\/2022\/06\/30\/amplian-trabajo-de-comision-de-tierras-del-legislativo-cruceno\/#primaryimage","url":"","contentUrl":""},{"@type":"BreadcrumbList","@id":"https:\/\/www.eldiario.net\/portal\/2022\/06\/30\/amplian-trabajo-de-comision-de-tierras-del-legislativo-cruceno\/#breadcrumb","itemListElement":[{"@type":"ListItem","position":1,"name":"Portada","item":"https:\/\/www.eldiario.net\/portal\/"},{"@type":"ListItem","position":2,"name":"Ampl\u00edan trabajo de Comisi\u00f3n de Tierras del legislativo cruce\u00f1o"}]},{"@type":"WebSite","@id":"https:\/\/www.eldiario.net\/portal\/#website","url":"https:\/\/www.eldiario.net\/portal\/","name":"El Diario - Decano de la prensa nacional","description":"El Diario - Decano de la prensa nacional","publisher":{"@id":"https:\/\/www.eldiario.net\/portal\/#organization"},"potentialAction":[{"@type":"SearchAction","target":{"@type":"EntryPoint","urlTemplate":"https:\/\/www.eldiario.net\/portal\/?s={search_term_string}"},"query-input":{"@type":"PropertyValueSpecification","valueRequired":true,"valueName":"search_term_string"}}],"inLanguage":"es"},{"@type":"Organization","@id":"https:\/\/www.eldiario.net\/portal\/#organization","name":"El Diario - Decano de la prensa nacional","url":"https:\/\/www.eldiario.net\/portal\/","logo":{"@type":"ImageObject","inLanguage":"es","@id":"https:\/\/www.eldiario.net\/portal\/#\/schema\/logo\/image\/","url":"https:\/\/www.eldiario.net\/portal\/wp-content\/uploads\/2023\/07\/logo_ED.jpg","contentUrl":"https:\/\/www.eldiario.net\/portal\/wp-content\/uploads\/2023\/07\/logo_ED.jpg","width":272,"height":52,"caption":"El Diario - Decano de la prensa nacional"},"image":{"@id":"https:\/\/www.eldiario.net\/portal\/#\/schema\/logo\/image\/"},"sameAs":["https:\/\/www.facebook.com\/eldiario.bolivia\/","https:\/\/x.com\/eldiario_net"]},{"@type":"Person","@id":"https:\/\/www.eldiario.net\/portal\/#\/schema\/person\/f46445640444750d7d753ccd04ae01b7","name":"Jeanette","image":{"@type":"ImageObject","inLanguage":"es","@id":"https:\/\/secure.gravatar.com\/avatar\/3ea2118a5f7dad2b7138b1187a6b7ee55f160b9968b66013c3a3ef39dd7e5798?s=96&d=mm&r=g","url":"https:\/\/secure.gravatar.com\/avatar\/3ea2118a5f7dad2b7138b1187a6b7ee55f160b9968b66013c3a3ef39dd7e5798?s=96&d=mm&r=g","contentUrl":"https:\/\/secure.gravatar.com\/avatar\/3ea2118a5f7dad2b7138b1187a6b7ee55f160b9968b66013c3a3ef39dd7e5798?s=96&d=mm&r=g","caption":"Jeanette"},"sameAs":["https:\/\/www.eldiario.net\/portal"],"url":"https:\/\/www.eldiario.net\/portal\/author\/jeanette\/"}]}},"_links":{"self":[{"href":"https:\/\/www.eldiario.net\/portal\/wp-json\/wp\/v2\/posts\/93933","targetHints":{"allow":["GET"]}}],"collection":[{"href":"https:\/\/www.eldiario.net\/portal\/wp-json\/wp\/v2\/posts"}],"about":[{"href":"https:\/\/www.eldiario.net\/portal\/wp-json\/wp\/v2\/types\/post"}],"author":[{"embeddable":true,"href":"https:\/\/www.eldiario.net\/portal\/wp-json\/wp\/v2\/users\/1"}],"replies":[{"embeddable":true,"href":"https:\/\/www.eldiario.net\/portal\/wp-json\/wp\/v2\/comments?post=93933"}],"version-history":[{"count":0,"href":"https:\/\/www.eldiario.net\/portal\/wp-json\/wp\/v2\/posts\/93933\/revisions"}],"wp:attachment":[{"href":"https:\/\/www.eldiario.net\/portal\/wp-json\/wp\/v2\/media?parent=93933"}],"wp:term":[{"taxonomy":"category","embeddable":true,"href":"https:\/\/www.eldiario.net\/portal\/wp-json\/wp\/v2\/categories?post=93933"},{"taxonomy":"post_tag","embeddable":true,"href":"https:\/\/www.eldiario.net\/portal\/wp-json\/wp\/v2\/tags?post=93933"}],"curies":[{"name":"wp","href":"https:\/\/api.w.org\/{rel}","templated":true}]}}