{"id":93928,"date":"2022-06-30T05:54:47","date_gmt":"2022-06-30T09:54:47","guid":{"rendered":"https:\/\/www.eldiario.net\/portal\/?p=93928"},"modified":"2022-06-30T05:54:47","modified_gmt":"2022-06-30T09:54:47","slug":"crimen-de-porongo-y-pruebas-desestimadas","status":"publish","type":"post","link":"https:\/\/www.eldiario.net\/portal\/2022\/06\/30\/crimen-de-porongo-y-pruebas-desestimadas\/","title":{"rendered":"Crimen de Porongo y pruebas desestimadas"},"content":{"rendered":"<p><em><span class=\"dropcap \" style=\"background-color: #ffffff; color: #000000; border-color: #ffffff;\">A<\/span>unque se sigue negando los v\u00ednculos de narcotr\u00e1fico de Misael Nallar &#8211;empezando por el director m\u00e1ximo de la Polic\u00eda&#8211; las evidencias son obvias. Esta actitud lleva a la sospecha de complicidad o de espera de alguna recompensa. Un entendido sostiene que los narcos operan en el interior de clanes o de vinculaciones familiares, el parentesco de Nallar con Einar Lima Lobo, pez gordo del il\u00edcito, es suficiente indicio. La m\u00e1s que apreciable fortuna del individuo de ning\u00fan modo se explica. \u00c9l no pudo explicar el origen de sus 11 propiedades, la ostentosa hacienda, un hotel y 20 coches de velocidad tipo Tieryx, bienes que no puede haber amasado una persona que apenas supera la edad de 30 a\u00f1os.<\/em><\/p>\n<p><em>En relaci\u00f3n con su situaci\u00f3n personal, el detenido no pudo acreditar el desempe\u00f1o de alg\u00fan trabajo. Se dice que es ganadero, pero solo cuenta con 150 cabezas de ganado, n\u00famero escaso que no le permite afirmar tal condici\u00f3n. En Santa Cruz y Beni los dedicados a esta cr\u00eda cuentan con miles de cabezas. Es f\u00e1cil obtener certificaci\u00f3n de los gremios de ganaderos acerca de si Nallar es o no uno de sus miembros.\u00a0<\/em><\/p>\n<p><em>Otro aspecto que mueve a dudas es la entrega voluntaria del sospechoso en una gasolinera, afirmaci\u00f3n del capit\u00e1n Rub\u00e9n Aparicio de la FELCN, quien habr\u00eda recibido el dato de un informante an\u00f3nimo, cosa que hizo posible ubicar el lugar de la supuesta entrega. Se presume que la gasolinera tiene un encargado que deber\u00eda ser interrogado. Dicho capit\u00e1n o el Jefe de Inteligencia y Operaciones Especiales, mayor \u00c1lvaro Mu\u00f1oz Mej\u00eda, ser\u00edan los enlaces con los que se comunic\u00f3 Nallar o sus guardaespaldas despu\u00e9s de la consumaci\u00f3n del asesinato, para que tapen tan b\u00e1rbaro hecho. Estas versiones de Mu\u00f1oz Mej\u00eda y R. Aparicio parecieran una estrategia demostrable de la entrega voluntaria, junto a finalidades de inocencia y anulatoria del riesgo de fuga. Estos elementos redundar\u00edan en penas m\u00e1s benignas a favor de Nallar.\u00a0 De ser evidente el indicado contacto, supondr\u00eda acuerdos de larga data. Se lo debe investigar.<\/em><\/p>\n<p><em>Es inveros\u00edmil que por casualidad los tres detenidos hubiesen perdido sus celulares y ninguno recuerde el n\u00famero de sus admin\u00edculos. Esto es una burla hacia todos, incluidos los conformes investigadores. La prueba m\u00e1s obvia contra Nallar es la del guantelete que dio positivo, aunque su abogado le resta importancia. Esto sumado a la munici\u00f3n de alto calibre en el autom\u00f3vil de Nallar el d\u00eda del hecho y la tenencia de armas y fundas de las mismas en su hacienda, rebasan el vaso que tampoco ven los polic\u00edas, fiscales, jueces y tambi\u00e9n el titular de Gobierno. Este ministro dijo a la prensa que a\u00fan no se encontraron indicios del millonario con el narcotr\u00e1fico. No hay peor ciego que quien no quiere ver. Con este concurso de antecedentes, Nallar deb\u00eda ser imputado por asesinato y narcotr\u00e1fico.\u00a0<\/em><\/p>\n","protected":false},"excerpt":{"rendered":"<p>Aunque se sigue negando los v\u00ednculos de narcotr\u00e1fico de Misael Nallar &#8211;empezando por el director m\u00e1ximo de la Polic\u00eda&#8211; las evidencias son obvias. Esta actitud lleva a la sospecha de complicidad o de espera de alguna recompensa. Un entendido sostiene que los narcos operan en el interior de clanes o de vinculaciones familiares, el parentesco [&hellip;]<\/p>\n","protected":false},"author":1,"featured_media":0,"comment_status":"closed","ping_status":"closed","sticky":false,"template":"","format":"standard","meta":{"_acf_changed":false,"footnotes":""},"categories":[4],"tags":[],"class_list":["post-93928","post","type-post","status-publish","format-standard","category-editorial"],"acf":{"antetitulo":""},"yoast_head":"<!-- This site is optimized with the Yoast SEO plugin v28.3 - https:\/\/yoast.com\/product\/yoast-seo-wordpress\/ -->\n<title>Crimen de Porongo y pruebas desestimadas - El Diario - Bolivia<\/title>\n<meta name=\"robots\" content=\"index, follow, max-snippet:-1, max-image-preview:large, max-video-preview:-1\" \/>\n<link rel=\"canonical\" href=\"https:\/\/www.eldiario.net\/portal\/2022\/06\/30\/crimen-de-porongo-y-pruebas-desestimadas\/\" \/>\n<meta property=\"og:locale\" content=\"es_ES\" \/>\n<meta property=\"og:type\" content=\"article\" \/>\n<meta property=\"og:title\" content=\"Crimen de Porongo y pruebas desestimadas - El Diario - Bolivia\" \/>\n<meta property=\"og:description\" content=\"Aunque se sigue negando los v\u00ednculos de narcotr\u00e1fico de Misael Nallar &#8211;empezando por el director m\u00e1ximo de la Polic\u00eda&#8211; las evidencias son obvias. Esta actitud lleva a la sospecha de complicidad o de espera de alguna recompensa. Un entendido sostiene que los narcos operan en el interior de clanes o de vinculaciones familiares, el parentesco [&hellip;]\" \/>\n<meta property=\"og:url\" content=\"https:\/\/www.eldiario.net\/portal\/2022\/06\/30\/crimen-de-porongo-y-pruebas-desestimadas\/\" \/>\n<meta property=\"og:site_name\" content=\"El Diario - Bolivia\" \/>\n<meta property=\"article:publisher\" content=\"https:\/\/www.facebook.com\/eldiario.bolivia\/\" \/>\n<meta property=\"article:published_time\" content=\"2022-06-30T09:54:47+00:00\" \/>\n<meta name=\"author\" content=\"Jeanette\" \/>\n<meta name=\"twitter:card\" content=\"summary_large_image\" \/>\n<meta name=\"twitter:creator\" content=\"@eldiario_net\" \/>\n<meta name=\"twitter:site\" content=\"@eldiario_net\" \/>\n<meta name=\"twitter:label1\" content=\"Escrito por\" \/>\n\t<meta name=\"twitter:data1\" content=\"Jeanette\" \/>\n\t<meta name=\"twitter:label2\" content=\"Tiempo de lectura\" \/>\n\t<meta name=\"twitter:data2\" content=\"3 minutos\" \/>\n<script type=\"application\/ld+json\" class=\"yoast-schema-graph\">{\"@context\":\"https:\\\/\\\/schema.org\",\"@graph\":[{\"@type\":\"Article\",\"@id\":\"https:\\\/\\\/www.eldiario.net\\\/portal\\\/2022\\\/06\\\/30\\\/crimen-de-porongo-y-pruebas-desestimadas\\\/#article\",\"isPartOf\":{\"@id\":\"https:\\\/\\\/www.eldiario.net\\\/portal\\\/2022\\\/06\\\/30\\\/crimen-de-porongo-y-pruebas-desestimadas\\\/\"},\"author\":{\"name\":\"Jeanette\",\"@id\":\"https:\\\/\\\/www.eldiario.net\\\/portal\\\/#\\\/schema\\\/person\\\/f46445640444750d7d753ccd04ae01b7\"},\"headline\":\"Crimen de Porongo y pruebas desestimadas\",\"datePublished\":\"2022-06-30T09:54:47+00:00\",\"mainEntityOfPage\":{\"@id\":\"https:\\\/\\\/www.eldiario.net\\\/portal\\\/2022\\\/06\\\/30\\\/crimen-de-porongo-y-pruebas-desestimadas\\\/\"},\"wordCount\":521,\"publisher\":{\"@id\":\"https:\\\/\\\/www.eldiario.net\\\/portal\\\/#organization\"},\"articleSection\":[\"Editorial\"],\"inLanguage\":\"es\"},{\"@type\":\"WebPage\",\"@id\":\"https:\\\/\\\/www.eldiario.net\\\/portal\\\/2022\\\/06\\\/30\\\/crimen-de-porongo-y-pruebas-desestimadas\\\/\",\"url\":\"https:\\\/\\\/www.eldiario.net\\\/portal\\\/2022\\\/06\\\/30\\\/crimen-de-porongo-y-pruebas-desestimadas\\\/\",\"name\":\"Crimen de Porongo y pruebas desestimadas - El Diario - Bolivia\",\"isPartOf\":{\"@id\":\"https:\\\/\\\/www.eldiario.net\\\/portal\\\/#website\"},\"datePublished\":\"2022-06-30T09:54:47+00:00\",\"breadcrumb\":{\"@id\":\"https:\\\/\\\/www.eldiario.net\\\/portal\\\/2022\\\/06\\\/30\\\/crimen-de-porongo-y-pruebas-desestimadas\\\/#breadcrumb\"},\"inLanguage\":\"es\",\"potentialAction\":[{\"@type\":\"ReadAction\",\"target\":[\"https:\\\/\\\/www.eldiario.net\\\/portal\\\/2022\\\/06\\\/30\\\/crimen-de-porongo-y-pruebas-desestimadas\\\/\"]}]},{\"@type\":\"BreadcrumbList\",\"@id\":\"https:\\\/\\\/www.eldiario.net\\\/portal\\\/2022\\\/06\\\/30\\\/crimen-de-porongo-y-pruebas-desestimadas\\\/#breadcrumb\",\"itemListElement\":[{\"@type\":\"ListItem\",\"position\":1,\"name\":\"Portada\",\"item\":\"https:\\\/\\\/www.eldiario.net\\\/portal\\\/\"},{\"@type\":\"ListItem\",\"position\":2,\"name\":\"Crimen de Porongo y pruebas desestimadas\"}]},{\"@type\":\"WebSite\",\"@id\":\"https:\\\/\\\/www.eldiario.net\\\/portal\\\/#website\",\"url\":\"https:\\\/\\\/www.eldiario.net\\\/portal\\\/\",\"name\":\"El Diario - Decano de la prensa nacional\",\"description\":\"El Diario - Decano de la prensa nacional\",\"publisher\":{\"@id\":\"https:\\\/\\\/www.eldiario.net\\\/portal\\\/#organization\"},\"potentialAction\":[{\"@type\":\"SearchAction\",\"target\":{\"@type\":\"EntryPoint\",\"urlTemplate\":\"https:\\\/\\\/www.eldiario.net\\\/portal\\\/?s={search_term_string}\"},\"query-input\":{\"@type\":\"PropertyValueSpecification\",\"valueRequired\":true,\"valueName\":\"search_term_string\"}}],\"inLanguage\":\"es\"},{\"@type\":\"Organization\",\"@id\":\"https:\\\/\\\/www.eldiario.net\\\/portal\\\/#organization\",\"name\":\"El Diario - Decano de la prensa nacional\",\"url\":\"https:\\\/\\\/www.eldiario.net\\\/portal\\\/\",\"logo\":{\"@type\":\"ImageObject\",\"inLanguage\":\"es\",\"@id\":\"https:\\\/\\\/www.eldiario.net\\\/portal\\\/#\\\/schema\\\/logo\\\/image\\\/\",\"url\":\"https:\\\/\\\/www.eldiario.net\\\/portal\\\/wp-content\\\/uploads\\\/2023\\\/07\\\/logo_ED.jpg\",\"contentUrl\":\"https:\\\/\\\/www.eldiario.net\\\/portal\\\/wp-content\\\/uploads\\\/2023\\\/07\\\/logo_ED.jpg\",\"width\":272,\"height\":52,\"caption\":\"El Diario - Decano de la prensa nacional\"},\"image\":{\"@id\":\"https:\\\/\\\/www.eldiario.net\\\/portal\\\/#\\\/schema\\\/logo\\\/image\\\/\"},\"sameAs\":[\"https:\\\/\\\/www.facebook.com\\\/eldiario.bolivia\\\/\",\"https:\\\/\\\/x.com\\\/eldiario_net\"]},{\"@type\":\"Person\",\"@id\":\"https:\\\/\\\/www.eldiario.net\\\/portal\\\/#\\\/schema\\\/person\\\/f46445640444750d7d753ccd04ae01b7\",\"name\":\"Jeanette\",\"image\":{\"@type\":\"ImageObject\",\"inLanguage\":\"es\",\"@id\":\"https:\\\/\\\/secure.gravatar.com\\\/avatar\\\/3ea2118a5f7dad2b7138b1187a6b7ee55f160b9968b66013c3a3ef39dd7e5798?s=96&d=mm&r=g\",\"url\":\"https:\\\/\\\/secure.gravatar.com\\\/avatar\\\/3ea2118a5f7dad2b7138b1187a6b7ee55f160b9968b66013c3a3ef39dd7e5798?s=96&d=mm&r=g\",\"contentUrl\":\"https:\\\/\\\/secure.gravatar.com\\\/avatar\\\/3ea2118a5f7dad2b7138b1187a6b7ee55f160b9968b66013c3a3ef39dd7e5798?s=96&d=mm&r=g\",\"caption\":\"Jeanette\"},\"sameAs\":[\"https:\\\/\\\/www.eldiario.net\\\/portal\"],\"url\":\"https:\\\/\\\/www.eldiario.net\\\/portal\\\/author\\\/jeanette\\\/\"}]}<\/script>\n<!-- \/ Yoast SEO plugin. -->","yoast_head_json":{"title":"Crimen de Porongo y pruebas desestimadas - El Diario - Bolivia","robots":{"index":"index","follow":"follow","max-snippet":"max-snippet:-1","max-image-preview":"max-image-preview:large","max-video-preview":"max-video-preview:-1"},"canonical":"https:\/\/www.eldiario.net\/portal\/2022\/06\/30\/crimen-de-porongo-y-pruebas-desestimadas\/","og_locale":"es_ES","og_type":"article","og_title":"Crimen de Porongo y pruebas desestimadas - El Diario - Bolivia","og_description":"Aunque se sigue negando los v\u00ednculos de narcotr\u00e1fico de Misael Nallar &#8211;empezando por el director m\u00e1ximo de la Polic\u00eda&#8211; las evidencias son obvias. Esta actitud lleva a la sospecha de complicidad o de espera de alguna recompensa. Un entendido sostiene que los narcos operan en el interior de clanes o de vinculaciones familiares, el parentesco [&hellip;]","og_url":"https:\/\/www.eldiario.net\/portal\/2022\/06\/30\/crimen-de-porongo-y-pruebas-desestimadas\/","og_site_name":"El Diario - Bolivia","article_publisher":"https:\/\/www.facebook.com\/eldiario.bolivia\/","article_published_time":"2022-06-30T09:54:47+00:00","author":"Jeanette","twitter_card":"summary_large_image","twitter_creator":"@eldiario_net","twitter_site":"@eldiario_net","twitter_misc":{"Escrito por":"Jeanette","Tiempo de lectura":"3 minutos"},"schema":{"@context":"https:\/\/schema.org","@graph":[{"@type":"Article","@id":"https:\/\/www.eldiario.net\/portal\/2022\/06\/30\/crimen-de-porongo-y-pruebas-desestimadas\/#article","isPartOf":{"@id":"https:\/\/www.eldiario.net\/portal\/2022\/06\/30\/crimen-de-porongo-y-pruebas-desestimadas\/"},"author":{"name":"Jeanette","@id":"https:\/\/www.eldiario.net\/portal\/#\/schema\/person\/f46445640444750d7d753ccd04ae01b7"},"headline":"Crimen de Porongo y pruebas desestimadas","datePublished":"2022-06-30T09:54:47+00:00","mainEntityOfPage":{"@id":"https:\/\/www.eldiario.net\/portal\/2022\/06\/30\/crimen-de-porongo-y-pruebas-desestimadas\/"},"wordCount":521,"publisher":{"@id":"https:\/\/www.eldiario.net\/portal\/#organization"},"articleSection":["Editorial"],"inLanguage":"es"},{"@type":"WebPage","@id":"https:\/\/www.eldiario.net\/portal\/2022\/06\/30\/crimen-de-porongo-y-pruebas-desestimadas\/","url":"https:\/\/www.eldiario.net\/portal\/2022\/06\/30\/crimen-de-porongo-y-pruebas-desestimadas\/","name":"Crimen de Porongo y pruebas desestimadas - El Diario - Bolivia","isPartOf":{"@id":"https:\/\/www.eldiario.net\/portal\/#website"},"datePublished":"2022-06-30T09:54:47+00:00","breadcrumb":{"@id":"https:\/\/www.eldiario.net\/portal\/2022\/06\/30\/crimen-de-porongo-y-pruebas-desestimadas\/#breadcrumb"},"inLanguage":"es","potentialAction":[{"@type":"ReadAction","target":["https:\/\/www.eldiario.net\/portal\/2022\/06\/30\/crimen-de-porongo-y-pruebas-desestimadas\/"]}]},{"@type":"BreadcrumbList","@id":"https:\/\/www.eldiario.net\/portal\/2022\/06\/30\/crimen-de-porongo-y-pruebas-desestimadas\/#breadcrumb","itemListElement":[{"@type":"ListItem","position":1,"name":"Portada","item":"https:\/\/www.eldiario.net\/portal\/"},{"@type":"ListItem","position":2,"name":"Crimen de Porongo y pruebas desestimadas"}]},{"@type":"WebSite","@id":"https:\/\/www.eldiario.net\/portal\/#website","url":"https:\/\/www.eldiario.net\/portal\/","name":"El Diario - Decano de la prensa nacional","description":"El Diario - Decano de la prensa nacional","publisher":{"@id":"https:\/\/www.eldiario.net\/portal\/#organization"},"potentialAction":[{"@type":"SearchAction","target":{"@type":"EntryPoint","urlTemplate":"https:\/\/www.eldiario.net\/portal\/?s={search_term_string}"},"query-input":{"@type":"PropertyValueSpecification","valueRequired":true,"valueName":"search_term_string"}}],"inLanguage":"es"},{"@type":"Organization","@id":"https:\/\/www.eldiario.net\/portal\/#organization","name":"El Diario - Decano de la prensa nacional","url":"https:\/\/www.eldiario.net\/portal\/","logo":{"@type":"ImageObject","inLanguage":"es","@id":"https:\/\/www.eldiario.net\/portal\/#\/schema\/logo\/image\/","url":"https:\/\/www.eldiario.net\/portal\/wp-content\/uploads\/2023\/07\/logo_ED.jpg","contentUrl":"https:\/\/www.eldiario.net\/portal\/wp-content\/uploads\/2023\/07\/logo_ED.jpg","width":272,"height":52,"caption":"El Diario - Decano de la prensa nacional"},"image":{"@id":"https:\/\/www.eldiario.net\/portal\/#\/schema\/logo\/image\/"},"sameAs":["https:\/\/www.facebook.com\/eldiario.bolivia\/","https:\/\/x.com\/eldiario_net"]},{"@type":"Person","@id":"https:\/\/www.eldiario.net\/portal\/#\/schema\/person\/f46445640444750d7d753ccd04ae01b7","name":"Jeanette","image":{"@type":"ImageObject","inLanguage":"es","@id":"https:\/\/secure.gravatar.com\/avatar\/3ea2118a5f7dad2b7138b1187a6b7ee55f160b9968b66013c3a3ef39dd7e5798?s=96&d=mm&r=g","url":"https:\/\/secure.gravatar.com\/avatar\/3ea2118a5f7dad2b7138b1187a6b7ee55f160b9968b66013c3a3ef39dd7e5798?s=96&d=mm&r=g","contentUrl":"https:\/\/secure.gravatar.com\/avatar\/3ea2118a5f7dad2b7138b1187a6b7ee55f160b9968b66013c3a3ef39dd7e5798?s=96&d=mm&r=g","caption":"Jeanette"},"sameAs":["https:\/\/www.eldiario.net\/portal"],"url":"https:\/\/www.eldiario.net\/portal\/author\/jeanette\/"}]}},"_links":{"self":[{"href":"https:\/\/www.eldiario.net\/portal\/wp-json\/wp\/v2\/posts\/93928","targetHints":{"allow":["GET"]}}],"collection":[{"href":"https:\/\/www.eldiario.net\/portal\/wp-json\/wp\/v2\/posts"}],"about":[{"href":"https:\/\/www.eldiario.net\/portal\/wp-json\/wp\/v2\/types\/post"}],"author":[{"embeddable":true,"href":"https:\/\/www.eldiario.net\/portal\/wp-json\/wp\/v2\/users\/1"}],"replies":[{"embeddable":true,"href":"https:\/\/www.eldiario.net\/portal\/wp-json\/wp\/v2\/comments?post=93928"}],"version-history":[{"count":0,"href":"https:\/\/www.eldiario.net\/portal\/wp-json\/wp\/v2\/posts\/93928\/revisions"}],"wp:attachment":[{"href":"https:\/\/www.eldiario.net\/portal\/wp-json\/wp\/v2\/media?parent=93928"}],"wp:term":[{"taxonomy":"category","embeddable":true,"href":"https:\/\/www.eldiario.net\/portal\/wp-json\/wp\/v2\/categories?post=93928"},{"taxonomy":"post_tag","embeddable":true,"href":"https:\/\/www.eldiario.net\/portal\/wp-json\/wp\/v2\/tags?post=93928"}],"curies":[{"name":"wp","href":"https:\/\/api.w.org\/{rel}","templated":true}]}}