{"id":93925,"date":"2022-06-30T05:54:08","date_gmt":"2022-06-30T09:54:08","guid":{"rendered":"https:\/\/www.eldiario.net\/portal\/?p=93925"},"modified":"2022-06-30T05:54:08","modified_gmt":"2022-06-30T09:54:08","slug":"donde-se-esconde-el-capo-di-tutti-capi","status":"publish","type":"post","link":"https:\/\/www.eldiario.net\/portal\/2022\/06\/30\/donde-se-esconde-el-capo-di-tutti-capi\/","title":{"rendered":"\u00bfD\u00f3nde se esconde  el \u201ccapo di tutti capi\u201d?"},"content":{"rendered":"<p>Cuando los narcotraficantes asesinaron en la meseta de Caparus (Huanchaca), en septiembre de 1986, al profesor Noel Kempff Mercado, a Juan Cochamanidis y Franklin Parada, se logr\u00f3 encarcelar, luego de alg\u00fan tiempo, a los dos sicarios brasile\u00f1os que apretaron los gatillos, pero jam\u00e1s se supo qui\u00e9n era el \u201ccapo di tutti capi\u201d que dirig\u00eda a los mafiosos y que era propietario de la f\u00e1brica de coca\u00edna. Como en Bolivia somos amantes de las leyendas malignas, se lleg\u00f3 a decir que la propietaria de la factor\u00eda era la CIA, con participaci\u00f3n del coronel norteamericano Oliver North, dizque para proveer de fondos a la \u201cContra\u201d nicarag\u00fcense.<\/p>\n<p>El gobierno de entonces obr\u00f3 con tal lentitud e ineficiencia, que quienes entraron a rescatar los cad\u00e1veres, antes que ingresaran los militares y polic\u00edas, fueron civiles. Dos avionetas al mando de los audaces Mario A\u00f1ez y Mario Mercado, aterrizaron riesgosamente en la pista donde, en la mitad de la franja, estaba quemada la nave que hab\u00edan ocupado las v\u00edctimas, sin tener ninguna seguridad de no ser recibidos a balazos y de correr la misma suerte de los expedicionarios encabezados por don Noel Kempff. En las dos avionetas llegaron su sobrino Julio Kempff Su\u00e1rez, su yerno Carlos Vaca D\u00edez y el entonces presidente de la Uni\u00f3n Juvenil Cruce\u00f1ista, Marcelo del R\u00edo. Julio Kempff identific\u00f3 los restos calcinados del profesor.<\/p>\n<p>El asesinato de Noel Kempff, Cochamanidis y Parada (logr\u00f3 salvarse milagrosamente intern\u00e1ndose en la selva el espa\u00f1ol Vicente Castell\u00f3) no fue algo premeditado, sino consecuencia de un destino fatal. Los pistoleros, nerviosos, dispararon a matar, porque, seguramente, pensaron que se trataba de agentes antinarc\u00f3ticos y no de una misi\u00f3n cient\u00edfica que iba a investigar la fauna y la flora en el gran farall\u00f3n y a grabar el canto de las aves, afici\u00f3n del profesor Kempff.<\/p>\n<p>Los asesinatos conmovieron a la ciudadan\u00eda profundamente, de tal manera que los narcos de entonces \u2013pocos en relaci\u00f3n con lo actual\u2013 debieron huir o sumergirse en sus guaridas ante el repudio de la gente. Sin embargo, los mafiosos asesinaron al diputado Edmundo Salazar, que presid\u00eda la Comisi\u00f3n Investigadora de la C\u00e1mara, que hab\u00eda hecho progresos en su pesquisa en busca del capo.<\/p>\n<p>Pero se acabaron los convites fastuosos de quienes jam\u00e1s hab\u00edan labrado una fortuna honesta y los frecuentes viajes y compras suntuosas de pobres diablos, que luc\u00edan amplias sonrisas, ropa de marca, cadenas y relojes de oro. Se pens\u00f3 que el sacrificio de los victimados \u2013aunque no se hab\u00eda logrado capturar al \u201ccapo di tutti capi\u201d\u2013 ser\u00eda un precedente para que las personas repudiaran a los mafiosos y para que la sociedad mejorara. Y, en efecto, as\u00ed fue, hasta hace unos cuantos a\u00f1os, cuando han regresado las hienas.<\/p>\n<p>Los ajusticiamientos de Porongo han vuelto a conmover a los ciudadanos, pese a que ya se hab\u00eda convertido en algo habitual el ajuste cuentas entre narcos en las calles y reuniones privadas. Pero ajusticiar dispar\u00e1ndoles por la espalda, puestos de rodillas, a dos polic\u00edas y a un voluntario del Gacip, es algo imperdonable. Eso es asesinar conscientemente, con alevos\u00eda, con sa\u00f1a. Que un ciudadano boliviano y dos colombianos clandestinos sean los presuntos autores del crimen apesta a narcotr\u00e1fico. Y m\u00e1s todav\u00eda que el nacional sea propietario de una gran fortuna, cuya muestra est\u00e1 en una de sus haciendas en los campos de Guarayos, en Santa Cruz.<\/p>\n<p>\u00bfQui\u00e9n es el Don Corleone en estos hechos criminales? \u00bfQui\u00e9n el Padrino? \u00bfD\u00f3nde se esconde el jefe de la mafia narcotraficante boliviana? \u00bfSon del Comando Vermelho? \u00bfO del Primer Comando de la Capital? \u00bfO de los c\u00e1rteles mexicanos o colombianos? \u00bfO el capo est\u00e1 fabricando droga en los montes cruce\u00f1os? \u00bfO en las pampas benianas? O lo m\u00e1s probable: \u00bfEst\u00e1 en el Chapare? \u00bfAh\u00ed donde m\u00e1s del 90% de la coca no pasa por el mercado legal y por lo tanto va a la ilegalidad, que es la droga? \u00bfAh\u00ed donde se siente pavor con solo mencionar a la DEA? \u00bfAh\u00ed donde las seis federaciones de cocaleros le imponen pol\u00edticas al Gobierno?<\/p>\n<p>Los pr\u00f3ximos d\u00edas ser\u00e1n decisivos para saber qu\u00e9 es lo que sucedi\u00f3 con los ajusticiamientos de Porongo. La gente ya ha salido en tumulto a las calles en busca de que se esclarezcan las muertes y de que se les siente la mano a los narcos. A veces las desgracias hacen que las sociedades se conmuevan y que impongan decencia en el comportamiento de sus miembros o los rechacen al lugar m\u00e1s oscuro y fr\u00edo, que es donde les corresponde estar.<\/p>\n","protected":false},"excerpt":{"rendered":"<p>Cuando los narcotraficantes asesinaron en la meseta de Caparus (Huanchaca), en septiembre de 1986, al profesor Noel Kempff Mercado, a Juan Cochamanidis y Franklin Parada, se logr\u00f3 encarcelar, luego de alg\u00fan tiempo, a los dos sicarios brasile\u00f1os que apretaron los gatillos, pero jam\u00e1s se supo qui\u00e9n era el \u201ccapo di tutti capi\u201d que dirig\u00eda a [&hellip;]<\/p>\n","protected":false},"author":1,"featured_media":3793,"comment_status":"closed","ping_status":"closed","sticky":false,"template":"","format":"standard","meta":{"_acf_changed":false,"footnotes":""},"categories":[9],"tags":[],"class_list":["post-93925","post","type-post","status-publish","format-standard","has-post-thumbnail","category-opinion"],"acf":{"antetitulo":""},"yoast_head":"<!-- This site is optimized with the Yoast SEO plugin v28.3 - https:\/\/yoast.com\/product\/yoast-seo-wordpress\/ -->\n<title>\u00bfD\u00f3nde se esconde el \u201ccapo di tutti capi\u201d? - El Diario - Bolivia<\/title>\n<meta name=\"robots\" content=\"index, follow, max-snippet:-1, max-image-preview:large, max-video-preview:-1\" \/>\n<link rel=\"canonical\" href=\"https:\/\/www.eldiario.net\/portal\/2022\/06\/30\/donde-se-esconde-el-capo-di-tutti-capi\/\" \/>\n<meta property=\"og:locale\" content=\"es_ES\" \/>\n<meta property=\"og:type\" content=\"article\" \/>\n<meta property=\"og:title\" content=\"\u00bfD\u00f3nde se esconde el \u201ccapo di tutti capi\u201d? - El Diario - Bolivia\" \/>\n<meta property=\"og:description\" content=\"Cuando los narcotraficantes asesinaron en la meseta de Caparus (Huanchaca), en septiembre de 1986, al profesor Noel Kempff Mercado, a Juan Cochamanidis y Franklin Parada, se logr\u00f3 encarcelar, luego de alg\u00fan tiempo, a los dos sicarios brasile\u00f1os que apretaron los gatillos, pero jam\u00e1s se supo qui\u00e9n era el \u201ccapo di tutti capi\u201d que dirig\u00eda a [&hellip;]\" \/>\n<meta property=\"og:url\" content=\"https:\/\/www.eldiario.net\/portal\/2022\/06\/30\/donde-se-esconde-el-capo-di-tutti-capi\/\" \/>\n<meta property=\"og:site_name\" content=\"El Diario - Bolivia\" \/>\n<meta property=\"article:publisher\" content=\"https:\/\/www.facebook.com\/eldiario.bolivia\/\" \/>\n<meta property=\"article:published_time\" content=\"2022-06-30T09:54:08+00:00\" \/>\n<meta property=\"og:image\" content=\"https:\/\/www.eldiario.net\/portal\/wp-content\/uploads\/2021\/05\/Manfredo-Kempff-Suarez-1.jpg\" \/>\n\t<meta property=\"og:image:width\" content=\"1200\" \/>\n\t<meta property=\"og:image:height\" content=\"628\" \/>\n\t<meta property=\"og:image:type\" content=\"image\/jpeg\" \/>\n<meta name=\"author\" content=\"Jeanette\" \/>\n<meta name=\"twitter:card\" content=\"summary_large_image\" \/>\n<meta name=\"twitter:creator\" content=\"@eldiario_net\" \/>\n<meta name=\"twitter:site\" content=\"@eldiario_net\" \/>\n<meta name=\"twitter:label1\" content=\"Escrito por\" \/>\n\t<meta name=\"twitter:data1\" content=\"Jeanette\" \/>\n\t<meta name=\"twitter:label2\" content=\"Tiempo de lectura\" \/>\n\t<meta name=\"twitter:data2\" content=\"4 minutos\" \/>\n<script type=\"application\/ld+json\" class=\"yoast-schema-graph\">{\"@context\":\"https:\\\/\\\/schema.org\",\"@graph\":[{\"@type\":\"Article\",\"@id\":\"https:\\\/\\\/www.eldiario.net\\\/portal\\\/2022\\\/06\\\/30\\\/donde-se-esconde-el-capo-di-tutti-capi\\\/#article\",\"isPartOf\":{\"@id\":\"https:\\\/\\\/www.eldiario.net\\\/portal\\\/2022\\\/06\\\/30\\\/donde-se-esconde-el-capo-di-tutti-capi\\\/\"},\"author\":{\"name\":\"Jeanette\",\"@id\":\"https:\\\/\\\/www.eldiario.net\\\/portal\\\/#\\\/schema\\\/person\\\/f46445640444750d7d753ccd04ae01b7\"},\"headline\":\"\u00bfD\u00f3nde se esconde el \u201ccapo di tutti capi\u201d?\",\"datePublished\":\"2022-06-30T09:54:08+00:00\",\"mainEntityOfPage\":{\"@id\":\"https:\\\/\\\/www.eldiario.net\\\/portal\\\/2022\\\/06\\\/30\\\/donde-se-esconde-el-capo-di-tutti-capi\\\/\"},\"wordCount\":812,\"publisher\":{\"@id\":\"https:\\\/\\\/www.eldiario.net\\\/portal\\\/#organization\"},\"image\":{\"@id\":\"https:\\\/\\\/www.eldiario.net\\\/portal\\\/2022\\\/06\\\/30\\\/donde-se-esconde-el-capo-di-tutti-capi\\\/#primaryimage\"},\"thumbnailUrl\":\"https:\\\/\\\/www.eldiario.net\\\/portal\\\/wp-content\\\/uploads\\\/2021\\\/05\\\/Manfredo-Kempff-Suarez-1.jpg\",\"articleSection\":[\"Opini\u00f3n\"],\"inLanguage\":\"es\"},{\"@type\":\"WebPage\",\"@id\":\"https:\\\/\\\/www.eldiario.net\\\/portal\\\/2022\\\/06\\\/30\\\/donde-se-esconde-el-capo-di-tutti-capi\\\/\",\"url\":\"https:\\\/\\\/www.eldiario.net\\\/portal\\\/2022\\\/06\\\/30\\\/donde-se-esconde-el-capo-di-tutti-capi\\\/\",\"name\":\"\u00bfD\u00f3nde se esconde el \u201ccapo di tutti capi\u201d? - El Diario - Bolivia\",\"isPartOf\":{\"@id\":\"https:\\\/\\\/www.eldiario.net\\\/portal\\\/#website\"},\"primaryImageOfPage\":{\"@id\":\"https:\\\/\\\/www.eldiario.net\\\/portal\\\/2022\\\/06\\\/30\\\/donde-se-esconde-el-capo-di-tutti-capi\\\/#primaryimage\"},\"image\":{\"@id\":\"https:\\\/\\\/www.eldiario.net\\\/portal\\\/2022\\\/06\\\/30\\\/donde-se-esconde-el-capo-di-tutti-capi\\\/#primaryimage\"},\"thumbnailUrl\":\"https:\\\/\\\/www.eldiario.net\\\/portal\\\/wp-content\\\/uploads\\\/2021\\\/05\\\/Manfredo-Kempff-Suarez-1.jpg\",\"datePublished\":\"2022-06-30T09:54:08+00:00\",\"breadcrumb\":{\"@id\":\"https:\\\/\\\/www.eldiario.net\\\/portal\\\/2022\\\/06\\\/30\\\/donde-se-esconde-el-capo-di-tutti-capi\\\/#breadcrumb\"},\"inLanguage\":\"es\",\"potentialAction\":[{\"@type\":\"ReadAction\",\"target\":[\"https:\\\/\\\/www.eldiario.net\\\/portal\\\/2022\\\/06\\\/30\\\/donde-se-esconde-el-capo-di-tutti-capi\\\/\"]}]},{\"@type\":\"ImageObject\",\"inLanguage\":\"es\",\"@id\":\"https:\\\/\\\/www.eldiario.net\\\/portal\\\/2022\\\/06\\\/30\\\/donde-se-esconde-el-capo-di-tutti-capi\\\/#primaryimage\",\"url\":\"https:\\\/\\\/www.eldiario.net\\\/portal\\\/wp-content\\\/uploads\\\/2021\\\/05\\\/Manfredo-Kempff-Suarez-1.jpg\",\"contentUrl\":\"https:\\\/\\\/www.eldiario.net\\\/portal\\\/wp-content\\\/uploads\\\/2021\\\/05\\\/Manfredo-Kempff-Suarez-1.jpg\",\"width\":1200,\"height\":628},{\"@type\":\"BreadcrumbList\",\"@id\":\"https:\\\/\\\/www.eldiario.net\\\/portal\\\/2022\\\/06\\\/30\\\/donde-se-esconde-el-capo-di-tutti-capi\\\/#breadcrumb\",\"itemListElement\":[{\"@type\":\"ListItem\",\"position\":1,\"name\":\"Portada\",\"item\":\"https:\\\/\\\/www.eldiario.net\\\/portal\\\/\"},{\"@type\":\"ListItem\",\"position\":2,\"name\":\"\u00bfD\u00f3nde se esconde el \u201ccapo di tutti capi\u201d?\"}]},{\"@type\":\"WebSite\",\"@id\":\"https:\\\/\\\/www.eldiario.net\\\/portal\\\/#website\",\"url\":\"https:\\\/\\\/www.eldiario.net\\\/portal\\\/\",\"name\":\"El Diario - Decano de la prensa nacional\",\"description\":\"El Diario - Decano de la prensa nacional\",\"publisher\":{\"@id\":\"https:\\\/\\\/www.eldiario.net\\\/portal\\\/#organization\"},\"potentialAction\":[{\"@type\":\"SearchAction\",\"target\":{\"@type\":\"EntryPoint\",\"urlTemplate\":\"https:\\\/\\\/www.eldiario.net\\\/portal\\\/?s={search_term_string}\"},\"query-input\":{\"@type\":\"PropertyValueSpecification\",\"valueRequired\":true,\"valueName\":\"search_term_string\"}}],\"inLanguage\":\"es\"},{\"@type\":\"Organization\",\"@id\":\"https:\\\/\\\/www.eldiario.net\\\/portal\\\/#organization\",\"name\":\"El Diario - Decano de la prensa nacional\",\"url\":\"https:\\\/\\\/www.eldiario.net\\\/portal\\\/\",\"logo\":{\"@type\":\"ImageObject\",\"inLanguage\":\"es\",\"@id\":\"https:\\\/\\\/www.eldiario.net\\\/portal\\\/#\\\/schema\\\/logo\\\/image\\\/\",\"url\":\"https:\\\/\\\/www.eldiario.net\\\/portal\\\/wp-content\\\/uploads\\\/2023\\\/07\\\/logo_ED.jpg\",\"contentUrl\":\"https:\\\/\\\/www.eldiario.net\\\/portal\\\/wp-content\\\/uploads\\\/2023\\\/07\\\/logo_ED.jpg\",\"width\":272,\"height\":52,\"caption\":\"El Diario - Decano de la prensa nacional\"},\"image\":{\"@id\":\"https:\\\/\\\/www.eldiario.net\\\/portal\\\/#\\\/schema\\\/logo\\\/image\\\/\"},\"sameAs\":[\"https:\\\/\\\/www.facebook.com\\\/eldiario.bolivia\\\/\",\"https:\\\/\\\/x.com\\\/eldiario_net\"]},{\"@type\":\"Person\",\"@id\":\"https:\\\/\\\/www.eldiario.net\\\/portal\\\/#\\\/schema\\\/person\\\/f46445640444750d7d753ccd04ae01b7\",\"name\":\"Jeanette\",\"image\":{\"@type\":\"ImageObject\",\"inLanguage\":\"es\",\"@id\":\"https:\\\/\\\/secure.gravatar.com\\\/avatar\\\/3ea2118a5f7dad2b7138b1187a6b7ee55f160b9968b66013c3a3ef39dd7e5798?s=96&d=mm&r=g\",\"url\":\"https:\\\/\\\/secure.gravatar.com\\\/avatar\\\/3ea2118a5f7dad2b7138b1187a6b7ee55f160b9968b66013c3a3ef39dd7e5798?s=96&d=mm&r=g\",\"contentUrl\":\"https:\\\/\\\/secure.gravatar.com\\\/avatar\\\/3ea2118a5f7dad2b7138b1187a6b7ee55f160b9968b66013c3a3ef39dd7e5798?s=96&d=mm&r=g\",\"caption\":\"Jeanette\"},\"sameAs\":[\"https:\\\/\\\/www.eldiario.net\\\/portal\"],\"url\":\"https:\\\/\\\/www.eldiario.net\\\/portal\\\/author\\\/jeanette\\\/\"}]}<\/script>\n<!-- \/ Yoast SEO plugin. -->","yoast_head_json":{"title":"\u00bfD\u00f3nde se esconde el \u201ccapo di tutti capi\u201d? - El Diario - Bolivia","robots":{"index":"index","follow":"follow","max-snippet":"max-snippet:-1","max-image-preview":"max-image-preview:large","max-video-preview":"max-video-preview:-1"},"canonical":"https:\/\/www.eldiario.net\/portal\/2022\/06\/30\/donde-se-esconde-el-capo-di-tutti-capi\/","og_locale":"es_ES","og_type":"article","og_title":"\u00bfD\u00f3nde se esconde el \u201ccapo di tutti capi\u201d? - El Diario - Bolivia","og_description":"Cuando los narcotraficantes asesinaron en la meseta de Caparus (Huanchaca), en septiembre de 1986, al profesor Noel Kempff Mercado, a Juan Cochamanidis y Franklin Parada, se logr\u00f3 encarcelar, luego de alg\u00fan tiempo, a los dos sicarios brasile\u00f1os que apretaron los gatillos, pero jam\u00e1s se supo qui\u00e9n era el \u201ccapo di tutti capi\u201d que dirig\u00eda a [&hellip;]","og_url":"https:\/\/www.eldiario.net\/portal\/2022\/06\/30\/donde-se-esconde-el-capo-di-tutti-capi\/","og_site_name":"El Diario - Bolivia","article_publisher":"https:\/\/www.facebook.com\/eldiario.bolivia\/","article_published_time":"2022-06-30T09:54:08+00:00","og_image":[{"width":1200,"height":628,"url":"https:\/\/www.eldiario.net\/portal\/wp-content\/uploads\/2021\/05\/Manfredo-Kempff-Suarez-1.jpg","type":"image\/jpeg"}],"author":"Jeanette","twitter_card":"summary_large_image","twitter_creator":"@eldiario_net","twitter_site":"@eldiario_net","twitter_misc":{"Escrito por":"Jeanette","Tiempo de lectura":"4 minutos"},"schema":{"@context":"https:\/\/schema.org","@graph":[{"@type":"Article","@id":"https:\/\/www.eldiario.net\/portal\/2022\/06\/30\/donde-se-esconde-el-capo-di-tutti-capi\/#article","isPartOf":{"@id":"https:\/\/www.eldiario.net\/portal\/2022\/06\/30\/donde-se-esconde-el-capo-di-tutti-capi\/"},"author":{"name":"Jeanette","@id":"https:\/\/www.eldiario.net\/portal\/#\/schema\/person\/f46445640444750d7d753ccd04ae01b7"},"headline":"\u00bfD\u00f3nde se esconde el \u201ccapo di tutti capi\u201d?","datePublished":"2022-06-30T09:54:08+00:00","mainEntityOfPage":{"@id":"https:\/\/www.eldiario.net\/portal\/2022\/06\/30\/donde-se-esconde-el-capo-di-tutti-capi\/"},"wordCount":812,"publisher":{"@id":"https:\/\/www.eldiario.net\/portal\/#organization"},"image":{"@id":"https:\/\/www.eldiario.net\/portal\/2022\/06\/30\/donde-se-esconde-el-capo-di-tutti-capi\/#primaryimage"},"thumbnailUrl":"https:\/\/www.eldiario.net\/portal\/wp-content\/uploads\/2021\/05\/Manfredo-Kempff-Suarez-1.jpg","articleSection":["Opini\u00f3n"],"inLanguage":"es"},{"@type":"WebPage","@id":"https:\/\/www.eldiario.net\/portal\/2022\/06\/30\/donde-se-esconde-el-capo-di-tutti-capi\/","url":"https:\/\/www.eldiario.net\/portal\/2022\/06\/30\/donde-se-esconde-el-capo-di-tutti-capi\/","name":"\u00bfD\u00f3nde se esconde el \u201ccapo di tutti capi\u201d? - El Diario - Bolivia","isPartOf":{"@id":"https:\/\/www.eldiario.net\/portal\/#website"},"primaryImageOfPage":{"@id":"https:\/\/www.eldiario.net\/portal\/2022\/06\/30\/donde-se-esconde-el-capo-di-tutti-capi\/#primaryimage"},"image":{"@id":"https:\/\/www.eldiario.net\/portal\/2022\/06\/30\/donde-se-esconde-el-capo-di-tutti-capi\/#primaryimage"},"thumbnailUrl":"https:\/\/www.eldiario.net\/portal\/wp-content\/uploads\/2021\/05\/Manfredo-Kempff-Suarez-1.jpg","datePublished":"2022-06-30T09:54:08+00:00","breadcrumb":{"@id":"https:\/\/www.eldiario.net\/portal\/2022\/06\/30\/donde-se-esconde-el-capo-di-tutti-capi\/#breadcrumb"},"inLanguage":"es","potentialAction":[{"@type":"ReadAction","target":["https:\/\/www.eldiario.net\/portal\/2022\/06\/30\/donde-se-esconde-el-capo-di-tutti-capi\/"]}]},{"@type":"ImageObject","inLanguage":"es","@id":"https:\/\/www.eldiario.net\/portal\/2022\/06\/30\/donde-se-esconde-el-capo-di-tutti-capi\/#primaryimage","url":"https:\/\/www.eldiario.net\/portal\/wp-content\/uploads\/2021\/05\/Manfredo-Kempff-Suarez-1.jpg","contentUrl":"https:\/\/www.eldiario.net\/portal\/wp-content\/uploads\/2021\/05\/Manfredo-Kempff-Suarez-1.jpg","width":1200,"height":628},{"@type":"BreadcrumbList","@id":"https:\/\/www.eldiario.net\/portal\/2022\/06\/30\/donde-se-esconde-el-capo-di-tutti-capi\/#breadcrumb","itemListElement":[{"@type":"ListItem","position":1,"name":"Portada","item":"https:\/\/www.eldiario.net\/portal\/"},{"@type":"ListItem","position":2,"name":"\u00bfD\u00f3nde se esconde el \u201ccapo di tutti capi\u201d?"}]},{"@type":"WebSite","@id":"https:\/\/www.eldiario.net\/portal\/#website","url":"https:\/\/www.eldiario.net\/portal\/","name":"El Diario - Decano de la prensa nacional","description":"El Diario - Decano de la prensa nacional","publisher":{"@id":"https:\/\/www.eldiario.net\/portal\/#organization"},"potentialAction":[{"@type":"SearchAction","target":{"@type":"EntryPoint","urlTemplate":"https:\/\/www.eldiario.net\/portal\/?s={search_term_string}"},"query-input":{"@type":"PropertyValueSpecification","valueRequired":true,"valueName":"search_term_string"}}],"inLanguage":"es"},{"@type":"Organization","@id":"https:\/\/www.eldiario.net\/portal\/#organization","name":"El Diario - Decano de la prensa nacional","url":"https:\/\/www.eldiario.net\/portal\/","logo":{"@type":"ImageObject","inLanguage":"es","@id":"https:\/\/www.eldiario.net\/portal\/#\/schema\/logo\/image\/","url":"https:\/\/www.eldiario.net\/portal\/wp-content\/uploads\/2023\/07\/logo_ED.jpg","contentUrl":"https:\/\/www.eldiario.net\/portal\/wp-content\/uploads\/2023\/07\/logo_ED.jpg","width":272,"height":52,"caption":"El Diario - Decano de la prensa nacional"},"image":{"@id":"https:\/\/www.eldiario.net\/portal\/#\/schema\/logo\/image\/"},"sameAs":["https:\/\/www.facebook.com\/eldiario.bolivia\/","https:\/\/x.com\/eldiario_net"]},{"@type":"Person","@id":"https:\/\/www.eldiario.net\/portal\/#\/schema\/person\/f46445640444750d7d753ccd04ae01b7","name":"Jeanette","image":{"@type":"ImageObject","inLanguage":"es","@id":"https:\/\/secure.gravatar.com\/avatar\/3ea2118a5f7dad2b7138b1187a6b7ee55f160b9968b66013c3a3ef39dd7e5798?s=96&d=mm&r=g","url":"https:\/\/secure.gravatar.com\/avatar\/3ea2118a5f7dad2b7138b1187a6b7ee55f160b9968b66013c3a3ef39dd7e5798?s=96&d=mm&r=g","contentUrl":"https:\/\/secure.gravatar.com\/avatar\/3ea2118a5f7dad2b7138b1187a6b7ee55f160b9968b66013c3a3ef39dd7e5798?s=96&d=mm&r=g","caption":"Jeanette"},"sameAs":["https:\/\/www.eldiario.net\/portal"],"url":"https:\/\/www.eldiario.net\/portal\/author\/jeanette\/"}]}},"_links":{"self":[{"href":"https:\/\/www.eldiario.net\/portal\/wp-json\/wp\/v2\/posts\/93925","targetHints":{"allow":["GET"]}}],"collection":[{"href":"https:\/\/www.eldiario.net\/portal\/wp-json\/wp\/v2\/posts"}],"about":[{"href":"https:\/\/www.eldiario.net\/portal\/wp-json\/wp\/v2\/types\/post"}],"author":[{"embeddable":true,"href":"https:\/\/www.eldiario.net\/portal\/wp-json\/wp\/v2\/users\/1"}],"replies":[{"embeddable":true,"href":"https:\/\/www.eldiario.net\/portal\/wp-json\/wp\/v2\/comments?post=93925"}],"version-history":[{"count":0,"href":"https:\/\/www.eldiario.net\/portal\/wp-json\/wp\/v2\/posts\/93925\/revisions"}],"wp:featuredmedia":[{"embeddable":true,"href":"https:\/\/www.eldiario.net\/portal\/wp-json\/wp\/v2\/media\/3793"}],"wp:attachment":[{"href":"https:\/\/www.eldiario.net\/portal\/wp-json\/wp\/v2\/media?parent=93925"}],"wp:term":[{"taxonomy":"category","embeddable":true,"href":"https:\/\/www.eldiario.net\/portal\/wp-json\/wp\/v2\/categories?post=93925"},{"taxonomy":"post_tag","embeddable":true,"href":"https:\/\/www.eldiario.net\/portal\/wp-json\/wp\/v2\/tags?post=93925"}],"curies":[{"name":"wp","href":"https:\/\/api.w.org\/{rel}","templated":true}]}}