{"id":93923,"date":"2022-06-30T05:53:18","date_gmt":"2022-06-30T09:53:18","guid":{"rendered":"https:\/\/www.eldiario.net\/portal\/?p=93923"},"modified":"2022-06-30T05:53:18","modified_gmt":"2022-06-30T09:53:18","slug":"epidemia-de-escandalos","status":"publish","type":"post","link":"https:\/\/www.eldiario.net\/portal\/2022\/06\/30\/epidemia-de-escandalos\/","title":{"rendered":"Epidemia de esc\u00e1ndalos"},"content":{"rendered":"<p>Aquella f\u00f3rmula infalible de eliminar un esc\u00e1ndalo, creando otro que sea igual o mayor del que se quiere mitigar, de modo que \u00e9ste caiga en el m\u00e1s irremediable olvido, ha sido siempre utilizada por dictaduras y autocracias, especialmente donde se rinde un fuerte culto a la personalidad del tirano.<\/p>\n<p>Dicho sistema, que no estuvo ausente de esa metodolog\u00eda que los bolivianos venimos utilizando desde hace 16 a\u00f1os, es muy similar al principio m\u00e9dico que describe a la vacuna, como esa suspensi\u00f3n de microorganismos, atenuados o muertos que, al ser inoculados en nuestro organismo, ayudan a la creaci\u00f3n de los anticuerpos suficientes para inmunizarnos contra la misma enfermedad de la cual queremos protegernos.<\/p>\n<p>Entretanto, dada la obscena cantidad de delitos que se cometen y cometieron desde el inicio mismo del gobierno de nuestros \u201creservistas morales\u201d, (cerca de cincuenta hasta la fecha), y a\u00fan siguen cometi\u00e9ndose con inusitada frecuencia, necesitar\u00edamos un art\u00edculo de un centenar de p\u00e1ginas para detallarlos, empero, para no dejarlos en el cesto del olvido, nominaremos algunos que tuvieron mayor relevancia y revelan los da\u00f1os materiales por las cuantiosas sumas de dinero que supusieron, y fueron hasta cruentos, por las vidas que costaron.<\/p>\n<p>Todo comenz\u00f3 hace trece a\u00f1os, cuando La Paz qued\u00f3 estremecida por el asesinato del joven empresario Jorge O&#8217;Connor, socio de Catler-Uniservice, empresa que firm\u00f3 el 14 de julio de 2008 un contrato con YPFB para construir una Planta Separadora de L\u00edquidos, por un costo que superaba los 86 millones de d\u00f3lares.<\/p>\n<p>Dicho crimen, que en un principio se pens\u00f3 que era atribuible a la delincuencia com\u00fan, muy pronto fue calificado por las investigaciones policiales, como el m\u00e1s grande acto de corrupci\u00f3n ocurrido dentro de la petrolera estatal Yacimientos Petrol\u00edferos Fiscales Bolivianos (YPFB), raz\u00f3n suficiente para que las autoridades judiciales encarcelen a Santos Ram\u00edrez, presidente de YPFB y alto miembro del partido gobernante MAS, empero, ya nada se habl\u00f3 de los US$450 mil que, seg\u00fan el informe policial, le robaron al empresario asesinado en la escena del crimen.<\/p>\n<p>Como se dijo l\u00edneas arriba, a este luctuoso acontecimiento le siguieron m\u00e1s de una cincuentena de escandalosos hechos de corrupci\u00f3n, como el asesinato del ex viceministro del interior Rodolfo Illanes, a manos de cooperativistas mineros que fueron considerados como uno de los principales apoyos de Evo Morales, a quien ayudaron a llegar al poder y hoy, seg\u00fan el soci\u00f3logo Esteban Ticona, en una entrevista a la BBC dijo: \u201cLas cooperativas enga\u00f1an al pa\u00eds porque son empresarios camuflados de trabajadores que han logrado bastantes concesiones y privilegios\u201d.<\/p>\n<p>A la luz de lo expuesto, hablar de los casos de: Quiborax, sat\u00e9lite chino, barcazas chinas, aeropuertos de Chimor\u00e9, Ixiamas, Apolo, San Ignacio, etc., que supusieron\u00a0 para su construcci\u00f3n miles de millones de d\u00f3lares, montos muy superiores a los presupuestos de los pueblos donde fueron erigidos, s\u00f3lo nos llevar\u00e1 a la triste conclusi\u00f3n de que el \u00faltimo y terrible asesinato de los tres polic\u00edas en Porongo, pronto ser\u00e1 olvidado por otro mayor y como no todos estamos vacunados, pronto servir\u00e1 para ampliar la estad\u00edstica, y crear una verdadera epidemia de esc\u00e1ndalos.<\/p>\n","protected":false},"excerpt":{"rendered":"<p>Aquella f\u00f3rmula infalible de eliminar un esc\u00e1ndalo, creando otro que sea igual o mayor del que se quiere mitigar, de modo que \u00e9ste caiga en el m\u00e1s irremediable olvido, ha sido siempre utilizada por dictaduras y autocracias, especialmente donde se rinde un fuerte culto a la personalidad del tirano. Dicho sistema, que no estuvo ausente [&hellip;]<\/p>\n","protected":false},"author":1,"featured_media":5340,"comment_status":"closed","ping_status":"closed","sticky":false,"template":"","format":"standard","meta":{"_acf_changed":false,"footnotes":""},"categories":[9],"tags":[],"class_list":["post-93923","post","type-post","status-publish","format-standard","has-post-thumbnail","category-opinion"],"acf":{"antetitulo":""},"yoast_head":"<!-- This site is optimized with the Yoast SEO plugin v28.4 - https:\/\/yoast.com\/product\/yoast-seo-wordpress\/ -->\n<title>Epidemia de esc\u00e1ndalos - El Diario - Bolivia<\/title>\n<meta name=\"robots\" content=\"index, follow, max-snippet:-1, max-image-preview:large, max-video-preview:-1\" \/>\n<link rel=\"canonical\" href=\"https:\/\/www.eldiario.net\/portal\/2022\/06\/30\/epidemia-de-escandalos\/\" \/>\n<meta property=\"og:locale\" content=\"es_ES\" \/>\n<meta property=\"og:type\" content=\"article\" \/>\n<meta property=\"og:title\" content=\"Epidemia de esc\u00e1ndalos - El Diario - Bolivia\" \/>\n<meta property=\"og:description\" content=\"Aquella f\u00f3rmula infalible de eliminar un esc\u00e1ndalo, creando otro que sea igual o mayor del que se quiere mitigar, de modo que \u00e9ste caiga en el m\u00e1s irremediable olvido, ha sido siempre utilizada por dictaduras y autocracias, especialmente donde se rinde un fuerte culto a la personalidad del tirano. Dicho sistema, que no estuvo ausente [&hellip;]\" \/>\n<meta property=\"og:url\" content=\"https:\/\/www.eldiario.net\/portal\/2022\/06\/30\/epidemia-de-escandalos\/\" \/>\n<meta property=\"og:site_name\" content=\"El Diario - Bolivia\" \/>\n<meta property=\"article:publisher\" content=\"https:\/\/www.facebook.com\/eldiario.bolivia\/\" \/>\n<meta property=\"article:published_time\" content=\"2022-06-30T09:53:18+00:00\" \/>\n<meta name=\"author\" content=\"Jeanette\" \/>\n<meta name=\"twitter:card\" content=\"summary_large_image\" \/>\n<meta name=\"twitter:creator\" content=\"@eldiario_net\" \/>\n<meta name=\"twitter:site\" content=\"@eldiario_net\" \/>\n<meta name=\"twitter:label1\" content=\"Escrito por\" \/>\n\t<meta name=\"twitter:data1\" content=\"Jeanette\" \/>\n\t<meta name=\"twitter:label2\" content=\"Tiempo de lectura\" \/>\n\t<meta name=\"twitter:data2\" content=\"3 minutos\" \/>\n<script type=\"application\/ld+json\" class=\"yoast-schema-graph\">{\"@context\":\"https:\\\/\\\/schema.org\",\"@graph\":[{\"@type\":\"Article\",\"@id\":\"https:\\\/\\\/www.eldiario.net\\\/portal\\\/2022\\\/06\\\/30\\\/epidemia-de-escandalos\\\/#article\",\"isPartOf\":{\"@id\":\"https:\\\/\\\/www.eldiario.net\\\/portal\\\/2022\\\/06\\\/30\\\/epidemia-de-escandalos\\\/\"},\"author\":{\"name\":\"Jeanette\",\"@id\":\"https:\\\/\\\/www.eldiario.net\\\/portal\\\/#\\\/schema\\\/person\\\/f46445640444750d7d753ccd04ae01b7\"},\"headline\":\"Epidemia de esc\u00e1ndalos\",\"datePublished\":\"2022-06-30T09:53:18+00:00\",\"mainEntityOfPage\":{\"@id\":\"https:\\\/\\\/www.eldiario.net\\\/portal\\\/2022\\\/06\\\/30\\\/epidemia-de-escandalos\\\/\"},\"wordCount\":548,\"publisher\":{\"@id\":\"https:\\\/\\\/www.eldiario.net\\\/portal\\\/#organization\"},\"image\":{\"@id\":\"https:\\\/\\\/www.eldiario.net\\\/portal\\\/2022\\\/06\\\/30\\\/epidemia-de-escandalos\\\/#primaryimage\"},\"thumbnailUrl\":\"\",\"articleSection\":[\"Opini\u00f3n\"],\"inLanguage\":\"es\"},{\"@type\":\"WebPage\",\"@id\":\"https:\\\/\\\/www.eldiario.net\\\/portal\\\/2022\\\/06\\\/30\\\/epidemia-de-escandalos\\\/\",\"url\":\"https:\\\/\\\/www.eldiario.net\\\/portal\\\/2022\\\/06\\\/30\\\/epidemia-de-escandalos\\\/\",\"name\":\"Epidemia de esc\u00e1ndalos - El Diario - Bolivia\",\"isPartOf\":{\"@id\":\"https:\\\/\\\/www.eldiario.net\\\/portal\\\/#website\"},\"primaryImageOfPage\":{\"@id\":\"https:\\\/\\\/www.eldiario.net\\\/portal\\\/2022\\\/06\\\/30\\\/epidemia-de-escandalos\\\/#primaryimage\"},\"image\":{\"@id\":\"https:\\\/\\\/www.eldiario.net\\\/portal\\\/2022\\\/06\\\/30\\\/epidemia-de-escandalos\\\/#primaryimage\"},\"thumbnailUrl\":\"\",\"datePublished\":\"2022-06-30T09:53:18+00:00\",\"breadcrumb\":{\"@id\":\"https:\\\/\\\/www.eldiario.net\\\/portal\\\/2022\\\/06\\\/30\\\/epidemia-de-escandalos\\\/#breadcrumb\"},\"inLanguage\":\"es\",\"potentialAction\":[{\"@type\":\"ReadAction\",\"target\":[\"https:\\\/\\\/www.eldiario.net\\\/portal\\\/2022\\\/06\\\/30\\\/epidemia-de-escandalos\\\/\"]}]},{\"@type\":\"ImageObject\",\"inLanguage\":\"es\",\"@id\":\"https:\\\/\\\/www.eldiario.net\\\/portal\\\/2022\\\/06\\\/30\\\/epidemia-de-escandalos\\\/#primaryimage\",\"url\":\"\",\"contentUrl\":\"\"},{\"@type\":\"BreadcrumbList\",\"@id\":\"https:\\\/\\\/www.eldiario.net\\\/portal\\\/2022\\\/06\\\/30\\\/epidemia-de-escandalos\\\/#breadcrumb\",\"itemListElement\":[{\"@type\":\"ListItem\",\"position\":1,\"name\":\"Portada\",\"item\":\"https:\\\/\\\/www.eldiario.net\\\/portal\\\/\"},{\"@type\":\"ListItem\",\"position\":2,\"name\":\"Epidemia de esc\u00e1ndalos\"}]},{\"@type\":\"WebSite\",\"@id\":\"https:\\\/\\\/www.eldiario.net\\\/portal\\\/#website\",\"url\":\"https:\\\/\\\/www.eldiario.net\\\/portal\\\/\",\"name\":\"El Diario - Decano de la prensa nacional\",\"description\":\"El Diario - Decano de la prensa nacional\",\"publisher\":{\"@id\":\"https:\\\/\\\/www.eldiario.net\\\/portal\\\/#organization\"},\"potentialAction\":[{\"@type\":\"SearchAction\",\"target\":{\"@type\":\"EntryPoint\",\"urlTemplate\":\"https:\\\/\\\/www.eldiario.net\\\/portal\\\/?s={search_term_string}\"},\"query-input\":{\"@type\":\"PropertyValueSpecification\",\"valueRequired\":true,\"valueName\":\"search_term_string\"}}],\"inLanguage\":\"es\"},{\"@type\":\"Organization\",\"@id\":\"https:\\\/\\\/www.eldiario.net\\\/portal\\\/#organization\",\"name\":\"El Diario - Decano de la prensa nacional\",\"url\":\"https:\\\/\\\/www.eldiario.net\\\/portal\\\/\",\"logo\":{\"@type\":\"ImageObject\",\"inLanguage\":\"es\",\"@id\":\"https:\\\/\\\/www.eldiario.net\\\/portal\\\/#\\\/schema\\\/logo\\\/image\\\/\",\"url\":\"https:\\\/\\\/www.eldiario.net\\\/portal\\\/wp-content\\\/uploads\\\/2023\\\/07\\\/logo_ED.jpg\",\"contentUrl\":\"https:\\\/\\\/www.eldiario.net\\\/portal\\\/wp-content\\\/uploads\\\/2023\\\/07\\\/logo_ED.jpg\",\"width\":272,\"height\":52,\"caption\":\"El Diario - Decano de la prensa nacional\"},\"image\":{\"@id\":\"https:\\\/\\\/www.eldiario.net\\\/portal\\\/#\\\/schema\\\/logo\\\/image\\\/\"},\"sameAs\":[\"https:\\\/\\\/www.facebook.com\\\/eldiario.bolivia\\\/\",\"https:\\\/\\\/x.com\\\/eldiario_net\"]},{\"@type\":\"Person\",\"@id\":\"https:\\\/\\\/www.eldiario.net\\\/portal\\\/#\\\/schema\\\/person\\\/f46445640444750d7d753ccd04ae01b7\",\"name\":\"Jeanette\",\"image\":{\"@type\":\"ImageObject\",\"inLanguage\":\"es\",\"@id\":\"https:\\\/\\\/secure.gravatar.com\\\/avatar\\\/3ea2118a5f7dad2b7138b1187a6b7ee55f160b9968b66013c3a3ef39dd7e5798?s=96&d=mm&r=g\",\"url\":\"https:\\\/\\\/secure.gravatar.com\\\/avatar\\\/3ea2118a5f7dad2b7138b1187a6b7ee55f160b9968b66013c3a3ef39dd7e5798?s=96&d=mm&r=g\",\"contentUrl\":\"https:\\\/\\\/secure.gravatar.com\\\/avatar\\\/3ea2118a5f7dad2b7138b1187a6b7ee55f160b9968b66013c3a3ef39dd7e5798?s=96&d=mm&r=g\",\"caption\":\"Jeanette\"},\"sameAs\":[\"https:\\\/\\\/www.eldiario.net\\\/portal\"],\"url\":\"https:\\\/\\\/www.eldiario.net\\\/portal\\\/author\\\/jeanette\\\/\"}]}<\/script>\n<!-- \/ Yoast SEO plugin. -->","yoast_head_json":{"title":"Epidemia de esc\u00e1ndalos - El Diario - Bolivia","robots":{"index":"index","follow":"follow","max-snippet":"max-snippet:-1","max-image-preview":"max-image-preview:large","max-video-preview":"max-video-preview:-1"},"canonical":"https:\/\/www.eldiario.net\/portal\/2022\/06\/30\/epidemia-de-escandalos\/","og_locale":"es_ES","og_type":"article","og_title":"Epidemia de esc\u00e1ndalos - El Diario - Bolivia","og_description":"Aquella f\u00f3rmula infalible de eliminar un esc\u00e1ndalo, creando otro que sea igual o mayor del que se quiere mitigar, de modo que \u00e9ste caiga en el m\u00e1s irremediable olvido, ha sido siempre utilizada por dictaduras y autocracias, especialmente donde se rinde un fuerte culto a la personalidad del tirano. Dicho sistema, que no estuvo ausente [&hellip;]","og_url":"https:\/\/www.eldiario.net\/portal\/2022\/06\/30\/epidemia-de-escandalos\/","og_site_name":"El Diario - Bolivia","article_publisher":"https:\/\/www.facebook.com\/eldiario.bolivia\/","article_published_time":"2022-06-30T09:53:18+00:00","author":"Jeanette","twitter_card":"summary_large_image","twitter_creator":"@eldiario_net","twitter_site":"@eldiario_net","twitter_misc":{"Escrito por":"Jeanette","Tiempo de lectura":"3 minutos"},"schema":{"@context":"https:\/\/schema.org","@graph":[{"@type":"Article","@id":"https:\/\/www.eldiario.net\/portal\/2022\/06\/30\/epidemia-de-escandalos\/#article","isPartOf":{"@id":"https:\/\/www.eldiario.net\/portal\/2022\/06\/30\/epidemia-de-escandalos\/"},"author":{"name":"Jeanette","@id":"https:\/\/www.eldiario.net\/portal\/#\/schema\/person\/f46445640444750d7d753ccd04ae01b7"},"headline":"Epidemia de esc\u00e1ndalos","datePublished":"2022-06-30T09:53:18+00:00","mainEntityOfPage":{"@id":"https:\/\/www.eldiario.net\/portal\/2022\/06\/30\/epidemia-de-escandalos\/"},"wordCount":548,"publisher":{"@id":"https:\/\/www.eldiario.net\/portal\/#organization"},"image":{"@id":"https:\/\/www.eldiario.net\/portal\/2022\/06\/30\/epidemia-de-escandalos\/#primaryimage"},"thumbnailUrl":"","articleSection":["Opini\u00f3n"],"inLanguage":"es"},{"@type":"WebPage","@id":"https:\/\/www.eldiario.net\/portal\/2022\/06\/30\/epidemia-de-escandalos\/","url":"https:\/\/www.eldiario.net\/portal\/2022\/06\/30\/epidemia-de-escandalos\/","name":"Epidemia de esc\u00e1ndalos - El Diario - Bolivia","isPartOf":{"@id":"https:\/\/www.eldiario.net\/portal\/#website"},"primaryImageOfPage":{"@id":"https:\/\/www.eldiario.net\/portal\/2022\/06\/30\/epidemia-de-escandalos\/#primaryimage"},"image":{"@id":"https:\/\/www.eldiario.net\/portal\/2022\/06\/30\/epidemia-de-escandalos\/#primaryimage"},"thumbnailUrl":"","datePublished":"2022-06-30T09:53:18+00:00","breadcrumb":{"@id":"https:\/\/www.eldiario.net\/portal\/2022\/06\/30\/epidemia-de-escandalos\/#breadcrumb"},"inLanguage":"es","potentialAction":[{"@type":"ReadAction","target":["https:\/\/www.eldiario.net\/portal\/2022\/06\/30\/epidemia-de-escandalos\/"]}]},{"@type":"ImageObject","inLanguage":"es","@id":"https:\/\/www.eldiario.net\/portal\/2022\/06\/30\/epidemia-de-escandalos\/#primaryimage","url":"","contentUrl":""},{"@type":"BreadcrumbList","@id":"https:\/\/www.eldiario.net\/portal\/2022\/06\/30\/epidemia-de-escandalos\/#breadcrumb","itemListElement":[{"@type":"ListItem","position":1,"name":"Portada","item":"https:\/\/www.eldiario.net\/portal\/"},{"@type":"ListItem","position":2,"name":"Epidemia de esc\u00e1ndalos"}]},{"@type":"WebSite","@id":"https:\/\/www.eldiario.net\/portal\/#website","url":"https:\/\/www.eldiario.net\/portal\/","name":"El Diario - Decano de la prensa nacional","description":"El Diario - Decano de la prensa nacional","publisher":{"@id":"https:\/\/www.eldiario.net\/portal\/#organization"},"potentialAction":[{"@type":"SearchAction","target":{"@type":"EntryPoint","urlTemplate":"https:\/\/www.eldiario.net\/portal\/?s={search_term_string}"},"query-input":{"@type":"PropertyValueSpecification","valueRequired":true,"valueName":"search_term_string"}}],"inLanguage":"es"},{"@type":"Organization","@id":"https:\/\/www.eldiario.net\/portal\/#organization","name":"El Diario - Decano de la prensa nacional","url":"https:\/\/www.eldiario.net\/portal\/","logo":{"@type":"ImageObject","inLanguage":"es","@id":"https:\/\/www.eldiario.net\/portal\/#\/schema\/logo\/image\/","url":"https:\/\/www.eldiario.net\/portal\/wp-content\/uploads\/2023\/07\/logo_ED.jpg","contentUrl":"https:\/\/www.eldiario.net\/portal\/wp-content\/uploads\/2023\/07\/logo_ED.jpg","width":272,"height":52,"caption":"El Diario - Decano de la prensa nacional"},"image":{"@id":"https:\/\/www.eldiario.net\/portal\/#\/schema\/logo\/image\/"},"sameAs":["https:\/\/www.facebook.com\/eldiario.bolivia\/","https:\/\/x.com\/eldiario_net"]},{"@type":"Person","@id":"https:\/\/www.eldiario.net\/portal\/#\/schema\/person\/f46445640444750d7d753ccd04ae01b7","name":"Jeanette","image":{"@type":"ImageObject","inLanguage":"es","@id":"https:\/\/secure.gravatar.com\/avatar\/3ea2118a5f7dad2b7138b1187a6b7ee55f160b9968b66013c3a3ef39dd7e5798?s=96&d=mm&r=g","url":"https:\/\/secure.gravatar.com\/avatar\/3ea2118a5f7dad2b7138b1187a6b7ee55f160b9968b66013c3a3ef39dd7e5798?s=96&d=mm&r=g","contentUrl":"https:\/\/secure.gravatar.com\/avatar\/3ea2118a5f7dad2b7138b1187a6b7ee55f160b9968b66013c3a3ef39dd7e5798?s=96&d=mm&r=g","caption":"Jeanette"},"sameAs":["https:\/\/www.eldiario.net\/portal"],"url":"https:\/\/www.eldiario.net\/portal\/author\/jeanette\/"}]}},"_links":{"self":[{"href":"https:\/\/www.eldiario.net\/portal\/wp-json\/wp\/v2\/posts\/93923","targetHints":{"allow":["GET"]}}],"collection":[{"href":"https:\/\/www.eldiario.net\/portal\/wp-json\/wp\/v2\/posts"}],"about":[{"href":"https:\/\/www.eldiario.net\/portal\/wp-json\/wp\/v2\/types\/post"}],"author":[{"embeddable":true,"href":"https:\/\/www.eldiario.net\/portal\/wp-json\/wp\/v2\/users\/1"}],"replies":[{"embeddable":true,"href":"https:\/\/www.eldiario.net\/portal\/wp-json\/wp\/v2\/comments?post=93923"}],"version-history":[{"count":0,"href":"https:\/\/www.eldiario.net\/portal\/wp-json\/wp\/v2\/posts\/93923\/revisions"}],"wp:attachment":[{"href":"https:\/\/www.eldiario.net\/portal\/wp-json\/wp\/v2\/media?parent=93923"}],"wp:term":[{"taxonomy":"category","embeddable":true,"href":"https:\/\/www.eldiario.net\/portal\/wp-json\/wp\/v2\/categories?post=93923"},{"taxonomy":"post_tag","embeddable":true,"href":"https:\/\/www.eldiario.net\/portal\/wp-json\/wp\/v2\/tags?post=93923"}],"curies":[{"name":"wp","href":"https:\/\/api.w.org\/{rel}","templated":true}]}}