{"id":93921,"date":"2022-06-30T05:52:08","date_gmt":"2022-06-30T09:52:08","guid":{"rendered":"https:\/\/www.eldiario.net\/portal\/?p=93921"},"modified":"2022-06-30T05:52:08","modified_gmt":"2022-06-30T09:52:08","slug":"algo-peor-que-estancamiento-e-inflacion-si-estanflacion","status":"publish","type":"post","link":"https:\/\/www.eldiario.net\/portal\/2022\/06\/30\/algo-peor-que-estancamiento-e-inflacion-si-estanflacion\/","title":{"rendered":"\u00bfAlgo peor que estancamiento e inflaci\u00f3n? S\u00ed\u2026 \u00a1estanflaci\u00f3n!"},"content":{"rendered":"<p>Seguramente ha escuchado hablar de \u201cinflaci\u00f3n\u201d y \u201cestancamiento\u201d, y, seguramente, tambi\u00e9n, le preocupar\u00eda que eso pase en nuestro pa\u00eds, porque la inflaci\u00f3n viene a ser una suerte de impuesto ciego que quita poder adquisitivo a los salarios, en tanto que el estancamiento econ\u00f3mico lo que hace es destruir empleos por falta de crecimiento. Sin embargo, hay algo peor que eso\u2026<\/p>\n<p>Seg\u00fan el Banco Mundial, todo parece indicar que el mundo se enfila hacia un proceso de \u201c<em>estanflaci\u00f3n\u201d<\/em> que afectar\u00eda a todos, directa o indirectamente.<\/p>\n<p>La estanflaci\u00f3n (<em>stagflation<\/em>, en ingl\u00e9s) es un acr\u00f3nimo de <em>stagnation<\/em> (estancamiento) e <em>inflation<\/em> (inflaci\u00f3n), un fen\u00f3meno que, para muchos economistas, resulta la peor de las combinaciones porque el negativo impacto se da por doble partida, y la posibilidad de salir de una crisis as\u00ed, con pol\u00edticas tradicionales, se hace muy dif\u00edcil, por lo que habr\u00eda que evitarla a toda costa.<\/p>\n<p>La teor\u00eda econ\u00f3mica dice que cuando el crecimiento de la producci\u00f3n de bienes y servicios de un pa\u00eds disminuye, la consecuencia es el aumento del desempleo, lo que deber\u00eda llevar, por una menor demanda, a una disminuci\u00f3n generalizada de precios (deflaci\u00f3n); sin embargo, lo particular de la estanflaci\u00f3n es que, mientras el n\u00famero de desocupados sube y baja el poder de compra en las familias, la subida general de precios contin\u00faa, provocando una p\u00e9rdida de poder adquisitivo adicional. La \u00faltima estanflaci\u00f3n se dio en los 70, luego del auge petrolero.<\/p>\n<p>Asociando ideas, recuerdo los a\u00f1os 80, cuando, producto de la crisis de la deuda externa y el p\u00e9simo manejo econ\u00f3mico en Bolivia (con el tipo de cambio como Tal\u00f3n de Aquiles), se produjo una de las hiperinflaciones m\u00e1s dolorosas de la Historia en \u00e9poca de paz, al mismo tiempo que el desempleo campeaba. Nadie quiere llegar a una situaci\u00f3n as\u00ed, sin embargo, m\u00e1s de un pa\u00eds latinoamericano parece empe\u00f1ado en lo contrario.<\/p>\n<p>\u201c<em>En medio de una abrupta desaceleraci\u00f3n del crecimiento, aumenta el riesgo de estanflaci\u00f3n<\/em>\u201d, titul\u00f3 un reciente Comunicado de Prensa (Banco Mundial, 7.06.2022), dando cuenta que a los da\u00f1os de la pandemia de COVID-19, se ha sumado la invasi\u00f3n de Rusia a Ucrania provocando una desaceleraci\u00f3n econ\u00f3mica mundial. El Informe \u201cPerspectivas econ\u00f3micas mundiales\u201d de dicho organismo, advierte que el riesgo de estanflaci\u00f3n existe y da\u00f1ar\u00eda principalmente a las econom\u00edas de ingreso medio y de ingreso bajo, como Bolivia.<\/p>\n<p>El pron\u00f3stico de crecimiento mundial de dicho organismo para el 2022 ha bajado al 2,9% &#8211;lejos del 4,1% publicado a inicios del a\u00f1o&#8211; por la disminuci\u00f3n de la actividad econ\u00f3mica, la inversi\u00f3n y el comercio, con lo que muchos pa\u00edses podr\u00e1n volver a caer en recesi\u00f3n, dijo el presidente del Banco Mundial, David Malpass. Seg\u00fan dicho Informe, si la inflaci\u00f3n mundial no cede el pr\u00f3ximo a\u00f1o, esto podr\u00eda llevar a una desaceleraci\u00f3n en todo el orbe, provocando crisis financieras en mercados emergentes y econom\u00edas en desarrollo.<\/p>\n<p>De confirmarse, la seria complicaci\u00f3n para diferentes gobernantes, de manejar una potencial crisis de esta naturaleza con m\u00e9todos tradicionales es que, por ejemplo, si implementan pol\u00edticas fiscales y monetarias contractivas a fin de bajar la inflaci\u00f3n, esto podr\u00eda provocar una recesi\u00f3n y empeorar el desempleo; por el contrario, de encarar pol\u00edticas expansivas para fomentar la inversi\u00f3n, el consumo y la demanda interna, y con ello reanimar las contrataciones y generar empleo, esto podr\u00eda alimentar m\u00e1s la inflaci\u00f3n. \u00bfQu\u00e9 hacer, entonces?<\/p>\n<p>De cara a enfrentar con \u00e9xito este escenario, el Banco Mundial recomienda a los pa\u00edses a \u201c<em>abstenerse de implementar pol\u00edticas distorsionadoras, como controles de precios, subvenciones y prohibiciones de exportaci\u00f3n, que podr\u00edan acrecentar el reciente aumento en los precios de los productos b\u00e1sicos. En el contexto complejo de una mayor inflaci\u00f3n, un menor crecimiento, una situaci\u00f3n financiera m\u00e1s restrictiva y un limitado espacio para la pol\u00edtica fiscal, los Gobiernos deber\u00e1n redefinir la prioridad de los gastos para orientarlos a brindar apoyo espec\u00edfico a las poblaciones vulnerables<\/em>\u201d.<\/p>\n<p>Siendo que una situaci\u00f3n de estanflaci\u00f3n mundial afectar\u00eda a Bolivia, con el comercio exterior como v\u00eda de transmisi\u00f3n de las crisis en pa\u00edses con los que se relaciona a trav\u00e9s de la exportaci\u00f3n y la importaci\u00f3n, la mejor forma de \u201c<em>blindarse<\/em>\u201d (palabra <em>sacrosanta<\/em>) a futuro, ser\u00eda dise\u00f1ar pol\u00edticas p\u00fablicas de contenci\u00f3n concertadas con los verdaderos actores del desarrollo: los micro, peque\u00f1os, medianos y grandes empresarios. O\u2026 \u00bfqu\u00e9 dice Ud.?<\/p>\n<p>&nbsp;<\/p>\n<p><em>El autor es Economista y Mag\u00edster en Comercio Internacional<\/em><em>.<\/em><\/p>\n","protected":false},"excerpt":{"rendered":"<p>Seguramente ha escuchado hablar de \u201cinflaci\u00f3n\u201d y \u201cestancamiento\u201d, y, seguramente, tambi\u00e9n, le preocupar\u00eda que eso pase en nuestro pa\u00eds, porque la inflaci\u00f3n viene a ser una suerte de impuesto ciego que quita poder adquisitivo a los salarios, en tanto que el estancamiento econ\u00f3mico lo que hace es destruir empleos por falta de crecimiento. Sin embargo, [&hellip;]<\/p>\n","protected":false},"author":1,"featured_media":3517,"comment_status":"closed","ping_status":"closed","sticky":false,"template":"","format":"standard","meta":{"_acf_changed":false,"footnotes":""},"categories":[9],"tags":[],"class_list":["post-93921","post","type-post","status-publish","format-standard","has-post-thumbnail","category-opinion"],"acf":{"antetitulo":""},"yoast_head":"<!-- This site is optimized with the Yoast SEO plugin v28.4 - https:\/\/yoast.com\/product\/yoast-seo-wordpress\/ -->\n<title>\u00bfAlgo peor que estancamiento e inflaci\u00f3n? S\u00ed\u2026 \u00a1estanflaci\u00f3n! - El Diario - Bolivia<\/title>\n<meta name=\"robots\" content=\"index, follow, max-snippet:-1, max-image-preview:large, max-video-preview:-1\" \/>\n<link rel=\"canonical\" href=\"https:\/\/www.eldiario.net\/portal\/2022\/06\/30\/algo-peor-que-estancamiento-e-inflacion-si-estanflacion\/\" \/>\n<meta property=\"og:locale\" content=\"es_ES\" \/>\n<meta property=\"og:type\" content=\"article\" \/>\n<meta property=\"og:title\" content=\"\u00bfAlgo peor que estancamiento e inflaci\u00f3n? S\u00ed\u2026 \u00a1estanflaci\u00f3n! - El Diario - Bolivia\" \/>\n<meta property=\"og:description\" content=\"Seguramente ha escuchado hablar de \u201cinflaci\u00f3n\u201d y \u201cestancamiento\u201d, y, seguramente, tambi\u00e9n, le preocupar\u00eda que eso pase en nuestro pa\u00eds, porque la inflaci\u00f3n viene a ser una suerte de impuesto ciego que quita poder adquisitivo a los salarios, en tanto que el estancamiento econ\u00f3mico lo que hace es destruir empleos por falta de crecimiento. Sin embargo, [&hellip;]\" \/>\n<meta property=\"og:url\" content=\"https:\/\/www.eldiario.net\/portal\/2022\/06\/30\/algo-peor-que-estancamiento-e-inflacion-si-estanflacion\/\" \/>\n<meta property=\"og:site_name\" content=\"El Diario - Bolivia\" \/>\n<meta property=\"article:publisher\" content=\"https:\/\/www.facebook.com\/eldiario.bolivia\/\" \/>\n<meta property=\"article:published_time\" content=\"2022-06-30T09:52:08+00:00\" \/>\n<meta name=\"author\" content=\"Jeanette\" \/>\n<meta name=\"twitter:card\" content=\"summary_large_image\" \/>\n<meta name=\"twitter:creator\" content=\"@eldiario_net\" \/>\n<meta name=\"twitter:site\" content=\"@eldiario_net\" \/>\n<meta name=\"twitter:label1\" content=\"Escrito por\" \/>\n\t<meta name=\"twitter:data1\" content=\"Jeanette\" \/>\n\t<meta name=\"twitter:label2\" content=\"Tiempo de lectura\" \/>\n\t<meta name=\"twitter:data2\" content=\"4 minutos\" \/>\n<script type=\"application\/ld+json\" class=\"yoast-schema-graph\">{\"@context\":\"https:\\\/\\\/schema.org\",\"@graph\":[{\"@type\":\"Article\",\"@id\":\"https:\\\/\\\/www.eldiario.net\\\/portal\\\/2022\\\/06\\\/30\\\/algo-peor-que-estancamiento-e-inflacion-si-estanflacion\\\/#article\",\"isPartOf\":{\"@id\":\"https:\\\/\\\/www.eldiario.net\\\/portal\\\/2022\\\/06\\\/30\\\/algo-peor-que-estancamiento-e-inflacion-si-estanflacion\\\/\"},\"author\":{\"name\":\"Jeanette\",\"@id\":\"https:\\\/\\\/www.eldiario.net\\\/portal\\\/#\\\/schema\\\/person\\\/f46445640444750d7d753ccd04ae01b7\"},\"headline\":\"\u00bfAlgo peor que estancamiento e inflaci\u00f3n? S\u00ed\u2026 \u00a1estanflaci\u00f3n!\",\"datePublished\":\"2022-06-30T09:52:08+00:00\",\"mainEntityOfPage\":{\"@id\":\"https:\\\/\\\/www.eldiario.net\\\/portal\\\/2022\\\/06\\\/30\\\/algo-peor-que-estancamiento-e-inflacion-si-estanflacion\\\/\"},\"wordCount\":820,\"publisher\":{\"@id\":\"https:\\\/\\\/www.eldiario.net\\\/portal\\\/#organization\"},\"image\":{\"@id\":\"https:\\\/\\\/www.eldiario.net\\\/portal\\\/2022\\\/06\\\/30\\\/algo-peor-que-estancamiento-e-inflacion-si-estanflacion\\\/#primaryimage\"},\"thumbnailUrl\":\"\",\"articleSection\":[\"Opini\u00f3n\"],\"inLanguage\":\"es\"},{\"@type\":\"WebPage\",\"@id\":\"https:\\\/\\\/www.eldiario.net\\\/portal\\\/2022\\\/06\\\/30\\\/algo-peor-que-estancamiento-e-inflacion-si-estanflacion\\\/\",\"url\":\"https:\\\/\\\/www.eldiario.net\\\/portal\\\/2022\\\/06\\\/30\\\/algo-peor-que-estancamiento-e-inflacion-si-estanflacion\\\/\",\"name\":\"\u00bfAlgo peor que estancamiento e inflaci\u00f3n? S\u00ed\u2026 \u00a1estanflaci\u00f3n! - El Diario - Bolivia\",\"isPartOf\":{\"@id\":\"https:\\\/\\\/www.eldiario.net\\\/portal\\\/#website\"},\"primaryImageOfPage\":{\"@id\":\"https:\\\/\\\/www.eldiario.net\\\/portal\\\/2022\\\/06\\\/30\\\/algo-peor-que-estancamiento-e-inflacion-si-estanflacion\\\/#primaryimage\"},\"image\":{\"@id\":\"https:\\\/\\\/www.eldiario.net\\\/portal\\\/2022\\\/06\\\/30\\\/algo-peor-que-estancamiento-e-inflacion-si-estanflacion\\\/#primaryimage\"},\"thumbnailUrl\":\"\",\"datePublished\":\"2022-06-30T09:52:08+00:00\",\"breadcrumb\":{\"@id\":\"https:\\\/\\\/www.eldiario.net\\\/portal\\\/2022\\\/06\\\/30\\\/algo-peor-que-estancamiento-e-inflacion-si-estanflacion\\\/#breadcrumb\"},\"inLanguage\":\"es\",\"potentialAction\":[{\"@type\":\"ReadAction\",\"target\":[\"https:\\\/\\\/www.eldiario.net\\\/portal\\\/2022\\\/06\\\/30\\\/algo-peor-que-estancamiento-e-inflacion-si-estanflacion\\\/\"]}]},{\"@type\":\"ImageObject\",\"inLanguage\":\"es\",\"@id\":\"https:\\\/\\\/www.eldiario.net\\\/portal\\\/2022\\\/06\\\/30\\\/algo-peor-que-estancamiento-e-inflacion-si-estanflacion\\\/#primaryimage\",\"url\":\"\",\"contentUrl\":\"\"},{\"@type\":\"BreadcrumbList\",\"@id\":\"https:\\\/\\\/www.eldiario.net\\\/portal\\\/2022\\\/06\\\/30\\\/algo-peor-que-estancamiento-e-inflacion-si-estanflacion\\\/#breadcrumb\",\"itemListElement\":[{\"@type\":\"ListItem\",\"position\":1,\"name\":\"Portada\",\"item\":\"https:\\\/\\\/www.eldiario.net\\\/portal\\\/\"},{\"@type\":\"ListItem\",\"position\":2,\"name\":\"\u00bfAlgo peor que estancamiento e inflaci\u00f3n? S\u00ed\u2026 \u00a1estanflaci\u00f3n!\"}]},{\"@type\":\"WebSite\",\"@id\":\"https:\\\/\\\/www.eldiario.net\\\/portal\\\/#website\",\"url\":\"https:\\\/\\\/www.eldiario.net\\\/portal\\\/\",\"name\":\"El Diario - Decano de la prensa nacional\",\"description\":\"El Diario - Decano de la prensa nacional\",\"publisher\":{\"@id\":\"https:\\\/\\\/www.eldiario.net\\\/portal\\\/#organization\"},\"potentialAction\":[{\"@type\":\"SearchAction\",\"target\":{\"@type\":\"EntryPoint\",\"urlTemplate\":\"https:\\\/\\\/www.eldiario.net\\\/portal\\\/?s={search_term_string}\"},\"query-input\":{\"@type\":\"PropertyValueSpecification\",\"valueRequired\":true,\"valueName\":\"search_term_string\"}}],\"inLanguage\":\"es\"},{\"@type\":\"Organization\",\"@id\":\"https:\\\/\\\/www.eldiario.net\\\/portal\\\/#organization\",\"name\":\"El Diario - Decano de la prensa nacional\",\"url\":\"https:\\\/\\\/www.eldiario.net\\\/portal\\\/\",\"logo\":{\"@type\":\"ImageObject\",\"inLanguage\":\"es\",\"@id\":\"https:\\\/\\\/www.eldiario.net\\\/portal\\\/#\\\/schema\\\/logo\\\/image\\\/\",\"url\":\"https:\\\/\\\/www.eldiario.net\\\/portal\\\/wp-content\\\/uploads\\\/2023\\\/07\\\/logo_ED.jpg\",\"contentUrl\":\"https:\\\/\\\/www.eldiario.net\\\/portal\\\/wp-content\\\/uploads\\\/2023\\\/07\\\/logo_ED.jpg\",\"width\":272,\"height\":52,\"caption\":\"El Diario - Decano de la prensa nacional\"},\"image\":{\"@id\":\"https:\\\/\\\/www.eldiario.net\\\/portal\\\/#\\\/schema\\\/logo\\\/image\\\/\"},\"sameAs\":[\"https:\\\/\\\/www.facebook.com\\\/eldiario.bolivia\\\/\",\"https:\\\/\\\/x.com\\\/eldiario_net\"]},{\"@type\":\"Person\",\"@id\":\"https:\\\/\\\/www.eldiario.net\\\/portal\\\/#\\\/schema\\\/person\\\/f46445640444750d7d753ccd04ae01b7\",\"name\":\"Jeanette\",\"image\":{\"@type\":\"ImageObject\",\"inLanguage\":\"es\",\"@id\":\"https:\\\/\\\/secure.gravatar.com\\\/avatar\\\/3ea2118a5f7dad2b7138b1187a6b7ee55f160b9968b66013c3a3ef39dd7e5798?s=96&d=mm&r=g\",\"url\":\"https:\\\/\\\/secure.gravatar.com\\\/avatar\\\/3ea2118a5f7dad2b7138b1187a6b7ee55f160b9968b66013c3a3ef39dd7e5798?s=96&d=mm&r=g\",\"contentUrl\":\"https:\\\/\\\/secure.gravatar.com\\\/avatar\\\/3ea2118a5f7dad2b7138b1187a6b7ee55f160b9968b66013c3a3ef39dd7e5798?s=96&d=mm&r=g\",\"caption\":\"Jeanette\"},\"sameAs\":[\"https:\\\/\\\/www.eldiario.net\\\/portal\"],\"url\":\"https:\\\/\\\/www.eldiario.net\\\/portal\\\/author\\\/jeanette\\\/\"}]}<\/script>\n<!-- \/ Yoast SEO plugin. -->","yoast_head_json":{"title":"\u00bfAlgo peor que estancamiento e inflaci\u00f3n? S\u00ed\u2026 \u00a1estanflaci\u00f3n! - El Diario - Bolivia","robots":{"index":"index","follow":"follow","max-snippet":"max-snippet:-1","max-image-preview":"max-image-preview:large","max-video-preview":"max-video-preview:-1"},"canonical":"https:\/\/www.eldiario.net\/portal\/2022\/06\/30\/algo-peor-que-estancamiento-e-inflacion-si-estanflacion\/","og_locale":"es_ES","og_type":"article","og_title":"\u00bfAlgo peor que estancamiento e inflaci\u00f3n? S\u00ed\u2026 \u00a1estanflaci\u00f3n! - El Diario - Bolivia","og_description":"Seguramente ha escuchado hablar de \u201cinflaci\u00f3n\u201d y \u201cestancamiento\u201d, y, seguramente, tambi\u00e9n, le preocupar\u00eda que eso pase en nuestro pa\u00eds, porque la inflaci\u00f3n viene a ser una suerte de impuesto ciego que quita poder adquisitivo a los salarios, en tanto que el estancamiento econ\u00f3mico lo que hace es destruir empleos por falta de crecimiento. Sin embargo, [&hellip;]","og_url":"https:\/\/www.eldiario.net\/portal\/2022\/06\/30\/algo-peor-que-estancamiento-e-inflacion-si-estanflacion\/","og_site_name":"El Diario - Bolivia","article_publisher":"https:\/\/www.facebook.com\/eldiario.bolivia\/","article_published_time":"2022-06-30T09:52:08+00:00","author":"Jeanette","twitter_card":"summary_large_image","twitter_creator":"@eldiario_net","twitter_site":"@eldiario_net","twitter_misc":{"Escrito por":"Jeanette","Tiempo de lectura":"4 minutos"},"schema":{"@context":"https:\/\/schema.org","@graph":[{"@type":"Article","@id":"https:\/\/www.eldiario.net\/portal\/2022\/06\/30\/algo-peor-que-estancamiento-e-inflacion-si-estanflacion\/#article","isPartOf":{"@id":"https:\/\/www.eldiario.net\/portal\/2022\/06\/30\/algo-peor-que-estancamiento-e-inflacion-si-estanflacion\/"},"author":{"name":"Jeanette","@id":"https:\/\/www.eldiario.net\/portal\/#\/schema\/person\/f46445640444750d7d753ccd04ae01b7"},"headline":"\u00bfAlgo peor que estancamiento e inflaci\u00f3n? S\u00ed\u2026 \u00a1estanflaci\u00f3n!","datePublished":"2022-06-30T09:52:08+00:00","mainEntityOfPage":{"@id":"https:\/\/www.eldiario.net\/portal\/2022\/06\/30\/algo-peor-que-estancamiento-e-inflacion-si-estanflacion\/"},"wordCount":820,"publisher":{"@id":"https:\/\/www.eldiario.net\/portal\/#organization"},"image":{"@id":"https:\/\/www.eldiario.net\/portal\/2022\/06\/30\/algo-peor-que-estancamiento-e-inflacion-si-estanflacion\/#primaryimage"},"thumbnailUrl":"","articleSection":["Opini\u00f3n"],"inLanguage":"es"},{"@type":"WebPage","@id":"https:\/\/www.eldiario.net\/portal\/2022\/06\/30\/algo-peor-que-estancamiento-e-inflacion-si-estanflacion\/","url":"https:\/\/www.eldiario.net\/portal\/2022\/06\/30\/algo-peor-que-estancamiento-e-inflacion-si-estanflacion\/","name":"\u00bfAlgo peor que estancamiento e inflaci\u00f3n? S\u00ed\u2026 \u00a1estanflaci\u00f3n! - El Diario - Bolivia","isPartOf":{"@id":"https:\/\/www.eldiario.net\/portal\/#website"},"primaryImageOfPage":{"@id":"https:\/\/www.eldiario.net\/portal\/2022\/06\/30\/algo-peor-que-estancamiento-e-inflacion-si-estanflacion\/#primaryimage"},"image":{"@id":"https:\/\/www.eldiario.net\/portal\/2022\/06\/30\/algo-peor-que-estancamiento-e-inflacion-si-estanflacion\/#primaryimage"},"thumbnailUrl":"","datePublished":"2022-06-30T09:52:08+00:00","breadcrumb":{"@id":"https:\/\/www.eldiario.net\/portal\/2022\/06\/30\/algo-peor-que-estancamiento-e-inflacion-si-estanflacion\/#breadcrumb"},"inLanguage":"es","potentialAction":[{"@type":"ReadAction","target":["https:\/\/www.eldiario.net\/portal\/2022\/06\/30\/algo-peor-que-estancamiento-e-inflacion-si-estanflacion\/"]}]},{"@type":"ImageObject","inLanguage":"es","@id":"https:\/\/www.eldiario.net\/portal\/2022\/06\/30\/algo-peor-que-estancamiento-e-inflacion-si-estanflacion\/#primaryimage","url":"","contentUrl":""},{"@type":"BreadcrumbList","@id":"https:\/\/www.eldiario.net\/portal\/2022\/06\/30\/algo-peor-que-estancamiento-e-inflacion-si-estanflacion\/#breadcrumb","itemListElement":[{"@type":"ListItem","position":1,"name":"Portada","item":"https:\/\/www.eldiario.net\/portal\/"},{"@type":"ListItem","position":2,"name":"\u00bfAlgo peor que estancamiento e inflaci\u00f3n? S\u00ed\u2026 \u00a1estanflaci\u00f3n!"}]},{"@type":"WebSite","@id":"https:\/\/www.eldiario.net\/portal\/#website","url":"https:\/\/www.eldiario.net\/portal\/","name":"El Diario - Decano de la prensa nacional","description":"El Diario - Decano de la prensa nacional","publisher":{"@id":"https:\/\/www.eldiario.net\/portal\/#organization"},"potentialAction":[{"@type":"SearchAction","target":{"@type":"EntryPoint","urlTemplate":"https:\/\/www.eldiario.net\/portal\/?s={search_term_string}"},"query-input":{"@type":"PropertyValueSpecification","valueRequired":true,"valueName":"search_term_string"}}],"inLanguage":"es"},{"@type":"Organization","@id":"https:\/\/www.eldiario.net\/portal\/#organization","name":"El Diario - Decano de la prensa nacional","url":"https:\/\/www.eldiario.net\/portal\/","logo":{"@type":"ImageObject","inLanguage":"es","@id":"https:\/\/www.eldiario.net\/portal\/#\/schema\/logo\/image\/","url":"https:\/\/www.eldiario.net\/portal\/wp-content\/uploads\/2023\/07\/logo_ED.jpg","contentUrl":"https:\/\/www.eldiario.net\/portal\/wp-content\/uploads\/2023\/07\/logo_ED.jpg","width":272,"height":52,"caption":"El Diario - Decano de la prensa nacional"},"image":{"@id":"https:\/\/www.eldiario.net\/portal\/#\/schema\/logo\/image\/"},"sameAs":["https:\/\/www.facebook.com\/eldiario.bolivia\/","https:\/\/x.com\/eldiario_net"]},{"@type":"Person","@id":"https:\/\/www.eldiario.net\/portal\/#\/schema\/person\/f46445640444750d7d753ccd04ae01b7","name":"Jeanette","image":{"@type":"ImageObject","inLanguage":"es","@id":"https:\/\/secure.gravatar.com\/avatar\/3ea2118a5f7dad2b7138b1187a6b7ee55f160b9968b66013c3a3ef39dd7e5798?s=96&d=mm&r=g","url":"https:\/\/secure.gravatar.com\/avatar\/3ea2118a5f7dad2b7138b1187a6b7ee55f160b9968b66013c3a3ef39dd7e5798?s=96&d=mm&r=g","contentUrl":"https:\/\/secure.gravatar.com\/avatar\/3ea2118a5f7dad2b7138b1187a6b7ee55f160b9968b66013c3a3ef39dd7e5798?s=96&d=mm&r=g","caption":"Jeanette"},"sameAs":["https:\/\/www.eldiario.net\/portal"],"url":"https:\/\/www.eldiario.net\/portal\/author\/jeanette\/"}]}},"_links":{"self":[{"href":"https:\/\/www.eldiario.net\/portal\/wp-json\/wp\/v2\/posts\/93921","targetHints":{"allow":["GET"]}}],"collection":[{"href":"https:\/\/www.eldiario.net\/portal\/wp-json\/wp\/v2\/posts"}],"about":[{"href":"https:\/\/www.eldiario.net\/portal\/wp-json\/wp\/v2\/types\/post"}],"author":[{"embeddable":true,"href":"https:\/\/www.eldiario.net\/portal\/wp-json\/wp\/v2\/users\/1"}],"replies":[{"embeddable":true,"href":"https:\/\/www.eldiario.net\/portal\/wp-json\/wp\/v2\/comments?post=93921"}],"version-history":[{"count":0,"href":"https:\/\/www.eldiario.net\/portal\/wp-json\/wp\/v2\/posts\/93921\/revisions"}],"wp:attachment":[{"href":"https:\/\/www.eldiario.net\/portal\/wp-json\/wp\/v2\/media?parent=93921"}],"wp:term":[{"taxonomy":"category","embeddable":true,"href":"https:\/\/www.eldiario.net\/portal\/wp-json\/wp\/v2\/categories?post=93921"},{"taxonomy":"post_tag","embeddable":true,"href":"https:\/\/www.eldiario.net\/portal\/wp-json\/wp\/v2\/tags?post=93921"}],"curies":[{"name":"wp","href":"https:\/\/api.w.org\/{rel}","templated":true}]}}