{"id":93918,"date":"2022-06-30T05:51:13","date_gmt":"2022-06-30T09:51:13","guid":{"rendered":"https:\/\/www.eldiario.net\/portal\/?p=93918"},"modified":"2022-06-30T05:51:13","modified_gmt":"2022-06-30T09:51:13","slug":"el-mundo-reconoce-a-jeanine-anez-como-ex-presidenta-y-observa-falta-de-independencia-judicial","status":"publish","type":"post","link":"https:\/\/www.eldiario.net\/portal\/2022\/06\/30\/el-mundo-reconoce-a-jeanine-anez-como-ex-presidenta-y-observa-falta-de-independencia-judicial\/","title":{"rendered":"El mundo reconoce a Jeanine A\u00f1ez como ex presidenta y observa falta de independencia judicial"},"content":{"rendered":"<p>&nbsp;<\/p>\n<p>La Constituci\u00f3n Pol\u00edtica del Estado establece en el Art\u00edculo 115.I que \u201cToda persona ser\u00e1 protegida oportuna y efectivamente por los jueces y tribunales en el ejercicio de sus derechos e intereses leg\u00edtimos. II. El Estado garantiza el derecho al debido proceso, a la defensa y a una justicia plural, pronta, oportuna, gratuita, transparente y sin dilaciones. Art\u00edculo 116. I. Se garantiza la presunci\u00f3n de inocencia. Durante el proceso, en caso de duda sobre la norma aplicable, regir\u00e1 la m\u00e1s favorable al imputado o procesado\u201d.<\/p>\n<p>EL jurista internacional Diego Garc\u00eda-Say\u00e1n,\u00a0 Relator Especial para la independencia judicial de la ONU, en su visita a Bolivia en febrero verific\u00f3 que los preceptos constitucionales NO se cumplen. Dijo en Ginebra que en el caso de Jeanine A\u00f1ez, que ejerci\u00f3 la presidencia entre noviembre de 2019 y 2020, no se cumpli\u00f3 el DEBIDO PROCESO. Desde marzo de 2021 ella se encontraba en prisi\u00f3n preventiva. Observ\u00f3 que:\u00a0 Se limit\u00f3 la aplicaci\u00f3n de la justicia ind\u00edgena originaria, la Retardaci\u00f3n de justicia se debe a C\u00f3digos procesales demasiado formalistas, el tipo penal de incumplimiento de deberes es incompatible con el principio de legalidad. Es deficiente la formaci\u00f3n de jueces y fiscales y es preocupante la corrupci\u00f3n en el sistema judicial.<\/p>\n<p>En el caso de A\u00f1ez se observa los excesos en la pr\u00e1ctica de DETENCI\u00d3N PREVENTIVA. Y 7 de cada 10 procesados est\u00e1n encarcelados sin sentencia, con la tasa de hacinamiento penitenciario que es del 349%. La presentaci\u00f3n de pruebas y la posibilidad de que sean respetados sus derechos no constituyen una injerencia en el sistema judicial boliviano. Hay incumplimiento de principios de publicidad, personas declaradas en rebeld\u00eda son procesadas, restricciones de acceso a la informaci\u00f3n, se prescinde de los testigos afectando sus derechos procesales. En cuanto a la cantidad de partes acusadoras, observ\u00f3 el excesivo n\u00famero de acusadores: tres ministerios, la Fiscal\u00eda, la C\u00e1mara de Senadores y la Procuradur\u00eda para la sentencia de A\u00f1ez, lo que incidi\u00f3 en desequilibrio procesal. La carrera judicial es d\u00e9bil por la alta proporci\u00f3n de jueces transitorios, de 1.134 en la justicia ordinaria y el 47% desempe\u00f1a transitoriamente, con deficiente formaci\u00f3n. Imperan la corrupci\u00f3n y la impunidad frente al delito, con el gran aumento de feminicidios. De los 289 que se produjeron entre 2013 y 2021, solo el 31% ha obtenido sentencia. Y las victimas de Senkata, Sacaba y la zona Sur, en el contexto de la crisis pol\u00edtica de 2019, siguen esperando justicia.<\/p>\n<p>Finalmente observ\u00f3 el sistema de elecci\u00f3n de altas autoridades judiciales. La preselecci\u00f3n de candidatos y candidatas a ser sometidos a votaci\u00f3n es realizada por un \u00d3rgano pol\u00edtico, la sociedad civil NO TIENE participaci\u00f3n en este proceso. Y fue muy baja la participaci\u00f3n del electorado, ganaron los votos blancos o nulos. El Presupuesto del \u00d3rgano Judicial no alcanza al 0,5% del PGE, as\u00ed como hay dualidad entre el Consejo de la Magistratura y la Direcci\u00f3n Administrativa Financiera del Tribunal Supremo, que son ineficientes.<\/p>\n<p>1) La delegaci\u00f3n de la Uni\u00f3n Europea en Ginebra respald\u00f3 el informe de Garc\u00eda-Say\u00e1n, llamando a respetar la independencia de la justicia y las garant\u00edas a favor del ejercicio de la abogac\u00eda. 2) La Canciller\u00eda suiza tuvo conocimiento del an\u00e1lisis del Alto Comisionado para los Derechos Humanos de Naciones Unidas en cuanto a la sentencia contra Jeanine A\u00f1ez e insta a Bolivia a respetar sus obligaciones en esta materia y respalda las observaciones que hizo conocer esa autoridad internacional. Precisamente, sobre este caso, sugieren que Bolivia respete sus obligaciones con la comunidad internacional, las garant\u00edas judiciales, los derechos fundamentales y el debido proceso.\u00a0 3) El Ministerio de Relaciones Exteriores del Reino Unido declar\u00f3 preocupaci\u00f3n por el procedimiento desarrollado por un tribunal ordinario en la sentencia de 10 a\u00f1os de prisi\u00f3n que recibi\u00f3 la expresidenta Jeanine A\u00f1ez y alienta al Gobierno boliviano a encarar \u201cde buena fe una reforma judicial sustancial\u201d por la deficiente formaci\u00f3n de jueces y fiscales, as\u00ed como de corrupci\u00f3n.<\/p>\n<p>Observ\u00f3 el proceso de selecci\u00f3n de las altas autoridades de justicia, que est\u00e1 a cargo de una entidad pol\u00edtica, como la Asamblea Legislativa. Expres\u00f3 su preocupaci\u00f3n por la \u201creuni\u00f3n pol\u00edtica entre l\u00edderes del Gobierno y del MAS, que acordaron que la se\u00f1ora A\u00f1ez sea sometida a un proceso ordinario y no a juicio de responsabilidades\u201d.<\/p>\n<p>&nbsp;<\/p>\n<p><em>Ang\u00e9lica Siles Parrado, Abogada \u2013 Economista, ex Asamble\u00edsta Constituyente<\/em><\/p>\n","protected":false},"excerpt":{"rendered":"<p>&nbsp; La Constituci\u00f3n Pol\u00edtica del Estado establece en el Art\u00edculo 115.I que \u201cToda persona ser\u00e1 protegida oportuna y efectivamente por los jueces y tribunales en el ejercicio de sus derechos e intereses leg\u00edtimos. II. El Estado garantiza el derecho al debido proceso, a la defensa y a una justicia plural, pronta, oportuna, gratuita, transparente y [&hellip;]<\/p>\n","protected":false},"author":1,"featured_media":2714,"comment_status":"closed","ping_status":"closed","sticky":false,"template":"","format":"standard","meta":{"_acf_changed":false,"footnotes":""},"categories":[9],"tags":[],"class_list":["post-93918","post","type-post","status-publish","format-standard","has-post-thumbnail","category-opinion"],"acf":{"antetitulo":""},"yoast_head":"<!-- This site is optimized with the Yoast SEO plugin v28.4 - https:\/\/yoast.com\/product\/yoast-seo-wordpress\/ -->\n<title>El mundo reconoce a Jeanine A\u00f1ez como ex presidenta y observa falta de independencia judicial - El Diario - Bolivia<\/title>\n<meta name=\"robots\" content=\"index, follow, max-snippet:-1, max-image-preview:large, max-video-preview:-1\" \/>\n<link rel=\"canonical\" href=\"https:\/\/www.eldiario.net\/portal\/2022\/06\/30\/el-mundo-reconoce-a-jeanine-anez-como-ex-presidenta-y-observa-falta-de-independencia-judicial\/\" \/>\n<meta property=\"og:locale\" content=\"es_ES\" \/>\n<meta property=\"og:type\" content=\"article\" \/>\n<meta property=\"og:title\" content=\"El mundo reconoce a Jeanine A\u00f1ez como ex presidenta y observa falta de independencia judicial - El Diario - Bolivia\" \/>\n<meta property=\"og:description\" content=\"&nbsp; La Constituci\u00f3n Pol\u00edtica del Estado establece en el Art\u00edculo 115.I que \u201cToda persona ser\u00e1 protegida oportuna y efectivamente por los jueces y tribunales en el ejercicio de sus derechos e intereses leg\u00edtimos. II. El Estado garantiza el derecho al debido proceso, a la defensa y a una justicia plural, pronta, oportuna, gratuita, transparente y [&hellip;]\" \/>\n<meta property=\"og:url\" content=\"https:\/\/www.eldiario.net\/portal\/2022\/06\/30\/el-mundo-reconoce-a-jeanine-anez-como-ex-presidenta-y-observa-falta-de-independencia-judicial\/\" \/>\n<meta property=\"og:site_name\" content=\"El Diario - Bolivia\" \/>\n<meta property=\"article:publisher\" content=\"https:\/\/www.facebook.com\/eldiario.bolivia\/\" \/>\n<meta property=\"article:published_time\" content=\"2022-06-30T09:51:13+00:00\" \/>\n<meta property=\"og:image\" content=\"https:\/\/www.eldiario.net\/portal\/wp-content\/uploads\/2021\/04\/angelica_siles-1.jpg\" \/>\n\t<meta property=\"og:image:width\" content=\"1200\" \/>\n\t<meta property=\"og:image:height\" content=\"628\" \/>\n\t<meta property=\"og:image:type\" content=\"image\/jpeg\" \/>\n<meta name=\"author\" content=\"Jeanette\" \/>\n<meta name=\"twitter:card\" content=\"summary_large_image\" \/>\n<meta name=\"twitter:creator\" content=\"@eldiario_net\" \/>\n<meta name=\"twitter:site\" content=\"@eldiario_net\" \/>\n<meta name=\"twitter:label1\" content=\"Escrito por\" \/>\n\t<meta name=\"twitter:data1\" content=\"Jeanette\" \/>\n\t<meta name=\"twitter:label2\" content=\"Tiempo de lectura\" \/>\n\t<meta name=\"twitter:data2\" content=\"4 minutos\" \/>\n<script type=\"application\/ld+json\" class=\"yoast-schema-graph\">{\"@context\":\"https:\\\/\\\/schema.org\",\"@graph\":[{\"@type\":\"Article\",\"@id\":\"https:\\\/\\\/www.eldiario.net\\\/portal\\\/2022\\\/06\\\/30\\\/el-mundo-reconoce-a-jeanine-anez-como-ex-presidenta-y-observa-falta-de-independencia-judicial\\\/#article\",\"isPartOf\":{\"@id\":\"https:\\\/\\\/www.eldiario.net\\\/portal\\\/2022\\\/06\\\/30\\\/el-mundo-reconoce-a-jeanine-anez-como-ex-presidenta-y-observa-falta-de-independencia-judicial\\\/\"},\"author\":{\"name\":\"Jeanette\",\"@id\":\"https:\\\/\\\/www.eldiario.net\\\/portal\\\/#\\\/schema\\\/person\\\/f46445640444750d7d753ccd04ae01b7\"},\"headline\":\"El mundo reconoce a Jeanine A\u00f1ez como ex presidenta y observa falta de independencia judicial\",\"datePublished\":\"2022-06-30T09:51:13+00:00\",\"mainEntityOfPage\":{\"@id\":\"https:\\\/\\\/www.eldiario.net\\\/portal\\\/2022\\\/06\\\/30\\\/el-mundo-reconoce-a-jeanine-anez-como-ex-presidenta-y-observa-falta-de-independencia-judicial\\\/\"},\"wordCount\":775,\"publisher\":{\"@id\":\"https:\\\/\\\/www.eldiario.net\\\/portal\\\/#organization\"},\"image\":{\"@id\":\"https:\\\/\\\/www.eldiario.net\\\/portal\\\/2022\\\/06\\\/30\\\/el-mundo-reconoce-a-jeanine-anez-como-ex-presidenta-y-observa-falta-de-independencia-judicial\\\/#primaryimage\"},\"thumbnailUrl\":\"https:\\\/\\\/www.eldiario.net\\\/portal\\\/wp-content\\\/uploads\\\/2021\\\/04\\\/angelica_siles-1.jpg\",\"articleSection\":[\"Opini\u00f3n\"],\"inLanguage\":\"es\"},{\"@type\":\"WebPage\",\"@id\":\"https:\\\/\\\/www.eldiario.net\\\/portal\\\/2022\\\/06\\\/30\\\/el-mundo-reconoce-a-jeanine-anez-como-ex-presidenta-y-observa-falta-de-independencia-judicial\\\/\",\"url\":\"https:\\\/\\\/www.eldiario.net\\\/portal\\\/2022\\\/06\\\/30\\\/el-mundo-reconoce-a-jeanine-anez-como-ex-presidenta-y-observa-falta-de-independencia-judicial\\\/\",\"name\":\"El mundo reconoce a Jeanine A\u00f1ez como ex presidenta y observa falta de independencia judicial - El Diario - Bolivia\",\"isPartOf\":{\"@id\":\"https:\\\/\\\/www.eldiario.net\\\/portal\\\/#website\"},\"primaryImageOfPage\":{\"@id\":\"https:\\\/\\\/www.eldiario.net\\\/portal\\\/2022\\\/06\\\/30\\\/el-mundo-reconoce-a-jeanine-anez-como-ex-presidenta-y-observa-falta-de-independencia-judicial\\\/#primaryimage\"},\"image\":{\"@id\":\"https:\\\/\\\/www.eldiario.net\\\/portal\\\/2022\\\/06\\\/30\\\/el-mundo-reconoce-a-jeanine-anez-como-ex-presidenta-y-observa-falta-de-independencia-judicial\\\/#primaryimage\"},\"thumbnailUrl\":\"https:\\\/\\\/www.eldiario.net\\\/portal\\\/wp-content\\\/uploads\\\/2021\\\/04\\\/angelica_siles-1.jpg\",\"datePublished\":\"2022-06-30T09:51:13+00:00\",\"breadcrumb\":{\"@id\":\"https:\\\/\\\/www.eldiario.net\\\/portal\\\/2022\\\/06\\\/30\\\/el-mundo-reconoce-a-jeanine-anez-como-ex-presidenta-y-observa-falta-de-independencia-judicial\\\/#breadcrumb\"},\"inLanguage\":\"es\",\"potentialAction\":[{\"@type\":\"ReadAction\",\"target\":[\"https:\\\/\\\/www.eldiario.net\\\/portal\\\/2022\\\/06\\\/30\\\/el-mundo-reconoce-a-jeanine-anez-como-ex-presidenta-y-observa-falta-de-independencia-judicial\\\/\"]}]},{\"@type\":\"ImageObject\",\"inLanguage\":\"es\",\"@id\":\"https:\\\/\\\/www.eldiario.net\\\/portal\\\/2022\\\/06\\\/30\\\/el-mundo-reconoce-a-jeanine-anez-como-ex-presidenta-y-observa-falta-de-independencia-judicial\\\/#primaryimage\",\"url\":\"https:\\\/\\\/www.eldiario.net\\\/portal\\\/wp-content\\\/uploads\\\/2021\\\/04\\\/angelica_siles-1.jpg\",\"contentUrl\":\"https:\\\/\\\/www.eldiario.net\\\/portal\\\/wp-content\\\/uploads\\\/2021\\\/04\\\/angelica_siles-1.jpg\",\"width\":1200,\"height\":628},{\"@type\":\"BreadcrumbList\",\"@id\":\"https:\\\/\\\/www.eldiario.net\\\/portal\\\/2022\\\/06\\\/30\\\/el-mundo-reconoce-a-jeanine-anez-como-ex-presidenta-y-observa-falta-de-independencia-judicial\\\/#breadcrumb\",\"itemListElement\":[{\"@type\":\"ListItem\",\"position\":1,\"name\":\"Portada\",\"item\":\"https:\\\/\\\/www.eldiario.net\\\/portal\\\/\"},{\"@type\":\"ListItem\",\"position\":2,\"name\":\"El mundo reconoce a Jeanine A\u00f1ez como ex presidenta y observa falta de independencia judicial\"}]},{\"@type\":\"WebSite\",\"@id\":\"https:\\\/\\\/www.eldiario.net\\\/portal\\\/#website\",\"url\":\"https:\\\/\\\/www.eldiario.net\\\/portal\\\/\",\"name\":\"El Diario - Decano de la prensa nacional\",\"description\":\"El Diario - Decano de la prensa nacional\",\"publisher\":{\"@id\":\"https:\\\/\\\/www.eldiario.net\\\/portal\\\/#organization\"},\"potentialAction\":[{\"@type\":\"SearchAction\",\"target\":{\"@type\":\"EntryPoint\",\"urlTemplate\":\"https:\\\/\\\/www.eldiario.net\\\/portal\\\/?s={search_term_string}\"},\"query-input\":{\"@type\":\"PropertyValueSpecification\",\"valueRequired\":true,\"valueName\":\"search_term_string\"}}],\"inLanguage\":\"es\"},{\"@type\":\"Organization\",\"@id\":\"https:\\\/\\\/www.eldiario.net\\\/portal\\\/#organization\",\"name\":\"El Diario - Decano de la prensa nacional\",\"url\":\"https:\\\/\\\/www.eldiario.net\\\/portal\\\/\",\"logo\":{\"@type\":\"ImageObject\",\"inLanguage\":\"es\",\"@id\":\"https:\\\/\\\/www.eldiario.net\\\/portal\\\/#\\\/schema\\\/logo\\\/image\\\/\",\"url\":\"https:\\\/\\\/www.eldiario.net\\\/portal\\\/wp-content\\\/uploads\\\/2023\\\/07\\\/logo_ED.jpg\",\"contentUrl\":\"https:\\\/\\\/www.eldiario.net\\\/portal\\\/wp-content\\\/uploads\\\/2023\\\/07\\\/logo_ED.jpg\",\"width\":272,\"height\":52,\"caption\":\"El Diario - Decano de la prensa nacional\"},\"image\":{\"@id\":\"https:\\\/\\\/www.eldiario.net\\\/portal\\\/#\\\/schema\\\/logo\\\/image\\\/\"},\"sameAs\":[\"https:\\\/\\\/www.facebook.com\\\/eldiario.bolivia\\\/\",\"https:\\\/\\\/x.com\\\/eldiario_net\"]},{\"@type\":\"Person\",\"@id\":\"https:\\\/\\\/www.eldiario.net\\\/portal\\\/#\\\/schema\\\/person\\\/f46445640444750d7d753ccd04ae01b7\",\"name\":\"Jeanette\",\"image\":{\"@type\":\"ImageObject\",\"inLanguage\":\"es\",\"@id\":\"https:\\\/\\\/secure.gravatar.com\\\/avatar\\\/3ea2118a5f7dad2b7138b1187a6b7ee55f160b9968b66013c3a3ef39dd7e5798?s=96&d=mm&r=g\",\"url\":\"https:\\\/\\\/secure.gravatar.com\\\/avatar\\\/3ea2118a5f7dad2b7138b1187a6b7ee55f160b9968b66013c3a3ef39dd7e5798?s=96&d=mm&r=g\",\"contentUrl\":\"https:\\\/\\\/secure.gravatar.com\\\/avatar\\\/3ea2118a5f7dad2b7138b1187a6b7ee55f160b9968b66013c3a3ef39dd7e5798?s=96&d=mm&r=g\",\"caption\":\"Jeanette\"},\"sameAs\":[\"https:\\\/\\\/www.eldiario.net\\\/portal\"],\"url\":\"https:\\\/\\\/www.eldiario.net\\\/portal\\\/author\\\/jeanette\\\/\"}]}<\/script>\n<!-- \/ Yoast SEO plugin. -->","yoast_head_json":{"title":"El mundo reconoce a Jeanine A\u00f1ez como ex presidenta y observa falta de independencia judicial - El Diario - Bolivia","robots":{"index":"index","follow":"follow","max-snippet":"max-snippet:-1","max-image-preview":"max-image-preview:large","max-video-preview":"max-video-preview:-1"},"canonical":"https:\/\/www.eldiario.net\/portal\/2022\/06\/30\/el-mundo-reconoce-a-jeanine-anez-como-ex-presidenta-y-observa-falta-de-independencia-judicial\/","og_locale":"es_ES","og_type":"article","og_title":"El mundo reconoce a Jeanine A\u00f1ez como ex presidenta y observa falta de independencia judicial - El Diario - Bolivia","og_description":"&nbsp; La Constituci\u00f3n Pol\u00edtica del Estado establece en el Art\u00edculo 115.I que \u201cToda persona ser\u00e1 protegida oportuna y efectivamente por los jueces y tribunales en el ejercicio de sus derechos e intereses leg\u00edtimos. II. El Estado garantiza el derecho al debido proceso, a la defensa y a una justicia plural, pronta, oportuna, gratuita, transparente y [&hellip;]","og_url":"https:\/\/www.eldiario.net\/portal\/2022\/06\/30\/el-mundo-reconoce-a-jeanine-anez-como-ex-presidenta-y-observa-falta-de-independencia-judicial\/","og_site_name":"El Diario - Bolivia","article_publisher":"https:\/\/www.facebook.com\/eldiario.bolivia\/","article_published_time":"2022-06-30T09:51:13+00:00","og_image":[{"width":1200,"height":628,"url":"https:\/\/www.eldiario.net\/portal\/wp-content\/uploads\/2021\/04\/angelica_siles-1.jpg","type":"image\/jpeg"}],"author":"Jeanette","twitter_card":"summary_large_image","twitter_creator":"@eldiario_net","twitter_site":"@eldiario_net","twitter_misc":{"Escrito por":"Jeanette","Tiempo de lectura":"4 minutos"},"schema":{"@context":"https:\/\/schema.org","@graph":[{"@type":"Article","@id":"https:\/\/www.eldiario.net\/portal\/2022\/06\/30\/el-mundo-reconoce-a-jeanine-anez-como-ex-presidenta-y-observa-falta-de-independencia-judicial\/#article","isPartOf":{"@id":"https:\/\/www.eldiario.net\/portal\/2022\/06\/30\/el-mundo-reconoce-a-jeanine-anez-como-ex-presidenta-y-observa-falta-de-independencia-judicial\/"},"author":{"name":"Jeanette","@id":"https:\/\/www.eldiario.net\/portal\/#\/schema\/person\/f46445640444750d7d753ccd04ae01b7"},"headline":"El mundo reconoce a Jeanine A\u00f1ez como ex presidenta y observa falta de independencia judicial","datePublished":"2022-06-30T09:51:13+00:00","mainEntityOfPage":{"@id":"https:\/\/www.eldiario.net\/portal\/2022\/06\/30\/el-mundo-reconoce-a-jeanine-anez-como-ex-presidenta-y-observa-falta-de-independencia-judicial\/"},"wordCount":775,"publisher":{"@id":"https:\/\/www.eldiario.net\/portal\/#organization"},"image":{"@id":"https:\/\/www.eldiario.net\/portal\/2022\/06\/30\/el-mundo-reconoce-a-jeanine-anez-como-ex-presidenta-y-observa-falta-de-independencia-judicial\/#primaryimage"},"thumbnailUrl":"https:\/\/www.eldiario.net\/portal\/wp-content\/uploads\/2021\/04\/angelica_siles-1.jpg","articleSection":["Opini\u00f3n"],"inLanguage":"es"},{"@type":"WebPage","@id":"https:\/\/www.eldiario.net\/portal\/2022\/06\/30\/el-mundo-reconoce-a-jeanine-anez-como-ex-presidenta-y-observa-falta-de-independencia-judicial\/","url":"https:\/\/www.eldiario.net\/portal\/2022\/06\/30\/el-mundo-reconoce-a-jeanine-anez-como-ex-presidenta-y-observa-falta-de-independencia-judicial\/","name":"El mundo reconoce a Jeanine A\u00f1ez como ex presidenta y observa falta de independencia judicial - El Diario - Bolivia","isPartOf":{"@id":"https:\/\/www.eldiario.net\/portal\/#website"},"primaryImageOfPage":{"@id":"https:\/\/www.eldiario.net\/portal\/2022\/06\/30\/el-mundo-reconoce-a-jeanine-anez-como-ex-presidenta-y-observa-falta-de-independencia-judicial\/#primaryimage"},"image":{"@id":"https:\/\/www.eldiario.net\/portal\/2022\/06\/30\/el-mundo-reconoce-a-jeanine-anez-como-ex-presidenta-y-observa-falta-de-independencia-judicial\/#primaryimage"},"thumbnailUrl":"https:\/\/www.eldiario.net\/portal\/wp-content\/uploads\/2021\/04\/angelica_siles-1.jpg","datePublished":"2022-06-30T09:51:13+00:00","breadcrumb":{"@id":"https:\/\/www.eldiario.net\/portal\/2022\/06\/30\/el-mundo-reconoce-a-jeanine-anez-como-ex-presidenta-y-observa-falta-de-independencia-judicial\/#breadcrumb"},"inLanguage":"es","potentialAction":[{"@type":"ReadAction","target":["https:\/\/www.eldiario.net\/portal\/2022\/06\/30\/el-mundo-reconoce-a-jeanine-anez-como-ex-presidenta-y-observa-falta-de-independencia-judicial\/"]}]},{"@type":"ImageObject","inLanguage":"es","@id":"https:\/\/www.eldiario.net\/portal\/2022\/06\/30\/el-mundo-reconoce-a-jeanine-anez-como-ex-presidenta-y-observa-falta-de-independencia-judicial\/#primaryimage","url":"https:\/\/www.eldiario.net\/portal\/wp-content\/uploads\/2021\/04\/angelica_siles-1.jpg","contentUrl":"https:\/\/www.eldiario.net\/portal\/wp-content\/uploads\/2021\/04\/angelica_siles-1.jpg","width":1200,"height":628},{"@type":"BreadcrumbList","@id":"https:\/\/www.eldiario.net\/portal\/2022\/06\/30\/el-mundo-reconoce-a-jeanine-anez-como-ex-presidenta-y-observa-falta-de-independencia-judicial\/#breadcrumb","itemListElement":[{"@type":"ListItem","position":1,"name":"Portada","item":"https:\/\/www.eldiario.net\/portal\/"},{"@type":"ListItem","position":2,"name":"El mundo reconoce a Jeanine A\u00f1ez como ex presidenta y observa falta de independencia judicial"}]},{"@type":"WebSite","@id":"https:\/\/www.eldiario.net\/portal\/#website","url":"https:\/\/www.eldiario.net\/portal\/","name":"El Diario - Decano de la prensa nacional","description":"El Diario - Decano de la prensa nacional","publisher":{"@id":"https:\/\/www.eldiario.net\/portal\/#organization"},"potentialAction":[{"@type":"SearchAction","target":{"@type":"EntryPoint","urlTemplate":"https:\/\/www.eldiario.net\/portal\/?s={search_term_string}"},"query-input":{"@type":"PropertyValueSpecification","valueRequired":true,"valueName":"search_term_string"}}],"inLanguage":"es"},{"@type":"Organization","@id":"https:\/\/www.eldiario.net\/portal\/#organization","name":"El Diario - Decano de la prensa nacional","url":"https:\/\/www.eldiario.net\/portal\/","logo":{"@type":"ImageObject","inLanguage":"es","@id":"https:\/\/www.eldiario.net\/portal\/#\/schema\/logo\/image\/","url":"https:\/\/www.eldiario.net\/portal\/wp-content\/uploads\/2023\/07\/logo_ED.jpg","contentUrl":"https:\/\/www.eldiario.net\/portal\/wp-content\/uploads\/2023\/07\/logo_ED.jpg","width":272,"height":52,"caption":"El Diario - Decano de la prensa nacional"},"image":{"@id":"https:\/\/www.eldiario.net\/portal\/#\/schema\/logo\/image\/"},"sameAs":["https:\/\/www.facebook.com\/eldiario.bolivia\/","https:\/\/x.com\/eldiario_net"]},{"@type":"Person","@id":"https:\/\/www.eldiario.net\/portal\/#\/schema\/person\/f46445640444750d7d753ccd04ae01b7","name":"Jeanette","image":{"@type":"ImageObject","inLanguage":"es","@id":"https:\/\/secure.gravatar.com\/avatar\/3ea2118a5f7dad2b7138b1187a6b7ee55f160b9968b66013c3a3ef39dd7e5798?s=96&d=mm&r=g","url":"https:\/\/secure.gravatar.com\/avatar\/3ea2118a5f7dad2b7138b1187a6b7ee55f160b9968b66013c3a3ef39dd7e5798?s=96&d=mm&r=g","contentUrl":"https:\/\/secure.gravatar.com\/avatar\/3ea2118a5f7dad2b7138b1187a6b7ee55f160b9968b66013c3a3ef39dd7e5798?s=96&d=mm&r=g","caption":"Jeanette"},"sameAs":["https:\/\/www.eldiario.net\/portal"],"url":"https:\/\/www.eldiario.net\/portal\/author\/jeanette\/"}]}},"_links":{"self":[{"href":"https:\/\/www.eldiario.net\/portal\/wp-json\/wp\/v2\/posts\/93918","targetHints":{"allow":["GET"]}}],"collection":[{"href":"https:\/\/www.eldiario.net\/portal\/wp-json\/wp\/v2\/posts"}],"about":[{"href":"https:\/\/www.eldiario.net\/portal\/wp-json\/wp\/v2\/types\/post"}],"author":[{"embeddable":true,"href":"https:\/\/www.eldiario.net\/portal\/wp-json\/wp\/v2\/users\/1"}],"replies":[{"embeddable":true,"href":"https:\/\/www.eldiario.net\/portal\/wp-json\/wp\/v2\/comments?post=93918"}],"version-history":[{"count":0,"href":"https:\/\/www.eldiario.net\/portal\/wp-json\/wp\/v2\/posts\/93918\/revisions"}],"wp:featuredmedia":[{"embeddable":true,"href":"https:\/\/www.eldiario.net\/portal\/wp-json\/wp\/v2\/media\/2714"}],"wp:attachment":[{"href":"https:\/\/www.eldiario.net\/portal\/wp-json\/wp\/v2\/media?parent=93918"}],"wp:term":[{"taxonomy":"category","embeddable":true,"href":"https:\/\/www.eldiario.net\/portal\/wp-json\/wp\/v2\/categories?post=93918"},{"taxonomy":"post_tag","embeddable":true,"href":"https:\/\/www.eldiario.net\/portal\/wp-json\/wp\/v2\/tags?post=93918"}],"curies":[{"name":"wp","href":"https:\/\/api.w.org\/{rel}","templated":true}]}}