{"id":93915,"date":"2022-06-30T05:50:13","date_gmt":"2022-06-30T09:50:13","guid":{"rendered":"https:\/\/www.eldiario.net\/portal\/?p=93915"},"modified":"2022-06-30T05:50:13","modified_gmt":"2022-06-30T09:50:13","slug":"importancia-de-la-libreta-escolar","status":"publish","type":"post","link":"https:\/\/www.eldiario.net\/portal\/2022\/06\/30\/importancia-de-la-libreta-escolar\/","title":{"rendered":"Importancia de la libreta escolar"},"content":{"rendered":"<p>Concluido el primer trimestre de la gesti\u00f3n escolar 2022, con procesos de nivelaci\u00f3n de conocimientos, avance de contenidos curriculares y evaluaciones orales y escritas en el Subsistema de Educaci\u00f3n Regular (inicial-primaria-secundaria); ahora la tarea de sistematizaci\u00f3n y transcripci\u00f3n de las calificaciones en las libretas escolares y posterior env\u00edo a los padres de familia, es responsabilidad exclusiva de los maestros de aula y especialidades.<\/p>\n<p>En el art\u00edculo 53 del Reglamento de Evaluaci\u00f3n del Desarrollo Curricular (2013) la libreta escolar est\u00e1 concebida como: \u201cinstrumento de comunicaci\u00f3n oficial y de acreditaci\u00f3n de los resultados logrados por los estudiantes\u201d. En la R.M. 001\/2022, art\u00edculo 42, dispone acceso a las libretas electr\u00f3nicas a todos los actores educativos en sitio web: siged.sie.gob.bo. Afirma: \u201cLas madres y padres de familia tendr\u00e1n acceso a trav\u00e9s del c\u00f3digo Registro \u00danico de Estudiante (RUDE), o carnet de identidad o fecha de nacimiento del estudiante a la libreta electr\u00f3nica en l\u00ednea\u201d.<\/p>\n<p>Sin embargo, la importancia de la libreta electr\u00f3nica es muy poco comprendida y poco usada inform\u00e1ticamente por los padres de familia y estudiantes, quienes por desconocimiento y contrase\u00f1as de seguridad restringidos que imponen los directivos, no acceden a la plataforma virtual. Se observa tambi\u00e9n un fen\u00f3meno de menosprecio, descuido e incluso apat\u00eda de los tutores ante el instrumento de comunicaci\u00f3n oficial; ya no se valora y hace seguimiento minucioso, como antes se hac\u00eda, a la libreta de calificaciones de los estudiantes.<\/p>\n<p>La importancia de la libreta escolar radica en que es un documento de informaci\u00f3n oficial, que refleja claramente el proceso formativo, seguido por los estudiantes en un determinado trimestre. Muestra el aprovechamiento acad\u00e9mico de cada alumno y, por supuesto, la acumulaci\u00f3n de conocimientos que consigue en la escuela. Antes el maestro ten\u00eda la potestad de observar, advertir y alertar a los estudiantes que estaban a punto de perder una materia, trimestre o a\u00f1o; registrando con bol\u00edgrafo rojo notas reprobadas. Advertencia y alarma que ha quedado prohibido, desafortunadamente, para los maestros.<\/p>\n<p>El antecedente de \u201caprobaci\u00f3n autom\u00e1tica\u201d, ejecutado en la gesti\u00f3n 2020, por motivos de pandemia sanitaria e inoperancia t\u00e9cnica administrativa de las autoridades del Ministro de Educaci\u00f3n de ese entonces, incide actualmente en la concepci\u00f3n de la importancia de la evaluaci\u00f3n educativa. Mal acostumbraron a los padres de familia, que ahora piensan que su hijo\/a puede aprobar o pasar de curso sin estudiar y cumplir rigurosamente los contenidos del plan de estudios. Los malos h\u00e1bitos quedaron en la colectividad, herencia de la pandemia covid-19.<\/p>\n<p>El reglamento de evaluaci\u00f3n (Art. 24) aduce que en nivel inicial: \u201cla promoci\u00f3n se da previo cumplimiento del plan de estudios (valoraci\u00f3n apreciativa)\u201d. En nivel primario, determina: \u201cla obligatoriedad de cumplimiento de la valoraci\u00f3n cualitativa y cuantitativa, basado en la formaci\u00f3n integral y logro de resultados planteados en los objetivos hol\u00edsticos\u201d; aprobar un curso en este nivel depende del promedio general de todas las \u00e1reas de saberes y conocimientos equivalente a 51 puntos. Y, en secundaria, la promoci\u00f3n se alcanza: \u201cobteniendo promedios anuales en cada \u00e1rea de saberes y conocimientos, iguales o superiores a 51 puntos\u201d. Reprobar una materia o \u00e1rea con calificaciones menores a lo se\u00f1alado, es motivo de p\u00e9rdida del curso.<\/p>\n<p>La libreta escolar es un instrumento de comunicaci\u00f3n oficial, que los padres de familia deben exigir su entrega trimestral a los profesores y valorar la informaci\u00f3n que contiene, porque en ella se registra calificaciones y aprovechamiento acad\u00e9mico de cada estudiante. Nuestro deber es efectuar seguimiento, recoger y firmar la libreta escolar trimestralmente. No s\u00f3lo se trata de inscribir a los hijos en la escuela y luego desaparecer hasta la clausura.<\/p>\n","protected":false},"excerpt":{"rendered":"<p>Concluido el primer trimestre de la gesti\u00f3n escolar 2022, con procesos de nivelaci\u00f3n de conocimientos, avance de contenidos curriculares y evaluaciones orales y escritas en el Subsistema de Educaci\u00f3n Regular (inicial-primaria-secundaria); ahora la tarea de sistematizaci\u00f3n y transcripci\u00f3n de las calificaciones en las libretas escolares y posterior env\u00edo a los padres de familia, es responsabilidad [&hellip;]<\/p>\n","protected":false},"author":1,"featured_media":47214,"comment_status":"closed","ping_status":"closed","sticky":false,"template":"","format":"standard","meta":{"_acf_changed":false,"footnotes":""},"categories":[9],"tags":[],"class_list":["post-93915","post","type-post","status-publish","format-standard","has-post-thumbnail","category-opinion"],"acf":{"antetitulo":""},"yoast_head":"<!-- This site is optimized with the Yoast SEO plugin v28.4 - https:\/\/yoast.com\/product\/yoast-seo-wordpress\/ -->\n<title>Importancia de la libreta escolar - El Diario - Bolivia<\/title>\n<meta name=\"robots\" content=\"index, follow, max-snippet:-1, max-image-preview:large, max-video-preview:-1\" \/>\n<link rel=\"canonical\" href=\"https:\/\/www.eldiario.net\/portal\/2022\/06\/30\/importancia-de-la-libreta-escolar\/\" \/>\n<meta property=\"og:locale\" content=\"es_ES\" \/>\n<meta property=\"og:type\" content=\"article\" \/>\n<meta property=\"og:title\" content=\"Importancia de la libreta escolar - El Diario - Bolivia\" \/>\n<meta property=\"og:description\" content=\"Concluido el primer trimestre de la gesti\u00f3n escolar 2022, con procesos de nivelaci\u00f3n de conocimientos, avance de contenidos curriculares y evaluaciones orales y escritas en el Subsistema de Educaci\u00f3n Regular (inicial-primaria-secundaria); ahora la tarea de sistematizaci\u00f3n y transcripci\u00f3n de las calificaciones en las libretas escolares y posterior env\u00edo a los padres de familia, es responsabilidad [&hellip;]\" \/>\n<meta property=\"og:url\" content=\"https:\/\/www.eldiario.net\/portal\/2022\/06\/30\/importancia-de-la-libreta-escolar\/\" \/>\n<meta property=\"og:site_name\" content=\"El Diario - Bolivia\" \/>\n<meta property=\"article:publisher\" content=\"https:\/\/www.facebook.com\/eldiario.bolivia\/\" \/>\n<meta property=\"article:published_time\" content=\"2022-06-30T09:50:13+00:00\" \/>\n<meta name=\"author\" content=\"Jeanette\" \/>\n<meta name=\"twitter:card\" content=\"summary_large_image\" \/>\n<meta name=\"twitter:creator\" content=\"@eldiario_net\" \/>\n<meta name=\"twitter:site\" content=\"@eldiario_net\" \/>\n<meta name=\"twitter:label1\" content=\"Escrito por\" \/>\n\t<meta name=\"twitter:data1\" content=\"Jeanette\" \/>\n\t<meta name=\"twitter:label2\" content=\"Tiempo de lectura\" \/>\n\t<meta name=\"twitter:data2\" content=\"3 minutos\" \/>\n<script type=\"application\/ld+json\" class=\"yoast-schema-graph\">{\"@context\":\"https:\\\/\\\/schema.org\",\"@graph\":[{\"@type\":\"Article\",\"@id\":\"https:\\\/\\\/www.eldiario.net\\\/portal\\\/2022\\\/06\\\/30\\\/importancia-de-la-libreta-escolar\\\/#article\",\"isPartOf\":{\"@id\":\"https:\\\/\\\/www.eldiario.net\\\/portal\\\/2022\\\/06\\\/30\\\/importancia-de-la-libreta-escolar\\\/\"},\"author\":{\"name\":\"Jeanette\",\"@id\":\"https:\\\/\\\/www.eldiario.net\\\/portal\\\/#\\\/schema\\\/person\\\/f46445640444750d7d753ccd04ae01b7\"},\"headline\":\"Importancia de la libreta escolar\",\"datePublished\":\"2022-06-30T09:50:13+00:00\",\"mainEntityOfPage\":{\"@id\":\"https:\\\/\\\/www.eldiario.net\\\/portal\\\/2022\\\/06\\\/30\\\/importancia-de-la-libreta-escolar\\\/\"},\"wordCount\":640,\"publisher\":{\"@id\":\"https:\\\/\\\/www.eldiario.net\\\/portal\\\/#organization\"},\"image\":{\"@id\":\"https:\\\/\\\/www.eldiario.net\\\/portal\\\/2022\\\/06\\\/30\\\/importancia-de-la-libreta-escolar\\\/#primaryimage\"},\"thumbnailUrl\":\"\",\"articleSection\":[\"Opini\u00f3n\"],\"inLanguage\":\"es\"},{\"@type\":\"WebPage\",\"@id\":\"https:\\\/\\\/www.eldiario.net\\\/portal\\\/2022\\\/06\\\/30\\\/importancia-de-la-libreta-escolar\\\/\",\"url\":\"https:\\\/\\\/www.eldiario.net\\\/portal\\\/2022\\\/06\\\/30\\\/importancia-de-la-libreta-escolar\\\/\",\"name\":\"Importancia de la libreta escolar - El Diario - Bolivia\",\"isPartOf\":{\"@id\":\"https:\\\/\\\/www.eldiario.net\\\/portal\\\/#website\"},\"primaryImageOfPage\":{\"@id\":\"https:\\\/\\\/www.eldiario.net\\\/portal\\\/2022\\\/06\\\/30\\\/importancia-de-la-libreta-escolar\\\/#primaryimage\"},\"image\":{\"@id\":\"https:\\\/\\\/www.eldiario.net\\\/portal\\\/2022\\\/06\\\/30\\\/importancia-de-la-libreta-escolar\\\/#primaryimage\"},\"thumbnailUrl\":\"\",\"datePublished\":\"2022-06-30T09:50:13+00:00\",\"breadcrumb\":{\"@id\":\"https:\\\/\\\/www.eldiario.net\\\/portal\\\/2022\\\/06\\\/30\\\/importancia-de-la-libreta-escolar\\\/#breadcrumb\"},\"inLanguage\":\"es\",\"potentialAction\":[{\"@type\":\"ReadAction\",\"target\":[\"https:\\\/\\\/www.eldiario.net\\\/portal\\\/2022\\\/06\\\/30\\\/importancia-de-la-libreta-escolar\\\/\"]}]},{\"@type\":\"ImageObject\",\"inLanguage\":\"es\",\"@id\":\"https:\\\/\\\/www.eldiario.net\\\/portal\\\/2022\\\/06\\\/30\\\/importancia-de-la-libreta-escolar\\\/#primaryimage\",\"url\":\"\",\"contentUrl\":\"\"},{\"@type\":\"BreadcrumbList\",\"@id\":\"https:\\\/\\\/www.eldiario.net\\\/portal\\\/2022\\\/06\\\/30\\\/importancia-de-la-libreta-escolar\\\/#breadcrumb\",\"itemListElement\":[{\"@type\":\"ListItem\",\"position\":1,\"name\":\"Portada\",\"item\":\"https:\\\/\\\/www.eldiario.net\\\/portal\\\/\"},{\"@type\":\"ListItem\",\"position\":2,\"name\":\"Importancia de la libreta escolar\"}]},{\"@type\":\"WebSite\",\"@id\":\"https:\\\/\\\/www.eldiario.net\\\/portal\\\/#website\",\"url\":\"https:\\\/\\\/www.eldiario.net\\\/portal\\\/\",\"name\":\"El Diario - Decano de la prensa nacional\",\"description\":\"El Diario - Decano de la prensa nacional\",\"publisher\":{\"@id\":\"https:\\\/\\\/www.eldiario.net\\\/portal\\\/#organization\"},\"potentialAction\":[{\"@type\":\"SearchAction\",\"target\":{\"@type\":\"EntryPoint\",\"urlTemplate\":\"https:\\\/\\\/www.eldiario.net\\\/portal\\\/?s={search_term_string}\"},\"query-input\":{\"@type\":\"PropertyValueSpecification\",\"valueRequired\":true,\"valueName\":\"search_term_string\"}}],\"inLanguage\":\"es\"},{\"@type\":\"Organization\",\"@id\":\"https:\\\/\\\/www.eldiario.net\\\/portal\\\/#organization\",\"name\":\"El Diario - Decano de la prensa nacional\",\"url\":\"https:\\\/\\\/www.eldiario.net\\\/portal\\\/\",\"logo\":{\"@type\":\"ImageObject\",\"inLanguage\":\"es\",\"@id\":\"https:\\\/\\\/www.eldiario.net\\\/portal\\\/#\\\/schema\\\/logo\\\/image\\\/\",\"url\":\"https:\\\/\\\/www.eldiario.net\\\/portal\\\/wp-content\\\/uploads\\\/2023\\\/07\\\/logo_ED.jpg\",\"contentUrl\":\"https:\\\/\\\/www.eldiario.net\\\/portal\\\/wp-content\\\/uploads\\\/2023\\\/07\\\/logo_ED.jpg\",\"width\":272,\"height\":52,\"caption\":\"El Diario - Decano de la prensa nacional\"},\"image\":{\"@id\":\"https:\\\/\\\/www.eldiario.net\\\/portal\\\/#\\\/schema\\\/logo\\\/image\\\/\"},\"sameAs\":[\"https:\\\/\\\/www.facebook.com\\\/eldiario.bolivia\\\/\",\"https:\\\/\\\/x.com\\\/eldiario_net\"]},{\"@type\":\"Person\",\"@id\":\"https:\\\/\\\/www.eldiario.net\\\/portal\\\/#\\\/schema\\\/person\\\/f46445640444750d7d753ccd04ae01b7\",\"name\":\"Jeanette\",\"image\":{\"@type\":\"ImageObject\",\"inLanguage\":\"es\",\"@id\":\"https:\\\/\\\/secure.gravatar.com\\\/avatar\\\/3ea2118a5f7dad2b7138b1187a6b7ee55f160b9968b66013c3a3ef39dd7e5798?s=96&d=mm&r=g\",\"url\":\"https:\\\/\\\/secure.gravatar.com\\\/avatar\\\/3ea2118a5f7dad2b7138b1187a6b7ee55f160b9968b66013c3a3ef39dd7e5798?s=96&d=mm&r=g\",\"contentUrl\":\"https:\\\/\\\/secure.gravatar.com\\\/avatar\\\/3ea2118a5f7dad2b7138b1187a6b7ee55f160b9968b66013c3a3ef39dd7e5798?s=96&d=mm&r=g\",\"caption\":\"Jeanette\"},\"sameAs\":[\"https:\\\/\\\/www.eldiario.net\\\/portal\"],\"url\":\"https:\\\/\\\/www.eldiario.net\\\/portal\\\/author\\\/jeanette\\\/\"}]}<\/script>\n<!-- \/ Yoast SEO plugin. -->","yoast_head_json":{"title":"Importancia de la libreta escolar - El Diario - Bolivia","robots":{"index":"index","follow":"follow","max-snippet":"max-snippet:-1","max-image-preview":"max-image-preview:large","max-video-preview":"max-video-preview:-1"},"canonical":"https:\/\/www.eldiario.net\/portal\/2022\/06\/30\/importancia-de-la-libreta-escolar\/","og_locale":"es_ES","og_type":"article","og_title":"Importancia de la libreta escolar - El Diario - Bolivia","og_description":"Concluido el primer trimestre de la gesti\u00f3n escolar 2022, con procesos de nivelaci\u00f3n de conocimientos, avance de contenidos curriculares y evaluaciones orales y escritas en el Subsistema de Educaci\u00f3n Regular (inicial-primaria-secundaria); ahora la tarea de sistematizaci\u00f3n y transcripci\u00f3n de las calificaciones en las libretas escolares y posterior env\u00edo a los padres de familia, es responsabilidad [&hellip;]","og_url":"https:\/\/www.eldiario.net\/portal\/2022\/06\/30\/importancia-de-la-libreta-escolar\/","og_site_name":"El Diario - Bolivia","article_publisher":"https:\/\/www.facebook.com\/eldiario.bolivia\/","article_published_time":"2022-06-30T09:50:13+00:00","author":"Jeanette","twitter_card":"summary_large_image","twitter_creator":"@eldiario_net","twitter_site":"@eldiario_net","twitter_misc":{"Escrito por":"Jeanette","Tiempo de lectura":"3 minutos"},"schema":{"@context":"https:\/\/schema.org","@graph":[{"@type":"Article","@id":"https:\/\/www.eldiario.net\/portal\/2022\/06\/30\/importancia-de-la-libreta-escolar\/#article","isPartOf":{"@id":"https:\/\/www.eldiario.net\/portal\/2022\/06\/30\/importancia-de-la-libreta-escolar\/"},"author":{"name":"Jeanette","@id":"https:\/\/www.eldiario.net\/portal\/#\/schema\/person\/f46445640444750d7d753ccd04ae01b7"},"headline":"Importancia de la libreta escolar","datePublished":"2022-06-30T09:50:13+00:00","mainEntityOfPage":{"@id":"https:\/\/www.eldiario.net\/portal\/2022\/06\/30\/importancia-de-la-libreta-escolar\/"},"wordCount":640,"publisher":{"@id":"https:\/\/www.eldiario.net\/portal\/#organization"},"image":{"@id":"https:\/\/www.eldiario.net\/portal\/2022\/06\/30\/importancia-de-la-libreta-escolar\/#primaryimage"},"thumbnailUrl":"","articleSection":["Opini\u00f3n"],"inLanguage":"es"},{"@type":"WebPage","@id":"https:\/\/www.eldiario.net\/portal\/2022\/06\/30\/importancia-de-la-libreta-escolar\/","url":"https:\/\/www.eldiario.net\/portal\/2022\/06\/30\/importancia-de-la-libreta-escolar\/","name":"Importancia de la libreta escolar - El Diario - Bolivia","isPartOf":{"@id":"https:\/\/www.eldiario.net\/portal\/#website"},"primaryImageOfPage":{"@id":"https:\/\/www.eldiario.net\/portal\/2022\/06\/30\/importancia-de-la-libreta-escolar\/#primaryimage"},"image":{"@id":"https:\/\/www.eldiario.net\/portal\/2022\/06\/30\/importancia-de-la-libreta-escolar\/#primaryimage"},"thumbnailUrl":"","datePublished":"2022-06-30T09:50:13+00:00","breadcrumb":{"@id":"https:\/\/www.eldiario.net\/portal\/2022\/06\/30\/importancia-de-la-libreta-escolar\/#breadcrumb"},"inLanguage":"es","potentialAction":[{"@type":"ReadAction","target":["https:\/\/www.eldiario.net\/portal\/2022\/06\/30\/importancia-de-la-libreta-escolar\/"]}]},{"@type":"ImageObject","inLanguage":"es","@id":"https:\/\/www.eldiario.net\/portal\/2022\/06\/30\/importancia-de-la-libreta-escolar\/#primaryimage","url":"","contentUrl":""},{"@type":"BreadcrumbList","@id":"https:\/\/www.eldiario.net\/portal\/2022\/06\/30\/importancia-de-la-libreta-escolar\/#breadcrumb","itemListElement":[{"@type":"ListItem","position":1,"name":"Portada","item":"https:\/\/www.eldiario.net\/portal\/"},{"@type":"ListItem","position":2,"name":"Importancia de la libreta escolar"}]},{"@type":"WebSite","@id":"https:\/\/www.eldiario.net\/portal\/#website","url":"https:\/\/www.eldiario.net\/portal\/","name":"El Diario - Decano de la prensa nacional","description":"El Diario - Decano de la prensa nacional","publisher":{"@id":"https:\/\/www.eldiario.net\/portal\/#organization"},"potentialAction":[{"@type":"SearchAction","target":{"@type":"EntryPoint","urlTemplate":"https:\/\/www.eldiario.net\/portal\/?s={search_term_string}"},"query-input":{"@type":"PropertyValueSpecification","valueRequired":true,"valueName":"search_term_string"}}],"inLanguage":"es"},{"@type":"Organization","@id":"https:\/\/www.eldiario.net\/portal\/#organization","name":"El Diario - Decano de la prensa nacional","url":"https:\/\/www.eldiario.net\/portal\/","logo":{"@type":"ImageObject","inLanguage":"es","@id":"https:\/\/www.eldiario.net\/portal\/#\/schema\/logo\/image\/","url":"https:\/\/www.eldiario.net\/portal\/wp-content\/uploads\/2023\/07\/logo_ED.jpg","contentUrl":"https:\/\/www.eldiario.net\/portal\/wp-content\/uploads\/2023\/07\/logo_ED.jpg","width":272,"height":52,"caption":"El Diario - Decano de la prensa nacional"},"image":{"@id":"https:\/\/www.eldiario.net\/portal\/#\/schema\/logo\/image\/"},"sameAs":["https:\/\/www.facebook.com\/eldiario.bolivia\/","https:\/\/x.com\/eldiario_net"]},{"@type":"Person","@id":"https:\/\/www.eldiario.net\/portal\/#\/schema\/person\/f46445640444750d7d753ccd04ae01b7","name":"Jeanette","image":{"@type":"ImageObject","inLanguage":"es","@id":"https:\/\/secure.gravatar.com\/avatar\/3ea2118a5f7dad2b7138b1187a6b7ee55f160b9968b66013c3a3ef39dd7e5798?s=96&d=mm&r=g","url":"https:\/\/secure.gravatar.com\/avatar\/3ea2118a5f7dad2b7138b1187a6b7ee55f160b9968b66013c3a3ef39dd7e5798?s=96&d=mm&r=g","contentUrl":"https:\/\/secure.gravatar.com\/avatar\/3ea2118a5f7dad2b7138b1187a6b7ee55f160b9968b66013c3a3ef39dd7e5798?s=96&d=mm&r=g","caption":"Jeanette"},"sameAs":["https:\/\/www.eldiario.net\/portal"],"url":"https:\/\/www.eldiario.net\/portal\/author\/jeanette\/"}]}},"_links":{"self":[{"href":"https:\/\/www.eldiario.net\/portal\/wp-json\/wp\/v2\/posts\/93915","targetHints":{"allow":["GET"]}}],"collection":[{"href":"https:\/\/www.eldiario.net\/portal\/wp-json\/wp\/v2\/posts"}],"about":[{"href":"https:\/\/www.eldiario.net\/portal\/wp-json\/wp\/v2\/types\/post"}],"author":[{"embeddable":true,"href":"https:\/\/www.eldiario.net\/portal\/wp-json\/wp\/v2\/users\/1"}],"replies":[{"embeddable":true,"href":"https:\/\/www.eldiario.net\/portal\/wp-json\/wp\/v2\/comments?post=93915"}],"version-history":[{"count":0,"href":"https:\/\/www.eldiario.net\/portal\/wp-json\/wp\/v2\/posts\/93915\/revisions"}],"wp:attachment":[{"href":"https:\/\/www.eldiario.net\/portal\/wp-json\/wp\/v2\/media?parent=93915"}],"wp:term":[{"taxonomy":"category","embeddable":true,"href":"https:\/\/www.eldiario.net\/portal\/wp-json\/wp\/v2\/categories?post=93915"},{"taxonomy":"post_tag","embeddable":true,"href":"https:\/\/www.eldiario.net\/portal\/wp-json\/wp\/v2\/tags?post=93915"}],"curies":[{"name":"wp","href":"https:\/\/api.w.org\/{rel}","templated":true}]}}