{"id":93911,"date":"2022-06-29T16:10:55","date_gmt":"2022-06-29T20:10:55","guid":{"rendered":"https:\/\/www.eldiario.net\/portal\/?p=93911"},"modified":"2022-06-29T16:10:55","modified_gmt":"2022-06-29T20:10:55","slug":"la-paz-elige-hoy-a-la-cholita-pacena-y-cholita-kurmi-2022","status":"publish","type":"post","link":"https:\/\/www.eldiario.net\/portal\/2022\/06\/29\/la-paz-elige-hoy-a-la-cholita-pacena-y-cholita-kurmi-2022\/","title":{"rendered":"La Paz elige hoy a la Cholita Pace\u00f1a y Cholita Kurmi 2022"},"content":{"rendered":"<p>Con la presencia de 18 candidatas de 9 macrodistritos de la ciudad de La Paz ser\u00e1 desarrollada la elecci\u00f3n de la Cholita Pace\u00f1a 2022 y Cholita Kurmi 2022. La velada de belleza comenzar\u00e1 a las 20:00 horas de esta noche en la plaza Tejada Sorzano.<br \/>\nDe las candidatas de variadas ocupaciones, desde escaladoras de monta\u00f1as, pasando por due\u00f1as de negocios, estudiantes universitarias hasta licenciadas en distintas \u00e1reas, dos de ellas se convertir\u00e1n en representantes de La Paz y reinar\u00e1n por un a\u00f1o.<br \/>\nSeg\u00fan autoridades ediles, la actividad se efect\u00faa como parte de la promoci\u00f3n y difusi\u00f3n de la Ley Municipal 046, que declara Patrimonio Cultural Intangible del Municipio de La Paz a la Chola Pace\u00f1a, como una forma de revalorizar y recuperar la esencia de la mujer de pollera.<br \/>\nAsimismo, se inform\u00f3 que la velada estar\u00e1 amenizada por las agrupaciones Fruto del Ande, Taqui Acllas y la Banda Municipal Eduardo Caba, adem\u00e1s se contar\u00e1 con la presencia del Ballet Conadanz.<\/p>\n","protected":false},"excerpt":{"rendered":"<p>Con la presencia de 18 candidatas de 9 macrodistritos de la ciudad de La Paz ser\u00e1 desarrollada la elecci\u00f3n de la Cholita Pace\u00f1a 2022 y Cholita Kurmi 2022. La velada de belleza comenzar\u00e1 a las 20:00 horas de esta noche en la plaza Tejada Sorzano. De las candidatas de variadas ocupaciones, desde escaladoras de monta\u00f1as, [&hellip;]<\/p>\n","protected":false},"author":1,"featured_media":93912,"comment_status":"closed","ping_status":"closed","sticky":false,"template":"","format":"standard","meta":{"_acf_changed":false,"footnotes":""},"categories":[15],"tags":[],"class_list":["post-93911","post","type-post","status-publish","format-standard","has-post-thumbnail","category-portada"],"acf":{"antetitulo":""},"yoast_head":"<!-- This site is optimized with the Yoast SEO plugin v28.4 - https:\/\/yoast.com\/product\/yoast-seo-wordpress\/ -->\n<title>La Paz elige hoy a la Cholita Pace\u00f1a y Cholita Kurmi 2022 - El Diario - Bolivia<\/title>\n<meta name=\"robots\" content=\"index, follow, max-snippet:-1, max-image-preview:large, max-video-preview:-1\" \/>\n<link rel=\"canonical\" href=\"https:\/\/www.eldiario.net\/portal\/2022\/06\/29\/la-paz-elige-hoy-a-la-cholita-pacena-y-cholita-kurmi-2022\/\" \/>\n<meta property=\"og:locale\" content=\"es_ES\" \/>\n<meta property=\"og:type\" content=\"article\" \/>\n<meta property=\"og:title\" content=\"La Paz elige hoy a la Cholita Pace\u00f1a y Cholita Kurmi 2022 - El Diario - Bolivia\" \/>\n<meta property=\"og:description\" content=\"Con la presencia de 18 candidatas de 9 macrodistritos de la ciudad de La Paz ser\u00e1 desarrollada la elecci\u00f3n de la Cholita Pace\u00f1a 2022 y Cholita Kurmi 2022. La velada de belleza comenzar\u00e1 a las 20:00 horas de esta noche en la plaza Tejada Sorzano. De las candidatas de variadas ocupaciones, desde escaladoras de monta\u00f1as, [&hellip;]\" \/>\n<meta property=\"og:url\" content=\"https:\/\/www.eldiario.net\/portal\/2022\/06\/29\/la-paz-elige-hoy-a-la-cholita-pacena-y-cholita-kurmi-2022\/\" \/>\n<meta property=\"og:site_name\" content=\"El Diario - Bolivia\" \/>\n<meta property=\"article:publisher\" content=\"https:\/\/www.facebook.com\/eldiario.bolivia\/\" \/>\n<meta property=\"article:published_time\" content=\"2022-06-29T20:10:55+00:00\" \/>\n<meta name=\"author\" content=\"Jeanette\" \/>\n<meta name=\"twitter:card\" content=\"summary_large_image\" \/>\n<meta name=\"twitter:creator\" content=\"@eldiario_net\" \/>\n<meta name=\"twitter:site\" content=\"@eldiario_net\" \/>\n<meta name=\"twitter:label1\" content=\"Escrito por\" \/>\n\t<meta name=\"twitter:data1\" content=\"Jeanette\" \/>\n\t<meta name=\"twitter:label2\" content=\"Tiempo de lectura\" \/>\n\t<meta name=\"twitter:data2\" content=\"1 minuto\" \/>\n<script type=\"application\/ld+json\" class=\"yoast-schema-graph\">{\"@context\":\"https:\\\/\\\/schema.org\",\"@graph\":[{\"@type\":\"Article\",\"@id\":\"https:\\\/\\\/www.eldiario.net\\\/portal\\\/2022\\\/06\\\/29\\\/la-paz-elige-hoy-a-la-cholita-pacena-y-cholita-kurmi-2022\\\/#article\",\"isPartOf\":{\"@id\":\"https:\\\/\\\/www.eldiario.net\\\/portal\\\/2022\\\/06\\\/29\\\/la-paz-elige-hoy-a-la-cholita-pacena-y-cholita-kurmi-2022\\\/\"},\"author\":{\"name\":\"Jeanette\",\"@id\":\"https:\\\/\\\/www.eldiario.net\\\/portal\\\/#\\\/schema\\\/person\\\/2c57cf2b7a7ae032e449e4c9b1019eac\"},\"headline\":\"La Paz elige hoy a la Cholita Pace\u00f1a y Cholita Kurmi 2022\",\"datePublished\":\"2022-06-29T20:10:55+00:00\",\"mainEntityOfPage\":{\"@id\":\"https:\\\/\\\/www.eldiario.net\\\/portal\\\/2022\\\/06\\\/29\\\/la-paz-elige-hoy-a-la-cholita-pacena-y-cholita-kurmi-2022\\\/\"},\"wordCount\":179,\"publisher\":{\"@id\":\"https:\\\/\\\/www.eldiario.net\\\/portal\\\/#organization\"},\"image\":{\"@id\":\"https:\\\/\\\/www.eldiario.net\\\/portal\\\/2022\\\/06\\\/29\\\/la-paz-elige-hoy-a-la-cholita-pacena-y-cholita-kurmi-2022\\\/#primaryimage\"},\"thumbnailUrl\":\"\",\"articleSection\":[\"Portada\"],\"inLanguage\":\"es\"},{\"@type\":\"WebPage\",\"@id\":\"https:\\\/\\\/www.eldiario.net\\\/portal\\\/2022\\\/06\\\/29\\\/la-paz-elige-hoy-a-la-cholita-pacena-y-cholita-kurmi-2022\\\/\",\"url\":\"https:\\\/\\\/www.eldiario.net\\\/portal\\\/2022\\\/06\\\/29\\\/la-paz-elige-hoy-a-la-cholita-pacena-y-cholita-kurmi-2022\\\/\",\"name\":\"La Paz elige hoy a la Cholita Pace\u00f1a y Cholita Kurmi 2022 - El Diario - Bolivia\",\"isPartOf\":{\"@id\":\"https:\\\/\\\/www.eldiario.net\\\/portal\\\/#website\"},\"primaryImageOfPage\":{\"@id\":\"https:\\\/\\\/www.eldiario.net\\\/portal\\\/2022\\\/06\\\/29\\\/la-paz-elige-hoy-a-la-cholita-pacena-y-cholita-kurmi-2022\\\/#primaryimage\"},\"image\":{\"@id\":\"https:\\\/\\\/www.eldiario.net\\\/portal\\\/2022\\\/06\\\/29\\\/la-paz-elige-hoy-a-la-cholita-pacena-y-cholita-kurmi-2022\\\/#primaryimage\"},\"thumbnailUrl\":\"\",\"datePublished\":\"2022-06-29T20:10:55+00:00\",\"breadcrumb\":{\"@id\":\"https:\\\/\\\/www.eldiario.net\\\/portal\\\/2022\\\/06\\\/29\\\/la-paz-elige-hoy-a-la-cholita-pacena-y-cholita-kurmi-2022\\\/#breadcrumb\"},\"inLanguage\":\"es\",\"potentialAction\":[{\"@type\":\"ReadAction\",\"target\":[\"https:\\\/\\\/www.eldiario.net\\\/portal\\\/2022\\\/06\\\/29\\\/la-paz-elige-hoy-a-la-cholita-pacena-y-cholita-kurmi-2022\\\/\"]}]},{\"@type\":\"ImageObject\",\"inLanguage\":\"es\",\"@id\":\"https:\\\/\\\/www.eldiario.net\\\/portal\\\/2022\\\/06\\\/29\\\/la-paz-elige-hoy-a-la-cholita-pacena-y-cholita-kurmi-2022\\\/#primaryimage\",\"url\":\"\",\"contentUrl\":\"\"},{\"@type\":\"BreadcrumbList\",\"@id\":\"https:\\\/\\\/www.eldiario.net\\\/portal\\\/2022\\\/06\\\/29\\\/la-paz-elige-hoy-a-la-cholita-pacena-y-cholita-kurmi-2022\\\/#breadcrumb\",\"itemListElement\":[{\"@type\":\"ListItem\",\"position\":1,\"name\":\"Portada\",\"item\":\"https:\\\/\\\/www.eldiario.net\\\/portal\\\/\"},{\"@type\":\"ListItem\",\"position\":2,\"name\":\"La Paz elige hoy a la Cholita Pace\u00f1a y Cholita Kurmi 2022\"}]},{\"@type\":\"WebSite\",\"@id\":\"https:\\\/\\\/www.eldiario.net\\\/portal\\\/#website\",\"url\":\"https:\\\/\\\/www.eldiario.net\\\/portal\\\/\",\"name\":\"El Diario - Decano de la prensa nacional\",\"description\":\"El Diario - Decano de la prensa nacional\",\"publisher\":{\"@id\":\"https:\\\/\\\/www.eldiario.net\\\/portal\\\/#organization\"},\"potentialAction\":[{\"@type\":\"SearchAction\",\"target\":{\"@type\":\"EntryPoint\",\"urlTemplate\":\"https:\\\/\\\/www.eldiario.net\\\/portal\\\/?s={search_term_string}\"},\"query-input\":{\"@type\":\"PropertyValueSpecification\",\"valueRequired\":true,\"valueName\":\"search_term_string\"}}],\"inLanguage\":\"es\"},{\"@type\":\"Organization\",\"@id\":\"https:\\\/\\\/www.eldiario.net\\\/portal\\\/#organization\",\"name\":\"El Diario - Decano de la prensa nacional\",\"url\":\"https:\\\/\\\/www.eldiario.net\\\/portal\\\/\",\"logo\":{\"@type\":\"ImageObject\",\"inLanguage\":\"es\",\"@id\":\"https:\\\/\\\/www.eldiario.net\\\/portal\\\/#\\\/schema\\\/logo\\\/image\\\/\",\"url\":\"https:\\\/\\\/www.eldiario.net\\\/portal\\\/wp-content\\\/uploads\\\/2023\\\/07\\\/logo_ED.jpg\",\"contentUrl\":\"https:\\\/\\\/www.eldiario.net\\\/portal\\\/wp-content\\\/uploads\\\/2023\\\/07\\\/logo_ED.jpg\",\"width\":272,\"height\":52,\"caption\":\"El Diario - Decano de la prensa nacional\"},\"image\":{\"@id\":\"https:\\\/\\\/www.eldiario.net\\\/portal\\\/#\\\/schema\\\/logo\\\/image\\\/\"},\"sameAs\":[\"https:\\\/\\\/www.facebook.com\\\/eldiario.bolivia\\\/\",\"https:\\\/\\\/x.com\\\/eldiario_net\"]},{\"@type\":\"Person\",\"@id\":\"https:\\\/\\\/www.eldiario.net\\\/portal\\\/#\\\/schema\\\/person\\\/2c57cf2b7a7ae032e449e4c9b1019eac\",\"name\":\"Jeanette\",\"image\":{\"@type\":\"ImageObject\",\"inLanguage\":\"es\",\"@id\":\"https:\\\/\\\/secure.gravatar.com\\\/avatar\\\/3ea2118a5f7dad2b7138b1187a6b7ee55f160b9968b66013c3a3ef39dd7e5798?s=96&d=mm&r=g\",\"url\":\"https:\\\/\\\/secure.gravatar.com\\\/avatar\\\/3ea2118a5f7dad2b7138b1187a6b7ee55f160b9968b66013c3a3ef39dd7e5798?s=96&d=mm&r=g\",\"contentUrl\":\"https:\\\/\\\/secure.gravatar.com\\\/avatar\\\/3ea2118a5f7dad2b7138b1187a6b7ee55f160b9968b66013c3a3ef39dd7e5798?s=96&d=mm&r=g\",\"caption\":\"Jeanette\"},\"sameAs\":[\"https:\\\/\\\/www.eldiario.net\\\/portal\"],\"url\":\"https:\\\/\\\/www.eldiario.net\\\/portal\\\/author\\\/jeanette\\\/\"}]}<\/script>\n<!-- \/ Yoast SEO plugin. -->","yoast_head_json":{"title":"La Paz elige hoy a la Cholita Pace\u00f1a y Cholita Kurmi 2022 - El Diario - Bolivia","robots":{"index":"index","follow":"follow","max-snippet":"max-snippet:-1","max-image-preview":"max-image-preview:large","max-video-preview":"max-video-preview:-1"},"canonical":"https:\/\/www.eldiario.net\/portal\/2022\/06\/29\/la-paz-elige-hoy-a-la-cholita-pacena-y-cholita-kurmi-2022\/","og_locale":"es_ES","og_type":"article","og_title":"La Paz elige hoy a la Cholita Pace\u00f1a y Cholita Kurmi 2022 - El Diario - Bolivia","og_description":"Con la presencia de 18 candidatas de 9 macrodistritos de la ciudad de La Paz ser\u00e1 desarrollada la elecci\u00f3n de la Cholita Pace\u00f1a 2022 y Cholita Kurmi 2022. La velada de belleza comenzar\u00e1 a las 20:00 horas de esta noche en la plaza Tejada Sorzano. De las candidatas de variadas ocupaciones, desde escaladoras de monta\u00f1as, [&hellip;]","og_url":"https:\/\/www.eldiario.net\/portal\/2022\/06\/29\/la-paz-elige-hoy-a-la-cholita-pacena-y-cholita-kurmi-2022\/","og_site_name":"El Diario - Bolivia","article_publisher":"https:\/\/www.facebook.com\/eldiario.bolivia\/","article_published_time":"2022-06-29T20:10:55+00:00","author":"Jeanette","twitter_card":"summary_large_image","twitter_creator":"@eldiario_net","twitter_site":"@eldiario_net","twitter_misc":{"Escrito por":"Jeanette","Tiempo de lectura":"1 minuto"},"schema":{"@context":"https:\/\/schema.org","@graph":[{"@type":"Article","@id":"https:\/\/www.eldiario.net\/portal\/2022\/06\/29\/la-paz-elige-hoy-a-la-cholita-pacena-y-cholita-kurmi-2022\/#article","isPartOf":{"@id":"https:\/\/www.eldiario.net\/portal\/2022\/06\/29\/la-paz-elige-hoy-a-la-cholita-pacena-y-cholita-kurmi-2022\/"},"author":{"name":"Jeanette","@id":"https:\/\/www.eldiario.net\/portal\/#\/schema\/person\/2c57cf2b7a7ae032e449e4c9b1019eac"},"headline":"La Paz elige hoy a la Cholita Pace\u00f1a y Cholita Kurmi 2022","datePublished":"2022-06-29T20:10:55+00:00","mainEntityOfPage":{"@id":"https:\/\/www.eldiario.net\/portal\/2022\/06\/29\/la-paz-elige-hoy-a-la-cholita-pacena-y-cholita-kurmi-2022\/"},"wordCount":179,"publisher":{"@id":"https:\/\/www.eldiario.net\/portal\/#organization"},"image":{"@id":"https:\/\/www.eldiario.net\/portal\/2022\/06\/29\/la-paz-elige-hoy-a-la-cholita-pacena-y-cholita-kurmi-2022\/#primaryimage"},"thumbnailUrl":"","articleSection":["Portada"],"inLanguage":"es"},{"@type":"WebPage","@id":"https:\/\/www.eldiario.net\/portal\/2022\/06\/29\/la-paz-elige-hoy-a-la-cholita-pacena-y-cholita-kurmi-2022\/","url":"https:\/\/www.eldiario.net\/portal\/2022\/06\/29\/la-paz-elige-hoy-a-la-cholita-pacena-y-cholita-kurmi-2022\/","name":"La Paz elige hoy a la Cholita Pace\u00f1a y Cholita Kurmi 2022 - El Diario - Bolivia","isPartOf":{"@id":"https:\/\/www.eldiario.net\/portal\/#website"},"primaryImageOfPage":{"@id":"https:\/\/www.eldiario.net\/portal\/2022\/06\/29\/la-paz-elige-hoy-a-la-cholita-pacena-y-cholita-kurmi-2022\/#primaryimage"},"image":{"@id":"https:\/\/www.eldiario.net\/portal\/2022\/06\/29\/la-paz-elige-hoy-a-la-cholita-pacena-y-cholita-kurmi-2022\/#primaryimage"},"thumbnailUrl":"","datePublished":"2022-06-29T20:10:55+00:00","breadcrumb":{"@id":"https:\/\/www.eldiario.net\/portal\/2022\/06\/29\/la-paz-elige-hoy-a-la-cholita-pacena-y-cholita-kurmi-2022\/#breadcrumb"},"inLanguage":"es","potentialAction":[{"@type":"ReadAction","target":["https:\/\/www.eldiario.net\/portal\/2022\/06\/29\/la-paz-elige-hoy-a-la-cholita-pacena-y-cholita-kurmi-2022\/"]}]},{"@type":"ImageObject","inLanguage":"es","@id":"https:\/\/www.eldiario.net\/portal\/2022\/06\/29\/la-paz-elige-hoy-a-la-cholita-pacena-y-cholita-kurmi-2022\/#primaryimage","url":"","contentUrl":""},{"@type":"BreadcrumbList","@id":"https:\/\/www.eldiario.net\/portal\/2022\/06\/29\/la-paz-elige-hoy-a-la-cholita-pacena-y-cholita-kurmi-2022\/#breadcrumb","itemListElement":[{"@type":"ListItem","position":1,"name":"Portada","item":"https:\/\/www.eldiario.net\/portal\/"},{"@type":"ListItem","position":2,"name":"La Paz elige hoy a la Cholita Pace\u00f1a y Cholita Kurmi 2022"}]},{"@type":"WebSite","@id":"https:\/\/www.eldiario.net\/portal\/#website","url":"https:\/\/www.eldiario.net\/portal\/","name":"El Diario - Decano de la prensa nacional","description":"El Diario - Decano de la prensa nacional","publisher":{"@id":"https:\/\/www.eldiario.net\/portal\/#organization"},"potentialAction":[{"@type":"SearchAction","target":{"@type":"EntryPoint","urlTemplate":"https:\/\/www.eldiario.net\/portal\/?s={search_term_string}"},"query-input":{"@type":"PropertyValueSpecification","valueRequired":true,"valueName":"search_term_string"}}],"inLanguage":"es"},{"@type":"Organization","@id":"https:\/\/www.eldiario.net\/portal\/#organization","name":"El Diario - Decano de la prensa nacional","url":"https:\/\/www.eldiario.net\/portal\/","logo":{"@type":"ImageObject","inLanguage":"es","@id":"https:\/\/www.eldiario.net\/portal\/#\/schema\/logo\/image\/","url":"https:\/\/www.eldiario.net\/portal\/wp-content\/uploads\/2023\/07\/logo_ED.jpg","contentUrl":"https:\/\/www.eldiario.net\/portal\/wp-content\/uploads\/2023\/07\/logo_ED.jpg","width":272,"height":52,"caption":"El Diario - Decano de la prensa nacional"},"image":{"@id":"https:\/\/www.eldiario.net\/portal\/#\/schema\/logo\/image\/"},"sameAs":["https:\/\/www.facebook.com\/eldiario.bolivia\/","https:\/\/x.com\/eldiario_net"]},{"@type":"Person","@id":"https:\/\/www.eldiario.net\/portal\/#\/schema\/person\/2c57cf2b7a7ae032e449e4c9b1019eac","name":"Jeanette","image":{"@type":"ImageObject","inLanguage":"es","@id":"https:\/\/secure.gravatar.com\/avatar\/3ea2118a5f7dad2b7138b1187a6b7ee55f160b9968b66013c3a3ef39dd7e5798?s=96&d=mm&r=g","url":"https:\/\/secure.gravatar.com\/avatar\/3ea2118a5f7dad2b7138b1187a6b7ee55f160b9968b66013c3a3ef39dd7e5798?s=96&d=mm&r=g","contentUrl":"https:\/\/secure.gravatar.com\/avatar\/3ea2118a5f7dad2b7138b1187a6b7ee55f160b9968b66013c3a3ef39dd7e5798?s=96&d=mm&r=g","caption":"Jeanette"},"sameAs":["https:\/\/www.eldiario.net\/portal"],"url":"https:\/\/www.eldiario.net\/portal\/author\/jeanette\/"}]}},"_links":{"self":[{"href":"https:\/\/www.eldiario.net\/portal\/wp-json\/wp\/v2\/posts\/93911","targetHints":{"allow":["GET"]}}],"collection":[{"href":"https:\/\/www.eldiario.net\/portal\/wp-json\/wp\/v2\/posts"}],"about":[{"href":"https:\/\/www.eldiario.net\/portal\/wp-json\/wp\/v2\/types\/post"}],"author":[{"embeddable":true,"href":"https:\/\/www.eldiario.net\/portal\/wp-json\/wp\/v2\/users\/1"}],"replies":[{"embeddable":true,"href":"https:\/\/www.eldiario.net\/portal\/wp-json\/wp\/v2\/comments?post=93911"}],"version-history":[{"count":0,"href":"https:\/\/www.eldiario.net\/portal\/wp-json\/wp\/v2\/posts\/93911\/revisions"}],"wp:attachment":[{"href":"https:\/\/www.eldiario.net\/portal\/wp-json\/wp\/v2\/media?parent=93911"}],"wp:term":[{"taxonomy":"category","embeddable":true,"href":"https:\/\/www.eldiario.net\/portal\/wp-json\/wp\/v2\/categories?post=93911"},{"taxonomy":"post_tag","embeddable":true,"href":"https:\/\/www.eldiario.net\/portal\/wp-json\/wp\/v2\/tags?post=93911"}],"curies":[{"name":"wp","href":"https:\/\/api.w.org\/{rel}","templated":true}]}}