{"id":93716,"date":"2022-06-29T05:42:15","date_gmt":"2022-06-29T09:42:15","guid":{"rendered":"https:\/\/www.eldiario.net\/portal\/?p=93716"},"modified":"2022-06-29T05:42:15","modified_gmt":"2022-06-29T09:42:15","slug":"anuncian-la-elaboracion-de-nueva-ley-de-gastronomia-en-cochabamba","status":"publish","type":"post","link":"https:\/\/www.eldiario.net\/portal\/2022\/06\/29\/anuncian-la-elaboracion-de-nueva-ley-de-gastronomia-en-cochabamba\/","title":{"rendered":"Anuncian la elaboraci\u00f3n de nueva Ley de Gastronom\u00eda en Cochabamba"},"content":{"rendered":"<p>El director de Turismo de la comuna cochabambina, Miguel Fajardo, inform\u00f3 que a trav\u00e9s de mesas de trabajo se est\u00e1 avanzando en la elaboraci\u00f3n de la nueva Ley de Gastronom\u00eda, norma que estar\u00e1 lista para el mes de septiembre.<br \/>\n\u201cLas mesas de trabajo buscan delinear y delimitar la Ley de la Gastronom\u00eda cochabambina, que es un anhelo de este sector. Varias instituciones tomaron parte en esta primera jornada, dando sus apreciaciones y aspiraciones, porque todos buscan ser reconocidos por una norma que debe contemplar la gesti\u00f3n, promoci\u00f3n, el fomento a esta actividad, adem\u00e1s de las medidas de seguridad y control\u201d, afirm\u00f3 Fajardo.<br \/>\nAgreg\u00f3 que posteriormente estas mesas de trabajo, que en su primera jornada se realizaron en el Centro Art\u00edstico Cultural Bicentenario, el Gobierno Municipal presentar\u00e1 una propuesta de ley que ser\u00e1 derivada al Concejo Municipal para su consideraci\u00f3n, tratamiento y aprobaci\u00f3n.<br \/>\nEl objetivo es que se revalorice, proteja, norme y controle la gastronom\u00eda de esta parte del pa\u00eds, as\u00ed Cochabamba mantendr\u00e1 su t\u00edtulo como ciudad creativa, gastron\u00f3mica otorgado por la Unesco y que el pr\u00f3ximo a\u00f1o pueda ser sede de la Conferencia Anual de Ciudades Creativas.<\/p>\n<p>OCA ALIMENTO DE ALTURA<br \/>\nLa Alcald\u00eda de Cochabamba, junto a la Asociaci\u00f3n de Gastr\u00f3nomos \u201cLlajta Chefs\u201d, realizaron la sexta versi\u00f3n del Cooking Show, en esta oportunidad resaltando la oca, como un \u201calimento de altura\u201d.<br \/>\nLa oca forma aparte del cultivo tradicional andino y es una fuente de energ\u00eda alimentaria para el pa\u00eds ya que aporta una buena cantidad de nutrientes como carbohidratos. Adem\u00e1s, de ser un alimento nutritivo brinda 8.000 a\u00f1os de historia y cultura, aporta a la salud, la industria y la cosm\u00e9tica.<br \/>\nTodos los que se dieron cita a este evento presenciaron el preparado de c\u00f3cteles y reposter\u00eda a base de oca donde utilizaron t\u00e9cnicas modernas para presentar de forma creativa una diversidad de platos gourmet. (Cochabamba, EL DIARIO)<\/p>\n","protected":false},"excerpt":{"rendered":"<p>El director de Turismo de la comuna cochabambina, Miguel Fajardo, inform\u00f3 que a trav\u00e9s de mesas de trabajo se est\u00e1 avanzando en la elaboraci\u00f3n de la nueva Ley de Gastronom\u00eda, norma que estar\u00e1 lista para el mes de septiembre. \u201cLas mesas de trabajo buscan delinear y delimitar la Ley de la Gastronom\u00eda cochabambina, que es [&hellip;]<\/p>\n","protected":false},"author":1,"featured_media":93717,"comment_status":"closed","ping_status":"closed","sticky":false,"template":"","format":"standard","meta":{"_acf_changed":false,"footnotes":""},"categories":[12],"tags":[],"class_list":["post-93716","post","type-post","status-publish","format-standard","has-post-thumbnail","category-nacional"],"acf":{"antetitulo":""},"yoast_head":"<!-- This site is optimized with the Yoast SEO plugin v28.3 - https:\/\/yoast.com\/product\/yoast-seo-wordpress\/ -->\n<title>Anuncian la elaboraci\u00f3n de nueva Ley de Gastronom\u00eda en Cochabamba - El Diario - Bolivia<\/title>\n<meta name=\"robots\" content=\"index, follow, max-snippet:-1, max-image-preview:large, max-video-preview:-1\" \/>\n<link rel=\"canonical\" href=\"https:\/\/www.eldiario.net\/portal\/2022\/06\/29\/anuncian-la-elaboracion-de-nueva-ley-de-gastronomia-en-cochabamba\/\" \/>\n<meta property=\"og:locale\" content=\"es_ES\" \/>\n<meta property=\"og:type\" content=\"article\" \/>\n<meta property=\"og:title\" content=\"Anuncian la elaboraci\u00f3n de nueva Ley de Gastronom\u00eda en Cochabamba - El Diario - Bolivia\" \/>\n<meta property=\"og:description\" content=\"El director de Turismo de la comuna cochabambina, Miguel Fajardo, inform\u00f3 que a trav\u00e9s de mesas de trabajo se est\u00e1 avanzando en la elaboraci\u00f3n de la nueva Ley de Gastronom\u00eda, norma que estar\u00e1 lista para el mes de septiembre. \u201cLas mesas de trabajo buscan delinear y delimitar la Ley de la Gastronom\u00eda cochabambina, que es [&hellip;]\" \/>\n<meta property=\"og:url\" content=\"https:\/\/www.eldiario.net\/portal\/2022\/06\/29\/anuncian-la-elaboracion-de-nueva-ley-de-gastronomia-en-cochabamba\/\" \/>\n<meta property=\"og:site_name\" content=\"El Diario - Bolivia\" \/>\n<meta property=\"article:publisher\" content=\"https:\/\/www.facebook.com\/eldiario.bolivia\/\" \/>\n<meta property=\"article:published_time\" content=\"2022-06-29T09:42:15+00:00\" \/>\n<meta name=\"author\" content=\"Jeanette\" \/>\n<meta name=\"twitter:card\" content=\"summary_large_image\" \/>\n<meta name=\"twitter:creator\" content=\"@eldiario_net\" \/>\n<meta name=\"twitter:site\" content=\"@eldiario_net\" \/>\n<meta name=\"twitter:label1\" content=\"Escrito por\" \/>\n\t<meta name=\"twitter:data1\" content=\"Jeanette\" \/>\n\t<meta name=\"twitter:label2\" content=\"Tiempo de lectura\" \/>\n\t<meta name=\"twitter:data2\" content=\"2 minutos\" \/>\n<script type=\"application\/ld+json\" class=\"yoast-schema-graph\">{\"@context\":\"https:\\\/\\\/schema.org\",\"@graph\":[{\"@type\":\"Article\",\"@id\":\"https:\\\/\\\/www.eldiario.net\\\/portal\\\/2022\\\/06\\\/29\\\/anuncian-la-elaboracion-de-nueva-ley-de-gastronomia-en-cochabamba\\\/#article\",\"isPartOf\":{\"@id\":\"https:\\\/\\\/www.eldiario.net\\\/portal\\\/2022\\\/06\\\/29\\\/anuncian-la-elaboracion-de-nueva-ley-de-gastronomia-en-cochabamba\\\/\"},\"author\":{\"name\":\"Jeanette\",\"@id\":\"https:\\\/\\\/www.eldiario.net\\\/portal\\\/#\\\/schema\\\/person\\\/f46445640444750d7d753ccd04ae01b7\"},\"headline\":\"Anuncian la elaboraci\u00f3n de nueva Ley de Gastronom\u00eda en Cochabamba\",\"datePublished\":\"2022-06-29T09:42:15+00:00\",\"mainEntityOfPage\":{\"@id\":\"https:\\\/\\\/www.eldiario.net\\\/portal\\\/2022\\\/06\\\/29\\\/anuncian-la-elaboracion-de-nueva-ley-de-gastronomia-en-cochabamba\\\/\"},\"wordCount\":347,\"publisher\":{\"@id\":\"https:\\\/\\\/www.eldiario.net\\\/portal\\\/#organization\"},\"image\":{\"@id\":\"https:\\\/\\\/www.eldiario.net\\\/portal\\\/2022\\\/06\\\/29\\\/anuncian-la-elaboracion-de-nueva-ley-de-gastronomia-en-cochabamba\\\/#primaryimage\"},\"thumbnailUrl\":\"\",\"articleSection\":[\"Nacional\"],\"inLanguage\":\"es\"},{\"@type\":\"WebPage\",\"@id\":\"https:\\\/\\\/www.eldiario.net\\\/portal\\\/2022\\\/06\\\/29\\\/anuncian-la-elaboracion-de-nueva-ley-de-gastronomia-en-cochabamba\\\/\",\"url\":\"https:\\\/\\\/www.eldiario.net\\\/portal\\\/2022\\\/06\\\/29\\\/anuncian-la-elaboracion-de-nueva-ley-de-gastronomia-en-cochabamba\\\/\",\"name\":\"Anuncian la elaboraci\u00f3n de nueva Ley de Gastronom\u00eda en Cochabamba - El Diario - Bolivia\",\"isPartOf\":{\"@id\":\"https:\\\/\\\/www.eldiario.net\\\/portal\\\/#website\"},\"primaryImageOfPage\":{\"@id\":\"https:\\\/\\\/www.eldiario.net\\\/portal\\\/2022\\\/06\\\/29\\\/anuncian-la-elaboracion-de-nueva-ley-de-gastronomia-en-cochabamba\\\/#primaryimage\"},\"image\":{\"@id\":\"https:\\\/\\\/www.eldiario.net\\\/portal\\\/2022\\\/06\\\/29\\\/anuncian-la-elaboracion-de-nueva-ley-de-gastronomia-en-cochabamba\\\/#primaryimage\"},\"thumbnailUrl\":\"\",\"datePublished\":\"2022-06-29T09:42:15+00:00\",\"breadcrumb\":{\"@id\":\"https:\\\/\\\/www.eldiario.net\\\/portal\\\/2022\\\/06\\\/29\\\/anuncian-la-elaboracion-de-nueva-ley-de-gastronomia-en-cochabamba\\\/#breadcrumb\"},\"inLanguage\":\"es\",\"potentialAction\":[{\"@type\":\"ReadAction\",\"target\":[\"https:\\\/\\\/www.eldiario.net\\\/portal\\\/2022\\\/06\\\/29\\\/anuncian-la-elaboracion-de-nueva-ley-de-gastronomia-en-cochabamba\\\/\"]}]},{\"@type\":\"ImageObject\",\"inLanguage\":\"es\",\"@id\":\"https:\\\/\\\/www.eldiario.net\\\/portal\\\/2022\\\/06\\\/29\\\/anuncian-la-elaboracion-de-nueva-ley-de-gastronomia-en-cochabamba\\\/#primaryimage\",\"url\":\"\",\"contentUrl\":\"\"},{\"@type\":\"BreadcrumbList\",\"@id\":\"https:\\\/\\\/www.eldiario.net\\\/portal\\\/2022\\\/06\\\/29\\\/anuncian-la-elaboracion-de-nueva-ley-de-gastronomia-en-cochabamba\\\/#breadcrumb\",\"itemListElement\":[{\"@type\":\"ListItem\",\"position\":1,\"name\":\"Portada\",\"item\":\"https:\\\/\\\/www.eldiario.net\\\/portal\\\/\"},{\"@type\":\"ListItem\",\"position\":2,\"name\":\"Anuncian la elaboraci\u00f3n de nueva Ley de Gastronom\u00eda en Cochabamba\"}]},{\"@type\":\"WebSite\",\"@id\":\"https:\\\/\\\/www.eldiario.net\\\/portal\\\/#website\",\"url\":\"https:\\\/\\\/www.eldiario.net\\\/portal\\\/\",\"name\":\"El Diario - Decano de la prensa nacional\",\"description\":\"El Diario - Decano de la prensa nacional\",\"publisher\":{\"@id\":\"https:\\\/\\\/www.eldiario.net\\\/portal\\\/#organization\"},\"potentialAction\":[{\"@type\":\"SearchAction\",\"target\":{\"@type\":\"EntryPoint\",\"urlTemplate\":\"https:\\\/\\\/www.eldiario.net\\\/portal\\\/?s={search_term_string}\"},\"query-input\":{\"@type\":\"PropertyValueSpecification\",\"valueRequired\":true,\"valueName\":\"search_term_string\"}}],\"inLanguage\":\"es\"},{\"@type\":\"Organization\",\"@id\":\"https:\\\/\\\/www.eldiario.net\\\/portal\\\/#organization\",\"name\":\"El Diario - Decano de la prensa nacional\",\"url\":\"https:\\\/\\\/www.eldiario.net\\\/portal\\\/\",\"logo\":{\"@type\":\"ImageObject\",\"inLanguage\":\"es\",\"@id\":\"https:\\\/\\\/www.eldiario.net\\\/portal\\\/#\\\/schema\\\/logo\\\/image\\\/\",\"url\":\"https:\\\/\\\/www.eldiario.net\\\/portal\\\/wp-content\\\/uploads\\\/2023\\\/07\\\/logo_ED.jpg\",\"contentUrl\":\"https:\\\/\\\/www.eldiario.net\\\/portal\\\/wp-content\\\/uploads\\\/2023\\\/07\\\/logo_ED.jpg\",\"width\":272,\"height\":52,\"caption\":\"El Diario - Decano de la prensa nacional\"},\"image\":{\"@id\":\"https:\\\/\\\/www.eldiario.net\\\/portal\\\/#\\\/schema\\\/logo\\\/image\\\/\"},\"sameAs\":[\"https:\\\/\\\/www.facebook.com\\\/eldiario.bolivia\\\/\",\"https:\\\/\\\/x.com\\\/eldiario_net\"]},{\"@type\":\"Person\",\"@id\":\"https:\\\/\\\/www.eldiario.net\\\/portal\\\/#\\\/schema\\\/person\\\/f46445640444750d7d753ccd04ae01b7\",\"name\":\"Jeanette\",\"image\":{\"@type\":\"ImageObject\",\"inLanguage\":\"es\",\"@id\":\"https:\\\/\\\/secure.gravatar.com\\\/avatar\\\/3ea2118a5f7dad2b7138b1187a6b7ee55f160b9968b66013c3a3ef39dd7e5798?s=96&d=mm&r=g\",\"url\":\"https:\\\/\\\/secure.gravatar.com\\\/avatar\\\/3ea2118a5f7dad2b7138b1187a6b7ee55f160b9968b66013c3a3ef39dd7e5798?s=96&d=mm&r=g\",\"contentUrl\":\"https:\\\/\\\/secure.gravatar.com\\\/avatar\\\/3ea2118a5f7dad2b7138b1187a6b7ee55f160b9968b66013c3a3ef39dd7e5798?s=96&d=mm&r=g\",\"caption\":\"Jeanette\"},\"sameAs\":[\"https:\\\/\\\/www.eldiario.net\\\/portal\"],\"url\":\"https:\\\/\\\/www.eldiario.net\\\/portal\\\/author\\\/jeanette\\\/\"}]}<\/script>\n<!-- \/ Yoast SEO plugin. -->","yoast_head_json":{"title":"Anuncian la elaboraci\u00f3n de nueva Ley de Gastronom\u00eda en Cochabamba - El Diario - Bolivia","robots":{"index":"index","follow":"follow","max-snippet":"max-snippet:-1","max-image-preview":"max-image-preview:large","max-video-preview":"max-video-preview:-1"},"canonical":"https:\/\/www.eldiario.net\/portal\/2022\/06\/29\/anuncian-la-elaboracion-de-nueva-ley-de-gastronomia-en-cochabamba\/","og_locale":"es_ES","og_type":"article","og_title":"Anuncian la elaboraci\u00f3n de nueva Ley de Gastronom\u00eda en Cochabamba - El Diario - Bolivia","og_description":"El director de Turismo de la comuna cochabambina, Miguel Fajardo, inform\u00f3 que a trav\u00e9s de mesas de trabajo se est\u00e1 avanzando en la elaboraci\u00f3n de la nueva Ley de Gastronom\u00eda, norma que estar\u00e1 lista para el mes de septiembre. \u201cLas mesas de trabajo buscan delinear y delimitar la Ley de la Gastronom\u00eda cochabambina, que es [&hellip;]","og_url":"https:\/\/www.eldiario.net\/portal\/2022\/06\/29\/anuncian-la-elaboracion-de-nueva-ley-de-gastronomia-en-cochabamba\/","og_site_name":"El Diario - Bolivia","article_publisher":"https:\/\/www.facebook.com\/eldiario.bolivia\/","article_published_time":"2022-06-29T09:42:15+00:00","author":"Jeanette","twitter_card":"summary_large_image","twitter_creator":"@eldiario_net","twitter_site":"@eldiario_net","twitter_misc":{"Escrito por":"Jeanette","Tiempo de lectura":"2 minutos"},"schema":{"@context":"https:\/\/schema.org","@graph":[{"@type":"Article","@id":"https:\/\/www.eldiario.net\/portal\/2022\/06\/29\/anuncian-la-elaboracion-de-nueva-ley-de-gastronomia-en-cochabamba\/#article","isPartOf":{"@id":"https:\/\/www.eldiario.net\/portal\/2022\/06\/29\/anuncian-la-elaboracion-de-nueva-ley-de-gastronomia-en-cochabamba\/"},"author":{"name":"Jeanette","@id":"https:\/\/www.eldiario.net\/portal\/#\/schema\/person\/f46445640444750d7d753ccd04ae01b7"},"headline":"Anuncian la elaboraci\u00f3n de nueva Ley de Gastronom\u00eda en Cochabamba","datePublished":"2022-06-29T09:42:15+00:00","mainEntityOfPage":{"@id":"https:\/\/www.eldiario.net\/portal\/2022\/06\/29\/anuncian-la-elaboracion-de-nueva-ley-de-gastronomia-en-cochabamba\/"},"wordCount":347,"publisher":{"@id":"https:\/\/www.eldiario.net\/portal\/#organization"},"image":{"@id":"https:\/\/www.eldiario.net\/portal\/2022\/06\/29\/anuncian-la-elaboracion-de-nueva-ley-de-gastronomia-en-cochabamba\/#primaryimage"},"thumbnailUrl":"","articleSection":["Nacional"],"inLanguage":"es"},{"@type":"WebPage","@id":"https:\/\/www.eldiario.net\/portal\/2022\/06\/29\/anuncian-la-elaboracion-de-nueva-ley-de-gastronomia-en-cochabamba\/","url":"https:\/\/www.eldiario.net\/portal\/2022\/06\/29\/anuncian-la-elaboracion-de-nueva-ley-de-gastronomia-en-cochabamba\/","name":"Anuncian la elaboraci\u00f3n de nueva Ley de Gastronom\u00eda en Cochabamba - El Diario - Bolivia","isPartOf":{"@id":"https:\/\/www.eldiario.net\/portal\/#website"},"primaryImageOfPage":{"@id":"https:\/\/www.eldiario.net\/portal\/2022\/06\/29\/anuncian-la-elaboracion-de-nueva-ley-de-gastronomia-en-cochabamba\/#primaryimage"},"image":{"@id":"https:\/\/www.eldiario.net\/portal\/2022\/06\/29\/anuncian-la-elaboracion-de-nueva-ley-de-gastronomia-en-cochabamba\/#primaryimage"},"thumbnailUrl":"","datePublished":"2022-06-29T09:42:15+00:00","breadcrumb":{"@id":"https:\/\/www.eldiario.net\/portal\/2022\/06\/29\/anuncian-la-elaboracion-de-nueva-ley-de-gastronomia-en-cochabamba\/#breadcrumb"},"inLanguage":"es","potentialAction":[{"@type":"ReadAction","target":["https:\/\/www.eldiario.net\/portal\/2022\/06\/29\/anuncian-la-elaboracion-de-nueva-ley-de-gastronomia-en-cochabamba\/"]}]},{"@type":"ImageObject","inLanguage":"es","@id":"https:\/\/www.eldiario.net\/portal\/2022\/06\/29\/anuncian-la-elaboracion-de-nueva-ley-de-gastronomia-en-cochabamba\/#primaryimage","url":"","contentUrl":""},{"@type":"BreadcrumbList","@id":"https:\/\/www.eldiario.net\/portal\/2022\/06\/29\/anuncian-la-elaboracion-de-nueva-ley-de-gastronomia-en-cochabamba\/#breadcrumb","itemListElement":[{"@type":"ListItem","position":1,"name":"Portada","item":"https:\/\/www.eldiario.net\/portal\/"},{"@type":"ListItem","position":2,"name":"Anuncian la elaboraci\u00f3n de nueva Ley de Gastronom\u00eda en Cochabamba"}]},{"@type":"WebSite","@id":"https:\/\/www.eldiario.net\/portal\/#website","url":"https:\/\/www.eldiario.net\/portal\/","name":"El Diario - Decano de la prensa nacional","description":"El Diario - Decano de la prensa nacional","publisher":{"@id":"https:\/\/www.eldiario.net\/portal\/#organization"},"potentialAction":[{"@type":"SearchAction","target":{"@type":"EntryPoint","urlTemplate":"https:\/\/www.eldiario.net\/portal\/?s={search_term_string}"},"query-input":{"@type":"PropertyValueSpecification","valueRequired":true,"valueName":"search_term_string"}}],"inLanguage":"es"},{"@type":"Organization","@id":"https:\/\/www.eldiario.net\/portal\/#organization","name":"El Diario - Decano de la prensa nacional","url":"https:\/\/www.eldiario.net\/portal\/","logo":{"@type":"ImageObject","inLanguage":"es","@id":"https:\/\/www.eldiario.net\/portal\/#\/schema\/logo\/image\/","url":"https:\/\/www.eldiario.net\/portal\/wp-content\/uploads\/2023\/07\/logo_ED.jpg","contentUrl":"https:\/\/www.eldiario.net\/portal\/wp-content\/uploads\/2023\/07\/logo_ED.jpg","width":272,"height":52,"caption":"El Diario - Decano de la prensa nacional"},"image":{"@id":"https:\/\/www.eldiario.net\/portal\/#\/schema\/logo\/image\/"},"sameAs":["https:\/\/www.facebook.com\/eldiario.bolivia\/","https:\/\/x.com\/eldiario_net"]},{"@type":"Person","@id":"https:\/\/www.eldiario.net\/portal\/#\/schema\/person\/f46445640444750d7d753ccd04ae01b7","name":"Jeanette","image":{"@type":"ImageObject","inLanguage":"es","@id":"https:\/\/secure.gravatar.com\/avatar\/3ea2118a5f7dad2b7138b1187a6b7ee55f160b9968b66013c3a3ef39dd7e5798?s=96&d=mm&r=g","url":"https:\/\/secure.gravatar.com\/avatar\/3ea2118a5f7dad2b7138b1187a6b7ee55f160b9968b66013c3a3ef39dd7e5798?s=96&d=mm&r=g","contentUrl":"https:\/\/secure.gravatar.com\/avatar\/3ea2118a5f7dad2b7138b1187a6b7ee55f160b9968b66013c3a3ef39dd7e5798?s=96&d=mm&r=g","caption":"Jeanette"},"sameAs":["https:\/\/www.eldiario.net\/portal"],"url":"https:\/\/www.eldiario.net\/portal\/author\/jeanette\/"}]}},"_links":{"self":[{"href":"https:\/\/www.eldiario.net\/portal\/wp-json\/wp\/v2\/posts\/93716","targetHints":{"allow":["GET"]}}],"collection":[{"href":"https:\/\/www.eldiario.net\/portal\/wp-json\/wp\/v2\/posts"}],"about":[{"href":"https:\/\/www.eldiario.net\/portal\/wp-json\/wp\/v2\/types\/post"}],"author":[{"embeddable":true,"href":"https:\/\/www.eldiario.net\/portal\/wp-json\/wp\/v2\/users\/1"}],"replies":[{"embeddable":true,"href":"https:\/\/www.eldiario.net\/portal\/wp-json\/wp\/v2\/comments?post=93716"}],"version-history":[{"count":0,"href":"https:\/\/www.eldiario.net\/portal\/wp-json\/wp\/v2\/posts\/93716\/revisions"}],"wp:attachment":[{"href":"https:\/\/www.eldiario.net\/portal\/wp-json\/wp\/v2\/media?parent=93716"}],"wp:term":[{"taxonomy":"category","embeddable":true,"href":"https:\/\/www.eldiario.net\/portal\/wp-json\/wp\/v2\/categories?post=93716"},{"taxonomy":"post_tag","embeddable":true,"href":"https:\/\/www.eldiario.net\/portal\/wp-json\/wp\/v2\/tags?post=93716"}],"curies":[{"name":"wp","href":"https:\/\/api.w.org\/{rel}","templated":true}]}}