{"id":93713,"date":"2022-06-29T05:41:21","date_gmt":"2022-06-29T09:41:21","guid":{"rendered":"https:\/\/www.eldiario.net\/portal\/?p=93713"},"modified":"2022-06-29T05:41:21","modified_gmt":"2022-06-29T09:41:21","slug":"ruta-cochabamba-santa-cruz-bloqueada-en-tres-sectores","status":"publish","type":"post","link":"https:\/\/www.eldiario.net\/portal\/2022\/06\/29\/ruta-cochabamba-santa-cruz-bloqueada-en-tres-sectores\/","title":{"rendered":"Ruta Cochabamba-Santa Cruz  bloqueada en tres sectores"},"content":{"rendered":"<p>Los representantes de Organizaciones Territoriales de Base (OTBs), juntas vecinales, consejos escolares de padres de familiares y otros grupos m\u00e1s, son los sectores que se encuentran movilizados en el municipio de Sacaba, en Cochabamba, exigiendo obras a las autoridades.<br \/>\nSon al menos tres puntos de bloqueo que fueron instalados ayer: el kil\u00f3metro dos y medio de la avenida Villaz\u00f3n, la Circunvalaci\u00f3n y el t\u00fanel de El Abra, son los sectores que se encuentran cerrados.<br \/>\nLlantas, troncos, ramas, banderas, sogas y dem\u00e1s objetos, son los que obstaculizan el paso a los veh\u00edculos peque\u00f1os y de alto tonelaje, quienes se han visto perjudicados por esta medida de presi\u00f3n.<br \/>\nEl sector movilizado afirma que tras un cabildo, este pasado domingo se determin\u00f3 instalar la medida de presi\u00f3n de manera indefinida hasta ser escuchados y sea cumplido su pliego petitorio.<br \/>\nEntre los pedidos se encuentra el pavimento de la avenida del t\u00fanel, pavimento en los ingresos a las diferentes unidades educativas, adem\u00e1s de se\u00f1alizaciones y agua potable permanente para los estudiantes, asimismo piden el mejoramiento de otras v\u00edas.<br \/>\nDesde la terminal de buses informaron que los viajes hacia el oriente del pa\u00eds han sido suspendidos por la carretera nueva, es decir, que los buses que se dirigen a Santa Cruz solo ir\u00e1n por la carretera antigua, por lo que el tiempo de llegada ser\u00e1 un poco m\u00e1s largo.<br \/>\nMuchas personas que no conoc\u00edan sobre la medida de presi\u00f3n, tuvieron que caminar por un largo trecho para evitar los puntos de bloqueo. (Cochabamba, agencias y Unitel)<\/p>\n","protected":false},"excerpt":{"rendered":"<p>Los representantes de Organizaciones Territoriales de Base (OTBs), juntas vecinales, consejos escolares de padres de familiares y otros grupos m\u00e1s, son los sectores que se encuentran movilizados en el municipio de Sacaba, en Cochabamba, exigiendo obras a las autoridades. Son al menos tres puntos de bloqueo que fueron instalados ayer: el kil\u00f3metro dos y medio [&hellip;]<\/p>\n","protected":false},"author":1,"featured_media":93714,"comment_status":"closed","ping_status":"closed","sticky":false,"template":"","format":"standard","meta":{"_acf_changed":false,"footnotes":""},"categories":[12],"tags":[],"class_list":["post-93713","post","type-post","status-publish","format-standard","has-post-thumbnail","category-nacional"],"acf":{"antetitulo":""},"yoast_head":"<!-- This site is optimized with the Yoast SEO plugin v28.3 - https:\/\/yoast.com\/product\/yoast-seo-wordpress\/ -->\n<title>Ruta Cochabamba-Santa Cruz bloqueada en tres sectores - El Diario - Bolivia<\/title>\n<meta name=\"robots\" content=\"index, follow, max-snippet:-1, max-image-preview:large, max-video-preview:-1\" \/>\n<link rel=\"canonical\" href=\"https:\/\/www.eldiario.net\/portal\/2022\/06\/29\/ruta-cochabamba-santa-cruz-bloqueada-en-tres-sectores\/\" \/>\n<meta property=\"og:locale\" content=\"es_ES\" \/>\n<meta property=\"og:type\" content=\"article\" \/>\n<meta property=\"og:title\" content=\"Ruta Cochabamba-Santa Cruz bloqueada en tres sectores - El Diario - Bolivia\" \/>\n<meta property=\"og:description\" content=\"Los representantes de Organizaciones Territoriales de Base (OTBs), juntas vecinales, consejos escolares de padres de familiares y otros grupos m\u00e1s, son los sectores que se encuentran movilizados en el municipio de Sacaba, en Cochabamba, exigiendo obras a las autoridades. Son al menos tres puntos de bloqueo que fueron instalados ayer: el kil\u00f3metro dos y medio [&hellip;]\" \/>\n<meta property=\"og:url\" content=\"https:\/\/www.eldiario.net\/portal\/2022\/06\/29\/ruta-cochabamba-santa-cruz-bloqueada-en-tres-sectores\/\" \/>\n<meta property=\"og:site_name\" content=\"El Diario - Bolivia\" \/>\n<meta property=\"article:publisher\" content=\"https:\/\/www.facebook.com\/eldiario.bolivia\/\" \/>\n<meta property=\"article:published_time\" content=\"2022-06-29T09:41:21+00:00\" \/>\n<meta name=\"author\" content=\"Jeanette\" \/>\n<meta name=\"twitter:card\" content=\"summary_large_image\" \/>\n<meta name=\"twitter:creator\" content=\"@eldiario_net\" \/>\n<meta name=\"twitter:site\" content=\"@eldiario_net\" \/>\n<meta name=\"twitter:label1\" content=\"Escrito por\" \/>\n\t<meta name=\"twitter:data1\" content=\"Jeanette\" \/>\n\t<meta name=\"twitter:label2\" content=\"Tiempo de lectura\" \/>\n\t<meta name=\"twitter:data2\" content=\"2 minutos\" \/>\n<script type=\"application\/ld+json\" class=\"yoast-schema-graph\">{\"@context\":\"https:\\\/\\\/schema.org\",\"@graph\":[{\"@type\":\"Article\",\"@id\":\"https:\\\/\\\/www.eldiario.net\\\/portal\\\/2022\\\/06\\\/29\\\/ruta-cochabamba-santa-cruz-bloqueada-en-tres-sectores\\\/#article\",\"isPartOf\":{\"@id\":\"https:\\\/\\\/www.eldiario.net\\\/portal\\\/2022\\\/06\\\/29\\\/ruta-cochabamba-santa-cruz-bloqueada-en-tres-sectores\\\/\"},\"author\":{\"name\":\"Jeanette\",\"@id\":\"https:\\\/\\\/www.eldiario.net\\\/portal\\\/#\\\/schema\\\/person\\\/f46445640444750d7d753ccd04ae01b7\"},\"headline\":\"Ruta Cochabamba-Santa Cruz bloqueada en tres sectores\",\"datePublished\":\"2022-06-29T09:41:21+00:00\",\"mainEntityOfPage\":{\"@id\":\"https:\\\/\\\/www.eldiario.net\\\/portal\\\/2022\\\/06\\\/29\\\/ruta-cochabamba-santa-cruz-bloqueada-en-tres-sectores\\\/\"},\"wordCount\":277,\"publisher\":{\"@id\":\"https:\\\/\\\/www.eldiario.net\\\/portal\\\/#organization\"},\"image\":{\"@id\":\"https:\\\/\\\/www.eldiario.net\\\/portal\\\/2022\\\/06\\\/29\\\/ruta-cochabamba-santa-cruz-bloqueada-en-tres-sectores\\\/#primaryimage\"},\"thumbnailUrl\":\"\",\"articleSection\":[\"Nacional\"],\"inLanguage\":\"es\"},{\"@type\":\"WebPage\",\"@id\":\"https:\\\/\\\/www.eldiario.net\\\/portal\\\/2022\\\/06\\\/29\\\/ruta-cochabamba-santa-cruz-bloqueada-en-tres-sectores\\\/\",\"url\":\"https:\\\/\\\/www.eldiario.net\\\/portal\\\/2022\\\/06\\\/29\\\/ruta-cochabamba-santa-cruz-bloqueada-en-tres-sectores\\\/\",\"name\":\"Ruta Cochabamba-Santa Cruz bloqueada en tres sectores - El Diario - Bolivia\",\"isPartOf\":{\"@id\":\"https:\\\/\\\/www.eldiario.net\\\/portal\\\/#website\"},\"primaryImageOfPage\":{\"@id\":\"https:\\\/\\\/www.eldiario.net\\\/portal\\\/2022\\\/06\\\/29\\\/ruta-cochabamba-santa-cruz-bloqueada-en-tres-sectores\\\/#primaryimage\"},\"image\":{\"@id\":\"https:\\\/\\\/www.eldiario.net\\\/portal\\\/2022\\\/06\\\/29\\\/ruta-cochabamba-santa-cruz-bloqueada-en-tres-sectores\\\/#primaryimage\"},\"thumbnailUrl\":\"\",\"datePublished\":\"2022-06-29T09:41:21+00:00\",\"breadcrumb\":{\"@id\":\"https:\\\/\\\/www.eldiario.net\\\/portal\\\/2022\\\/06\\\/29\\\/ruta-cochabamba-santa-cruz-bloqueada-en-tres-sectores\\\/#breadcrumb\"},\"inLanguage\":\"es\",\"potentialAction\":[{\"@type\":\"ReadAction\",\"target\":[\"https:\\\/\\\/www.eldiario.net\\\/portal\\\/2022\\\/06\\\/29\\\/ruta-cochabamba-santa-cruz-bloqueada-en-tres-sectores\\\/\"]}]},{\"@type\":\"ImageObject\",\"inLanguage\":\"es\",\"@id\":\"https:\\\/\\\/www.eldiario.net\\\/portal\\\/2022\\\/06\\\/29\\\/ruta-cochabamba-santa-cruz-bloqueada-en-tres-sectores\\\/#primaryimage\",\"url\":\"\",\"contentUrl\":\"\"},{\"@type\":\"BreadcrumbList\",\"@id\":\"https:\\\/\\\/www.eldiario.net\\\/portal\\\/2022\\\/06\\\/29\\\/ruta-cochabamba-santa-cruz-bloqueada-en-tres-sectores\\\/#breadcrumb\",\"itemListElement\":[{\"@type\":\"ListItem\",\"position\":1,\"name\":\"Portada\",\"item\":\"https:\\\/\\\/www.eldiario.net\\\/portal\\\/\"},{\"@type\":\"ListItem\",\"position\":2,\"name\":\"Ruta Cochabamba-Santa Cruz bloqueada en tres sectores\"}]},{\"@type\":\"WebSite\",\"@id\":\"https:\\\/\\\/www.eldiario.net\\\/portal\\\/#website\",\"url\":\"https:\\\/\\\/www.eldiario.net\\\/portal\\\/\",\"name\":\"El Diario - Decano de la prensa nacional\",\"description\":\"El Diario - Decano de la prensa nacional\",\"publisher\":{\"@id\":\"https:\\\/\\\/www.eldiario.net\\\/portal\\\/#organization\"},\"potentialAction\":[{\"@type\":\"SearchAction\",\"target\":{\"@type\":\"EntryPoint\",\"urlTemplate\":\"https:\\\/\\\/www.eldiario.net\\\/portal\\\/?s={search_term_string}\"},\"query-input\":{\"@type\":\"PropertyValueSpecification\",\"valueRequired\":true,\"valueName\":\"search_term_string\"}}],\"inLanguage\":\"es\"},{\"@type\":\"Organization\",\"@id\":\"https:\\\/\\\/www.eldiario.net\\\/portal\\\/#organization\",\"name\":\"El Diario - Decano de la prensa nacional\",\"url\":\"https:\\\/\\\/www.eldiario.net\\\/portal\\\/\",\"logo\":{\"@type\":\"ImageObject\",\"inLanguage\":\"es\",\"@id\":\"https:\\\/\\\/www.eldiario.net\\\/portal\\\/#\\\/schema\\\/logo\\\/image\\\/\",\"url\":\"https:\\\/\\\/www.eldiario.net\\\/portal\\\/wp-content\\\/uploads\\\/2023\\\/07\\\/logo_ED.jpg\",\"contentUrl\":\"https:\\\/\\\/www.eldiario.net\\\/portal\\\/wp-content\\\/uploads\\\/2023\\\/07\\\/logo_ED.jpg\",\"width\":272,\"height\":52,\"caption\":\"El Diario - Decano de la prensa nacional\"},\"image\":{\"@id\":\"https:\\\/\\\/www.eldiario.net\\\/portal\\\/#\\\/schema\\\/logo\\\/image\\\/\"},\"sameAs\":[\"https:\\\/\\\/www.facebook.com\\\/eldiario.bolivia\\\/\",\"https:\\\/\\\/x.com\\\/eldiario_net\"]},{\"@type\":\"Person\",\"@id\":\"https:\\\/\\\/www.eldiario.net\\\/portal\\\/#\\\/schema\\\/person\\\/f46445640444750d7d753ccd04ae01b7\",\"name\":\"Jeanette\",\"image\":{\"@type\":\"ImageObject\",\"inLanguage\":\"es\",\"@id\":\"https:\\\/\\\/secure.gravatar.com\\\/avatar\\\/3ea2118a5f7dad2b7138b1187a6b7ee55f160b9968b66013c3a3ef39dd7e5798?s=96&d=mm&r=g\",\"url\":\"https:\\\/\\\/secure.gravatar.com\\\/avatar\\\/3ea2118a5f7dad2b7138b1187a6b7ee55f160b9968b66013c3a3ef39dd7e5798?s=96&d=mm&r=g\",\"contentUrl\":\"https:\\\/\\\/secure.gravatar.com\\\/avatar\\\/3ea2118a5f7dad2b7138b1187a6b7ee55f160b9968b66013c3a3ef39dd7e5798?s=96&d=mm&r=g\",\"caption\":\"Jeanette\"},\"sameAs\":[\"https:\\\/\\\/www.eldiario.net\\\/portal\"],\"url\":\"https:\\\/\\\/www.eldiario.net\\\/portal\\\/author\\\/jeanette\\\/\"}]}<\/script>\n<!-- \/ Yoast SEO plugin. -->","yoast_head_json":{"title":"Ruta Cochabamba-Santa Cruz bloqueada en tres sectores - El Diario - Bolivia","robots":{"index":"index","follow":"follow","max-snippet":"max-snippet:-1","max-image-preview":"max-image-preview:large","max-video-preview":"max-video-preview:-1"},"canonical":"https:\/\/www.eldiario.net\/portal\/2022\/06\/29\/ruta-cochabamba-santa-cruz-bloqueada-en-tres-sectores\/","og_locale":"es_ES","og_type":"article","og_title":"Ruta Cochabamba-Santa Cruz bloqueada en tres sectores - El Diario - Bolivia","og_description":"Los representantes de Organizaciones Territoriales de Base (OTBs), juntas vecinales, consejos escolares de padres de familiares y otros grupos m\u00e1s, son los sectores que se encuentran movilizados en el municipio de Sacaba, en Cochabamba, exigiendo obras a las autoridades. Son al menos tres puntos de bloqueo que fueron instalados ayer: el kil\u00f3metro dos y medio [&hellip;]","og_url":"https:\/\/www.eldiario.net\/portal\/2022\/06\/29\/ruta-cochabamba-santa-cruz-bloqueada-en-tres-sectores\/","og_site_name":"El Diario - Bolivia","article_publisher":"https:\/\/www.facebook.com\/eldiario.bolivia\/","article_published_time":"2022-06-29T09:41:21+00:00","author":"Jeanette","twitter_card":"summary_large_image","twitter_creator":"@eldiario_net","twitter_site":"@eldiario_net","twitter_misc":{"Escrito por":"Jeanette","Tiempo de lectura":"2 minutos"},"schema":{"@context":"https:\/\/schema.org","@graph":[{"@type":"Article","@id":"https:\/\/www.eldiario.net\/portal\/2022\/06\/29\/ruta-cochabamba-santa-cruz-bloqueada-en-tres-sectores\/#article","isPartOf":{"@id":"https:\/\/www.eldiario.net\/portal\/2022\/06\/29\/ruta-cochabamba-santa-cruz-bloqueada-en-tres-sectores\/"},"author":{"name":"Jeanette","@id":"https:\/\/www.eldiario.net\/portal\/#\/schema\/person\/f46445640444750d7d753ccd04ae01b7"},"headline":"Ruta Cochabamba-Santa Cruz bloqueada en tres sectores","datePublished":"2022-06-29T09:41:21+00:00","mainEntityOfPage":{"@id":"https:\/\/www.eldiario.net\/portal\/2022\/06\/29\/ruta-cochabamba-santa-cruz-bloqueada-en-tres-sectores\/"},"wordCount":277,"publisher":{"@id":"https:\/\/www.eldiario.net\/portal\/#organization"},"image":{"@id":"https:\/\/www.eldiario.net\/portal\/2022\/06\/29\/ruta-cochabamba-santa-cruz-bloqueada-en-tres-sectores\/#primaryimage"},"thumbnailUrl":"","articleSection":["Nacional"],"inLanguage":"es"},{"@type":"WebPage","@id":"https:\/\/www.eldiario.net\/portal\/2022\/06\/29\/ruta-cochabamba-santa-cruz-bloqueada-en-tres-sectores\/","url":"https:\/\/www.eldiario.net\/portal\/2022\/06\/29\/ruta-cochabamba-santa-cruz-bloqueada-en-tres-sectores\/","name":"Ruta Cochabamba-Santa Cruz bloqueada en tres sectores - El Diario - Bolivia","isPartOf":{"@id":"https:\/\/www.eldiario.net\/portal\/#website"},"primaryImageOfPage":{"@id":"https:\/\/www.eldiario.net\/portal\/2022\/06\/29\/ruta-cochabamba-santa-cruz-bloqueada-en-tres-sectores\/#primaryimage"},"image":{"@id":"https:\/\/www.eldiario.net\/portal\/2022\/06\/29\/ruta-cochabamba-santa-cruz-bloqueada-en-tres-sectores\/#primaryimage"},"thumbnailUrl":"","datePublished":"2022-06-29T09:41:21+00:00","breadcrumb":{"@id":"https:\/\/www.eldiario.net\/portal\/2022\/06\/29\/ruta-cochabamba-santa-cruz-bloqueada-en-tres-sectores\/#breadcrumb"},"inLanguage":"es","potentialAction":[{"@type":"ReadAction","target":["https:\/\/www.eldiario.net\/portal\/2022\/06\/29\/ruta-cochabamba-santa-cruz-bloqueada-en-tres-sectores\/"]}]},{"@type":"ImageObject","inLanguage":"es","@id":"https:\/\/www.eldiario.net\/portal\/2022\/06\/29\/ruta-cochabamba-santa-cruz-bloqueada-en-tres-sectores\/#primaryimage","url":"","contentUrl":""},{"@type":"BreadcrumbList","@id":"https:\/\/www.eldiario.net\/portal\/2022\/06\/29\/ruta-cochabamba-santa-cruz-bloqueada-en-tres-sectores\/#breadcrumb","itemListElement":[{"@type":"ListItem","position":1,"name":"Portada","item":"https:\/\/www.eldiario.net\/portal\/"},{"@type":"ListItem","position":2,"name":"Ruta Cochabamba-Santa Cruz bloqueada en tres sectores"}]},{"@type":"WebSite","@id":"https:\/\/www.eldiario.net\/portal\/#website","url":"https:\/\/www.eldiario.net\/portal\/","name":"El Diario - Decano de la prensa nacional","description":"El Diario - Decano de la prensa nacional","publisher":{"@id":"https:\/\/www.eldiario.net\/portal\/#organization"},"potentialAction":[{"@type":"SearchAction","target":{"@type":"EntryPoint","urlTemplate":"https:\/\/www.eldiario.net\/portal\/?s={search_term_string}"},"query-input":{"@type":"PropertyValueSpecification","valueRequired":true,"valueName":"search_term_string"}}],"inLanguage":"es"},{"@type":"Organization","@id":"https:\/\/www.eldiario.net\/portal\/#organization","name":"El Diario - Decano de la prensa nacional","url":"https:\/\/www.eldiario.net\/portal\/","logo":{"@type":"ImageObject","inLanguage":"es","@id":"https:\/\/www.eldiario.net\/portal\/#\/schema\/logo\/image\/","url":"https:\/\/www.eldiario.net\/portal\/wp-content\/uploads\/2023\/07\/logo_ED.jpg","contentUrl":"https:\/\/www.eldiario.net\/portal\/wp-content\/uploads\/2023\/07\/logo_ED.jpg","width":272,"height":52,"caption":"El Diario - Decano de la prensa nacional"},"image":{"@id":"https:\/\/www.eldiario.net\/portal\/#\/schema\/logo\/image\/"},"sameAs":["https:\/\/www.facebook.com\/eldiario.bolivia\/","https:\/\/x.com\/eldiario_net"]},{"@type":"Person","@id":"https:\/\/www.eldiario.net\/portal\/#\/schema\/person\/f46445640444750d7d753ccd04ae01b7","name":"Jeanette","image":{"@type":"ImageObject","inLanguage":"es","@id":"https:\/\/secure.gravatar.com\/avatar\/3ea2118a5f7dad2b7138b1187a6b7ee55f160b9968b66013c3a3ef39dd7e5798?s=96&d=mm&r=g","url":"https:\/\/secure.gravatar.com\/avatar\/3ea2118a5f7dad2b7138b1187a6b7ee55f160b9968b66013c3a3ef39dd7e5798?s=96&d=mm&r=g","contentUrl":"https:\/\/secure.gravatar.com\/avatar\/3ea2118a5f7dad2b7138b1187a6b7ee55f160b9968b66013c3a3ef39dd7e5798?s=96&d=mm&r=g","caption":"Jeanette"},"sameAs":["https:\/\/www.eldiario.net\/portal"],"url":"https:\/\/www.eldiario.net\/portal\/author\/jeanette\/"}]}},"_links":{"self":[{"href":"https:\/\/www.eldiario.net\/portal\/wp-json\/wp\/v2\/posts\/93713","targetHints":{"allow":["GET"]}}],"collection":[{"href":"https:\/\/www.eldiario.net\/portal\/wp-json\/wp\/v2\/posts"}],"about":[{"href":"https:\/\/www.eldiario.net\/portal\/wp-json\/wp\/v2\/types\/post"}],"author":[{"embeddable":true,"href":"https:\/\/www.eldiario.net\/portal\/wp-json\/wp\/v2\/users\/1"}],"replies":[{"embeddable":true,"href":"https:\/\/www.eldiario.net\/portal\/wp-json\/wp\/v2\/comments?post=93713"}],"version-history":[{"count":0,"href":"https:\/\/www.eldiario.net\/portal\/wp-json\/wp\/v2\/posts\/93713\/revisions"}],"wp:attachment":[{"href":"https:\/\/www.eldiario.net\/portal\/wp-json\/wp\/v2\/media?parent=93713"}],"wp:term":[{"taxonomy":"category","embeddable":true,"href":"https:\/\/www.eldiario.net\/portal\/wp-json\/wp\/v2\/categories?post=93713"},{"taxonomy":"post_tag","embeddable":true,"href":"https:\/\/www.eldiario.net\/portal\/wp-json\/wp\/v2\/tags?post=93713"}],"curies":[{"name":"wp","href":"https:\/\/api.w.org\/{rel}","templated":true}]}}