{"id":9347,"date":"2021-06-09T05:53:03","date_gmt":"2021-06-09T09:53:03","guid":{"rendered":"https:\/\/www.eldiario.net\/portal\/?p=9347"},"modified":"2021-06-09T05:53:03","modified_gmt":"2021-06-09T09:53:03","slug":"comision-investigara-denuncias-de-feminicidio-que-datan-de-2013","status":"publish","type":"post","link":"https:\/\/www.eldiario.net\/portal\/2021\/06\/09\/comision-investigara-denuncias-de-feminicidio-que-datan-de-2013\/","title":{"rendered":"Comisi\u00f3n investigar\u00e1 denuncias de feminicidio que datan de 2013"},"content":{"rendered":"<p>Con el fin de reducir el alto grado de impunidad en casos de feminicidios, la Comisi\u00f3n Especial Mixta de Investigaci\u00f3n en la Retardaci\u00f3n de Casos de Feminicidio de la Asamblea Legislativa Plurinacional (ALP) conmin\u00f3 al Consejo de la Magistratura de La Paz a brindar toda la informaci\u00f3n sobre el estado de 26 auditor\u00edas de investigaciones de feminicidios que datan desde el a\u00f1o 2013.<br \/>\nLa presidenta de esta comisi\u00f3n, diputada Estefan\u00eda Morales, inform\u00f3 que se tiene registro de 26 solicitudes de auditor\u00eda en casos de feminicidios que hasta la fecha no cuentan con sentencias, por lo que se pide dar celeridad a estos pedidos para dar justicia a las familias.<br \/>\n\u201cEn total tenemos 26 auditor\u00edas jur\u00eddicas en La Paz, de las que hemos solicitado informaci\u00f3n para establecer el estado de cada caso, porque hasta el momento no cuentan con sentencias ejecutoriadas. Las familias piden justicia y que los casos no queden en la impunidad\u201d, indic\u00f3.<br \/>\nTras una reuni\u00f3n sostenida entre miembros de la instancia legislativa y el Consejo, se determin\u00f3 establecer un plazo de tres meses m\u00e1ximo para entregar los datos solicitados. Seg\u00fan la legisladora, las auditor\u00edas corresponden a los a\u00f1os 2013 al 2019.<br \/>\n\u201cEstos casos son desde la promulgaci\u00f3n de la Ley 348 el 2013 al 2019. Este seguimiento, nos han solicitado las familias de las v\u00edctimas a trav\u00e9s de una nota escrita, donde nos indican que no existe celeridad. Muchas veces los jueces suspenden las audiencias, y las familias v\u00edctimas ya no tienen recursos\u201d, se\u00f1al\u00f3.<br \/>\nEn el marco de su atribuci\u00f3n de fiscalizaci\u00f3n, la Comisi\u00f3n llevar\u00e1 adelante el control y seguimiento a un total de 69 auditor\u00edas jur\u00eddicas de feminicidios a escala nacional.<br \/>\n\u201cNo queremos que ning\u00fan caso quede en la impunidad. Hoy es en La Paz, ma\u00f1ana en Tarija, y as\u00ed estaremos en los nueves departamentos. Vamos a trabajar de la mano con las familias\u201d, enfatiz\u00f3 la legisladora.<br \/>\nDesde noviembre de 2020, la Comisi\u00f3n lleva adelante gestiones necesarias para determinar las causas de retardaci\u00f3n de justicia en hechos de feminicidio. Al finalizar la primera etapa de investigaci\u00f3n, la instancia legislativa elevar\u00e1 un informe con propuestas que coadyuven en la pronta y oportuna resoluci\u00f3n de los casos por parte de los operadores de justicia.<br \/>\nDesde el 2013 a mayo de 2021, se registraron 829 feminicidios en el pa\u00eds, 52 corresponden a esta gesti\u00f3n. Del total de casos, 509 cuentan con sentencia ejecutoriada y 319 contin\u00faan en investigaci\u00f3n.<\/p>\n","protected":false},"excerpt":{"rendered":"<p>Con el fin de reducir el alto grado de impunidad en casos de feminicidios, la Comisi\u00f3n Especial Mixta de Investigaci\u00f3n en la Retardaci\u00f3n de Casos de Feminicidio de la Asamblea Legislativa Plurinacional (ALP) conmin\u00f3 al Consejo de la Magistratura de La Paz a brindar toda la informaci\u00f3n sobre el estado de 26 auditor\u00edas de investigaciones [&hellip;]<\/p>\n","protected":false},"author":1,"featured_media":9348,"comment_status":"closed","ping_status":"closed","sticky":false,"template":"","format":"standard","meta":{"_acf_changed":false,"footnotes":""},"categories":[14],"tags":[],"class_list":["post-9347","post","type-post","status-publish","format-standard","has-post-thumbnail","category-politica"],"acf":{"antetitulo":""},"yoast_head":"<!-- This site is optimized with the Yoast SEO plugin v28.3 - https:\/\/yoast.com\/product\/yoast-seo-wordpress\/ -->\n<title>Comisi\u00f3n investigar\u00e1 denuncias de feminicidio que datan de 2013 - El Diario - Bolivia<\/title>\n<meta name=\"robots\" content=\"index, follow, max-snippet:-1, max-image-preview:large, max-video-preview:-1\" \/>\n<link rel=\"canonical\" href=\"https:\/\/www.eldiario.net\/portal\/2021\/06\/09\/comision-investigara-denuncias-de-feminicidio-que-datan-de-2013\/\" \/>\n<meta property=\"og:locale\" content=\"es_ES\" \/>\n<meta property=\"og:type\" content=\"article\" \/>\n<meta property=\"og:title\" content=\"Comisi\u00f3n investigar\u00e1 denuncias de feminicidio que datan de 2013 - El Diario - Bolivia\" \/>\n<meta property=\"og:description\" content=\"Con el fin de reducir el alto grado de impunidad en casos de feminicidios, la Comisi\u00f3n Especial Mixta de Investigaci\u00f3n en la Retardaci\u00f3n de Casos de Feminicidio de la Asamblea Legislativa Plurinacional (ALP) conmin\u00f3 al Consejo de la Magistratura de La Paz a brindar toda la informaci\u00f3n sobre el estado de 26 auditor\u00edas de investigaciones [&hellip;]\" \/>\n<meta property=\"og:url\" content=\"https:\/\/www.eldiario.net\/portal\/2021\/06\/09\/comision-investigara-denuncias-de-feminicidio-que-datan-de-2013\/\" \/>\n<meta property=\"og:site_name\" content=\"El Diario - Bolivia\" \/>\n<meta property=\"article:publisher\" content=\"https:\/\/www.facebook.com\/eldiario.bolivia\/\" \/>\n<meta property=\"article:published_time\" content=\"2021-06-09T09:53:03+00:00\" \/>\n<meta name=\"author\" content=\"Jeanette\" \/>\n<meta name=\"twitter:card\" content=\"summary_large_image\" \/>\n<meta name=\"twitter:creator\" content=\"@eldiario_net\" \/>\n<meta name=\"twitter:site\" content=\"@eldiario_net\" \/>\n<meta name=\"twitter:label1\" content=\"Escrito por\" \/>\n\t<meta name=\"twitter:data1\" content=\"Jeanette\" \/>\n\t<meta name=\"twitter:label2\" content=\"Tiempo de lectura\" \/>\n\t<meta name=\"twitter:data2\" content=\"2 minutos\" \/>\n<script type=\"application\/ld+json\" class=\"yoast-schema-graph\">{\"@context\":\"https:\\\/\\\/schema.org\",\"@graph\":[{\"@type\":\"Article\",\"@id\":\"https:\\\/\\\/www.eldiario.net\\\/portal\\\/2021\\\/06\\\/09\\\/comision-investigara-denuncias-de-feminicidio-que-datan-de-2013\\\/#article\",\"isPartOf\":{\"@id\":\"https:\\\/\\\/www.eldiario.net\\\/portal\\\/2021\\\/06\\\/09\\\/comision-investigara-denuncias-de-feminicidio-que-datan-de-2013\\\/\"},\"author\":{\"name\":\"Jeanette\",\"@id\":\"https:\\\/\\\/www.eldiario.net\\\/portal\\\/#\\\/schema\\\/person\\\/f46445640444750d7d753ccd04ae01b7\"},\"headline\":\"Comisi\u00f3n investigar\u00e1 denuncias de feminicidio que datan de 2013\",\"datePublished\":\"2021-06-09T09:53:03+00:00\",\"mainEntityOfPage\":{\"@id\":\"https:\\\/\\\/www.eldiario.net\\\/portal\\\/2021\\\/06\\\/09\\\/comision-investigara-denuncias-de-feminicidio-que-datan-de-2013\\\/\"},\"wordCount\":427,\"publisher\":{\"@id\":\"https:\\\/\\\/www.eldiario.net\\\/portal\\\/#organization\"},\"image\":{\"@id\":\"https:\\\/\\\/www.eldiario.net\\\/portal\\\/2021\\\/06\\\/09\\\/comision-investigara-denuncias-de-feminicidio-que-datan-de-2013\\\/#primaryimage\"},\"thumbnailUrl\":\"\",\"articleSection\":[\"Pol\u00edtica\"],\"inLanguage\":\"es\"},{\"@type\":\"WebPage\",\"@id\":\"https:\\\/\\\/www.eldiario.net\\\/portal\\\/2021\\\/06\\\/09\\\/comision-investigara-denuncias-de-feminicidio-que-datan-de-2013\\\/\",\"url\":\"https:\\\/\\\/www.eldiario.net\\\/portal\\\/2021\\\/06\\\/09\\\/comision-investigara-denuncias-de-feminicidio-que-datan-de-2013\\\/\",\"name\":\"Comisi\u00f3n investigar\u00e1 denuncias de feminicidio que datan de 2013 - El Diario - Bolivia\",\"isPartOf\":{\"@id\":\"https:\\\/\\\/www.eldiario.net\\\/portal\\\/#website\"},\"primaryImageOfPage\":{\"@id\":\"https:\\\/\\\/www.eldiario.net\\\/portal\\\/2021\\\/06\\\/09\\\/comision-investigara-denuncias-de-feminicidio-que-datan-de-2013\\\/#primaryimage\"},\"image\":{\"@id\":\"https:\\\/\\\/www.eldiario.net\\\/portal\\\/2021\\\/06\\\/09\\\/comision-investigara-denuncias-de-feminicidio-que-datan-de-2013\\\/#primaryimage\"},\"thumbnailUrl\":\"\",\"datePublished\":\"2021-06-09T09:53:03+00:00\",\"breadcrumb\":{\"@id\":\"https:\\\/\\\/www.eldiario.net\\\/portal\\\/2021\\\/06\\\/09\\\/comision-investigara-denuncias-de-feminicidio-que-datan-de-2013\\\/#breadcrumb\"},\"inLanguage\":\"es\",\"potentialAction\":[{\"@type\":\"ReadAction\",\"target\":[\"https:\\\/\\\/www.eldiario.net\\\/portal\\\/2021\\\/06\\\/09\\\/comision-investigara-denuncias-de-feminicidio-que-datan-de-2013\\\/\"]}]},{\"@type\":\"ImageObject\",\"inLanguage\":\"es\",\"@id\":\"https:\\\/\\\/www.eldiario.net\\\/portal\\\/2021\\\/06\\\/09\\\/comision-investigara-denuncias-de-feminicidio-que-datan-de-2013\\\/#primaryimage\",\"url\":\"\",\"contentUrl\":\"\"},{\"@type\":\"BreadcrumbList\",\"@id\":\"https:\\\/\\\/www.eldiario.net\\\/portal\\\/2021\\\/06\\\/09\\\/comision-investigara-denuncias-de-feminicidio-que-datan-de-2013\\\/#breadcrumb\",\"itemListElement\":[{\"@type\":\"ListItem\",\"position\":1,\"name\":\"Portada\",\"item\":\"https:\\\/\\\/www.eldiario.net\\\/portal\\\/\"},{\"@type\":\"ListItem\",\"position\":2,\"name\":\"Comisi\u00f3n investigar\u00e1 denuncias de feminicidio que datan de 2013\"}]},{\"@type\":\"WebSite\",\"@id\":\"https:\\\/\\\/www.eldiario.net\\\/portal\\\/#website\",\"url\":\"https:\\\/\\\/www.eldiario.net\\\/portal\\\/\",\"name\":\"El Diario - Decano de la prensa nacional\",\"description\":\"El Diario - Decano de la prensa nacional\",\"publisher\":{\"@id\":\"https:\\\/\\\/www.eldiario.net\\\/portal\\\/#organization\"},\"potentialAction\":[{\"@type\":\"SearchAction\",\"target\":{\"@type\":\"EntryPoint\",\"urlTemplate\":\"https:\\\/\\\/www.eldiario.net\\\/portal\\\/?s={search_term_string}\"},\"query-input\":{\"@type\":\"PropertyValueSpecification\",\"valueRequired\":true,\"valueName\":\"search_term_string\"}}],\"inLanguage\":\"es\"},{\"@type\":\"Organization\",\"@id\":\"https:\\\/\\\/www.eldiario.net\\\/portal\\\/#organization\",\"name\":\"El Diario - Decano de la prensa nacional\",\"url\":\"https:\\\/\\\/www.eldiario.net\\\/portal\\\/\",\"logo\":{\"@type\":\"ImageObject\",\"inLanguage\":\"es\",\"@id\":\"https:\\\/\\\/www.eldiario.net\\\/portal\\\/#\\\/schema\\\/logo\\\/image\\\/\",\"url\":\"https:\\\/\\\/www.eldiario.net\\\/portal\\\/wp-content\\\/uploads\\\/2023\\\/07\\\/logo_ED.jpg\",\"contentUrl\":\"https:\\\/\\\/www.eldiario.net\\\/portal\\\/wp-content\\\/uploads\\\/2023\\\/07\\\/logo_ED.jpg\",\"width\":272,\"height\":52,\"caption\":\"El Diario - Decano de la prensa nacional\"},\"image\":{\"@id\":\"https:\\\/\\\/www.eldiario.net\\\/portal\\\/#\\\/schema\\\/logo\\\/image\\\/\"},\"sameAs\":[\"https:\\\/\\\/www.facebook.com\\\/eldiario.bolivia\\\/\",\"https:\\\/\\\/x.com\\\/eldiario_net\"]},{\"@type\":\"Person\",\"@id\":\"https:\\\/\\\/www.eldiario.net\\\/portal\\\/#\\\/schema\\\/person\\\/f46445640444750d7d753ccd04ae01b7\",\"name\":\"Jeanette\",\"image\":{\"@type\":\"ImageObject\",\"inLanguage\":\"es\",\"@id\":\"https:\\\/\\\/secure.gravatar.com\\\/avatar\\\/3ea2118a5f7dad2b7138b1187a6b7ee55f160b9968b66013c3a3ef39dd7e5798?s=96&d=mm&r=g\",\"url\":\"https:\\\/\\\/secure.gravatar.com\\\/avatar\\\/3ea2118a5f7dad2b7138b1187a6b7ee55f160b9968b66013c3a3ef39dd7e5798?s=96&d=mm&r=g\",\"contentUrl\":\"https:\\\/\\\/secure.gravatar.com\\\/avatar\\\/3ea2118a5f7dad2b7138b1187a6b7ee55f160b9968b66013c3a3ef39dd7e5798?s=96&d=mm&r=g\",\"caption\":\"Jeanette\"},\"sameAs\":[\"https:\\\/\\\/www.eldiario.net\\\/portal\"],\"url\":\"https:\\\/\\\/www.eldiario.net\\\/portal\\\/author\\\/jeanette\\\/\"}]}<\/script>\n<!-- \/ Yoast SEO plugin. -->","yoast_head_json":{"title":"Comisi\u00f3n investigar\u00e1 denuncias de feminicidio que datan de 2013 - El Diario - Bolivia","robots":{"index":"index","follow":"follow","max-snippet":"max-snippet:-1","max-image-preview":"max-image-preview:large","max-video-preview":"max-video-preview:-1"},"canonical":"https:\/\/www.eldiario.net\/portal\/2021\/06\/09\/comision-investigara-denuncias-de-feminicidio-que-datan-de-2013\/","og_locale":"es_ES","og_type":"article","og_title":"Comisi\u00f3n investigar\u00e1 denuncias de feminicidio que datan de 2013 - El Diario - Bolivia","og_description":"Con el fin de reducir el alto grado de impunidad en casos de feminicidios, la Comisi\u00f3n Especial Mixta de Investigaci\u00f3n en la Retardaci\u00f3n de Casos de Feminicidio de la Asamblea Legislativa Plurinacional (ALP) conmin\u00f3 al Consejo de la Magistratura de La Paz a brindar toda la informaci\u00f3n sobre el estado de 26 auditor\u00edas de investigaciones [&hellip;]","og_url":"https:\/\/www.eldiario.net\/portal\/2021\/06\/09\/comision-investigara-denuncias-de-feminicidio-que-datan-de-2013\/","og_site_name":"El Diario - Bolivia","article_publisher":"https:\/\/www.facebook.com\/eldiario.bolivia\/","article_published_time":"2021-06-09T09:53:03+00:00","author":"Jeanette","twitter_card":"summary_large_image","twitter_creator":"@eldiario_net","twitter_site":"@eldiario_net","twitter_misc":{"Escrito por":"Jeanette","Tiempo de lectura":"2 minutos"},"schema":{"@context":"https:\/\/schema.org","@graph":[{"@type":"Article","@id":"https:\/\/www.eldiario.net\/portal\/2021\/06\/09\/comision-investigara-denuncias-de-feminicidio-que-datan-de-2013\/#article","isPartOf":{"@id":"https:\/\/www.eldiario.net\/portal\/2021\/06\/09\/comision-investigara-denuncias-de-feminicidio-que-datan-de-2013\/"},"author":{"name":"Jeanette","@id":"https:\/\/www.eldiario.net\/portal\/#\/schema\/person\/f46445640444750d7d753ccd04ae01b7"},"headline":"Comisi\u00f3n investigar\u00e1 denuncias de feminicidio que datan de 2013","datePublished":"2021-06-09T09:53:03+00:00","mainEntityOfPage":{"@id":"https:\/\/www.eldiario.net\/portal\/2021\/06\/09\/comision-investigara-denuncias-de-feminicidio-que-datan-de-2013\/"},"wordCount":427,"publisher":{"@id":"https:\/\/www.eldiario.net\/portal\/#organization"},"image":{"@id":"https:\/\/www.eldiario.net\/portal\/2021\/06\/09\/comision-investigara-denuncias-de-feminicidio-que-datan-de-2013\/#primaryimage"},"thumbnailUrl":"","articleSection":["Pol\u00edtica"],"inLanguage":"es"},{"@type":"WebPage","@id":"https:\/\/www.eldiario.net\/portal\/2021\/06\/09\/comision-investigara-denuncias-de-feminicidio-que-datan-de-2013\/","url":"https:\/\/www.eldiario.net\/portal\/2021\/06\/09\/comision-investigara-denuncias-de-feminicidio-que-datan-de-2013\/","name":"Comisi\u00f3n investigar\u00e1 denuncias de feminicidio que datan de 2013 - El Diario - Bolivia","isPartOf":{"@id":"https:\/\/www.eldiario.net\/portal\/#website"},"primaryImageOfPage":{"@id":"https:\/\/www.eldiario.net\/portal\/2021\/06\/09\/comision-investigara-denuncias-de-feminicidio-que-datan-de-2013\/#primaryimage"},"image":{"@id":"https:\/\/www.eldiario.net\/portal\/2021\/06\/09\/comision-investigara-denuncias-de-feminicidio-que-datan-de-2013\/#primaryimage"},"thumbnailUrl":"","datePublished":"2021-06-09T09:53:03+00:00","breadcrumb":{"@id":"https:\/\/www.eldiario.net\/portal\/2021\/06\/09\/comision-investigara-denuncias-de-feminicidio-que-datan-de-2013\/#breadcrumb"},"inLanguage":"es","potentialAction":[{"@type":"ReadAction","target":["https:\/\/www.eldiario.net\/portal\/2021\/06\/09\/comision-investigara-denuncias-de-feminicidio-que-datan-de-2013\/"]}]},{"@type":"ImageObject","inLanguage":"es","@id":"https:\/\/www.eldiario.net\/portal\/2021\/06\/09\/comision-investigara-denuncias-de-feminicidio-que-datan-de-2013\/#primaryimage","url":"","contentUrl":""},{"@type":"BreadcrumbList","@id":"https:\/\/www.eldiario.net\/portal\/2021\/06\/09\/comision-investigara-denuncias-de-feminicidio-que-datan-de-2013\/#breadcrumb","itemListElement":[{"@type":"ListItem","position":1,"name":"Portada","item":"https:\/\/www.eldiario.net\/portal\/"},{"@type":"ListItem","position":2,"name":"Comisi\u00f3n investigar\u00e1 denuncias de feminicidio que datan de 2013"}]},{"@type":"WebSite","@id":"https:\/\/www.eldiario.net\/portal\/#website","url":"https:\/\/www.eldiario.net\/portal\/","name":"El Diario - Decano de la prensa nacional","description":"El Diario - Decano de la prensa nacional","publisher":{"@id":"https:\/\/www.eldiario.net\/portal\/#organization"},"potentialAction":[{"@type":"SearchAction","target":{"@type":"EntryPoint","urlTemplate":"https:\/\/www.eldiario.net\/portal\/?s={search_term_string}"},"query-input":{"@type":"PropertyValueSpecification","valueRequired":true,"valueName":"search_term_string"}}],"inLanguage":"es"},{"@type":"Organization","@id":"https:\/\/www.eldiario.net\/portal\/#organization","name":"El Diario - Decano de la prensa nacional","url":"https:\/\/www.eldiario.net\/portal\/","logo":{"@type":"ImageObject","inLanguage":"es","@id":"https:\/\/www.eldiario.net\/portal\/#\/schema\/logo\/image\/","url":"https:\/\/www.eldiario.net\/portal\/wp-content\/uploads\/2023\/07\/logo_ED.jpg","contentUrl":"https:\/\/www.eldiario.net\/portal\/wp-content\/uploads\/2023\/07\/logo_ED.jpg","width":272,"height":52,"caption":"El Diario - Decano de la prensa nacional"},"image":{"@id":"https:\/\/www.eldiario.net\/portal\/#\/schema\/logo\/image\/"},"sameAs":["https:\/\/www.facebook.com\/eldiario.bolivia\/","https:\/\/x.com\/eldiario_net"]},{"@type":"Person","@id":"https:\/\/www.eldiario.net\/portal\/#\/schema\/person\/f46445640444750d7d753ccd04ae01b7","name":"Jeanette","image":{"@type":"ImageObject","inLanguage":"es","@id":"https:\/\/secure.gravatar.com\/avatar\/3ea2118a5f7dad2b7138b1187a6b7ee55f160b9968b66013c3a3ef39dd7e5798?s=96&d=mm&r=g","url":"https:\/\/secure.gravatar.com\/avatar\/3ea2118a5f7dad2b7138b1187a6b7ee55f160b9968b66013c3a3ef39dd7e5798?s=96&d=mm&r=g","contentUrl":"https:\/\/secure.gravatar.com\/avatar\/3ea2118a5f7dad2b7138b1187a6b7ee55f160b9968b66013c3a3ef39dd7e5798?s=96&d=mm&r=g","caption":"Jeanette"},"sameAs":["https:\/\/www.eldiario.net\/portal"],"url":"https:\/\/www.eldiario.net\/portal\/author\/jeanette\/"}]}},"_links":{"self":[{"href":"https:\/\/www.eldiario.net\/portal\/wp-json\/wp\/v2\/posts\/9347","targetHints":{"allow":["GET"]}}],"collection":[{"href":"https:\/\/www.eldiario.net\/portal\/wp-json\/wp\/v2\/posts"}],"about":[{"href":"https:\/\/www.eldiario.net\/portal\/wp-json\/wp\/v2\/types\/post"}],"author":[{"embeddable":true,"href":"https:\/\/www.eldiario.net\/portal\/wp-json\/wp\/v2\/users\/1"}],"replies":[{"embeddable":true,"href":"https:\/\/www.eldiario.net\/portal\/wp-json\/wp\/v2\/comments?post=9347"}],"version-history":[{"count":0,"href":"https:\/\/www.eldiario.net\/portal\/wp-json\/wp\/v2\/posts\/9347\/revisions"}],"wp:attachment":[{"href":"https:\/\/www.eldiario.net\/portal\/wp-json\/wp\/v2\/media?parent=9347"}],"wp:term":[{"taxonomy":"category","embeddable":true,"href":"https:\/\/www.eldiario.net\/portal\/wp-json\/wp\/v2\/categories?post=9347"},{"taxonomy":"post_tag","embeddable":true,"href":"https:\/\/www.eldiario.net\/portal\/wp-json\/wp\/v2\/tags?post=9347"}],"curies":[{"name":"wp","href":"https:\/\/api.w.org\/{rel}","templated":true}]}}