{"id":9340,"date":"2021-06-09T05:50:57","date_gmt":"2021-06-09T09:50:57","guid":{"rendered":"https:\/\/www.eldiario.net\/portal\/?p=9340"},"modified":"2021-06-09T05:50:57","modified_gmt":"2021-06-09T09:50:57","slug":"anuncian-proceso-penal-contra-comandante-en-jefe-de-las-ffaa","status":"publish","type":"post","link":"https:\/\/www.eldiario.net\/portal\/2021\/06\/09\/anuncian-proceso-penal-contra-comandante-en-jefe-de-las-ffaa\/","title":{"rendered":"Anuncian proceso penal contra  Comandante en Jefe de las FFAA"},"content":{"rendered":"<p>Por delitos contra la salud p\u00fablica, incumplimiento de deberes y por ir en contra de las leyes y la Constituci\u00f3n, el abogado Omar Dur\u00e1n anunci\u00f3 un proceso penal contra el Comandante en Jefe de las Fuerzas Armadas, quien la semana pasada festej\u00f3 su cumplea\u00f1os en el C\u00edrculo de Oficiales del Ej\u00e9rcito. No obstante, el ministro de Defensa, Edmundo Novillo, pidi\u00f3 \u201cno escandalizar el tema\u201d.<br \/>\n\u201cVamos a iniciar una demanda penal por tres delitos, atentados contra la salud con agravante porque es funcionario p\u00fablico de alto rango, por incumplimiento de deberes y por ir en contra de las leyes y la Constituci\u00f3n, porque hay normas municipales y Decretos Supremos que contin\u00faan vigentes y no los tom\u00f3 en cuenta al festejar su cumplea\u00f1os\u201d, dijo Dur\u00e1n en contacto con EL DIARIO.<br \/>\nEl fin de semana se viraliz\u00f3 un video en el que se observa a los invitados al cumplea\u00f1os del Comandante en Jefe de las Fuerzas Armadas, C\u00e9sar Vallejos, que se realiz\u00f3 entre el 2 y 3 de junio pasado, pese a las restricciones emitidas por el Comit\u00e9 de Operaciones de Emergencia Departamental (COED) de La Paz.<br \/>\nLas redes sociales se inundaron de cr\u00edticas porque se observa a las personas sin ninguna medida de bioseguridad, en plena tercera ola de los contagios.<br \/>\nEl abogado Dur\u00e1n que, adem\u00e1s es experto en seguridad y defensa, asegur\u00f3 que la fiesta por el festejo del cumplea\u00f1os del comandante Vallejos se llev\u00f3 a cabo en el Circulo Oficiales del Ej\u00e9rcito y no fue una fiesta privada y con pocas personas como asegur\u00f3 el ministro de Defensa, Edmundo Novillo.<br \/>\n\u201cEl comandante en jefe de las Fuerzas Armadas ha usado un sitio que no es privado, el Circulo Oficiales del Ej\u00e9rcito, no el Circulo Aeron\u00e1utico, porque despu\u00e9s salen por la tangente, diciendo que somos mentirosos\u201d, manifest\u00f3 Dur\u00e1n.<br \/>\nAnte las cr\u00edticas por la imprudencia de los militares, Novillo asegur\u00f3 el lunes que la celebraci\u00f3n fue \u201cprivada y con pocas personas, y que hay personas que se empe\u00f1an en desprestigiar a las Fuerzas Armadas con este tipo de acusaciones\u201d.<br \/>\n\u201cTodos estamos en la obligaci\u00f3n de dar el ejemplo, pero esta era una actividad privada, era su cumplea\u00f1os, no ha tenido mayor trascendencia, eran pocas personas las que asistieron y en ese entendido creo que no hay que escandalizar un tema\u201d, dijo Novillo en contacto con la prensa.<br \/>\nDur\u00e1n asegur\u00f3 que las declaraciones de Novillo \u201cson de terror\u201d y se\u00f1al\u00f3 que el Gobierno defiende \u201ca ciertas personas\u201d que infringen las medidas de bioseguridad.<br \/>\n\u201cDe terror las declaraciones del ministro, c\u00f3mo puede defender a una persona que ha vulnerado las normas de seguridad, a una persona que est\u00e1 al cuidado de la sociedad, de que no se vulneren las normas, es m\u00e1s, estamos viviendo en una semana con muchas restricciones de acuerdo al COED sin embargo el Comandante en Jefe se ha dado el lujo de festejar\u201d, lament\u00f3 Dur\u00e1n.<br \/>\nDur\u00e1n record\u00f3 que en marzo de 2020, el entonces viceministro de Transportes, Yamil Zabala, que fue grabado saliendo de un edificio, en horas de la madrugada, despu\u00e9s de haber consumido bebidas alcoh\u00f3licas en plena cuarentena, fue destituido del cargo.<br \/>\n\u201cRecuerdo que Zabala hizo la d\u00e9cima parte de los que hizo Vallejos, festejar en un edificio con tres personas y ha sido inmediatamente destituido, hoy lamentablemente protegen a esas autoridades\u201d, record\u00f3.<br \/>\nEl jurista lament\u00f3 que las autoridades llamadas a dar el ejemplo hagan lo contrario.<br \/>\n\u201cSe\u00f1or Comandante en Jefe, si usted tuviera moral, debiera dar un paso al costado, no esperar que el Capit\u00e1n General de las Fuerzas Armadas lo hecho porque lo m\u00e1s correcto es que lo destituyan y ojal\u00e1 lo hagan porque usted no merece ese puesto\u201d, dijo.<\/p>\n<p>DATOS<br \/>\nDe acuerdo a reportes del Gobierno Aut\u00f3nomo Municipal de La Paz, los contagios en la ciudad pasan los 250 diarios. El alcalde Iv\u00e1n Arias anunci\u00f3 ayer que en \u201c\u00faltimo caso\u201d se tomar\u00e1n \u201cmedidas aut\u00f3nomas\u201d en el municipio pace\u00f1o para evitar escalada de contagios de la covid-19, que en julio la regi\u00f3n podr\u00eda contabilizar 1.588 pacientes por d\u00eda si en las semanas precedentes no se toman acciones preventivas, como cuarentena r\u00edgida en fin de semana y restricci\u00f3n a la circulaci\u00f3n de personas y veh\u00edculos entre las 22.00 y 05.00 de lunes a viernes.<br \/>\nDe acuerdo a especialistas de la Universidad de Chile, los espacios sin ventilaci\u00f3n, aglomeraciones, no cumplir aforos permitidos y no respetar medidas sanitarias, como el uso de mascarillas y el lavado constante de manos, inciden en la propagaci\u00f3n del virus.<br \/>\n\u201cSitios de fiestas y baile son bastante peligrosos porque a la aglomeraci\u00f3n, le sumas el consumo de alcohol. Eso te hace transpirar y no solamente est\u00e1n los fluidos nasofar\u00edngeos que puedes expulsar al estornudar, o al respirar, lo que te da un alto riesgo de contagio, sino tambi\u00e9n el fluido a trav\u00e9s de la transpiraci\u00f3n\u201d, advierte el especialista Gabriel Cavada.<\/p>\n<div id='gallery-1' class='gallery galleryid-9340 gallery-columns-3 gallery-size-medium'><figure class='gallery-item'>\n\t\t\t<div class='gallery-icon landscape'>\n\t\t\t\t<a href='https:\/\/www.eldiario.net\/portal\/2021\/06\/09\/anuncian-proceso-penal-contra-comandante-en-jefe-de-las-ffaa\/3-9\/'><img loading=\"lazy\" decoding=\"async\" width=\"300\" height=\"223\" src=\"https:\/\/www.eldiario.net\/portal\/wp-content\/uploads\/2021\/06\/3-300x223.jpg\" class=\"attachment-medium size-medium\" alt=\"\" srcset=\"https:\/\/www.eldiario.net\/portal\/wp-content\/uploads\/2021\/06\/3-300x223.jpg 300w, https:\/\/www.eldiario.net\/portal\/wp-content\/uploads\/2021\/06\/3-485x360.jpg 485w, https:\/\/www.eldiario.net\/portal\/wp-content\/uploads\/2021\/06\/3-696x518.jpg 696w, https:\/\/www.eldiario.net\/portal\/wp-content\/uploads\/2021\/06\/3.jpg 720w\" sizes=\"auto, (max-width: 300px) 100vw, 300px\" \/><\/a>\n\t\t\t<\/div><\/figure>\n\t\t<\/div>\n\n","protected":false},"excerpt":{"rendered":"<p>Por delitos contra la salud p\u00fablica, incumplimiento de deberes y por ir en contra de las leyes y la Constituci\u00f3n, el abogado Omar Dur\u00e1n anunci\u00f3 un proceso penal contra el Comandante en Jefe de las Fuerzas Armadas, quien la semana pasada festej\u00f3 su cumplea\u00f1os en el C\u00edrculo de Oficiales del Ej\u00e9rcito. No obstante, el ministro [&hellip;]<\/p>\n","protected":false},"author":1,"featured_media":9341,"comment_status":"closed","ping_status":"closed","sticky":false,"template":"","format":"standard","meta":{"_acf_changed":false,"footnotes":""},"categories":[39],"tags":[],"class_list":["post-9340","post","type-post","status-publish","format-standard","has-post-thumbnail","category-sociedad"],"acf":{"antetitulo":""},"yoast_head":"<!-- This site is optimized with the Yoast SEO plugin v28.3 - https:\/\/yoast.com\/product\/yoast-seo-wordpress\/ -->\n<title>Anuncian proceso penal contra Comandante en Jefe de las FFAA - El Diario - Bolivia<\/title>\n<meta name=\"robots\" content=\"index, follow, max-snippet:-1, max-image-preview:large, max-video-preview:-1\" \/>\n<link rel=\"canonical\" href=\"https:\/\/www.eldiario.net\/portal\/2021\/06\/09\/anuncian-proceso-penal-contra-comandante-en-jefe-de-las-ffaa\/\" \/>\n<meta property=\"og:locale\" content=\"es_ES\" \/>\n<meta property=\"og:type\" content=\"article\" \/>\n<meta property=\"og:title\" content=\"Anuncian proceso penal contra Comandante en Jefe de las FFAA - El Diario - Bolivia\" \/>\n<meta property=\"og:description\" content=\"Por delitos contra la salud p\u00fablica, incumplimiento de deberes y por ir en contra de las leyes y la Constituci\u00f3n, el abogado Omar Dur\u00e1n anunci\u00f3 un proceso penal contra el Comandante en Jefe de las Fuerzas Armadas, quien la semana pasada festej\u00f3 su cumplea\u00f1os en el C\u00edrculo de Oficiales del Ej\u00e9rcito. No obstante, el ministro [&hellip;]\" \/>\n<meta property=\"og:url\" content=\"https:\/\/www.eldiario.net\/portal\/2021\/06\/09\/anuncian-proceso-penal-contra-comandante-en-jefe-de-las-ffaa\/\" \/>\n<meta property=\"og:site_name\" content=\"El Diario - Bolivia\" \/>\n<meta property=\"article:publisher\" content=\"https:\/\/www.facebook.com\/eldiario.bolivia\/\" \/>\n<meta property=\"article:published_time\" content=\"2021-06-09T09:50:57+00:00\" \/>\n<meta property=\"og:image\" content=\"https:\/\/www.eldiario.net\/portal\/wp-content\/uploads\/2021\/06\/1.jpg\" \/>\n\t<meta property=\"og:image:width\" content=\"576\" \/>\n\t<meta property=\"og:image:height\" content=\"526\" \/>\n\t<meta property=\"og:image:type\" content=\"image\/jpeg\" \/>\n<meta name=\"author\" content=\"Jeanette\" \/>\n<meta name=\"twitter:card\" content=\"summary_large_image\" \/>\n<meta name=\"twitter:creator\" content=\"@eldiario_net\" \/>\n<meta name=\"twitter:site\" content=\"@eldiario_net\" \/>\n<meta name=\"twitter:label1\" content=\"Escrito por\" \/>\n\t<meta name=\"twitter:data1\" content=\"Jeanette\" \/>\n\t<meta name=\"twitter:label2\" content=\"Tiempo de lectura\" \/>\n\t<meta name=\"twitter:data2\" content=\"4 minutos\" \/>\n<script type=\"application\/ld+json\" class=\"yoast-schema-graph\">{\"@context\":\"https:\\\/\\\/schema.org\",\"@graph\":[{\"@type\":\"Article\",\"@id\":\"https:\\\/\\\/www.eldiario.net\\\/portal\\\/2021\\\/06\\\/09\\\/anuncian-proceso-penal-contra-comandante-en-jefe-de-las-ffaa\\\/#article\",\"isPartOf\":{\"@id\":\"https:\\\/\\\/www.eldiario.net\\\/portal\\\/2021\\\/06\\\/09\\\/anuncian-proceso-penal-contra-comandante-en-jefe-de-las-ffaa\\\/\"},\"author\":{\"name\":\"Jeanette\",\"@id\":\"https:\\\/\\\/www.eldiario.net\\\/portal\\\/#\\\/schema\\\/person\\\/f46445640444750d7d753ccd04ae01b7\"},\"headline\":\"Anuncian proceso penal contra Comandante en Jefe de las FFAA\",\"datePublished\":\"2021-06-09T09:50:57+00:00\",\"mainEntityOfPage\":{\"@id\":\"https:\\\/\\\/www.eldiario.net\\\/portal\\\/2021\\\/06\\\/09\\\/anuncian-proceso-penal-contra-comandante-en-jefe-de-las-ffaa\\\/\"},\"wordCount\":863,\"publisher\":{\"@id\":\"https:\\\/\\\/www.eldiario.net\\\/portal\\\/#organization\"},\"image\":{\"@id\":\"https:\\\/\\\/www.eldiario.net\\\/portal\\\/2021\\\/06\\\/09\\\/anuncian-proceso-penal-contra-comandante-en-jefe-de-las-ffaa\\\/#primaryimage\"},\"thumbnailUrl\":\"https:\\\/\\\/www.eldiario.net\\\/portal\\\/wp-content\\\/uploads\\\/2021\\\/06\\\/1.jpg\",\"articleSection\":[\"Sociedad - Seguridad\"],\"inLanguage\":\"es\"},{\"@type\":\"WebPage\",\"@id\":\"https:\\\/\\\/www.eldiario.net\\\/portal\\\/2021\\\/06\\\/09\\\/anuncian-proceso-penal-contra-comandante-en-jefe-de-las-ffaa\\\/\",\"url\":\"https:\\\/\\\/www.eldiario.net\\\/portal\\\/2021\\\/06\\\/09\\\/anuncian-proceso-penal-contra-comandante-en-jefe-de-las-ffaa\\\/\",\"name\":\"Anuncian proceso penal contra Comandante en Jefe de las FFAA - El Diario - Bolivia\",\"isPartOf\":{\"@id\":\"https:\\\/\\\/www.eldiario.net\\\/portal\\\/#website\"},\"primaryImageOfPage\":{\"@id\":\"https:\\\/\\\/www.eldiario.net\\\/portal\\\/2021\\\/06\\\/09\\\/anuncian-proceso-penal-contra-comandante-en-jefe-de-las-ffaa\\\/#primaryimage\"},\"image\":{\"@id\":\"https:\\\/\\\/www.eldiario.net\\\/portal\\\/2021\\\/06\\\/09\\\/anuncian-proceso-penal-contra-comandante-en-jefe-de-las-ffaa\\\/#primaryimage\"},\"thumbnailUrl\":\"https:\\\/\\\/www.eldiario.net\\\/portal\\\/wp-content\\\/uploads\\\/2021\\\/06\\\/1.jpg\",\"datePublished\":\"2021-06-09T09:50:57+00:00\",\"breadcrumb\":{\"@id\":\"https:\\\/\\\/www.eldiario.net\\\/portal\\\/2021\\\/06\\\/09\\\/anuncian-proceso-penal-contra-comandante-en-jefe-de-las-ffaa\\\/#breadcrumb\"},\"inLanguage\":\"es\",\"potentialAction\":[{\"@type\":\"ReadAction\",\"target\":[\"https:\\\/\\\/www.eldiario.net\\\/portal\\\/2021\\\/06\\\/09\\\/anuncian-proceso-penal-contra-comandante-en-jefe-de-las-ffaa\\\/\"]}]},{\"@type\":\"ImageObject\",\"inLanguage\":\"es\",\"@id\":\"https:\\\/\\\/www.eldiario.net\\\/portal\\\/2021\\\/06\\\/09\\\/anuncian-proceso-penal-contra-comandante-en-jefe-de-las-ffaa\\\/#primaryimage\",\"url\":\"https:\\\/\\\/www.eldiario.net\\\/portal\\\/wp-content\\\/uploads\\\/2021\\\/06\\\/1.jpg\",\"contentUrl\":\"https:\\\/\\\/www.eldiario.net\\\/portal\\\/wp-content\\\/uploads\\\/2021\\\/06\\\/1.jpg\",\"width\":576,\"height\":526},{\"@type\":\"BreadcrumbList\",\"@id\":\"https:\\\/\\\/www.eldiario.net\\\/portal\\\/2021\\\/06\\\/09\\\/anuncian-proceso-penal-contra-comandante-en-jefe-de-las-ffaa\\\/#breadcrumb\",\"itemListElement\":[{\"@type\":\"ListItem\",\"position\":1,\"name\":\"Portada\",\"item\":\"https:\\\/\\\/www.eldiario.net\\\/portal\\\/\"},{\"@type\":\"ListItem\",\"position\":2,\"name\":\"Anuncian proceso penal contra Comandante en Jefe de las FFAA\"}]},{\"@type\":\"WebSite\",\"@id\":\"https:\\\/\\\/www.eldiario.net\\\/portal\\\/#website\",\"url\":\"https:\\\/\\\/www.eldiario.net\\\/portal\\\/\",\"name\":\"El Diario - Decano de la prensa nacional\",\"description\":\"El Diario - Decano de la prensa nacional\",\"publisher\":{\"@id\":\"https:\\\/\\\/www.eldiario.net\\\/portal\\\/#organization\"},\"potentialAction\":[{\"@type\":\"SearchAction\",\"target\":{\"@type\":\"EntryPoint\",\"urlTemplate\":\"https:\\\/\\\/www.eldiario.net\\\/portal\\\/?s={search_term_string}\"},\"query-input\":{\"@type\":\"PropertyValueSpecification\",\"valueRequired\":true,\"valueName\":\"search_term_string\"}}],\"inLanguage\":\"es\"},{\"@type\":\"Organization\",\"@id\":\"https:\\\/\\\/www.eldiario.net\\\/portal\\\/#organization\",\"name\":\"El Diario - Decano de la prensa nacional\",\"url\":\"https:\\\/\\\/www.eldiario.net\\\/portal\\\/\",\"logo\":{\"@type\":\"ImageObject\",\"inLanguage\":\"es\",\"@id\":\"https:\\\/\\\/www.eldiario.net\\\/portal\\\/#\\\/schema\\\/logo\\\/image\\\/\",\"url\":\"https:\\\/\\\/www.eldiario.net\\\/portal\\\/wp-content\\\/uploads\\\/2023\\\/07\\\/logo_ED.jpg\",\"contentUrl\":\"https:\\\/\\\/www.eldiario.net\\\/portal\\\/wp-content\\\/uploads\\\/2023\\\/07\\\/logo_ED.jpg\",\"width\":272,\"height\":52,\"caption\":\"El Diario - Decano de la prensa nacional\"},\"image\":{\"@id\":\"https:\\\/\\\/www.eldiario.net\\\/portal\\\/#\\\/schema\\\/logo\\\/image\\\/\"},\"sameAs\":[\"https:\\\/\\\/www.facebook.com\\\/eldiario.bolivia\\\/\",\"https:\\\/\\\/x.com\\\/eldiario_net\"]},{\"@type\":\"Person\",\"@id\":\"https:\\\/\\\/www.eldiario.net\\\/portal\\\/#\\\/schema\\\/person\\\/f46445640444750d7d753ccd04ae01b7\",\"name\":\"Jeanette\",\"image\":{\"@type\":\"ImageObject\",\"inLanguage\":\"es\",\"@id\":\"https:\\\/\\\/secure.gravatar.com\\\/avatar\\\/3ea2118a5f7dad2b7138b1187a6b7ee55f160b9968b66013c3a3ef39dd7e5798?s=96&d=mm&r=g\",\"url\":\"https:\\\/\\\/secure.gravatar.com\\\/avatar\\\/3ea2118a5f7dad2b7138b1187a6b7ee55f160b9968b66013c3a3ef39dd7e5798?s=96&d=mm&r=g\",\"contentUrl\":\"https:\\\/\\\/secure.gravatar.com\\\/avatar\\\/3ea2118a5f7dad2b7138b1187a6b7ee55f160b9968b66013c3a3ef39dd7e5798?s=96&d=mm&r=g\",\"caption\":\"Jeanette\"},\"sameAs\":[\"https:\\\/\\\/www.eldiario.net\\\/portal\"],\"url\":\"https:\\\/\\\/www.eldiario.net\\\/portal\\\/author\\\/jeanette\\\/\"}]}<\/script>\n<!-- \/ Yoast SEO plugin. -->","yoast_head_json":{"title":"Anuncian proceso penal contra Comandante en Jefe de las FFAA - El Diario - Bolivia","robots":{"index":"index","follow":"follow","max-snippet":"max-snippet:-1","max-image-preview":"max-image-preview:large","max-video-preview":"max-video-preview:-1"},"canonical":"https:\/\/www.eldiario.net\/portal\/2021\/06\/09\/anuncian-proceso-penal-contra-comandante-en-jefe-de-las-ffaa\/","og_locale":"es_ES","og_type":"article","og_title":"Anuncian proceso penal contra Comandante en Jefe de las FFAA - El Diario - Bolivia","og_description":"Por delitos contra la salud p\u00fablica, incumplimiento de deberes y por ir en contra de las leyes y la Constituci\u00f3n, el abogado Omar Dur\u00e1n anunci\u00f3 un proceso penal contra el Comandante en Jefe de las Fuerzas Armadas, quien la semana pasada festej\u00f3 su cumplea\u00f1os en el C\u00edrculo de Oficiales del Ej\u00e9rcito. No obstante, el ministro [&hellip;]","og_url":"https:\/\/www.eldiario.net\/portal\/2021\/06\/09\/anuncian-proceso-penal-contra-comandante-en-jefe-de-las-ffaa\/","og_site_name":"El Diario - Bolivia","article_publisher":"https:\/\/www.facebook.com\/eldiario.bolivia\/","article_published_time":"2021-06-09T09:50:57+00:00","og_image":[{"width":576,"height":526,"url":"https:\/\/www.eldiario.net\/portal\/wp-content\/uploads\/2021\/06\/1.jpg","type":"image\/jpeg"}],"author":"Jeanette","twitter_card":"summary_large_image","twitter_creator":"@eldiario_net","twitter_site":"@eldiario_net","twitter_misc":{"Escrito por":"Jeanette","Tiempo de lectura":"4 minutos"},"schema":{"@context":"https:\/\/schema.org","@graph":[{"@type":"Article","@id":"https:\/\/www.eldiario.net\/portal\/2021\/06\/09\/anuncian-proceso-penal-contra-comandante-en-jefe-de-las-ffaa\/#article","isPartOf":{"@id":"https:\/\/www.eldiario.net\/portal\/2021\/06\/09\/anuncian-proceso-penal-contra-comandante-en-jefe-de-las-ffaa\/"},"author":{"name":"Jeanette","@id":"https:\/\/www.eldiario.net\/portal\/#\/schema\/person\/f46445640444750d7d753ccd04ae01b7"},"headline":"Anuncian proceso penal contra Comandante en Jefe de las FFAA","datePublished":"2021-06-09T09:50:57+00:00","mainEntityOfPage":{"@id":"https:\/\/www.eldiario.net\/portal\/2021\/06\/09\/anuncian-proceso-penal-contra-comandante-en-jefe-de-las-ffaa\/"},"wordCount":863,"publisher":{"@id":"https:\/\/www.eldiario.net\/portal\/#organization"},"image":{"@id":"https:\/\/www.eldiario.net\/portal\/2021\/06\/09\/anuncian-proceso-penal-contra-comandante-en-jefe-de-las-ffaa\/#primaryimage"},"thumbnailUrl":"https:\/\/www.eldiario.net\/portal\/wp-content\/uploads\/2021\/06\/1.jpg","articleSection":["Sociedad - Seguridad"],"inLanguage":"es"},{"@type":"WebPage","@id":"https:\/\/www.eldiario.net\/portal\/2021\/06\/09\/anuncian-proceso-penal-contra-comandante-en-jefe-de-las-ffaa\/","url":"https:\/\/www.eldiario.net\/portal\/2021\/06\/09\/anuncian-proceso-penal-contra-comandante-en-jefe-de-las-ffaa\/","name":"Anuncian proceso penal contra Comandante en Jefe de las FFAA - El Diario - Bolivia","isPartOf":{"@id":"https:\/\/www.eldiario.net\/portal\/#website"},"primaryImageOfPage":{"@id":"https:\/\/www.eldiario.net\/portal\/2021\/06\/09\/anuncian-proceso-penal-contra-comandante-en-jefe-de-las-ffaa\/#primaryimage"},"image":{"@id":"https:\/\/www.eldiario.net\/portal\/2021\/06\/09\/anuncian-proceso-penal-contra-comandante-en-jefe-de-las-ffaa\/#primaryimage"},"thumbnailUrl":"https:\/\/www.eldiario.net\/portal\/wp-content\/uploads\/2021\/06\/1.jpg","datePublished":"2021-06-09T09:50:57+00:00","breadcrumb":{"@id":"https:\/\/www.eldiario.net\/portal\/2021\/06\/09\/anuncian-proceso-penal-contra-comandante-en-jefe-de-las-ffaa\/#breadcrumb"},"inLanguage":"es","potentialAction":[{"@type":"ReadAction","target":["https:\/\/www.eldiario.net\/portal\/2021\/06\/09\/anuncian-proceso-penal-contra-comandante-en-jefe-de-las-ffaa\/"]}]},{"@type":"ImageObject","inLanguage":"es","@id":"https:\/\/www.eldiario.net\/portal\/2021\/06\/09\/anuncian-proceso-penal-contra-comandante-en-jefe-de-las-ffaa\/#primaryimage","url":"https:\/\/www.eldiario.net\/portal\/wp-content\/uploads\/2021\/06\/1.jpg","contentUrl":"https:\/\/www.eldiario.net\/portal\/wp-content\/uploads\/2021\/06\/1.jpg","width":576,"height":526},{"@type":"BreadcrumbList","@id":"https:\/\/www.eldiario.net\/portal\/2021\/06\/09\/anuncian-proceso-penal-contra-comandante-en-jefe-de-las-ffaa\/#breadcrumb","itemListElement":[{"@type":"ListItem","position":1,"name":"Portada","item":"https:\/\/www.eldiario.net\/portal\/"},{"@type":"ListItem","position":2,"name":"Anuncian proceso penal contra Comandante en Jefe de las FFAA"}]},{"@type":"WebSite","@id":"https:\/\/www.eldiario.net\/portal\/#website","url":"https:\/\/www.eldiario.net\/portal\/","name":"El Diario - Decano de la prensa nacional","description":"El Diario - Decano de la prensa nacional","publisher":{"@id":"https:\/\/www.eldiario.net\/portal\/#organization"},"potentialAction":[{"@type":"SearchAction","target":{"@type":"EntryPoint","urlTemplate":"https:\/\/www.eldiario.net\/portal\/?s={search_term_string}"},"query-input":{"@type":"PropertyValueSpecification","valueRequired":true,"valueName":"search_term_string"}}],"inLanguage":"es"},{"@type":"Organization","@id":"https:\/\/www.eldiario.net\/portal\/#organization","name":"El Diario - Decano de la prensa nacional","url":"https:\/\/www.eldiario.net\/portal\/","logo":{"@type":"ImageObject","inLanguage":"es","@id":"https:\/\/www.eldiario.net\/portal\/#\/schema\/logo\/image\/","url":"https:\/\/www.eldiario.net\/portal\/wp-content\/uploads\/2023\/07\/logo_ED.jpg","contentUrl":"https:\/\/www.eldiario.net\/portal\/wp-content\/uploads\/2023\/07\/logo_ED.jpg","width":272,"height":52,"caption":"El Diario - Decano de la prensa nacional"},"image":{"@id":"https:\/\/www.eldiario.net\/portal\/#\/schema\/logo\/image\/"},"sameAs":["https:\/\/www.facebook.com\/eldiario.bolivia\/","https:\/\/x.com\/eldiario_net"]},{"@type":"Person","@id":"https:\/\/www.eldiario.net\/portal\/#\/schema\/person\/f46445640444750d7d753ccd04ae01b7","name":"Jeanette","image":{"@type":"ImageObject","inLanguage":"es","@id":"https:\/\/secure.gravatar.com\/avatar\/3ea2118a5f7dad2b7138b1187a6b7ee55f160b9968b66013c3a3ef39dd7e5798?s=96&d=mm&r=g","url":"https:\/\/secure.gravatar.com\/avatar\/3ea2118a5f7dad2b7138b1187a6b7ee55f160b9968b66013c3a3ef39dd7e5798?s=96&d=mm&r=g","contentUrl":"https:\/\/secure.gravatar.com\/avatar\/3ea2118a5f7dad2b7138b1187a6b7ee55f160b9968b66013c3a3ef39dd7e5798?s=96&d=mm&r=g","caption":"Jeanette"},"sameAs":["https:\/\/www.eldiario.net\/portal"],"url":"https:\/\/www.eldiario.net\/portal\/author\/jeanette\/"}]}},"_links":{"self":[{"href":"https:\/\/www.eldiario.net\/portal\/wp-json\/wp\/v2\/posts\/9340","targetHints":{"allow":["GET"]}}],"collection":[{"href":"https:\/\/www.eldiario.net\/portal\/wp-json\/wp\/v2\/posts"}],"about":[{"href":"https:\/\/www.eldiario.net\/portal\/wp-json\/wp\/v2\/types\/post"}],"author":[{"embeddable":true,"href":"https:\/\/www.eldiario.net\/portal\/wp-json\/wp\/v2\/users\/1"}],"replies":[{"embeddable":true,"href":"https:\/\/www.eldiario.net\/portal\/wp-json\/wp\/v2\/comments?post=9340"}],"version-history":[{"count":0,"href":"https:\/\/www.eldiario.net\/portal\/wp-json\/wp\/v2\/posts\/9340\/revisions"}],"wp:featuredmedia":[{"embeddable":true,"href":"https:\/\/www.eldiario.net\/portal\/wp-json\/wp\/v2\/media\/9341"}],"wp:attachment":[{"href":"https:\/\/www.eldiario.net\/portal\/wp-json\/wp\/v2\/media?parent=9340"}],"wp:term":[{"taxonomy":"category","embeddable":true,"href":"https:\/\/www.eldiario.net\/portal\/wp-json\/wp\/v2\/categories?post=9340"},{"taxonomy":"post_tag","embeddable":true,"href":"https:\/\/www.eldiario.net\/portal\/wp-json\/wp\/v2\/tags?post=9340"}],"curies":[{"name":"wp","href":"https:\/\/api.w.org\/{rel}","templated":true}]}}