{"id":9337,"date":"2021-06-09T05:49:01","date_gmt":"2021-06-09T09:49:01","guid":{"rendered":"https:\/\/www.eldiario.net\/portal\/?p=9337"},"modified":"2021-06-09T05:49:01","modified_gmt":"2021-06-09T09:49:01","slug":"diez-exministros-de-jeanine-anez-declararan-la-proxima-semana","status":"publish","type":"post","link":"https:\/\/www.eldiario.net\/portal\/2021\/06\/09\/diez-exministros-de-jeanine-anez-declararan-la-proxima-semana\/","title":{"rendered":"Diez exministros de Jeanine A\u00f1ez  declarar\u00e1n la pr\u00f3xima semana"},"content":{"rendered":"<p>El Ministerio P\u00fablico program\u00f3 para la siguiente semana la declaraci\u00f3n informativa de diez exministros de Jeanine A\u00f1ez, dentro de las investigaciones que se siguen por el caso gases lacrim\u00f3genos, inform\u00f3 ayer el fiscal Alexis Vilela.<br \/>\nEntre los exministros citados a declarar est\u00e1n Mauricio Ordo\u00f1ez, Carlos Fernando Huallpa, Yerko N\u00fa\u00f1ez, Milton Navarro, Oscar Mercado, An\u00edbal Cruz, Wilfredo Rojo, Mar\u00eda Pinckert, Jos\u00e9 Luis Parada y Carlos D\u00edaz.<br \/>\nVilela precis\u00f3 que las exautoridades declarar\u00e1n entre el martes y jueves de la pr\u00f3xima semana, y se los cit\u00f3 con anticipaci\u00f3n para darles el tiempo para trasladarse hasta la ciudad de La Paz, siendo que muchos son del interior del pa\u00eds.<br \/>\nPor este caso, el pasado 4 de junio, el alcalde de La Paz, Iv\u00e1n Arias, prest\u00f3 su declaraci\u00f3n informativa y dijo que uno de los aspectos que m\u00e1s ha afectado a la credibilidad de la democracia es la corrupci\u00f3n y que por ello el peso de la ley debe sancionar a cualquiera que sea encontrado culpable.<br \/>\n\u201cLa existencia de pol\u00edticos que durante a\u00f1os han cometido actos irregulares y que luego se han visto protegidos o han salido del pa\u00eds, ha mellado el respaldo de la ciudadan\u00eda, en nuestra democracia\u201d, lament\u00f3 Arias.<br \/>\nAclar\u00f3 que en el caso que se investiga, el Gabinete de A\u00f1ez firm\u00f3 un decreto tras cumplir todas las formalidades.<br \/>\n\u201cSe aprob\u00f3 que compren gases lacrim\u00f3genos, seg\u00fan una ley sancionada durante el gobierno de Evo Morales, no se aprob\u00f3 un decreto para que un exministro se corrompa\u201d, dijo.<br \/>\nArias record\u00f3 que est\u00e1 vigente la Ley 400 de Control de Armas de Fuego, Municiones, Explosivos y otros materiales, que Morales promulg\u00f3 en septiembre de 2013, en la que se incluye la figura de adquisici\u00f3n de manera directa, es decir sin licitaciones, adem\u00e1s de permitir al Ministerio de Defensa evadir el tributo fiscal respectivo.<\/p>\n<p>OTRAS DECLARACIONES<br \/>\nVilela apunt\u00f3 que el lunes se recab\u00f3 la declaraci\u00f3n de la expresidenta Jeanine A\u00f1ez y de dos exministros de su gabinete, mismos que se encuentran con detenci\u00f3n preventiva por el supuesto golpe de Estado.<br \/>\n\u201c(Ayer) se ha tomado la declaraci\u00f3n informativa a la se\u00f1ora Jeanine A\u00f1ez en calidad de testigo dentro del proceso investigativo del caso gases, sin embargo, nosotros no vamos a dar detalle de la declaraci\u00f3n emitida por la misma por una estrategia\u201d, dijo Vilela.<\/p>\n","protected":false},"excerpt":{"rendered":"<p>El Ministerio P\u00fablico program\u00f3 para la siguiente semana la declaraci\u00f3n informativa de diez exministros de Jeanine A\u00f1ez, dentro de las investigaciones que se siguen por el caso gases lacrim\u00f3genos, inform\u00f3 ayer el fiscal Alexis Vilela. Entre los exministros citados a declarar est\u00e1n Mauricio Ordo\u00f1ez, Carlos Fernando Huallpa, Yerko N\u00fa\u00f1ez, Milton Navarro, Oscar Mercado, An\u00edbal Cruz, [&hellip;]<\/p>\n","protected":false},"author":1,"featured_media":9338,"comment_status":"closed","ping_status":"closed","sticky":false,"template":"","format":"standard","meta":{"_acf_changed":false,"footnotes":""},"categories":[39],"tags":[],"class_list":["post-9337","post","type-post","status-publish","format-standard","has-post-thumbnail","category-sociedad"],"acf":{"antetitulo":""},"yoast_head":"<!-- This site is optimized with the Yoast SEO plugin v28.3 - https:\/\/yoast.com\/product\/yoast-seo-wordpress\/ -->\n<title>Diez exministros de Jeanine A\u00f1ez declarar\u00e1n la pr\u00f3xima semana - El Diario - Bolivia<\/title>\n<meta name=\"robots\" content=\"index, follow, max-snippet:-1, max-image-preview:large, max-video-preview:-1\" \/>\n<link rel=\"canonical\" href=\"https:\/\/www.eldiario.net\/portal\/2021\/06\/09\/diez-exministros-de-jeanine-anez-declararan-la-proxima-semana\/\" \/>\n<meta property=\"og:locale\" content=\"es_ES\" \/>\n<meta property=\"og:type\" content=\"article\" \/>\n<meta property=\"og:title\" content=\"Diez exministros de Jeanine A\u00f1ez declarar\u00e1n la pr\u00f3xima semana - El Diario - Bolivia\" \/>\n<meta property=\"og:description\" content=\"El Ministerio P\u00fablico program\u00f3 para la siguiente semana la declaraci\u00f3n informativa de diez exministros de Jeanine A\u00f1ez, dentro de las investigaciones que se siguen por el caso gases lacrim\u00f3genos, inform\u00f3 ayer el fiscal Alexis Vilela. Entre los exministros citados a declarar est\u00e1n Mauricio Ordo\u00f1ez, Carlos Fernando Huallpa, Yerko N\u00fa\u00f1ez, Milton Navarro, Oscar Mercado, An\u00edbal Cruz, [&hellip;]\" \/>\n<meta property=\"og:url\" content=\"https:\/\/www.eldiario.net\/portal\/2021\/06\/09\/diez-exministros-de-jeanine-anez-declararan-la-proxima-semana\/\" \/>\n<meta property=\"og:site_name\" content=\"El Diario - Bolivia\" \/>\n<meta property=\"article:publisher\" content=\"https:\/\/www.facebook.com\/eldiario.bolivia\/\" \/>\n<meta property=\"article:published_time\" content=\"2021-06-09T09:49:01+00:00\" \/>\n<meta property=\"og:image\" content=\"https:\/\/www.eldiario.net\/portal\/wp-content\/uploads\/2021\/06\/ANEZ.jpg\" \/>\n\t<meta property=\"og:image:width\" content=\"1280\" \/>\n\t<meta property=\"og:image:height\" content=\"721\" \/>\n\t<meta property=\"og:image:type\" content=\"image\/jpeg\" \/>\n<meta name=\"author\" content=\"Jeanette\" \/>\n<meta name=\"twitter:card\" content=\"summary_large_image\" \/>\n<meta name=\"twitter:creator\" content=\"@eldiario_net\" \/>\n<meta name=\"twitter:site\" content=\"@eldiario_net\" \/>\n<meta name=\"twitter:label1\" content=\"Escrito por\" \/>\n\t<meta name=\"twitter:data1\" content=\"Jeanette\" \/>\n\t<meta name=\"twitter:label2\" content=\"Tiempo de lectura\" \/>\n\t<meta name=\"twitter:data2\" content=\"2 minutos\" \/>\n<script type=\"application\/ld+json\" class=\"yoast-schema-graph\">{\"@context\":\"https:\\\/\\\/schema.org\",\"@graph\":[{\"@type\":\"Article\",\"@id\":\"https:\\\/\\\/www.eldiario.net\\\/portal\\\/2021\\\/06\\\/09\\\/diez-exministros-de-jeanine-anez-declararan-la-proxima-semana\\\/#article\",\"isPartOf\":{\"@id\":\"https:\\\/\\\/www.eldiario.net\\\/portal\\\/2021\\\/06\\\/09\\\/diez-exministros-de-jeanine-anez-declararan-la-proxima-semana\\\/\"},\"author\":{\"name\":\"Jeanette\",\"@id\":\"https:\\\/\\\/www.eldiario.net\\\/portal\\\/#\\\/schema\\\/person\\\/f46445640444750d7d753ccd04ae01b7\"},\"headline\":\"Diez exministros de Jeanine A\u00f1ez declarar\u00e1n la pr\u00f3xima semana\",\"datePublished\":\"2021-06-09T09:49:01+00:00\",\"mainEntityOfPage\":{\"@id\":\"https:\\\/\\\/www.eldiario.net\\\/portal\\\/2021\\\/06\\\/09\\\/diez-exministros-de-jeanine-anez-declararan-la-proxima-semana\\\/\"},\"wordCount\":421,\"publisher\":{\"@id\":\"https:\\\/\\\/www.eldiario.net\\\/portal\\\/#organization\"},\"image\":{\"@id\":\"https:\\\/\\\/www.eldiario.net\\\/portal\\\/2021\\\/06\\\/09\\\/diez-exministros-de-jeanine-anez-declararan-la-proxima-semana\\\/#primaryimage\"},\"thumbnailUrl\":\"https:\\\/\\\/www.eldiario.net\\\/portal\\\/wp-content\\\/uploads\\\/2021\\\/06\\\/ANEZ.jpg\",\"articleSection\":[\"Sociedad - Seguridad\"],\"inLanguage\":\"es\"},{\"@type\":\"WebPage\",\"@id\":\"https:\\\/\\\/www.eldiario.net\\\/portal\\\/2021\\\/06\\\/09\\\/diez-exministros-de-jeanine-anez-declararan-la-proxima-semana\\\/\",\"url\":\"https:\\\/\\\/www.eldiario.net\\\/portal\\\/2021\\\/06\\\/09\\\/diez-exministros-de-jeanine-anez-declararan-la-proxima-semana\\\/\",\"name\":\"Diez exministros de Jeanine A\u00f1ez declarar\u00e1n la pr\u00f3xima semana - El Diario - Bolivia\",\"isPartOf\":{\"@id\":\"https:\\\/\\\/www.eldiario.net\\\/portal\\\/#website\"},\"primaryImageOfPage\":{\"@id\":\"https:\\\/\\\/www.eldiario.net\\\/portal\\\/2021\\\/06\\\/09\\\/diez-exministros-de-jeanine-anez-declararan-la-proxima-semana\\\/#primaryimage\"},\"image\":{\"@id\":\"https:\\\/\\\/www.eldiario.net\\\/portal\\\/2021\\\/06\\\/09\\\/diez-exministros-de-jeanine-anez-declararan-la-proxima-semana\\\/#primaryimage\"},\"thumbnailUrl\":\"https:\\\/\\\/www.eldiario.net\\\/portal\\\/wp-content\\\/uploads\\\/2021\\\/06\\\/ANEZ.jpg\",\"datePublished\":\"2021-06-09T09:49:01+00:00\",\"breadcrumb\":{\"@id\":\"https:\\\/\\\/www.eldiario.net\\\/portal\\\/2021\\\/06\\\/09\\\/diez-exministros-de-jeanine-anez-declararan-la-proxima-semana\\\/#breadcrumb\"},\"inLanguage\":\"es\",\"potentialAction\":[{\"@type\":\"ReadAction\",\"target\":[\"https:\\\/\\\/www.eldiario.net\\\/portal\\\/2021\\\/06\\\/09\\\/diez-exministros-de-jeanine-anez-declararan-la-proxima-semana\\\/\"]}]},{\"@type\":\"ImageObject\",\"inLanguage\":\"es\",\"@id\":\"https:\\\/\\\/www.eldiario.net\\\/portal\\\/2021\\\/06\\\/09\\\/diez-exministros-de-jeanine-anez-declararan-la-proxima-semana\\\/#primaryimage\",\"url\":\"https:\\\/\\\/www.eldiario.net\\\/portal\\\/wp-content\\\/uploads\\\/2021\\\/06\\\/ANEZ.jpg\",\"contentUrl\":\"https:\\\/\\\/www.eldiario.net\\\/portal\\\/wp-content\\\/uploads\\\/2021\\\/06\\\/ANEZ.jpg\",\"width\":1280,\"height\":721},{\"@type\":\"BreadcrumbList\",\"@id\":\"https:\\\/\\\/www.eldiario.net\\\/portal\\\/2021\\\/06\\\/09\\\/diez-exministros-de-jeanine-anez-declararan-la-proxima-semana\\\/#breadcrumb\",\"itemListElement\":[{\"@type\":\"ListItem\",\"position\":1,\"name\":\"Portada\",\"item\":\"https:\\\/\\\/www.eldiario.net\\\/portal\\\/\"},{\"@type\":\"ListItem\",\"position\":2,\"name\":\"Diez exministros de Jeanine A\u00f1ez declarar\u00e1n la pr\u00f3xima semana\"}]},{\"@type\":\"WebSite\",\"@id\":\"https:\\\/\\\/www.eldiario.net\\\/portal\\\/#website\",\"url\":\"https:\\\/\\\/www.eldiario.net\\\/portal\\\/\",\"name\":\"El Diario - Decano de la prensa nacional\",\"description\":\"El Diario - Decano de la prensa nacional\",\"publisher\":{\"@id\":\"https:\\\/\\\/www.eldiario.net\\\/portal\\\/#organization\"},\"potentialAction\":[{\"@type\":\"SearchAction\",\"target\":{\"@type\":\"EntryPoint\",\"urlTemplate\":\"https:\\\/\\\/www.eldiario.net\\\/portal\\\/?s={search_term_string}\"},\"query-input\":{\"@type\":\"PropertyValueSpecification\",\"valueRequired\":true,\"valueName\":\"search_term_string\"}}],\"inLanguage\":\"es\"},{\"@type\":\"Organization\",\"@id\":\"https:\\\/\\\/www.eldiario.net\\\/portal\\\/#organization\",\"name\":\"El Diario - Decano de la prensa nacional\",\"url\":\"https:\\\/\\\/www.eldiario.net\\\/portal\\\/\",\"logo\":{\"@type\":\"ImageObject\",\"inLanguage\":\"es\",\"@id\":\"https:\\\/\\\/www.eldiario.net\\\/portal\\\/#\\\/schema\\\/logo\\\/image\\\/\",\"url\":\"https:\\\/\\\/www.eldiario.net\\\/portal\\\/wp-content\\\/uploads\\\/2023\\\/07\\\/logo_ED.jpg\",\"contentUrl\":\"https:\\\/\\\/www.eldiario.net\\\/portal\\\/wp-content\\\/uploads\\\/2023\\\/07\\\/logo_ED.jpg\",\"width\":272,\"height\":52,\"caption\":\"El Diario - Decano de la prensa nacional\"},\"image\":{\"@id\":\"https:\\\/\\\/www.eldiario.net\\\/portal\\\/#\\\/schema\\\/logo\\\/image\\\/\"},\"sameAs\":[\"https:\\\/\\\/www.facebook.com\\\/eldiario.bolivia\\\/\",\"https:\\\/\\\/x.com\\\/eldiario_net\"]},{\"@type\":\"Person\",\"@id\":\"https:\\\/\\\/www.eldiario.net\\\/portal\\\/#\\\/schema\\\/person\\\/f46445640444750d7d753ccd04ae01b7\",\"name\":\"Jeanette\",\"image\":{\"@type\":\"ImageObject\",\"inLanguage\":\"es\",\"@id\":\"https:\\\/\\\/secure.gravatar.com\\\/avatar\\\/3ea2118a5f7dad2b7138b1187a6b7ee55f160b9968b66013c3a3ef39dd7e5798?s=96&d=mm&r=g\",\"url\":\"https:\\\/\\\/secure.gravatar.com\\\/avatar\\\/3ea2118a5f7dad2b7138b1187a6b7ee55f160b9968b66013c3a3ef39dd7e5798?s=96&d=mm&r=g\",\"contentUrl\":\"https:\\\/\\\/secure.gravatar.com\\\/avatar\\\/3ea2118a5f7dad2b7138b1187a6b7ee55f160b9968b66013c3a3ef39dd7e5798?s=96&d=mm&r=g\",\"caption\":\"Jeanette\"},\"sameAs\":[\"https:\\\/\\\/www.eldiario.net\\\/portal\"],\"url\":\"https:\\\/\\\/www.eldiario.net\\\/portal\\\/author\\\/jeanette\\\/\"}]}<\/script>\n<!-- \/ Yoast SEO plugin. -->","yoast_head_json":{"title":"Diez exministros de Jeanine A\u00f1ez declarar\u00e1n la pr\u00f3xima semana - El Diario - Bolivia","robots":{"index":"index","follow":"follow","max-snippet":"max-snippet:-1","max-image-preview":"max-image-preview:large","max-video-preview":"max-video-preview:-1"},"canonical":"https:\/\/www.eldiario.net\/portal\/2021\/06\/09\/diez-exministros-de-jeanine-anez-declararan-la-proxima-semana\/","og_locale":"es_ES","og_type":"article","og_title":"Diez exministros de Jeanine A\u00f1ez declarar\u00e1n la pr\u00f3xima semana - El Diario - Bolivia","og_description":"El Ministerio P\u00fablico program\u00f3 para la siguiente semana la declaraci\u00f3n informativa de diez exministros de Jeanine A\u00f1ez, dentro de las investigaciones que se siguen por el caso gases lacrim\u00f3genos, inform\u00f3 ayer el fiscal Alexis Vilela. Entre los exministros citados a declarar est\u00e1n Mauricio Ordo\u00f1ez, Carlos Fernando Huallpa, Yerko N\u00fa\u00f1ez, Milton Navarro, Oscar Mercado, An\u00edbal Cruz, [&hellip;]","og_url":"https:\/\/www.eldiario.net\/portal\/2021\/06\/09\/diez-exministros-de-jeanine-anez-declararan-la-proxima-semana\/","og_site_name":"El Diario - Bolivia","article_publisher":"https:\/\/www.facebook.com\/eldiario.bolivia\/","article_published_time":"2021-06-09T09:49:01+00:00","og_image":[{"width":1280,"height":721,"url":"https:\/\/www.eldiario.net\/portal\/wp-content\/uploads\/2021\/06\/ANEZ.jpg","type":"image\/jpeg"}],"author":"Jeanette","twitter_card":"summary_large_image","twitter_creator":"@eldiario_net","twitter_site":"@eldiario_net","twitter_misc":{"Escrito por":"Jeanette","Tiempo de lectura":"2 minutos"},"schema":{"@context":"https:\/\/schema.org","@graph":[{"@type":"Article","@id":"https:\/\/www.eldiario.net\/portal\/2021\/06\/09\/diez-exministros-de-jeanine-anez-declararan-la-proxima-semana\/#article","isPartOf":{"@id":"https:\/\/www.eldiario.net\/portal\/2021\/06\/09\/diez-exministros-de-jeanine-anez-declararan-la-proxima-semana\/"},"author":{"name":"Jeanette","@id":"https:\/\/www.eldiario.net\/portal\/#\/schema\/person\/f46445640444750d7d753ccd04ae01b7"},"headline":"Diez exministros de Jeanine A\u00f1ez declarar\u00e1n la pr\u00f3xima semana","datePublished":"2021-06-09T09:49:01+00:00","mainEntityOfPage":{"@id":"https:\/\/www.eldiario.net\/portal\/2021\/06\/09\/diez-exministros-de-jeanine-anez-declararan-la-proxima-semana\/"},"wordCount":421,"publisher":{"@id":"https:\/\/www.eldiario.net\/portal\/#organization"},"image":{"@id":"https:\/\/www.eldiario.net\/portal\/2021\/06\/09\/diez-exministros-de-jeanine-anez-declararan-la-proxima-semana\/#primaryimage"},"thumbnailUrl":"https:\/\/www.eldiario.net\/portal\/wp-content\/uploads\/2021\/06\/ANEZ.jpg","articleSection":["Sociedad - Seguridad"],"inLanguage":"es"},{"@type":"WebPage","@id":"https:\/\/www.eldiario.net\/portal\/2021\/06\/09\/diez-exministros-de-jeanine-anez-declararan-la-proxima-semana\/","url":"https:\/\/www.eldiario.net\/portal\/2021\/06\/09\/diez-exministros-de-jeanine-anez-declararan-la-proxima-semana\/","name":"Diez exministros de Jeanine A\u00f1ez declarar\u00e1n la pr\u00f3xima semana - El Diario - Bolivia","isPartOf":{"@id":"https:\/\/www.eldiario.net\/portal\/#website"},"primaryImageOfPage":{"@id":"https:\/\/www.eldiario.net\/portal\/2021\/06\/09\/diez-exministros-de-jeanine-anez-declararan-la-proxima-semana\/#primaryimage"},"image":{"@id":"https:\/\/www.eldiario.net\/portal\/2021\/06\/09\/diez-exministros-de-jeanine-anez-declararan-la-proxima-semana\/#primaryimage"},"thumbnailUrl":"https:\/\/www.eldiario.net\/portal\/wp-content\/uploads\/2021\/06\/ANEZ.jpg","datePublished":"2021-06-09T09:49:01+00:00","breadcrumb":{"@id":"https:\/\/www.eldiario.net\/portal\/2021\/06\/09\/diez-exministros-de-jeanine-anez-declararan-la-proxima-semana\/#breadcrumb"},"inLanguage":"es","potentialAction":[{"@type":"ReadAction","target":["https:\/\/www.eldiario.net\/portal\/2021\/06\/09\/diez-exministros-de-jeanine-anez-declararan-la-proxima-semana\/"]}]},{"@type":"ImageObject","inLanguage":"es","@id":"https:\/\/www.eldiario.net\/portal\/2021\/06\/09\/diez-exministros-de-jeanine-anez-declararan-la-proxima-semana\/#primaryimage","url":"https:\/\/www.eldiario.net\/portal\/wp-content\/uploads\/2021\/06\/ANEZ.jpg","contentUrl":"https:\/\/www.eldiario.net\/portal\/wp-content\/uploads\/2021\/06\/ANEZ.jpg","width":1280,"height":721},{"@type":"BreadcrumbList","@id":"https:\/\/www.eldiario.net\/portal\/2021\/06\/09\/diez-exministros-de-jeanine-anez-declararan-la-proxima-semana\/#breadcrumb","itemListElement":[{"@type":"ListItem","position":1,"name":"Portada","item":"https:\/\/www.eldiario.net\/portal\/"},{"@type":"ListItem","position":2,"name":"Diez exministros de Jeanine A\u00f1ez declarar\u00e1n la pr\u00f3xima semana"}]},{"@type":"WebSite","@id":"https:\/\/www.eldiario.net\/portal\/#website","url":"https:\/\/www.eldiario.net\/portal\/","name":"El Diario - Decano de la prensa nacional","description":"El Diario - Decano de la prensa nacional","publisher":{"@id":"https:\/\/www.eldiario.net\/portal\/#organization"},"potentialAction":[{"@type":"SearchAction","target":{"@type":"EntryPoint","urlTemplate":"https:\/\/www.eldiario.net\/portal\/?s={search_term_string}"},"query-input":{"@type":"PropertyValueSpecification","valueRequired":true,"valueName":"search_term_string"}}],"inLanguage":"es"},{"@type":"Organization","@id":"https:\/\/www.eldiario.net\/portal\/#organization","name":"El Diario - Decano de la prensa nacional","url":"https:\/\/www.eldiario.net\/portal\/","logo":{"@type":"ImageObject","inLanguage":"es","@id":"https:\/\/www.eldiario.net\/portal\/#\/schema\/logo\/image\/","url":"https:\/\/www.eldiario.net\/portal\/wp-content\/uploads\/2023\/07\/logo_ED.jpg","contentUrl":"https:\/\/www.eldiario.net\/portal\/wp-content\/uploads\/2023\/07\/logo_ED.jpg","width":272,"height":52,"caption":"El Diario - Decano de la prensa nacional"},"image":{"@id":"https:\/\/www.eldiario.net\/portal\/#\/schema\/logo\/image\/"},"sameAs":["https:\/\/www.facebook.com\/eldiario.bolivia\/","https:\/\/x.com\/eldiario_net"]},{"@type":"Person","@id":"https:\/\/www.eldiario.net\/portal\/#\/schema\/person\/f46445640444750d7d753ccd04ae01b7","name":"Jeanette","image":{"@type":"ImageObject","inLanguage":"es","@id":"https:\/\/secure.gravatar.com\/avatar\/3ea2118a5f7dad2b7138b1187a6b7ee55f160b9968b66013c3a3ef39dd7e5798?s=96&d=mm&r=g","url":"https:\/\/secure.gravatar.com\/avatar\/3ea2118a5f7dad2b7138b1187a6b7ee55f160b9968b66013c3a3ef39dd7e5798?s=96&d=mm&r=g","contentUrl":"https:\/\/secure.gravatar.com\/avatar\/3ea2118a5f7dad2b7138b1187a6b7ee55f160b9968b66013c3a3ef39dd7e5798?s=96&d=mm&r=g","caption":"Jeanette"},"sameAs":["https:\/\/www.eldiario.net\/portal"],"url":"https:\/\/www.eldiario.net\/portal\/author\/jeanette\/"}]}},"_links":{"self":[{"href":"https:\/\/www.eldiario.net\/portal\/wp-json\/wp\/v2\/posts\/9337","targetHints":{"allow":["GET"]}}],"collection":[{"href":"https:\/\/www.eldiario.net\/portal\/wp-json\/wp\/v2\/posts"}],"about":[{"href":"https:\/\/www.eldiario.net\/portal\/wp-json\/wp\/v2\/types\/post"}],"author":[{"embeddable":true,"href":"https:\/\/www.eldiario.net\/portal\/wp-json\/wp\/v2\/users\/1"}],"replies":[{"embeddable":true,"href":"https:\/\/www.eldiario.net\/portal\/wp-json\/wp\/v2\/comments?post=9337"}],"version-history":[{"count":0,"href":"https:\/\/www.eldiario.net\/portal\/wp-json\/wp\/v2\/posts\/9337\/revisions"}],"wp:featuredmedia":[{"embeddable":true,"href":"https:\/\/www.eldiario.net\/portal\/wp-json\/wp\/v2\/media\/9338"}],"wp:attachment":[{"href":"https:\/\/www.eldiario.net\/portal\/wp-json\/wp\/v2\/media?parent=9337"}],"wp:term":[{"taxonomy":"category","embeddable":true,"href":"https:\/\/www.eldiario.net\/portal\/wp-json\/wp\/v2\/categories?post=9337"},{"taxonomy":"post_tag","embeddable":true,"href":"https:\/\/www.eldiario.net\/portal\/wp-json\/wp\/v2\/tags?post=9337"}],"curies":[{"name":"wp","href":"https:\/\/api.w.org\/{rel}","templated":true}]}}